{"id":1191,"date":"2020-08-03T19:14:56","date_gmt":"2020-08-03T17:14:56","guid":{"rendered":"http:\/\/wp.kristdemokraterna.se\/tyreso\/?p=1191"},"modified":"2020-08-03T19:14:56","modified_gmt":"2020-08-03T17:14:56","slug":"vatten-i-tyreso-del-sex","status":"publish","type":"post","link":"https:\/\/wp.kristdemokraterna.se\/tyreso\/vatten-i-tyreso-del-sex\/","title":{"rendered":"Vatten i Tyres\u00f6, del sex"},"content":{"rendered":"<p>Sommaren \u00e4r ofta en tid av politisk nyhetstorka. Sommaren 2019 presenterade vi Tyres\u00f6s fina naturreservat och nationalpark. I sommar blir det lite kring temat \u201dVatten i Tyres\u00f6\u201d. Kan inte lova att alla \u201dvattensamlingar\u201d hinner att presenteras, men m\u00e5nga blir det.<\/p>\n<p>F\u00f6r att se alla bilder: <a href=\"https:\/\/www.facebook.com\/KDTyreso\/photos\/pcb.2961395740654624\/2961394670654731\/?type=3&amp;theater\">https:\/\/www.facebook.com\/KDTyreso\/photos\/pcb.2961395740654624\/2961394670654731\/?type=3&amp;theater<\/a><\/p>\n<p>Efter att i f\u00f6rra veckan via \u00c4llmorafj\u00e4rden och Bagarsundet kommit till Erstaviken \u00e5terg\u00e5r vi till \u201dfastlandet\u201d och tar ett varv runt Tyres\u00f6. Vi b\u00f6rjar med Gr\u00e4ndalssj\u00f6n p\u00e5 gr\u00e4nsen mellan Raksta och Tyresta naturreservat, bild ett och tv\u00e5. Gr\u00e4ndalssj\u00f6n \u00e4r en liten trevlig sj\u00f6 som g\u00e5r att bada i \u00e4ven om det inte finns n\u00e5gon anlagd badplats. D\u00e4refter kommer vi till Barnsj\u00f6n, bild tre och fyra, en popul\u00e4r badsj\u00f6 nedanf\u00f6r \u00d6stra Farmarstigen.<\/p>\n<p>\u00d6ringesj\u00f6n, bild fem, ligger som namnet s\u00e4ger i \u00d6ringe och ligger till en del i Nacka. H\u00e4r finns en kommunal badplats, men det g\u00e5r att bada p\u00e5 flera st\u00e4llen.<\/p>\n<p>Sedan beger vi oss ut p\u00e5 Brevikshalv\u00f6n och kommer f\u00f6rst till \u00c4llmora tr\u00e4sk, bild sex. F\u00f6rr i tiden badade jag en hel del d\u00e4r, ofta fram p\u00e5 h\u00f6sten. Slutligen presenteras Dyviksmaren, bild sju, som ligger n\u00e4stan l\u00e4ngst ut p\u00e5 halv\u00f6n.<\/p>\n","protected":false},"excerpt":{"rendered":"<p>Sommaren \u00e4r ofta en tid av politisk nyhetstorka. Sommaren 2019 presenterade vi Tyres\u00f6s fina naturreservat och nationalpark. I sommar blir det lite kring temat \u201dVatten i Tyres\u00f6\u201d. Kan inte lova att alla \u201dvattensamlingar\u201d hinner att presenteras, men m\u00e5nga blir det. F\u00f6r att se alla bilder: https:\/\/www.facebook.com\/KDTyreso\/photos\/pcb.2961395740654624\/2961394670654731\/?type=3&amp;theater Efter att i f\u00f6rra veckan via \u00c4llmorafj\u00e4rden och Bagarsundet <a class=\"read-more-link\" href=\"https:\/\/wp.kristdemokraterna.se\/tyreso\/vatten-i-tyreso-del-sex\/\">Read More<\/a><\/p>\n","protected":false},"author":644,"featured_media":0,"comment_status":"closed","ping_status":"closed","sticky":false,"template":"","format":"standard","meta":{"_acf_changed":false,"footnotes":""},"categories":[1,15,10],"tags":[],"class_list":["post-1191","post","type-post","status-publish","format-standard","hentry","category-okategoriserade","category-inlagg","category-natur"],"acf":[],"yoast_head":"<!-- This site is optimized with the Yoast SEO plugin v27.4 - https:\/\/yoast.com\/product\/yoast-seo-wordpress\/ -->\n<title>Vatten i Tyres\u00f6, del sex - Kristdemokraterna Tyres\u00f6<\/title>\n<meta name=\"robots\" content=\"index, follow, max-snippet:-1, max-image-preview:large, max-video-preview:-1\" \/>\n<link rel=\"canonical\" href=\"https:\/\/wp.kristdemokraterna.se\/tyreso\/vatten-i-tyreso-del-sex\/\" \/>\n<meta property=\"og:locale\" content=\"sv_SE\" \/>\n<meta property=\"og:type\" content=\"article\" \/>\n<meta property=\"og:title\" content=\"Vatten i Tyres\u00f6, del sex - Kristdemokraterna Tyres\u00f6\" \/>\n<meta property=\"og:description\" content=\"Sommaren \u00e4r ofta en tid av politisk nyhetstorka. Sommaren 2019 presenterade vi Tyres\u00f6s fina naturreservat och nationalpark. I sommar blir det lite kring temat \u201dVatten i Tyres\u00f6\u201d. Kan inte lova att alla \u201dvattensamlingar\u201d hinner att presenteras, men m\u00e5nga blir det. F\u00f6r att se alla bilder: https:\/\/www.facebook.com\/KDTyreso\/photos\/pcb.2961395740654624\/2961394670654731\/?type=3&amp;theater Efter att i f\u00f6rra veckan via \u00c4llmorafj\u00e4rden och Bagarsundet Read More\" \/>\n<meta property=\"og:url\" content=\"https:\/\/wp.kristdemokraterna.se\/tyreso\/vatten-i-tyreso-del-sex\/\" \/>\n<meta property=\"og:site_name\" content=\"Kristdemokraterna Tyres\u00f6\" \/>\n<meta property=\"article:published_time\" content=\"2020-08-03T17:14:56+00:00\" \/>\n<meta name=\"author\" content=\"tyreso\" \/>\n<meta name=\"twitter:card\" content=\"summary_large_image\" \/>\n<meta name=\"twitter:label1\" content=\"Skriven av\" \/>\n\t<meta name=\"twitter:data1\" content=\"tyreso\" \/>\n\t<meta name=\"twitter:label2\" content=\"Ber\u00e4knad l\u00e4stid\" \/>\n\t<meta name=\"twitter:data2\" content=\"1 minut\" \/>\n<script type=\"application\/ld+json\" class=\"yoast-schema-graph\">{\"@context\":\"https:\\\/\\\/schema.org\",\"@graph\":[{\"@type\":\"Article\",\"@id\":\"https:\\\/\\\/wp.kristdemokraterna.se\\\/tyreso\\\/vatten-i-tyreso-del-sex\\\/#article\",\"isPartOf\":{\"@id\":\"https:\\\/\\\/wp.kristdemokraterna.se\\\/tyreso\\\/vatten-i-tyreso-del-sex\\\/\"},\"author\":{\"name\":\"tyreso\",\"@id\":\"https:\\\/\\\/wp.kristdemokraterna.se\\\/tyreso\\\/#\\\/schema\\\/person\\\/3e7d76fa0f5c4996308a0a636056d6c5\"},\"headline\":\"Vatten i Tyres\u00f6, del sex\",\"datePublished\":\"2020-08-03T17:14:56+00:00\",\"mainEntityOfPage\":{\"@id\":\"https:\\\/\\\/wp.kristdemokraterna.se\\\/tyreso\\\/vatten-i-tyreso-del-sex\\\/\"},\"wordCount\":231,\"articleSection\":[\"Artiklar\",\"Inl\u00e4gg\",\"Natur\"],\"inLanguage\":\"sv-SE\"},{\"@type\":\"WebPage\",\"@id\":\"https:\\\/\\\/wp.kristdemokraterna.se\\\/tyreso\\\/vatten-i-tyreso-del-sex\\\/\",\"url\":\"https:\\\/\\\/wp.kristdemokraterna.se\\\/tyreso\\\/vatten-i-tyreso-del-sex\\\/\",\"name\":\"Vatten i Tyres\u00f6, del sex - Kristdemokraterna Tyres\u00f6\",\"isPartOf\":{\"@id\":\"https:\\\/\\\/wp.kristdemokraterna.se\\\/tyreso\\\/#website\"},\"datePublished\":\"2020-08-03T17:14:56+00:00\",\"author\":{\"@id\":\"https:\\\/\\\/wp.kristdemokraterna.se\\\/tyreso\\\/#\\\/schema\\\/person\\\/3e7d76fa0f5c4996308a0a636056d6c5\"},\"breadcrumb\":{\"@id\":\"https:\\\/\\\/wp.kristdemokraterna.se\\\/tyreso\\\/vatten-i-tyreso-del-sex\\\/#breadcrumb\"},\"inLanguage\":\"sv-SE\",\"potentialAction\":[{\"@type\":\"ReadAction\",\"target\":[\"https:\\\/\\\/wp.kristdemokraterna.se\\\/tyreso\\\/vatten-i-tyreso-del-sex\\\/\"]}]},{\"@type\":\"BreadcrumbList\",\"@id\":\"https:\\\/\\\/wp.kristdemokraterna.se\\\/tyreso\\\/vatten-i-tyreso-del-sex\\\/#breadcrumb\",\"itemListElement\":[{\"@type\":\"ListItem\",\"position\":1,\"name\":\"Hem\",\"item\":\"https:\\\/\\\/wp.kristdemokraterna.se\\\/tyreso\\\/\"},{\"@type\":\"ListItem\",\"position\":2,\"name\":\"Vatten i Tyres\u00f6, del sex\"}]},{\"@type\":\"WebSite\",\"@id\":\"https:\\\/\\\/wp.kristdemokraterna.se\\\/tyreso\\\/#website\",\"url\":\"https:\\\/\\\/wp.kristdemokraterna.se\\\/tyreso\\\/\",\"name\":\"Kristdemokraterna Tyres\u00f6\",\"description\":\"\",\"inLanguage\":\"sv-SE\"},{\"@type\":\"Person\",\"@id\":\"https:\\\/\\\/wp.kristdemokraterna.se\\\/tyreso\\\/#\\\/schema\\\/person\\\/3e7d76fa0f5c4996308a0a636056d6c5\",\"name\":\"tyreso\",\"image\":{\"@type\":\"ImageObject\",\"inLanguage\":\"sv-SE\",\"@id\":\"https:\\\/\\\/secure.gravatar.com\\\/avatar\\\/f60f761639a269aae348dce7665f49bfe9f0b021d1bada09d95aaa9c66ef6215?s=96&d=mm&r=g\",\"url\":\"https:\\\/\\\/secure.gravatar.com\\\/avatar\\\/f60f761639a269aae348dce7665f49bfe9f0b021d1bada09d95aaa9c66ef6215?s=96&d=mm&r=g\",\"contentUrl\":\"https:\\\/\\\/secure.gravatar.com\\\/avatar\\\/f60f761639a269aae348dce7665f49bfe9f0b021d1bada09d95aaa9c66ef6215?s=96&d=mm&r=g\",\"caption\":\"tyreso\"},\"url\":\"https:\\\/\\\/wp.kristdemokraterna.se\\\/tyreso\\\/author\\\/tyreso\\\/\"}]}<\/script>\n<!-- \/ Yoast SEO plugin. -->","yoast_head_json":{"title":"Vatten i Tyres\u00f6, del sex - Kristdemokraterna Tyres\u00f6","robots":{"index":"index","follow":"follow","max-snippet":"max-snippet:-1","max-image-preview":"max-image-preview:large","max-video-preview":"max-video-preview:-1"},"canonical":"https:\/\/wp.kristdemokraterna.se\/tyreso\/vatten-i-tyreso-del-sex\/","og_locale":"sv_SE","og_type":"article","og_title":"Vatten i Tyres\u00f6, del sex - Kristdemokraterna Tyres\u00f6","og_description":"Sommaren \u00e4r ofta en tid av politisk nyhetstorka. Sommaren 2019 presenterade vi Tyres\u00f6s fina naturreservat och nationalpark. I sommar blir det lite kring temat \u201dVatten i Tyres\u00f6\u201d. Kan inte lova att alla \u201dvattensamlingar\u201d hinner att presenteras, men m\u00e5nga blir det. F\u00f6r att se alla bilder: https:\/\/www.facebook.com\/KDTyreso\/photos\/pcb.2961395740654624\/2961394670654731\/?type=3&amp;theater Efter att i f\u00f6rra veckan via \u00c4llmorafj\u00e4rden och Bagarsundet Read More","og_url":"https:\/\/wp.kristdemokraterna.se\/tyreso\/vatten-i-tyreso-del-sex\/","og_site_name":"Kristdemokraterna Tyres\u00f6","article_published_time":"2020-08-03T17:14:56+00:00","author":"tyreso","twitter_card":"summary_large_image","twitter_misc":{"Skriven av":"tyreso","Ber\u00e4knad l\u00e4stid":"1 minut"},"schema":{"@context":"https:\/\/schema.org","@graph":[{"@type":"Article","@id":"https:\/\/wp.kristdemokraterna.se\/tyreso\/vatten-i-tyreso-del-sex\/#article","isPartOf":{"@id":"https:\/\/wp.kristdemokraterna.se\/tyreso\/vatten-i-tyreso-del-sex\/"},"author":{"name":"tyreso","@id":"https:\/\/wp.kristdemokraterna.se\/tyreso\/#\/schema\/person\/3e7d76fa0f5c4996308a0a636056d6c5"},"headline":"Vatten i Tyres\u00f6, del sex","datePublished":"2020-08-03T17:14:56+00:00","mainEntityOfPage":{"@id":"https:\/\/wp.kristdemokraterna.se\/tyreso\/vatten-i-tyreso-del-sex\/"},"wordCount":231,"articleSection":["Artiklar","Inl\u00e4gg","Natur"],"inLanguage":"sv-SE"},{"@type":"WebPage","@id":"https:\/\/wp.kristdemokraterna.se\/tyreso\/vatten-i-tyreso-del-sex\/","url":"https:\/\/wp.kristdemokraterna.se\/tyreso\/vatten-i-tyreso-del-sex\/","name":"Vatten i Tyres\u00f6, del sex - Kristdemokraterna Tyres\u00f6","isPartOf":{"@id":"https:\/\/wp.kristdemokraterna.se\/tyreso\/#website"},"datePublished":"2020-08-03T17:14:56+00:00","author":{"@id":"https:\/\/wp.kristdemokraterna.se\/tyreso\/#\/schema\/person\/3e7d76fa0f5c4996308a0a636056d6c5"},"breadcrumb":{"@id":"https:\/\/wp.kristdemokraterna.se\/tyreso\/vatten-i-tyreso-del-sex\/#breadcrumb"},"inLanguage":"sv-SE","potentialAction":[{"@type":"ReadAction","target":["https:\/\/wp.kristdemokraterna.se\/tyreso\/vatten-i-tyreso-del-sex\/"]}]},{"@type":"BreadcrumbList","@id":"https:\/\/wp.kristdemokraterna.se\/tyreso\/vatten-i-tyreso-del-sex\/#breadcrumb","itemListElement":[{"@type":"ListItem","position":1,"name":"Hem","item":"https:\/\/wp.kristdemokraterna.se\/tyreso\/"},{"@type":"ListItem","position":2,"name":"Vatten i Tyres\u00f6, del sex"}]},{"@type":"WebSite","@id":"https:\/\/wp.kristdemokraterna.se\/tyreso\/#website","url":"https:\/\/wp.kristdemokraterna.se\/tyreso\/","name":"Kristdemokraterna Tyres\u00f6","description":"","inLanguage":"sv-SE"},{"@type":"Person","@id":"https:\/\/wp.kristdemokraterna.se\/tyreso\/#\/schema\/person\/3e7d76fa0f5c4996308a0a636056d6c5","name":"tyreso","image":{"@type":"ImageObject","inLanguage":"sv-SE","@id":"https:\/\/secure.gravatar.com\/avatar\/f60f761639a269aae348dce7665f49bfe9f0b021d1bada09d95aaa9c66ef6215?s=96&d=mm&r=g","url":"https:\/\/secure.gravatar.com\/avatar\/f60f761639a269aae348dce7665f49bfe9f0b021d1bada09d95aaa9c66ef6215?s=96&d=mm&r=g","contentUrl":"https:\/\/secure.gravatar.com\/avatar\/f60f761639a269aae348dce7665f49bfe9f0b021d1bada09d95aaa9c66ef6215?s=96&d=mm&r=g","caption":"tyreso"},"url":"https:\/\/wp.kristdemokraterna.se\/tyreso\/author\/tyreso\/"}]}},"_links":{"self":[{"href":"https:\/\/wp.kristdemokraterna.se\/tyreso\/wp-json\/wp\/v2\/posts\/1191","targetHints":{"allow":["GET"]}}],"collection":[{"href":"https:\/\/wp.kristdemokraterna.se\/tyreso\/wp-json\/wp\/v2\/posts"}],"about":[{"href":"https:\/\/wp.kristdemokraterna.se\/tyreso\/wp-json\/wp\/v2\/types\/post"}],"author":[{"embeddable":true,"href":"https:\/\/wp.kristdemokraterna.se\/tyreso\/wp-json\/wp\/v2\/users\/644"}],"replies":[{"embeddable":true,"href":"https:\/\/wp.kristdemokraterna.se\/tyreso\/wp-json\/wp\/v2\/comments?post=1191"}],"version-history":[{"count":1,"href":"https:\/\/wp.kristdemokraterna.se\/tyreso\/wp-json\/wp\/v2\/posts\/1191\/revisions"}],"predecessor-version":[{"id":1193,"href":"https:\/\/wp.kristdemokraterna.se\/tyreso\/wp-json\/wp\/v2\/posts\/1191\/revisions\/1193"}],"wp:attachment":[{"href":"https:\/\/wp.kristdemokraterna.se\/tyreso\/wp-json\/wp\/v2\/media?parent=1191"}],"wp:term":[{"taxonomy":"category","embeddable":true,"href":"https:\/\/wp.kristdemokraterna.se\/tyreso\/wp-json\/wp\/v2\/categories?post=1191"},{"taxonomy":"post_tag","embeddable":true,"href":"https:\/\/wp.kristdemokraterna.se\/tyreso\/wp-json\/wp\/v2\/tags?post=1191"}],"curies":[{"name":"wp","href":"https:\/\/api.w.org\/{rel}","templated":true}]}}