{"id":1194,"date":"2020-08-10T08:35:34","date_gmt":"2020-08-10T06:35:34","guid":{"rendered":"http:\/\/wp.kristdemokraterna.se\/tyreso\/?p=1194"},"modified":"2020-08-10T08:35:34","modified_gmt":"2020-08-10T06:35:34","slug":"vatten-i-tyreso-del-sju","status":"publish","type":"post","link":"https:\/\/wp.kristdemokraterna.se\/tyreso\/vatten-i-tyreso-del-sju\/","title":{"rendered":"Vatten i Tyres\u00f6, del sju"},"content":{"rendered":"<p>Sommaren \u00e4r ofta en tid av politisk nyhetstorka. Sommaren 2019 presenterade vi Tyres\u00f6s fina naturreservat och nationalpark. I sommar blir det lite kring temat \u201dVatten i Tyres\u00f6\u201d. Kan inte lova att alla \u201dvattensamlingar\u201d hinner att presenteras, men m\u00e5nga blir det.<\/p>\n<p>Nu avslutar vi sommarens \u201dVatten i Tyres\u00f6\u201d med att \u201dbes\u00f6ka\u201d n\u00e5gra sj\u00f6ar i Tyres\u00f6s del av Tyresta nationalpark. Under denna sommarserie har ett 30-tal vattensamlingar, sj\u00f6ar och havsvikar presenterats.<\/p>\n<p>Treh\u00f6rningen, bild ett, \u00e4r en relativt liten sj\u00f6. N\u00e4r vattenniv\u00e5n \u00e4r tillr\u00e4ckligt h\u00f6g rinner den av till L\u00e5ngsj\u00f6n. Det finns allts\u00e5 tv\u00e5 L\u00e5ngsj\u00f6n i Tyres\u00f6, man kan ju undra om det \u00e4r brist p\u00e5 sj\u00f6namn. L\u00e5ngsj\u00f6n presenteras med en h\u00f6st- och tv\u00e5 sommarbilder, bild tv\u00e5, tre och fyra.<\/p>\n<p>F\u00f6r att se alla bilder: <a href=\"https:\/\/www.facebook.com\/KDTyreso\/photos\/pcb.2964211460373052\/2964209857039879\/?type=3&amp;theater\">https:\/\/www.facebook.com\/KDTyreso\/photos\/pcb.2964211460373052\/2964209857039879\/?type=3&amp;theater<\/a><\/p>\n<p>Vattnet fr\u00e5n L\u00e5ngsj\u00f6n rinner vidare till M\u00f6rten, bild fem, ocks\u00e5 en ganska liten sj\u00f6. N\u00e4sta sj\u00f6, Stensj\u00f6n, presenteras med tv\u00e5 bilder, nr sex och sju, och \u00e4r den st\u00f6rsta sj\u00f6n i detta \u201dsj\u00f6system\u201d.<\/p>\n<p>Stensj\u00f6n forts\u00e4tter i en l\u00e5ngsmal \u201dtarm\u201d som kallas Lanan, bild \u00e5tta. Sist i detta sj\u00f6system ligger Nedre dammen, bild nio. Helt logiskt mynnar alltsammans ut i vid dammvallen, bild tio.<\/p>\n","protected":false},"excerpt":{"rendered":"<p>Sommaren \u00e4r ofta en tid av politisk nyhetstorka. Sommaren 2019 presenterade vi Tyres\u00f6s fina naturreservat och nationalpark. I sommar blir det lite kring temat \u201dVatten i Tyres\u00f6\u201d. Kan inte lova att alla \u201dvattensamlingar\u201d hinner att presenteras, men m\u00e5nga blir det. Nu avslutar vi sommarens \u201dVatten i Tyres\u00f6\u201d med att \u201dbes\u00f6ka\u201d n\u00e5gra sj\u00f6ar i Tyres\u00f6s del <a class=\"read-more-link\" href=\"https:\/\/wp.kristdemokraterna.se\/tyreso\/vatten-i-tyreso-del-sju\/\">Read More<\/a><\/p>\n","protected":false},"author":644,"featured_media":0,"comment_status":"closed","ping_status":"closed","sticky":false,"template":"","format":"standard","meta":{"_acf_changed":false,"footnotes":""},"categories":[1,15,10],"tags":[],"class_list":["post-1194","post","type-post","status-publish","format-standard","hentry","category-okategoriserade","category-inlagg","category-natur"],"acf":[],"yoast_head":"<!-- This site is optimized with the Yoast SEO plugin v27.4 - https:\/\/yoast.com\/product\/yoast-seo-wordpress\/ -->\n<title>Vatten i Tyres\u00f6, del sju - Kristdemokraterna Tyres\u00f6<\/title>\n<meta name=\"robots\" content=\"index, follow, max-snippet:-1, max-image-preview:large, max-video-preview:-1\" \/>\n<link rel=\"canonical\" href=\"https:\/\/wp.kristdemokraterna.se\/tyreso\/vatten-i-tyreso-del-sju\/\" \/>\n<meta property=\"og:locale\" content=\"sv_SE\" \/>\n<meta property=\"og:type\" content=\"article\" \/>\n<meta property=\"og:title\" content=\"Vatten i Tyres\u00f6, del sju - Kristdemokraterna Tyres\u00f6\" \/>\n<meta property=\"og:description\" content=\"Sommaren \u00e4r ofta en tid av politisk nyhetstorka. Sommaren 2019 presenterade vi Tyres\u00f6s fina naturreservat och nationalpark. I sommar blir det lite kring temat \u201dVatten i Tyres\u00f6\u201d. Kan inte lova att alla \u201dvattensamlingar\u201d hinner att presenteras, men m\u00e5nga blir det. Nu avslutar vi sommarens \u201dVatten i Tyres\u00f6\u201d med att \u201dbes\u00f6ka\u201d n\u00e5gra sj\u00f6ar i Tyres\u00f6s del Read More\" \/>\n<meta property=\"og:url\" content=\"https:\/\/wp.kristdemokraterna.se\/tyreso\/vatten-i-tyreso-del-sju\/\" \/>\n<meta property=\"og:site_name\" content=\"Kristdemokraterna Tyres\u00f6\" \/>\n<meta property=\"article:published_time\" content=\"2020-08-10T06:35:34+00:00\" \/>\n<meta name=\"author\" content=\"tyreso\" \/>\n<meta name=\"twitter:card\" content=\"summary_large_image\" \/>\n<meta name=\"twitter:label1\" content=\"Skriven av\" \/>\n\t<meta name=\"twitter:data1\" content=\"tyreso\" \/>\n\t<meta name=\"twitter:label2\" content=\"Ber\u00e4knad l\u00e4stid\" \/>\n\t<meta name=\"twitter:data2\" content=\"1 minut\" \/>\n<script type=\"application\/ld+json\" class=\"yoast-schema-graph\">{\"@context\":\"https:\\\/\\\/schema.org\",\"@graph\":[{\"@type\":\"Article\",\"@id\":\"https:\\\/\\\/wp.kristdemokraterna.se\\\/tyreso\\\/vatten-i-tyreso-del-sju\\\/#article\",\"isPartOf\":{\"@id\":\"https:\\\/\\\/wp.kristdemokraterna.se\\\/tyreso\\\/vatten-i-tyreso-del-sju\\\/\"},\"author\":{\"name\":\"tyreso\",\"@id\":\"https:\\\/\\\/wp.kristdemokraterna.se\\\/tyreso\\\/#\\\/schema\\\/person\\\/3e7d76fa0f5c4996308a0a636056d6c5\"},\"headline\":\"Vatten i Tyres\u00f6, del sju\",\"datePublished\":\"2020-08-10T06:35:34+00:00\",\"mainEntityOfPage\":{\"@id\":\"https:\\\/\\\/wp.kristdemokraterna.se\\\/tyreso\\\/vatten-i-tyreso-del-sju\\\/\"},\"wordCount\":233,\"articleSection\":[\"Artiklar\",\"Inl\u00e4gg\",\"Natur\"],\"inLanguage\":\"sv-SE\"},{\"@type\":\"WebPage\",\"@id\":\"https:\\\/\\\/wp.kristdemokraterna.se\\\/tyreso\\\/vatten-i-tyreso-del-sju\\\/\",\"url\":\"https:\\\/\\\/wp.kristdemokraterna.se\\\/tyreso\\\/vatten-i-tyreso-del-sju\\\/\",\"name\":\"Vatten i Tyres\u00f6, del sju - Kristdemokraterna Tyres\u00f6\",\"isPartOf\":{\"@id\":\"https:\\\/\\\/wp.kristdemokraterna.se\\\/tyreso\\\/#website\"},\"datePublished\":\"2020-08-10T06:35:34+00:00\",\"author\":{\"@id\":\"https:\\\/\\\/wp.kristdemokraterna.se\\\/tyreso\\\/#\\\/schema\\\/person\\\/3e7d76fa0f5c4996308a0a636056d6c5\"},\"breadcrumb\":{\"@id\":\"https:\\\/\\\/wp.kristdemokraterna.se\\\/tyreso\\\/vatten-i-tyreso-del-sju\\\/#breadcrumb\"},\"inLanguage\":\"sv-SE\",\"potentialAction\":[{\"@type\":\"ReadAction\",\"target\":[\"https:\\\/\\\/wp.kristdemokraterna.se\\\/tyreso\\\/vatten-i-tyreso-del-sju\\\/\"]}]},{\"@type\":\"BreadcrumbList\",\"@id\":\"https:\\\/\\\/wp.kristdemokraterna.se\\\/tyreso\\\/vatten-i-tyreso-del-sju\\\/#breadcrumb\",\"itemListElement\":[{\"@type\":\"ListItem\",\"position\":1,\"name\":\"Hem\",\"item\":\"https:\\\/\\\/wp.kristdemokraterna.se\\\/tyreso\\\/\"},{\"@type\":\"ListItem\",\"position\":2,\"name\":\"Vatten i Tyres\u00f6, del sju\"}]},{\"@type\":\"WebSite\",\"@id\":\"https:\\\/\\\/wp.kristdemokraterna.se\\\/tyreso\\\/#website\",\"url\":\"https:\\\/\\\/wp.kristdemokraterna.se\\\/tyreso\\\/\",\"name\":\"Kristdemokraterna Tyres\u00f6\",\"description\":\"\",\"inLanguage\":\"sv-SE\"},{\"@type\":\"Person\",\"@id\":\"https:\\\/\\\/wp.kristdemokraterna.se\\\/tyreso\\\/#\\\/schema\\\/person\\\/3e7d76fa0f5c4996308a0a636056d6c5\",\"name\":\"tyreso\",\"image\":{\"@type\":\"ImageObject\",\"inLanguage\":\"sv-SE\",\"@id\":\"https:\\\/\\\/secure.gravatar.com\\\/avatar\\\/f60f761639a269aae348dce7665f49bfe9f0b021d1bada09d95aaa9c66ef6215?s=96&d=mm&r=g\",\"url\":\"https:\\\/\\\/secure.gravatar.com\\\/avatar\\\/f60f761639a269aae348dce7665f49bfe9f0b021d1bada09d95aaa9c66ef6215?s=96&d=mm&r=g\",\"contentUrl\":\"https:\\\/\\\/secure.gravatar.com\\\/avatar\\\/f60f761639a269aae348dce7665f49bfe9f0b021d1bada09d95aaa9c66ef6215?s=96&d=mm&r=g\",\"caption\":\"tyreso\"},\"url\":\"https:\\\/\\\/wp.kristdemokraterna.se\\\/tyreso\\\/author\\\/tyreso\\\/\"}]}<\/script>\n<!-- \/ Yoast SEO plugin. -->","yoast_head_json":{"title":"Vatten i Tyres\u00f6, del sju - Kristdemokraterna Tyres\u00f6","robots":{"index":"index","follow":"follow","max-snippet":"max-snippet:-1","max-image-preview":"max-image-preview:large","max-video-preview":"max-video-preview:-1"},"canonical":"https:\/\/wp.kristdemokraterna.se\/tyreso\/vatten-i-tyreso-del-sju\/","og_locale":"sv_SE","og_type":"article","og_title":"Vatten i Tyres\u00f6, del sju - Kristdemokraterna Tyres\u00f6","og_description":"Sommaren \u00e4r ofta en tid av politisk nyhetstorka. Sommaren 2019 presenterade vi Tyres\u00f6s fina naturreservat och nationalpark. I sommar blir det lite kring temat \u201dVatten i Tyres\u00f6\u201d. Kan inte lova att alla \u201dvattensamlingar\u201d hinner att presenteras, men m\u00e5nga blir det. Nu avslutar vi sommarens \u201dVatten i Tyres\u00f6\u201d med att \u201dbes\u00f6ka\u201d n\u00e5gra sj\u00f6ar i Tyres\u00f6s del Read More","og_url":"https:\/\/wp.kristdemokraterna.se\/tyreso\/vatten-i-tyreso-del-sju\/","og_site_name":"Kristdemokraterna Tyres\u00f6","article_published_time":"2020-08-10T06:35:34+00:00","author":"tyreso","twitter_card":"summary_large_image","twitter_misc":{"Skriven av":"tyreso","Ber\u00e4knad l\u00e4stid":"1 minut"},"schema":{"@context":"https:\/\/schema.org","@graph":[{"@type":"Article","@id":"https:\/\/wp.kristdemokraterna.se\/tyreso\/vatten-i-tyreso-del-sju\/#article","isPartOf":{"@id":"https:\/\/wp.kristdemokraterna.se\/tyreso\/vatten-i-tyreso-del-sju\/"},"author":{"name":"tyreso","@id":"https:\/\/wp.kristdemokraterna.se\/tyreso\/#\/schema\/person\/3e7d76fa0f5c4996308a0a636056d6c5"},"headline":"Vatten i Tyres\u00f6, del sju","datePublished":"2020-08-10T06:35:34+00:00","mainEntityOfPage":{"@id":"https:\/\/wp.kristdemokraterna.se\/tyreso\/vatten-i-tyreso-del-sju\/"},"wordCount":233,"articleSection":["Artiklar","Inl\u00e4gg","Natur"],"inLanguage":"sv-SE"},{"@type":"WebPage","@id":"https:\/\/wp.kristdemokraterna.se\/tyreso\/vatten-i-tyreso-del-sju\/","url":"https:\/\/wp.kristdemokraterna.se\/tyreso\/vatten-i-tyreso-del-sju\/","name":"Vatten i Tyres\u00f6, del sju - Kristdemokraterna Tyres\u00f6","isPartOf":{"@id":"https:\/\/wp.kristdemokraterna.se\/tyreso\/#website"},"datePublished":"2020-08-10T06:35:34+00:00","author":{"@id":"https:\/\/wp.kristdemokraterna.se\/tyreso\/#\/schema\/person\/3e7d76fa0f5c4996308a0a636056d6c5"},"breadcrumb":{"@id":"https:\/\/wp.kristdemokraterna.se\/tyreso\/vatten-i-tyreso-del-sju\/#breadcrumb"},"inLanguage":"sv-SE","potentialAction":[{"@type":"ReadAction","target":["https:\/\/wp.kristdemokraterna.se\/tyreso\/vatten-i-tyreso-del-sju\/"]}]},{"@type":"BreadcrumbList","@id":"https:\/\/wp.kristdemokraterna.se\/tyreso\/vatten-i-tyreso-del-sju\/#breadcrumb","itemListElement":[{"@type":"ListItem","position":1,"name":"Hem","item":"https:\/\/wp.kristdemokraterna.se\/tyreso\/"},{"@type":"ListItem","position":2,"name":"Vatten i Tyres\u00f6, del sju"}]},{"@type":"WebSite","@id":"https:\/\/wp.kristdemokraterna.se\/tyreso\/#website","url":"https:\/\/wp.kristdemokraterna.se\/tyreso\/","name":"Kristdemokraterna Tyres\u00f6","description":"","inLanguage":"sv-SE"},{"@type":"Person","@id":"https:\/\/wp.kristdemokraterna.se\/tyreso\/#\/schema\/person\/3e7d76fa0f5c4996308a0a636056d6c5","name":"tyreso","image":{"@type":"ImageObject","inLanguage":"sv-SE","@id":"https:\/\/secure.gravatar.com\/avatar\/f60f761639a269aae348dce7665f49bfe9f0b021d1bada09d95aaa9c66ef6215?s=96&d=mm&r=g","url":"https:\/\/secure.gravatar.com\/avatar\/f60f761639a269aae348dce7665f49bfe9f0b021d1bada09d95aaa9c66ef6215?s=96&d=mm&r=g","contentUrl":"https:\/\/secure.gravatar.com\/avatar\/f60f761639a269aae348dce7665f49bfe9f0b021d1bada09d95aaa9c66ef6215?s=96&d=mm&r=g","caption":"tyreso"},"url":"https:\/\/wp.kristdemokraterna.se\/tyreso\/author\/tyreso\/"}]}},"_links":{"self":[{"href":"https:\/\/wp.kristdemokraterna.se\/tyreso\/wp-json\/wp\/v2\/posts\/1194","targetHints":{"allow":["GET"]}}],"collection":[{"href":"https:\/\/wp.kristdemokraterna.se\/tyreso\/wp-json\/wp\/v2\/posts"}],"about":[{"href":"https:\/\/wp.kristdemokraterna.se\/tyreso\/wp-json\/wp\/v2\/types\/post"}],"author":[{"embeddable":true,"href":"https:\/\/wp.kristdemokraterna.se\/tyreso\/wp-json\/wp\/v2\/users\/644"}],"replies":[{"embeddable":true,"href":"https:\/\/wp.kristdemokraterna.se\/tyreso\/wp-json\/wp\/v2\/comments?post=1194"}],"version-history":[{"count":1,"href":"https:\/\/wp.kristdemokraterna.se\/tyreso\/wp-json\/wp\/v2\/posts\/1194\/revisions"}],"predecessor-version":[{"id":1196,"href":"https:\/\/wp.kristdemokraterna.se\/tyreso\/wp-json\/wp\/v2\/posts\/1194\/revisions\/1196"}],"wp:attachment":[{"href":"https:\/\/wp.kristdemokraterna.se\/tyreso\/wp-json\/wp\/v2\/media?parent=1194"}],"wp:term":[{"taxonomy":"category","embeddable":true,"href":"https:\/\/wp.kristdemokraterna.se\/tyreso\/wp-json\/wp\/v2\/categories?post=1194"},{"taxonomy":"post_tag","embeddable":true,"href":"https:\/\/wp.kristdemokraterna.se\/tyreso\/wp-json\/wp\/v2\/tags?post=1194"}],"curies":[{"name":"wp","href":"https:\/\/api.w.org\/{rel}","templated":true}]}}