{"id":1222,"date":"2020-12-06T13:21:23","date_gmt":"2020-12-06T12:21:23","guid":{"rendered":"http:\/\/wp.kristdemokraterna.se\/tyreso\/?p=1222"},"modified":"2020-12-06T13:21:23","modified_gmt":"2020-12-06T12:21:23","slug":"effektiv-kommunal-verksamhet-ger-lagre-skatt","status":"publish","type":"post","link":"https:\/\/wp.kristdemokraterna.se\/tyreso\/effektiv-kommunal-verksamhet-ger-lagre-skatt\/","title":{"rendered":"Effektiv kommunal verksamhet ger l\u00e4gre skatt"},"content":{"rendered":"<p>I Kristdemokraternas budgetf\u00f6rslag f\u00f6r 2021 f\u00f6resl\u00e5r vi en skattes\u00e4nkning p\u00e5 35 \u00f6re. H\u00f6sten 2018 h\u00f6jde S, L och MP med st\u00f6d av V skatten med 45 \u00f6re, vilket placerade Tyres\u00f6 bland de kommuner med h\u00f6gst kommunalskatt i Stockholms l\u00e4n.<\/p>\n<p>Det \u00e4r viktigt att den kommunala verksamheten effektiviseras. Tyres\u00f6 har b\u00e5de h\u00f6gre skatt \u00e4n j\u00e4mf\u00f6rbara kommuner och anm\u00e4rkningsv\u00e4rt h\u00f6ga kommunala avgifter och taxor.\u00a0 Tyres\u00f6 kommun bedriver inget systematiskt produktivitetsutvecklingsarbete. KD anser att skatten och avgifterna l\u00e5ngsiktigt b\u00f6r kunna s\u00e4nkas om ett systematiskt produktivitetsh\u00f6jande arbete bedrivs. Tyres\u00f6 har nu en av Stockholms l\u00e4ns absolut h\u00f6gsta skattesatser. Bara kommuner som S\u00f6dert\u00e4lje och Botkyrka med stora utanf\u00f6rskapsomr\u00e5den har markant h\u00f6gre skatter. J\u00e4mf\u00f6rbara kommuner har mycket l\u00e4gre skatt. N\u00e4r det g\u00e4ller taxor (avfall, V\/A, fj\u00e4rrv\u00e4rme mm) ligger Tyres\u00f6 p\u00e5 plats 235 av 290 kommuner, vilket \u00e4r oacceptabelt f\u00f6r en kommun med Tyres\u00f6s geografiska f\u00f6ruts\u00e4ttningar.<\/p>\n","protected":false},"excerpt":{"rendered":"<p>I Kristdemokraternas budgetf\u00f6rslag f\u00f6r 2021 f\u00f6resl\u00e5r vi en skattes\u00e4nkning p\u00e5 35 \u00f6re. H\u00f6sten 2018 h\u00f6jde S, L och MP med st\u00f6d av V skatten med 45 \u00f6re, vilket placerade Tyres\u00f6 bland de kommuner med h\u00f6gst kommunalskatt i Stockholms l\u00e4n. Det \u00e4r viktigt att den kommunala verksamheten effektiviseras. Tyres\u00f6 har b\u00e5de h\u00f6gre skatt \u00e4n j\u00e4mf\u00f6rbara kommuner <a class=\"read-more-link\" href=\"https:\/\/wp.kristdemokraterna.se\/tyreso\/effektiv-kommunal-verksamhet-ger-lagre-skatt\/\">Read More<\/a><\/p>\n","protected":false},"author":644,"featured_media":0,"comment_status":"closed","ping_status":"closed","sticky":false,"template":"","format":"standard","meta":{"_acf_changed":false,"footnotes":""},"categories":[1,16,15],"tags":[],"class_list":["post-1222","post","type-post","status-publish","format-standard","hentry","category-okategoriserade","category-ekonomi","category-inlagg"],"acf":[],"yoast_head":"<!-- This site is optimized with the Yoast SEO plugin v27.4 - https:\/\/yoast.com\/product\/yoast-seo-wordpress\/ -->\n<title>Effektiv kommunal verksamhet ger l\u00e4gre skatt - Kristdemokraterna Tyres\u00f6<\/title>\n<meta name=\"robots\" content=\"index, follow, max-snippet:-1, max-image-preview:large, max-video-preview:-1\" \/>\n<link rel=\"canonical\" href=\"https:\/\/wp.kristdemokraterna.se\/tyreso\/effektiv-kommunal-verksamhet-ger-lagre-skatt\/\" \/>\n<meta property=\"og:locale\" content=\"sv_SE\" \/>\n<meta property=\"og:type\" content=\"article\" \/>\n<meta property=\"og:title\" content=\"Effektiv kommunal verksamhet ger l\u00e4gre skatt - Kristdemokraterna Tyres\u00f6\" \/>\n<meta property=\"og:description\" content=\"I Kristdemokraternas budgetf\u00f6rslag f\u00f6r 2021 f\u00f6resl\u00e5r vi en skattes\u00e4nkning p\u00e5 35 \u00f6re. H\u00f6sten 2018 h\u00f6jde S, L och MP med st\u00f6d av V skatten med 45 \u00f6re, vilket placerade Tyres\u00f6 bland de kommuner med h\u00f6gst kommunalskatt i Stockholms l\u00e4n. Det \u00e4r viktigt att den kommunala verksamheten effektiviseras. Tyres\u00f6 har b\u00e5de h\u00f6gre skatt \u00e4n j\u00e4mf\u00f6rbara kommuner Read More\" \/>\n<meta property=\"og:url\" content=\"https:\/\/wp.kristdemokraterna.se\/tyreso\/effektiv-kommunal-verksamhet-ger-lagre-skatt\/\" \/>\n<meta property=\"og:site_name\" content=\"Kristdemokraterna Tyres\u00f6\" \/>\n<meta property=\"article:published_time\" content=\"2020-12-06T12:21:23+00:00\" \/>\n<meta name=\"author\" content=\"tyreso\" \/>\n<meta name=\"twitter:card\" content=\"summary_large_image\" \/>\n<meta name=\"twitter:label1\" content=\"Skriven av\" \/>\n\t<meta name=\"twitter:data1\" content=\"tyreso\" \/>\n\t<meta name=\"twitter:label2\" content=\"Ber\u00e4knad l\u00e4stid\" \/>\n\t<meta name=\"twitter:data2\" content=\"1 minut\" \/>\n<script type=\"application\/ld+json\" class=\"yoast-schema-graph\">{\"@context\":\"https:\\\/\\\/schema.org\",\"@graph\":[{\"@type\":\"Article\",\"@id\":\"https:\\\/\\\/wp.kristdemokraterna.se\\\/tyreso\\\/effektiv-kommunal-verksamhet-ger-lagre-skatt\\\/#article\",\"isPartOf\":{\"@id\":\"https:\\\/\\\/wp.kristdemokraterna.se\\\/tyreso\\\/effektiv-kommunal-verksamhet-ger-lagre-skatt\\\/\"},\"author\":{\"name\":\"tyreso\",\"@id\":\"https:\\\/\\\/wp.kristdemokraterna.se\\\/tyreso\\\/#\\\/schema\\\/person\\\/3e7d76fa0f5c4996308a0a636056d6c5\"},\"headline\":\"Effektiv kommunal verksamhet ger l\u00e4gre skatt\",\"datePublished\":\"2020-12-06T12:21:23+00:00\",\"mainEntityOfPage\":{\"@id\":\"https:\\\/\\\/wp.kristdemokraterna.se\\\/tyreso\\\/effektiv-kommunal-verksamhet-ger-lagre-skatt\\\/\"},\"wordCount\":180,\"articleSection\":[\"Artiklar\",\"Ekonomi\",\"Inl\u00e4gg\"],\"inLanguage\":\"sv-SE\"},{\"@type\":\"WebPage\",\"@id\":\"https:\\\/\\\/wp.kristdemokraterna.se\\\/tyreso\\\/effektiv-kommunal-verksamhet-ger-lagre-skatt\\\/\",\"url\":\"https:\\\/\\\/wp.kristdemokraterna.se\\\/tyreso\\\/effektiv-kommunal-verksamhet-ger-lagre-skatt\\\/\",\"name\":\"Effektiv kommunal verksamhet ger l\u00e4gre skatt - Kristdemokraterna Tyres\u00f6\",\"isPartOf\":{\"@id\":\"https:\\\/\\\/wp.kristdemokraterna.se\\\/tyreso\\\/#website\"},\"datePublished\":\"2020-12-06T12:21:23+00:00\",\"author\":{\"@id\":\"https:\\\/\\\/wp.kristdemokraterna.se\\\/tyreso\\\/#\\\/schema\\\/person\\\/3e7d76fa0f5c4996308a0a636056d6c5\"},\"breadcrumb\":{\"@id\":\"https:\\\/\\\/wp.kristdemokraterna.se\\\/tyreso\\\/effektiv-kommunal-verksamhet-ger-lagre-skatt\\\/#breadcrumb\"},\"inLanguage\":\"sv-SE\",\"potentialAction\":[{\"@type\":\"ReadAction\",\"target\":[\"https:\\\/\\\/wp.kristdemokraterna.se\\\/tyreso\\\/effektiv-kommunal-verksamhet-ger-lagre-skatt\\\/\"]}]},{\"@type\":\"BreadcrumbList\",\"@id\":\"https:\\\/\\\/wp.kristdemokraterna.se\\\/tyreso\\\/effektiv-kommunal-verksamhet-ger-lagre-skatt\\\/#breadcrumb\",\"itemListElement\":[{\"@type\":\"ListItem\",\"position\":1,\"name\":\"Hem\",\"item\":\"https:\\\/\\\/wp.kristdemokraterna.se\\\/tyreso\\\/\"},{\"@type\":\"ListItem\",\"position\":2,\"name\":\"Effektiv kommunal verksamhet ger l\u00e4gre skatt\"}]},{\"@type\":\"WebSite\",\"@id\":\"https:\\\/\\\/wp.kristdemokraterna.se\\\/tyreso\\\/#website\",\"url\":\"https:\\\/\\\/wp.kristdemokraterna.se\\\/tyreso\\\/\",\"name\":\"Kristdemokraterna Tyres\u00f6\",\"description\":\"\",\"inLanguage\":\"sv-SE\"},{\"@type\":\"Person\",\"@id\":\"https:\\\/\\\/wp.kristdemokraterna.se\\\/tyreso\\\/#\\\/schema\\\/person\\\/3e7d76fa0f5c4996308a0a636056d6c5\",\"name\":\"tyreso\",\"image\":{\"@type\":\"ImageObject\",\"inLanguage\":\"sv-SE\",\"@id\":\"https:\\\/\\\/secure.gravatar.com\\\/avatar\\\/f60f761639a269aae348dce7665f49bfe9f0b021d1bada09d95aaa9c66ef6215?s=96&d=mm&r=g\",\"url\":\"https:\\\/\\\/secure.gravatar.com\\\/avatar\\\/f60f761639a269aae348dce7665f49bfe9f0b021d1bada09d95aaa9c66ef6215?s=96&d=mm&r=g\",\"contentUrl\":\"https:\\\/\\\/secure.gravatar.com\\\/avatar\\\/f60f761639a269aae348dce7665f49bfe9f0b021d1bada09d95aaa9c66ef6215?s=96&d=mm&r=g\",\"caption\":\"tyreso\"},\"url\":\"https:\\\/\\\/wp.kristdemokraterna.se\\\/tyreso\\\/author\\\/tyreso\\\/\"}]}<\/script>\n<!-- \/ Yoast SEO plugin. -->","yoast_head_json":{"title":"Effektiv kommunal verksamhet ger l\u00e4gre skatt - Kristdemokraterna Tyres\u00f6","robots":{"index":"index","follow":"follow","max-snippet":"max-snippet:-1","max-image-preview":"max-image-preview:large","max-video-preview":"max-video-preview:-1"},"canonical":"https:\/\/wp.kristdemokraterna.se\/tyreso\/effektiv-kommunal-verksamhet-ger-lagre-skatt\/","og_locale":"sv_SE","og_type":"article","og_title":"Effektiv kommunal verksamhet ger l\u00e4gre skatt - Kristdemokraterna Tyres\u00f6","og_description":"I Kristdemokraternas budgetf\u00f6rslag f\u00f6r 2021 f\u00f6resl\u00e5r vi en skattes\u00e4nkning p\u00e5 35 \u00f6re. H\u00f6sten 2018 h\u00f6jde S, L och MP med st\u00f6d av V skatten med 45 \u00f6re, vilket placerade Tyres\u00f6 bland de kommuner med h\u00f6gst kommunalskatt i Stockholms l\u00e4n. Det \u00e4r viktigt att den kommunala verksamheten effektiviseras. Tyres\u00f6 har b\u00e5de h\u00f6gre skatt \u00e4n j\u00e4mf\u00f6rbara kommuner Read More","og_url":"https:\/\/wp.kristdemokraterna.se\/tyreso\/effektiv-kommunal-verksamhet-ger-lagre-skatt\/","og_site_name":"Kristdemokraterna Tyres\u00f6","article_published_time":"2020-12-06T12:21:23+00:00","author":"tyreso","twitter_card":"summary_large_image","twitter_misc":{"Skriven av":"tyreso","Ber\u00e4knad l\u00e4stid":"1 minut"},"schema":{"@context":"https:\/\/schema.org","@graph":[{"@type":"Article","@id":"https:\/\/wp.kristdemokraterna.se\/tyreso\/effektiv-kommunal-verksamhet-ger-lagre-skatt\/#article","isPartOf":{"@id":"https:\/\/wp.kristdemokraterna.se\/tyreso\/effektiv-kommunal-verksamhet-ger-lagre-skatt\/"},"author":{"name":"tyreso","@id":"https:\/\/wp.kristdemokraterna.se\/tyreso\/#\/schema\/person\/3e7d76fa0f5c4996308a0a636056d6c5"},"headline":"Effektiv kommunal verksamhet ger l\u00e4gre skatt","datePublished":"2020-12-06T12:21:23+00:00","mainEntityOfPage":{"@id":"https:\/\/wp.kristdemokraterna.se\/tyreso\/effektiv-kommunal-verksamhet-ger-lagre-skatt\/"},"wordCount":180,"articleSection":["Artiklar","Ekonomi","Inl\u00e4gg"],"inLanguage":"sv-SE"},{"@type":"WebPage","@id":"https:\/\/wp.kristdemokraterna.se\/tyreso\/effektiv-kommunal-verksamhet-ger-lagre-skatt\/","url":"https:\/\/wp.kristdemokraterna.se\/tyreso\/effektiv-kommunal-verksamhet-ger-lagre-skatt\/","name":"Effektiv kommunal verksamhet ger l\u00e4gre skatt - Kristdemokraterna Tyres\u00f6","isPartOf":{"@id":"https:\/\/wp.kristdemokraterna.se\/tyreso\/#website"},"datePublished":"2020-12-06T12:21:23+00:00","author":{"@id":"https:\/\/wp.kristdemokraterna.se\/tyreso\/#\/schema\/person\/3e7d76fa0f5c4996308a0a636056d6c5"},"breadcrumb":{"@id":"https:\/\/wp.kristdemokraterna.se\/tyreso\/effektiv-kommunal-verksamhet-ger-lagre-skatt\/#breadcrumb"},"inLanguage":"sv-SE","potentialAction":[{"@type":"ReadAction","target":["https:\/\/wp.kristdemokraterna.se\/tyreso\/effektiv-kommunal-verksamhet-ger-lagre-skatt\/"]}]},{"@type":"BreadcrumbList","@id":"https:\/\/wp.kristdemokraterna.se\/tyreso\/effektiv-kommunal-verksamhet-ger-lagre-skatt\/#breadcrumb","itemListElement":[{"@type":"ListItem","position":1,"name":"Hem","item":"https:\/\/wp.kristdemokraterna.se\/tyreso\/"},{"@type":"ListItem","position":2,"name":"Effektiv kommunal verksamhet ger l\u00e4gre skatt"}]},{"@type":"WebSite","@id":"https:\/\/wp.kristdemokraterna.se\/tyreso\/#website","url":"https:\/\/wp.kristdemokraterna.se\/tyreso\/","name":"Kristdemokraterna Tyres\u00f6","description":"","inLanguage":"sv-SE"},{"@type":"Person","@id":"https:\/\/wp.kristdemokraterna.se\/tyreso\/#\/schema\/person\/3e7d76fa0f5c4996308a0a636056d6c5","name":"tyreso","image":{"@type":"ImageObject","inLanguage":"sv-SE","@id":"https:\/\/secure.gravatar.com\/avatar\/f60f761639a269aae348dce7665f49bfe9f0b021d1bada09d95aaa9c66ef6215?s=96&d=mm&r=g","url":"https:\/\/secure.gravatar.com\/avatar\/f60f761639a269aae348dce7665f49bfe9f0b021d1bada09d95aaa9c66ef6215?s=96&d=mm&r=g","contentUrl":"https:\/\/secure.gravatar.com\/avatar\/f60f761639a269aae348dce7665f49bfe9f0b021d1bada09d95aaa9c66ef6215?s=96&d=mm&r=g","caption":"tyreso"},"url":"https:\/\/wp.kristdemokraterna.se\/tyreso\/author\/tyreso\/"}]}},"_links":{"self":[{"href":"https:\/\/wp.kristdemokraterna.se\/tyreso\/wp-json\/wp\/v2\/posts\/1222","targetHints":{"allow":["GET"]}}],"collection":[{"href":"https:\/\/wp.kristdemokraterna.se\/tyreso\/wp-json\/wp\/v2\/posts"}],"about":[{"href":"https:\/\/wp.kristdemokraterna.se\/tyreso\/wp-json\/wp\/v2\/types\/post"}],"author":[{"embeddable":true,"href":"https:\/\/wp.kristdemokraterna.se\/tyreso\/wp-json\/wp\/v2\/users\/644"}],"replies":[{"embeddable":true,"href":"https:\/\/wp.kristdemokraterna.se\/tyreso\/wp-json\/wp\/v2\/comments?post=1222"}],"version-history":[{"count":1,"href":"https:\/\/wp.kristdemokraterna.se\/tyreso\/wp-json\/wp\/v2\/posts\/1222\/revisions"}],"predecessor-version":[{"id":1223,"href":"https:\/\/wp.kristdemokraterna.se\/tyreso\/wp-json\/wp\/v2\/posts\/1222\/revisions\/1223"}],"wp:attachment":[{"href":"https:\/\/wp.kristdemokraterna.se\/tyreso\/wp-json\/wp\/v2\/media?parent=1222"}],"wp:term":[{"taxonomy":"category","embeddable":true,"href":"https:\/\/wp.kristdemokraterna.se\/tyreso\/wp-json\/wp\/v2\/categories?post=1222"},{"taxonomy":"post_tag","embeddable":true,"href":"https:\/\/wp.kristdemokraterna.se\/tyreso\/wp-json\/wp\/v2\/tags?post=1222"}],"curies":[{"name":"wp","href":"https:\/\/api.w.org\/{rel}","templated":true}]}}