{"id":1227,"date":"2020-12-23T19:07:18","date_gmt":"2020-12-23T18:07:18","guid":{"rendered":"http:\/\/wp.kristdemokraterna.se\/tyreso\/?p=1227"},"modified":"2020-12-26T19:11:26","modified_gmt":"2020-12-26T18:11:26","slug":"god-jul-och-gott-nytt-ar-6","status":"publish","type":"post","link":"https:\/\/wp.kristdemokraterna.se\/tyreso\/god-jul-och-gott-nytt-ar-6\/","title":{"rendered":"God Jul och Gott Nytt \u00c5r"},"content":{"rendered":"<div class=\"kvgmc6g5 cxmmr5t8 oygrvhab hcukyx3x c1et5uql ii04i59q\">\n<div dir=\"auto\">Nu, i juletid, t\u00e4nker vi extra p\u00e5 de som p\u00e5 grund av pandemin har det sv\u00e5rt. Vi t\u00e4nker ocks\u00e5 p\u00e5 alla v\u00e5rdpersonal som k\u00e4mpar f\u00f6r att hj\u00e4lpa de sjuka.<\/div>\n<div dir=\"auto\"><\/div>\n<div dir=\"auto\">Och vi uppmanar alla att vara f\u00f6rsiktiga s\u00e5 att smittan inte f\u00f6rs vidare.<\/div>\n<div dir=\"auto\"><\/div>\n<\/div>\n<div class=\"o9v6fnle cxmmr5t8 oygrvhab hcukyx3x c1et5uql ii04i59q\">\n<div dir=\"auto\">Trotts en m\u00f6rk och jobbig tid vill vi \u00f6nska alla en God Jul och ett Gott Nytt \u00c5r.<\/div>\n<\/div>\n","protected":false},"excerpt":{"rendered":"<p>Nu, i juletid, t\u00e4nker vi extra p\u00e5 de som p\u00e5 grund av pandemin har det sv\u00e5rt. Vi t\u00e4nker ocks\u00e5 p\u00e5 alla v\u00e5rdpersonal som k\u00e4mpar f\u00f6r att hj\u00e4lpa de sjuka. Och vi uppmanar alla att vara f\u00f6rsiktiga s\u00e5 att smittan inte f\u00f6rs vidare. Trotts en m\u00f6rk och jobbig tid vill vi \u00f6nska alla en God Jul <a class=\"read-more-link\" href=\"https:\/\/wp.kristdemokraterna.se\/tyreso\/god-jul-och-gott-nytt-ar-6\/\">Read More<\/a><\/p>\n","protected":false},"author":644,"featured_media":0,"comment_status":"closed","ping_status":"closed","sticky":false,"template":"","format":"standard","meta":{"_acf_changed":false,"footnotes":""},"categories":[1,15],"tags":[],"class_list":["post-1227","post","type-post","status-publish","format-standard","hentry","category-okategoriserade","category-inlagg"],"acf":[],"yoast_head":"<!-- This site is optimized with the Yoast SEO plugin v27.4 - https:\/\/yoast.com\/product\/yoast-seo-wordpress\/ -->\n<title>God Jul och Gott Nytt \u00c5r - Kristdemokraterna Tyres\u00f6<\/title>\n<meta name=\"robots\" content=\"index, follow, max-snippet:-1, max-image-preview:large, max-video-preview:-1\" \/>\n<link rel=\"canonical\" href=\"https:\/\/wp.kristdemokraterna.se\/tyreso\/god-jul-och-gott-nytt-ar-6\/\" \/>\n<meta property=\"og:locale\" content=\"sv_SE\" \/>\n<meta property=\"og:type\" content=\"article\" \/>\n<meta property=\"og:title\" content=\"God Jul och Gott Nytt \u00c5r - Kristdemokraterna Tyres\u00f6\" \/>\n<meta property=\"og:description\" content=\"Nu, i juletid, t\u00e4nker vi extra p\u00e5 de som p\u00e5 grund av pandemin har det sv\u00e5rt. Vi t\u00e4nker ocks\u00e5 p\u00e5 alla v\u00e5rdpersonal som k\u00e4mpar f\u00f6r att hj\u00e4lpa de sjuka. Och vi uppmanar alla att vara f\u00f6rsiktiga s\u00e5 att smittan inte f\u00f6rs vidare. Trotts en m\u00f6rk och jobbig tid vill vi \u00f6nska alla en God Jul Read More\" \/>\n<meta property=\"og:url\" content=\"https:\/\/wp.kristdemokraterna.se\/tyreso\/god-jul-och-gott-nytt-ar-6\/\" \/>\n<meta property=\"og:site_name\" content=\"Kristdemokraterna Tyres\u00f6\" \/>\n<meta property=\"article:published_time\" content=\"2020-12-23T18:07:18+00:00\" \/>\n<meta property=\"article:modified_time\" content=\"2020-12-26T18:11:26+00:00\" \/>\n<meta name=\"author\" content=\"tyreso\" \/>\n<meta name=\"twitter:card\" content=\"summary_large_image\" \/>\n<meta name=\"twitter:label1\" content=\"Skriven av\" \/>\n\t<meta name=\"twitter:data1\" content=\"tyreso\" \/>\n<script type=\"application\/ld+json\" class=\"yoast-schema-graph\">{\"@context\":\"https:\\\/\\\/schema.org\",\"@graph\":[{\"@type\":\"Article\",\"@id\":\"https:\\\/\\\/wp.kristdemokraterna.se\\\/tyreso\\\/god-jul-och-gott-nytt-ar-6\\\/#article\",\"isPartOf\":{\"@id\":\"https:\\\/\\\/wp.kristdemokraterna.se\\\/tyreso\\\/god-jul-och-gott-nytt-ar-6\\\/\"},\"author\":{\"name\":\"tyreso\",\"@id\":\"https:\\\/\\\/wp.kristdemokraterna.se\\\/tyreso\\\/#\\\/schema\\\/person\\\/3e7d76fa0f5c4996308a0a636056d6c5\"},\"headline\":\"God Jul och Gott Nytt \u00c5r\",\"datePublished\":\"2020-12-23T18:07:18+00:00\",\"dateModified\":\"2020-12-26T18:11:26+00:00\",\"mainEntityOfPage\":{\"@id\":\"https:\\\/\\\/wp.kristdemokraterna.se\\\/tyreso\\\/god-jul-och-gott-nytt-ar-6\\\/\"},\"wordCount\":76,\"articleSection\":[\"Artiklar\",\"Inl\u00e4gg\"],\"inLanguage\":\"sv-SE\"},{\"@type\":\"WebPage\",\"@id\":\"https:\\\/\\\/wp.kristdemokraterna.se\\\/tyreso\\\/god-jul-och-gott-nytt-ar-6\\\/\",\"url\":\"https:\\\/\\\/wp.kristdemokraterna.se\\\/tyreso\\\/god-jul-och-gott-nytt-ar-6\\\/\",\"name\":\"God Jul och Gott Nytt \u00c5r - Kristdemokraterna Tyres\u00f6\",\"isPartOf\":{\"@id\":\"https:\\\/\\\/wp.kristdemokraterna.se\\\/tyreso\\\/#website\"},\"datePublished\":\"2020-12-23T18:07:18+00:00\",\"dateModified\":\"2020-12-26T18:11:26+00:00\",\"author\":{\"@id\":\"https:\\\/\\\/wp.kristdemokraterna.se\\\/tyreso\\\/#\\\/schema\\\/person\\\/3e7d76fa0f5c4996308a0a636056d6c5\"},\"breadcrumb\":{\"@id\":\"https:\\\/\\\/wp.kristdemokraterna.se\\\/tyreso\\\/god-jul-och-gott-nytt-ar-6\\\/#breadcrumb\"},\"inLanguage\":\"sv-SE\",\"potentialAction\":[{\"@type\":\"ReadAction\",\"target\":[\"https:\\\/\\\/wp.kristdemokraterna.se\\\/tyreso\\\/god-jul-och-gott-nytt-ar-6\\\/\"]}]},{\"@type\":\"BreadcrumbList\",\"@id\":\"https:\\\/\\\/wp.kristdemokraterna.se\\\/tyreso\\\/god-jul-och-gott-nytt-ar-6\\\/#breadcrumb\",\"itemListElement\":[{\"@type\":\"ListItem\",\"position\":1,\"name\":\"Hem\",\"item\":\"https:\\\/\\\/wp.kristdemokraterna.se\\\/tyreso\\\/\"},{\"@type\":\"ListItem\",\"position\":2,\"name\":\"God Jul och Gott Nytt \u00c5r\"}]},{\"@type\":\"WebSite\",\"@id\":\"https:\\\/\\\/wp.kristdemokraterna.se\\\/tyreso\\\/#website\",\"url\":\"https:\\\/\\\/wp.kristdemokraterna.se\\\/tyreso\\\/\",\"name\":\"Kristdemokraterna Tyres\u00f6\",\"description\":\"\",\"inLanguage\":\"sv-SE\"},{\"@type\":\"Person\",\"@id\":\"https:\\\/\\\/wp.kristdemokraterna.se\\\/tyreso\\\/#\\\/schema\\\/person\\\/3e7d76fa0f5c4996308a0a636056d6c5\",\"name\":\"tyreso\",\"image\":{\"@type\":\"ImageObject\",\"inLanguage\":\"sv-SE\",\"@id\":\"https:\\\/\\\/secure.gravatar.com\\\/avatar\\\/f60f761639a269aae348dce7665f49bfe9f0b021d1bada09d95aaa9c66ef6215?s=96&d=mm&r=g\",\"url\":\"https:\\\/\\\/secure.gravatar.com\\\/avatar\\\/f60f761639a269aae348dce7665f49bfe9f0b021d1bada09d95aaa9c66ef6215?s=96&d=mm&r=g\",\"contentUrl\":\"https:\\\/\\\/secure.gravatar.com\\\/avatar\\\/f60f761639a269aae348dce7665f49bfe9f0b021d1bada09d95aaa9c66ef6215?s=96&d=mm&r=g\",\"caption\":\"tyreso\"},\"url\":\"https:\\\/\\\/wp.kristdemokraterna.se\\\/tyreso\\\/author\\\/tyreso\\\/\"}]}<\/script>\n<!-- \/ Yoast SEO plugin. -->","yoast_head_json":{"title":"God Jul och Gott Nytt \u00c5r - Kristdemokraterna Tyres\u00f6","robots":{"index":"index","follow":"follow","max-snippet":"max-snippet:-1","max-image-preview":"max-image-preview:large","max-video-preview":"max-video-preview:-1"},"canonical":"https:\/\/wp.kristdemokraterna.se\/tyreso\/god-jul-och-gott-nytt-ar-6\/","og_locale":"sv_SE","og_type":"article","og_title":"God Jul och Gott Nytt \u00c5r - Kristdemokraterna Tyres\u00f6","og_description":"Nu, i juletid, t\u00e4nker vi extra p\u00e5 de som p\u00e5 grund av pandemin har det sv\u00e5rt. Vi t\u00e4nker ocks\u00e5 p\u00e5 alla v\u00e5rdpersonal som k\u00e4mpar f\u00f6r att hj\u00e4lpa de sjuka. Och vi uppmanar alla att vara f\u00f6rsiktiga s\u00e5 att smittan inte f\u00f6rs vidare. Trotts en m\u00f6rk och jobbig tid vill vi \u00f6nska alla en God Jul Read More","og_url":"https:\/\/wp.kristdemokraterna.se\/tyreso\/god-jul-och-gott-nytt-ar-6\/","og_site_name":"Kristdemokraterna Tyres\u00f6","article_published_time":"2020-12-23T18:07:18+00:00","article_modified_time":"2020-12-26T18:11:26+00:00","author":"tyreso","twitter_card":"summary_large_image","twitter_misc":{"Skriven av":"tyreso"},"schema":{"@context":"https:\/\/schema.org","@graph":[{"@type":"Article","@id":"https:\/\/wp.kristdemokraterna.se\/tyreso\/god-jul-och-gott-nytt-ar-6\/#article","isPartOf":{"@id":"https:\/\/wp.kristdemokraterna.se\/tyreso\/god-jul-och-gott-nytt-ar-6\/"},"author":{"name":"tyreso","@id":"https:\/\/wp.kristdemokraterna.se\/tyreso\/#\/schema\/person\/3e7d76fa0f5c4996308a0a636056d6c5"},"headline":"God Jul och Gott Nytt \u00c5r","datePublished":"2020-12-23T18:07:18+00:00","dateModified":"2020-12-26T18:11:26+00:00","mainEntityOfPage":{"@id":"https:\/\/wp.kristdemokraterna.se\/tyreso\/god-jul-och-gott-nytt-ar-6\/"},"wordCount":76,"articleSection":["Artiklar","Inl\u00e4gg"],"inLanguage":"sv-SE"},{"@type":"WebPage","@id":"https:\/\/wp.kristdemokraterna.se\/tyreso\/god-jul-och-gott-nytt-ar-6\/","url":"https:\/\/wp.kristdemokraterna.se\/tyreso\/god-jul-och-gott-nytt-ar-6\/","name":"God Jul och Gott Nytt \u00c5r - Kristdemokraterna Tyres\u00f6","isPartOf":{"@id":"https:\/\/wp.kristdemokraterna.se\/tyreso\/#website"},"datePublished":"2020-12-23T18:07:18+00:00","dateModified":"2020-12-26T18:11:26+00:00","author":{"@id":"https:\/\/wp.kristdemokraterna.se\/tyreso\/#\/schema\/person\/3e7d76fa0f5c4996308a0a636056d6c5"},"breadcrumb":{"@id":"https:\/\/wp.kristdemokraterna.se\/tyreso\/god-jul-och-gott-nytt-ar-6\/#breadcrumb"},"inLanguage":"sv-SE","potentialAction":[{"@type":"ReadAction","target":["https:\/\/wp.kristdemokraterna.se\/tyreso\/god-jul-och-gott-nytt-ar-6\/"]}]},{"@type":"BreadcrumbList","@id":"https:\/\/wp.kristdemokraterna.se\/tyreso\/god-jul-och-gott-nytt-ar-6\/#breadcrumb","itemListElement":[{"@type":"ListItem","position":1,"name":"Hem","item":"https:\/\/wp.kristdemokraterna.se\/tyreso\/"},{"@type":"ListItem","position":2,"name":"God Jul och Gott Nytt \u00c5r"}]},{"@type":"WebSite","@id":"https:\/\/wp.kristdemokraterna.se\/tyreso\/#website","url":"https:\/\/wp.kristdemokraterna.se\/tyreso\/","name":"Kristdemokraterna Tyres\u00f6","description":"","inLanguage":"sv-SE"},{"@type":"Person","@id":"https:\/\/wp.kristdemokraterna.se\/tyreso\/#\/schema\/person\/3e7d76fa0f5c4996308a0a636056d6c5","name":"tyreso","image":{"@type":"ImageObject","inLanguage":"sv-SE","@id":"https:\/\/secure.gravatar.com\/avatar\/f60f761639a269aae348dce7665f49bfe9f0b021d1bada09d95aaa9c66ef6215?s=96&d=mm&r=g","url":"https:\/\/secure.gravatar.com\/avatar\/f60f761639a269aae348dce7665f49bfe9f0b021d1bada09d95aaa9c66ef6215?s=96&d=mm&r=g","contentUrl":"https:\/\/secure.gravatar.com\/avatar\/f60f761639a269aae348dce7665f49bfe9f0b021d1bada09d95aaa9c66ef6215?s=96&d=mm&r=g","caption":"tyreso"},"url":"https:\/\/wp.kristdemokraterna.se\/tyreso\/author\/tyreso\/"}]}},"_links":{"self":[{"href":"https:\/\/wp.kristdemokraterna.se\/tyreso\/wp-json\/wp\/v2\/posts\/1227","targetHints":{"allow":["GET"]}}],"collection":[{"href":"https:\/\/wp.kristdemokraterna.se\/tyreso\/wp-json\/wp\/v2\/posts"}],"about":[{"href":"https:\/\/wp.kristdemokraterna.se\/tyreso\/wp-json\/wp\/v2\/types\/post"}],"author":[{"embeddable":true,"href":"https:\/\/wp.kristdemokraterna.se\/tyreso\/wp-json\/wp\/v2\/users\/644"}],"replies":[{"embeddable":true,"href":"https:\/\/wp.kristdemokraterna.se\/tyreso\/wp-json\/wp\/v2\/comments?post=1227"}],"version-history":[{"count":1,"href":"https:\/\/wp.kristdemokraterna.se\/tyreso\/wp-json\/wp\/v2\/posts\/1227\/revisions"}],"predecessor-version":[{"id":1229,"href":"https:\/\/wp.kristdemokraterna.se\/tyreso\/wp-json\/wp\/v2\/posts\/1227\/revisions\/1229"}],"wp:attachment":[{"href":"https:\/\/wp.kristdemokraterna.se\/tyreso\/wp-json\/wp\/v2\/media?parent=1227"}],"wp:term":[{"taxonomy":"category","embeddable":true,"href":"https:\/\/wp.kristdemokraterna.se\/tyreso\/wp-json\/wp\/v2\/categories?post=1227"},{"taxonomy":"post_tag","embeddable":true,"href":"https:\/\/wp.kristdemokraterna.se\/tyreso\/wp-json\/wp\/v2\/tags?post=1227"}],"curies":[{"name":"wp","href":"https:\/\/api.w.org\/{rel}","templated":true}]}}