{"id":1262,"date":"2021-03-04T07:33:02","date_gmt":"2021-03-04T06:33:02","guid":{"rendered":"http:\/\/wp.kristdemokraterna.se\/tyreso\/?p=1262"},"modified":"2021-03-04T07:33:02","modified_gmt":"2021-03-04T06:33:02","slug":"ostlig-forbindelse-viktig-for-tyreso","status":"publish","type":"post","link":"https:\/\/wp.kristdemokraterna.se\/tyreso\/ostlig-forbindelse-viktig-for-tyreso\/","title":{"rendered":"\u00d6stlig f\u00f6rbindelse viktig f\u00f6r Tyres\u00f6!"},"content":{"rendered":"<p>Socialdemokraterna, V\u00e4nsterpartiet, Milj\u00f6partiet och Liberalerna sa nej till Kristdemokraternas f\u00f6rslag att kommunen ska f\u00f6rorda att \u00d6stlig f\u00f6rbindelse byggs.<\/p>\n<p>Kristdemokraterna f\u00f6reslog att Tyres\u00f6 kommunen i sitt yttrande \u00f6ver Trafikverkets inriktningsplanering skulle f\u00f6rorda att \u00d6stlig f\u00f6rbindelse byggs och fick st\u00f6d av Moderaterna och Sverigedemokraterna.<\/p>\n<p>\u00d6stlig f\u00f6rbindelse skulle inneb\u00e4ra en komplett ringled runt centrala Stockholm genom att den binder ihop s\u00f6dra l\u00e4nken och norra l\u00e4nken i en \u00f6stlig tunnel. D\u00e4rmed skulle mycket b\u00e4ttre f\u00f6rbindelse skapas f\u00f6r kommuner i syd\u00f6stra Stockholm till Arlanda och de m\u00e5nga arbetsplatserna i norra Stockholm. Mindre risk f\u00f6r st\u00f6rningar och k\u00f6er p\u00e5 73:an, Essingeleden och s\u00f6dra l\u00e4nken d\u00e5 flera alternativa v\u00e4gar finns. Utan en komplett ringled kommer trafiksituationen att bli olidlig f\u00f6r m\u00e5nga Tyres\u00f6bor n\u00e4r antalet inv\u00e5nare och bilar forts\u00e4tter v\u00e4xa i Storstockholm.<\/p>\n<p>Kristdemokraterna kommer att verka f\u00f6r att \u00d6stlig f\u00f6rbindelse byggs, b\u00e5de p\u00e5 kommunal, regional och nationell niv\u00e5.<\/p>\n","protected":false},"excerpt":{"rendered":"<p>Socialdemokraterna, V\u00e4nsterpartiet, Milj\u00f6partiet och Liberalerna sa nej till Kristdemokraternas f\u00f6rslag att kommunen ska f\u00f6rorda att \u00d6stlig f\u00f6rbindelse byggs. Kristdemokraterna f\u00f6reslog att Tyres\u00f6 kommunen i sitt yttrande \u00f6ver Trafikverkets inriktningsplanering skulle f\u00f6rorda att \u00d6stlig f\u00f6rbindelse byggs och fick st\u00f6d av Moderaterna och Sverigedemokraterna. \u00d6stlig f\u00f6rbindelse skulle inneb\u00e4ra en komplett ringled runt centrala Stockholm genom att den <a class=\"read-more-link\" href=\"https:\/\/wp.kristdemokraterna.se\/tyreso\/ostlig-forbindelse-viktig-for-tyreso\/\">Read More<\/a><\/p>\n","protected":false},"author":644,"featured_media":0,"comment_status":"closed","ping_status":"closed","sticky":false,"template":"","format":"standard","meta":{"_acf_changed":false,"footnotes":""},"categories":[1,15,18],"tags":[],"class_list":["post-1262","post","type-post","status-publish","format-standard","hentry","category-okategoriserade","category-inlagg","category-trafik"],"acf":[],"yoast_head":"<!-- This site is optimized with the Yoast SEO plugin v27.4 - https:\/\/yoast.com\/product\/yoast-seo-wordpress\/ -->\n<title>\u00d6stlig f\u00f6rbindelse viktig f\u00f6r Tyres\u00f6! - Kristdemokraterna Tyres\u00f6<\/title>\n<meta name=\"robots\" content=\"index, follow, max-snippet:-1, max-image-preview:large, max-video-preview:-1\" \/>\n<link rel=\"canonical\" href=\"https:\/\/wp.kristdemokraterna.se\/tyreso\/ostlig-forbindelse-viktig-for-tyreso\/\" \/>\n<meta property=\"og:locale\" content=\"sv_SE\" \/>\n<meta property=\"og:type\" content=\"article\" \/>\n<meta property=\"og:title\" content=\"\u00d6stlig f\u00f6rbindelse viktig f\u00f6r Tyres\u00f6! - Kristdemokraterna Tyres\u00f6\" \/>\n<meta property=\"og:description\" content=\"Socialdemokraterna, V\u00e4nsterpartiet, Milj\u00f6partiet och Liberalerna sa nej till Kristdemokraternas f\u00f6rslag att kommunen ska f\u00f6rorda att \u00d6stlig f\u00f6rbindelse byggs. Kristdemokraterna f\u00f6reslog att Tyres\u00f6 kommunen i sitt yttrande \u00f6ver Trafikverkets inriktningsplanering skulle f\u00f6rorda att \u00d6stlig f\u00f6rbindelse byggs och fick st\u00f6d av Moderaterna och Sverigedemokraterna. \u00d6stlig f\u00f6rbindelse skulle inneb\u00e4ra en komplett ringled runt centrala Stockholm genom att den Read More\" \/>\n<meta property=\"og:url\" content=\"https:\/\/wp.kristdemokraterna.se\/tyreso\/ostlig-forbindelse-viktig-for-tyreso\/\" \/>\n<meta property=\"og:site_name\" content=\"Kristdemokraterna Tyres\u00f6\" \/>\n<meta property=\"article:published_time\" content=\"2021-03-04T06:33:02+00:00\" \/>\n<meta name=\"author\" content=\"tyreso\" \/>\n<meta name=\"twitter:card\" content=\"summary_large_image\" \/>\n<meta name=\"twitter:label1\" content=\"Skriven av\" \/>\n\t<meta name=\"twitter:data1\" content=\"tyreso\" \/>\n\t<meta name=\"twitter:label2\" content=\"Ber\u00e4knad l\u00e4stid\" \/>\n\t<meta name=\"twitter:data2\" content=\"1 minut\" \/>\n<script type=\"application\/ld+json\" class=\"yoast-schema-graph\">{\"@context\":\"https:\\\/\\\/schema.org\",\"@graph\":[{\"@type\":\"Article\",\"@id\":\"https:\\\/\\\/wp.kristdemokraterna.se\\\/tyreso\\\/ostlig-forbindelse-viktig-for-tyreso\\\/#article\",\"isPartOf\":{\"@id\":\"https:\\\/\\\/wp.kristdemokraterna.se\\\/tyreso\\\/ostlig-forbindelse-viktig-for-tyreso\\\/\"},\"author\":{\"name\":\"tyreso\",\"@id\":\"https:\\\/\\\/wp.kristdemokraterna.se\\\/tyreso\\\/#\\\/schema\\\/person\\\/3e7d76fa0f5c4996308a0a636056d6c5\"},\"headline\":\"\u00d6stlig f\u00f6rbindelse viktig f\u00f6r Tyres\u00f6!\",\"datePublished\":\"2021-03-04T06:33:02+00:00\",\"mainEntityOfPage\":{\"@id\":\"https:\\\/\\\/wp.kristdemokraterna.se\\\/tyreso\\\/ostlig-forbindelse-viktig-for-tyreso\\\/\"},\"wordCount\":183,\"articleSection\":[\"Artiklar\",\"Inl\u00e4gg\",\"Trafik\"],\"inLanguage\":\"sv-SE\"},{\"@type\":\"WebPage\",\"@id\":\"https:\\\/\\\/wp.kristdemokraterna.se\\\/tyreso\\\/ostlig-forbindelse-viktig-for-tyreso\\\/\",\"url\":\"https:\\\/\\\/wp.kristdemokraterna.se\\\/tyreso\\\/ostlig-forbindelse-viktig-for-tyreso\\\/\",\"name\":\"\u00d6stlig f\u00f6rbindelse viktig f\u00f6r Tyres\u00f6! - Kristdemokraterna Tyres\u00f6\",\"isPartOf\":{\"@id\":\"https:\\\/\\\/wp.kristdemokraterna.se\\\/tyreso\\\/#website\"},\"datePublished\":\"2021-03-04T06:33:02+00:00\",\"author\":{\"@id\":\"https:\\\/\\\/wp.kristdemokraterna.se\\\/tyreso\\\/#\\\/schema\\\/person\\\/3e7d76fa0f5c4996308a0a636056d6c5\"},\"breadcrumb\":{\"@id\":\"https:\\\/\\\/wp.kristdemokraterna.se\\\/tyreso\\\/ostlig-forbindelse-viktig-for-tyreso\\\/#breadcrumb\"},\"inLanguage\":\"sv-SE\",\"potentialAction\":[{\"@type\":\"ReadAction\",\"target\":[\"https:\\\/\\\/wp.kristdemokraterna.se\\\/tyreso\\\/ostlig-forbindelse-viktig-for-tyreso\\\/\"]}]},{\"@type\":\"BreadcrumbList\",\"@id\":\"https:\\\/\\\/wp.kristdemokraterna.se\\\/tyreso\\\/ostlig-forbindelse-viktig-for-tyreso\\\/#breadcrumb\",\"itemListElement\":[{\"@type\":\"ListItem\",\"position\":1,\"name\":\"Hem\",\"item\":\"https:\\\/\\\/wp.kristdemokraterna.se\\\/tyreso\\\/\"},{\"@type\":\"ListItem\",\"position\":2,\"name\":\"\u00d6stlig f\u00f6rbindelse viktig f\u00f6r Tyres\u00f6!\"}]},{\"@type\":\"WebSite\",\"@id\":\"https:\\\/\\\/wp.kristdemokraterna.se\\\/tyreso\\\/#website\",\"url\":\"https:\\\/\\\/wp.kristdemokraterna.se\\\/tyreso\\\/\",\"name\":\"Kristdemokraterna Tyres\u00f6\",\"description\":\"\",\"inLanguage\":\"sv-SE\"},{\"@type\":\"Person\",\"@id\":\"https:\\\/\\\/wp.kristdemokraterna.se\\\/tyreso\\\/#\\\/schema\\\/person\\\/3e7d76fa0f5c4996308a0a636056d6c5\",\"name\":\"tyreso\",\"image\":{\"@type\":\"ImageObject\",\"inLanguage\":\"sv-SE\",\"@id\":\"https:\\\/\\\/secure.gravatar.com\\\/avatar\\\/f60f761639a269aae348dce7665f49bfe9f0b021d1bada09d95aaa9c66ef6215?s=96&d=mm&r=g\",\"url\":\"https:\\\/\\\/secure.gravatar.com\\\/avatar\\\/f60f761639a269aae348dce7665f49bfe9f0b021d1bada09d95aaa9c66ef6215?s=96&d=mm&r=g\",\"contentUrl\":\"https:\\\/\\\/secure.gravatar.com\\\/avatar\\\/f60f761639a269aae348dce7665f49bfe9f0b021d1bada09d95aaa9c66ef6215?s=96&d=mm&r=g\",\"caption\":\"tyreso\"},\"url\":\"https:\\\/\\\/wp.kristdemokraterna.se\\\/tyreso\\\/author\\\/tyreso\\\/\"}]}<\/script>\n<!-- \/ Yoast SEO plugin. -->","yoast_head_json":{"title":"\u00d6stlig f\u00f6rbindelse viktig f\u00f6r Tyres\u00f6! - Kristdemokraterna Tyres\u00f6","robots":{"index":"index","follow":"follow","max-snippet":"max-snippet:-1","max-image-preview":"max-image-preview:large","max-video-preview":"max-video-preview:-1"},"canonical":"https:\/\/wp.kristdemokraterna.se\/tyreso\/ostlig-forbindelse-viktig-for-tyreso\/","og_locale":"sv_SE","og_type":"article","og_title":"\u00d6stlig f\u00f6rbindelse viktig f\u00f6r Tyres\u00f6! - Kristdemokraterna Tyres\u00f6","og_description":"Socialdemokraterna, V\u00e4nsterpartiet, Milj\u00f6partiet och Liberalerna sa nej till Kristdemokraternas f\u00f6rslag att kommunen ska f\u00f6rorda att \u00d6stlig f\u00f6rbindelse byggs. Kristdemokraterna f\u00f6reslog att Tyres\u00f6 kommunen i sitt yttrande \u00f6ver Trafikverkets inriktningsplanering skulle f\u00f6rorda att \u00d6stlig f\u00f6rbindelse byggs och fick st\u00f6d av Moderaterna och Sverigedemokraterna. \u00d6stlig f\u00f6rbindelse skulle inneb\u00e4ra en komplett ringled runt centrala Stockholm genom att den Read More","og_url":"https:\/\/wp.kristdemokraterna.se\/tyreso\/ostlig-forbindelse-viktig-for-tyreso\/","og_site_name":"Kristdemokraterna Tyres\u00f6","article_published_time":"2021-03-04T06:33:02+00:00","author":"tyreso","twitter_card":"summary_large_image","twitter_misc":{"Skriven av":"tyreso","Ber\u00e4knad l\u00e4stid":"1 minut"},"schema":{"@context":"https:\/\/schema.org","@graph":[{"@type":"Article","@id":"https:\/\/wp.kristdemokraterna.se\/tyreso\/ostlig-forbindelse-viktig-for-tyreso\/#article","isPartOf":{"@id":"https:\/\/wp.kristdemokraterna.se\/tyreso\/ostlig-forbindelse-viktig-for-tyreso\/"},"author":{"name":"tyreso","@id":"https:\/\/wp.kristdemokraterna.se\/tyreso\/#\/schema\/person\/3e7d76fa0f5c4996308a0a636056d6c5"},"headline":"\u00d6stlig f\u00f6rbindelse viktig f\u00f6r Tyres\u00f6!","datePublished":"2021-03-04T06:33:02+00:00","mainEntityOfPage":{"@id":"https:\/\/wp.kristdemokraterna.se\/tyreso\/ostlig-forbindelse-viktig-for-tyreso\/"},"wordCount":183,"articleSection":["Artiklar","Inl\u00e4gg","Trafik"],"inLanguage":"sv-SE"},{"@type":"WebPage","@id":"https:\/\/wp.kristdemokraterna.se\/tyreso\/ostlig-forbindelse-viktig-for-tyreso\/","url":"https:\/\/wp.kristdemokraterna.se\/tyreso\/ostlig-forbindelse-viktig-for-tyreso\/","name":"\u00d6stlig f\u00f6rbindelse viktig f\u00f6r Tyres\u00f6! - Kristdemokraterna Tyres\u00f6","isPartOf":{"@id":"https:\/\/wp.kristdemokraterna.se\/tyreso\/#website"},"datePublished":"2021-03-04T06:33:02+00:00","author":{"@id":"https:\/\/wp.kristdemokraterna.se\/tyreso\/#\/schema\/person\/3e7d76fa0f5c4996308a0a636056d6c5"},"breadcrumb":{"@id":"https:\/\/wp.kristdemokraterna.se\/tyreso\/ostlig-forbindelse-viktig-for-tyreso\/#breadcrumb"},"inLanguage":"sv-SE","potentialAction":[{"@type":"ReadAction","target":["https:\/\/wp.kristdemokraterna.se\/tyreso\/ostlig-forbindelse-viktig-for-tyreso\/"]}]},{"@type":"BreadcrumbList","@id":"https:\/\/wp.kristdemokraterna.se\/tyreso\/ostlig-forbindelse-viktig-for-tyreso\/#breadcrumb","itemListElement":[{"@type":"ListItem","position":1,"name":"Hem","item":"https:\/\/wp.kristdemokraterna.se\/tyreso\/"},{"@type":"ListItem","position":2,"name":"\u00d6stlig f\u00f6rbindelse viktig f\u00f6r Tyres\u00f6!"}]},{"@type":"WebSite","@id":"https:\/\/wp.kristdemokraterna.se\/tyreso\/#website","url":"https:\/\/wp.kristdemokraterna.se\/tyreso\/","name":"Kristdemokraterna Tyres\u00f6","description":"","inLanguage":"sv-SE"},{"@type":"Person","@id":"https:\/\/wp.kristdemokraterna.se\/tyreso\/#\/schema\/person\/3e7d76fa0f5c4996308a0a636056d6c5","name":"tyreso","image":{"@type":"ImageObject","inLanguage":"sv-SE","@id":"https:\/\/secure.gravatar.com\/avatar\/f60f761639a269aae348dce7665f49bfe9f0b021d1bada09d95aaa9c66ef6215?s=96&d=mm&r=g","url":"https:\/\/secure.gravatar.com\/avatar\/f60f761639a269aae348dce7665f49bfe9f0b021d1bada09d95aaa9c66ef6215?s=96&d=mm&r=g","contentUrl":"https:\/\/secure.gravatar.com\/avatar\/f60f761639a269aae348dce7665f49bfe9f0b021d1bada09d95aaa9c66ef6215?s=96&d=mm&r=g","caption":"tyreso"},"url":"https:\/\/wp.kristdemokraterna.se\/tyreso\/author\/tyreso\/"}]}},"_links":{"self":[{"href":"https:\/\/wp.kristdemokraterna.se\/tyreso\/wp-json\/wp\/v2\/posts\/1262","targetHints":{"allow":["GET"]}}],"collection":[{"href":"https:\/\/wp.kristdemokraterna.se\/tyreso\/wp-json\/wp\/v2\/posts"}],"about":[{"href":"https:\/\/wp.kristdemokraterna.se\/tyreso\/wp-json\/wp\/v2\/types\/post"}],"author":[{"embeddable":true,"href":"https:\/\/wp.kristdemokraterna.se\/tyreso\/wp-json\/wp\/v2\/users\/644"}],"replies":[{"embeddable":true,"href":"https:\/\/wp.kristdemokraterna.se\/tyreso\/wp-json\/wp\/v2\/comments?post=1262"}],"version-history":[{"count":1,"href":"https:\/\/wp.kristdemokraterna.se\/tyreso\/wp-json\/wp\/v2\/posts\/1262\/revisions"}],"predecessor-version":[{"id":1264,"href":"https:\/\/wp.kristdemokraterna.se\/tyreso\/wp-json\/wp\/v2\/posts\/1262\/revisions\/1264"}],"wp:attachment":[{"href":"https:\/\/wp.kristdemokraterna.se\/tyreso\/wp-json\/wp\/v2\/media?parent=1262"}],"wp:term":[{"taxonomy":"category","embeddable":true,"href":"https:\/\/wp.kristdemokraterna.se\/tyreso\/wp-json\/wp\/v2\/categories?post=1262"},{"taxonomy":"post_tag","embeddable":true,"href":"https:\/\/wp.kristdemokraterna.se\/tyreso\/wp-json\/wp\/v2\/tags?post=1262"}],"curies":[{"name":"wp","href":"https:\/\/api.w.org\/{rel}","templated":true}]}}