{"id":1269,"date":"2021-03-19T12:39:30","date_gmt":"2021-03-19T11:39:30","guid":{"rendered":"https:\/\/wp.kristdemokraterna.se\/tyreso\/?p=1269"},"modified":"2021-03-19T12:44:51","modified_gmt":"2021-03-19T11:44:51","slug":"trafikverket-sagar-tyreso-kommun","status":"publish","type":"post","link":"https:\/\/wp.kristdemokraterna.se\/tyreso\/trafikverket-sagar-tyreso-kommun\/","title":{"rendered":"Trafikverket s\u00e5gar Tyres\u00f6 kommuns &#8230;"},"content":{"rendered":"<p><span style=\"font-size: 10.0pt;font-family: 'Verdana',sans-serif;color: #2c3742\">Trafikverket s\u00e5gar Tyres\u00f6 kommuns f\u00f6rs\u00f6k att begr\u00e4nsa framkomligheten p\u00e5 Gud\u00f6broleden genom en omotiverad hastighetsbegr\u00e4nsning!<\/span><\/p>\n<p><span style=\"font-size: 10.0pt;font-family: 'Verdana',sans-serif;color: #2c3742\">V\u00e4nsterblocket som styr Tyres\u00f6 kommun har beslutat att s\u00e4nka hastigheten p\u00e5 Gud\u00f6broleden till 50 km\/h. Trafikverket \u00f6verk<\/span><span style=\"color: #2c3742;font-family: Verdana, sans-serif;font-size: 10pt\">lagar nu det beslutet och framh\u00e5ller att n\u00e4stan alla Tyres\u00f6 kommuns argument \u00e4r felaktiga. Den intresserade kan l\u00e4sa sj\u00e4lv vad Trafikverket s\u00e4ger. V\u00e4nsterblocket vill nu \u00e4ven g\u00f6ra en d\u00e5lig l\u00f6sning som ska f\u00f6rsv\u00e5ra f\u00f6r bilister fr\u00e5n \u00d6stra Tyres\u00f6. Se upp, v\u00e4ljare! KD vill att det ska bli b\u00e4ttre f\u00f6r alla trafikanter &#8211; kollektivtrafik, bilister, cyklister och g\u00e5ende.<\/span><\/p>\n<p style=\"background: white\"><span style=\"font-size: 10.0pt;font-family: 'Verdana',sans-serif;color: #2c3742\">L\u00e4s hela \u00f6verklagandet h\u00e4r<\/span><\/p>\n<p><span style=\"font-size: 10.0pt;font-family: 'Verdana',sans-serif;color: #2c3742\"><a href=\"http:\/\/wp.kristdemokraterna.se\/tyreso\/files\/2021\/03\/trv-2021.9473-overklagan-av-ltf-0138-2021.3.pdf\">TRV 2021.9473 &#8211; \u00d6verklagan av LTF 0138 2021.3<\/a> <\/span><\/p>\n","protected":false},"excerpt":{"rendered":"<p>Trafikverket s\u00e5gar Tyres\u00f6 kommuns f\u00f6rs\u00f6k att begr\u00e4nsa framkomligheten p\u00e5 Gud\u00f6broleden genom en omotiverad hastighetsbegr\u00e4nsning! V\u00e4nsterblocket som styr Tyres\u00f6 kommun har beslutat att s\u00e4nka hastigheten p\u00e5 Gud\u00f6broleden till 50 km\/h. Trafikverket \u00f6verklagar nu det beslutet och framh\u00e5ller att n\u00e4stan alla Tyres\u00f6 kommuns argument \u00e4r felaktiga. Den intresserade kan l\u00e4sa sj\u00e4lv vad Trafikverket s\u00e4ger. V\u00e4nsterblocket vill nu <a class=\"read-more-link\" href=\"https:\/\/wp.kristdemokraterna.se\/tyreso\/trafikverket-sagar-tyreso-kommun\/\">Read More<\/a><\/p>\n","protected":false},"author":644,"featured_media":0,"comment_status":"closed","ping_status":"closed","sticky":false,"template":"","format":"standard","meta":{"_acf_changed":false,"footnotes":""},"categories":[1,15,18],"tags":[],"class_list":["post-1269","post","type-post","status-publish","format-standard","hentry","category-okategoriserade","category-inlagg","category-trafik"],"acf":[],"yoast_head":"<!-- This site is optimized with the Yoast SEO plugin v27.4 - https:\/\/yoast.com\/product\/yoast-seo-wordpress\/ -->\n<title>Trafikverket s\u00e5gar Tyres\u00f6 kommuns ... - Kristdemokraterna Tyres\u00f6<\/title>\n<meta name=\"robots\" content=\"index, follow, max-snippet:-1, max-image-preview:large, max-video-preview:-1\" \/>\n<link rel=\"canonical\" href=\"https:\/\/wp.kristdemokraterna.se\/tyreso\/trafikverket-sagar-tyreso-kommun\/\" \/>\n<meta property=\"og:locale\" content=\"sv_SE\" \/>\n<meta property=\"og:type\" content=\"article\" \/>\n<meta property=\"og:title\" content=\"Trafikverket s\u00e5gar Tyres\u00f6 kommuns ... - Kristdemokraterna Tyres\u00f6\" \/>\n<meta property=\"og:description\" content=\"Trafikverket s\u00e5gar Tyres\u00f6 kommuns f\u00f6rs\u00f6k att begr\u00e4nsa framkomligheten p\u00e5 Gud\u00f6broleden genom en omotiverad hastighetsbegr\u00e4nsning! V\u00e4nsterblocket som styr Tyres\u00f6 kommun har beslutat att s\u00e4nka hastigheten p\u00e5 Gud\u00f6broleden till 50 km\/h. Trafikverket \u00f6verklagar nu det beslutet och framh\u00e5ller att n\u00e4stan alla Tyres\u00f6 kommuns argument \u00e4r felaktiga. Den intresserade kan l\u00e4sa sj\u00e4lv vad Trafikverket s\u00e4ger. V\u00e4nsterblocket vill nu Read More\" \/>\n<meta property=\"og:url\" content=\"https:\/\/wp.kristdemokraterna.se\/tyreso\/trafikverket-sagar-tyreso-kommun\/\" \/>\n<meta property=\"og:site_name\" content=\"Kristdemokraterna Tyres\u00f6\" \/>\n<meta property=\"article:published_time\" content=\"2021-03-19T11:39:30+00:00\" \/>\n<meta property=\"article:modified_time\" content=\"2021-03-19T11:44:51+00:00\" \/>\n<meta name=\"author\" content=\"tyreso\" \/>\n<meta name=\"twitter:card\" content=\"summary_large_image\" \/>\n<meta name=\"twitter:label1\" content=\"Skriven av\" \/>\n\t<meta name=\"twitter:data1\" content=\"tyreso\" \/>\n\t<meta name=\"twitter:label2\" content=\"Ber\u00e4knad l\u00e4stid\" \/>\n\t<meta name=\"twitter:data2\" content=\"1 minut\" \/>\n<script type=\"application\/ld+json\" class=\"yoast-schema-graph\">{\"@context\":\"https:\\\/\\\/schema.org\",\"@graph\":[{\"@type\":\"Article\",\"@id\":\"https:\\\/\\\/wp.kristdemokraterna.se\\\/tyreso\\\/trafikverket-sagar-tyreso-kommun\\\/#article\",\"isPartOf\":{\"@id\":\"https:\\\/\\\/wp.kristdemokraterna.se\\\/tyreso\\\/trafikverket-sagar-tyreso-kommun\\\/\"},\"author\":{\"name\":\"tyreso\",\"@id\":\"https:\\\/\\\/wp.kristdemokraterna.se\\\/tyreso\\\/#\\\/schema\\\/person\\\/3e7d76fa0f5c4996308a0a636056d6c5\"},\"headline\":\"Trafikverket s\u00e5gar Tyres\u00f6 kommuns &#8230;\",\"datePublished\":\"2021-03-19T11:39:30+00:00\",\"dateModified\":\"2021-03-19T11:44:51+00:00\",\"mainEntityOfPage\":{\"@id\":\"https:\\\/\\\/wp.kristdemokraterna.se\\\/tyreso\\\/trafikverket-sagar-tyreso-kommun\\\/\"},\"wordCount\":130,\"articleSection\":[\"Artiklar\",\"Inl\u00e4gg\",\"Trafik\"],\"inLanguage\":\"sv-SE\"},{\"@type\":\"WebPage\",\"@id\":\"https:\\\/\\\/wp.kristdemokraterna.se\\\/tyreso\\\/trafikverket-sagar-tyreso-kommun\\\/\",\"url\":\"https:\\\/\\\/wp.kristdemokraterna.se\\\/tyreso\\\/trafikverket-sagar-tyreso-kommun\\\/\",\"name\":\"Trafikverket s\u00e5gar Tyres\u00f6 kommuns ... - Kristdemokraterna Tyres\u00f6\",\"isPartOf\":{\"@id\":\"https:\\\/\\\/wp.kristdemokraterna.se\\\/tyreso\\\/#website\"},\"datePublished\":\"2021-03-19T11:39:30+00:00\",\"dateModified\":\"2021-03-19T11:44:51+00:00\",\"author\":{\"@id\":\"https:\\\/\\\/wp.kristdemokraterna.se\\\/tyreso\\\/#\\\/schema\\\/person\\\/3e7d76fa0f5c4996308a0a636056d6c5\"},\"breadcrumb\":{\"@id\":\"https:\\\/\\\/wp.kristdemokraterna.se\\\/tyreso\\\/trafikverket-sagar-tyreso-kommun\\\/#breadcrumb\"},\"inLanguage\":\"sv-SE\",\"potentialAction\":[{\"@type\":\"ReadAction\",\"target\":[\"https:\\\/\\\/wp.kristdemokraterna.se\\\/tyreso\\\/trafikverket-sagar-tyreso-kommun\\\/\"]}]},{\"@type\":\"BreadcrumbList\",\"@id\":\"https:\\\/\\\/wp.kristdemokraterna.se\\\/tyreso\\\/trafikverket-sagar-tyreso-kommun\\\/#breadcrumb\",\"itemListElement\":[{\"@type\":\"ListItem\",\"position\":1,\"name\":\"Hem\",\"item\":\"https:\\\/\\\/wp.kristdemokraterna.se\\\/tyreso\\\/\"},{\"@type\":\"ListItem\",\"position\":2,\"name\":\"Trafikverket s\u00e5gar Tyres\u00f6 kommuns &#8230;\"}]},{\"@type\":\"WebSite\",\"@id\":\"https:\\\/\\\/wp.kristdemokraterna.se\\\/tyreso\\\/#website\",\"url\":\"https:\\\/\\\/wp.kristdemokraterna.se\\\/tyreso\\\/\",\"name\":\"Kristdemokraterna Tyres\u00f6\",\"description\":\"\",\"inLanguage\":\"sv-SE\"},{\"@type\":\"Person\",\"@id\":\"https:\\\/\\\/wp.kristdemokraterna.se\\\/tyreso\\\/#\\\/schema\\\/person\\\/3e7d76fa0f5c4996308a0a636056d6c5\",\"name\":\"tyreso\",\"image\":{\"@type\":\"ImageObject\",\"inLanguage\":\"sv-SE\",\"@id\":\"https:\\\/\\\/secure.gravatar.com\\\/avatar\\\/f60f761639a269aae348dce7665f49bfe9f0b021d1bada09d95aaa9c66ef6215?s=96&d=mm&r=g\",\"url\":\"https:\\\/\\\/secure.gravatar.com\\\/avatar\\\/f60f761639a269aae348dce7665f49bfe9f0b021d1bada09d95aaa9c66ef6215?s=96&d=mm&r=g\",\"contentUrl\":\"https:\\\/\\\/secure.gravatar.com\\\/avatar\\\/f60f761639a269aae348dce7665f49bfe9f0b021d1bada09d95aaa9c66ef6215?s=96&d=mm&r=g\",\"caption\":\"tyreso\"},\"url\":\"https:\\\/\\\/wp.kristdemokraterna.se\\\/tyreso\\\/author\\\/tyreso\\\/\"}]}<\/script>\n<!-- \/ Yoast SEO plugin. -->","yoast_head_json":{"title":"Trafikverket s\u00e5gar Tyres\u00f6 kommuns ... - Kristdemokraterna Tyres\u00f6","robots":{"index":"index","follow":"follow","max-snippet":"max-snippet:-1","max-image-preview":"max-image-preview:large","max-video-preview":"max-video-preview:-1"},"canonical":"https:\/\/wp.kristdemokraterna.se\/tyreso\/trafikverket-sagar-tyreso-kommun\/","og_locale":"sv_SE","og_type":"article","og_title":"Trafikverket s\u00e5gar Tyres\u00f6 kommuns ... - Kristdemokraterna Tyres\u00f6","og_description":"Trafikverket s\u00e5gar Tyres\u00f6 kommuns f\u00f6rs\u00f6k att begr\u00e4nsa framkomligheten p\u00e5 Gud\u00f6broleden genom en omotiverad hastighetsbegr\u00e4nsning! V\u00e4nsterblocket som styr Tyres\u00f6 kommun har beslutat att s\u00e4nka hastigheten p\u00e5 Gud\u00f6broleden till 50 km\/h. Trafikverket \u00f6verklagar nu det beslutet och framh\u00e5ller att n\u00e4stan alla Tyres\u00f6 kommuns argument \u00e4r felaktiga. Den intresserade kan l\u00e4sa sj\u00e4lv vad Trafikverket s\u00e4ger. V\u00e4nsterblocket vill nu Read More","og_url":"https:\/\/wp.kristdemokraterna.se\/tyreso\/trafikverket-sagar-tyreso-kommun\/","og_site_name":"Kristdemokraterna Tyres\u00f6","article_published_time":"2021-03-19T11:39:30+00:00","article_modified_time":"2021-03-19T11:44:51+00:00","author":"tyreso","twitter_card":"summary_large_image","twitter_misc":{"Skriven av":"tyreso","Ber\u00e4knad l\u00e4stid":"1 minut"},"schema":{"@context":"https:\/\/schema.org","@graph":[{"@type":"Article","@id":"https:\/\/wp.kristdemokraterna.se\/tyreso\/trafikverket-sagar-tyreso-kommun\/#article","isPartOf":{"@id":"https:\/\/wp.kristdemokraterna.se\/tyreso\/trafikverket-sagar-tyreso-kommun\/"},"author":{"name":"tyreso","@id":"https:\/\/wp.kristdemokraterna.se\/tyreso\/#\/schema\/person\/3e7d76fa0f5c4996308a0a636056d6c5"},"headline":"Trafikverket s\u00e5gar Tyres\u00f6 kommuns &#8230;","datePublished":"2021-03-19T11:39:30+00:00","dateModified":"2021-03-19T11:44:51+00:00","mainEntityOfPage":{"@id":"https:\/\/wp.kristdemokraterna.se\/tyreso\/trafikverket-sagar-tyreso-kommun\/"},"wordCount":130,"articleSection":["Artiklar","Inl\u00e4gg","Trafik"],"inLanguage":"sv-SE"},{"@type":"WebPage","@id":"https:\/\/wp.kristdemokraterna.se\/tyreso\/trafikverket-sagar-tyreso-kommun\/","url":"https:\/\/wp.kristdemokraterna.se\/tyreso\/trafikverket-sagar-tyreso-kommun\/","name":"Trafikverket s\u00e5gar Tyres\u00f6 kommuns ... - Kristdemokraterna Tyres\u00f6","isPartOf":{"@id":"https:\/\/wp.kristdemokraterna.se\/tyreso\/#website"},"datePublished":"2021-03-19T11:39:30+00:00","dateModified":"2021-03-19T11:44:51+00:00","author":{"@id":"https:\/\/wp.kristdemokraterna.se\/tyreso\/#\/schema\/person\/3e7d76fa0f5c4996308a0a636056d6c5"},"breadcrumb":{"@id":"https:\/\/wp.kristdemokraterna.se\/tyreso\/trafikverket-sagar-tyreso-kommun\/#breadcrumb"},"inLanguage":"sv-SE","potentialAction":[{"@type":"ReadAction","target":["https:\/\/wp.kristdemokraterna.se\/tyreso\/trafikverket-sagar-tyreso-kommun\/"]}]},{"@type":"BreadcrumbList","@id":"https:\/\/wp.kristdemokraterna.se\/tyreso\/trafikverket-sagar-tyreso-kommun\/#breadcrumb","itemListElement":[{"@type":"ListItem","position":1,"name":"Hem","item":"https:\/\/wp.kristdemokraterna.se\/tyreso\/"},{"@type":"ListItem","position":2,"name":"Trafikverket s\u00e5gar Tyres\u00f6 kommuns &#8230;"}]},{"@type":"WebSite","@id":"https:\/\/wp.kristdemokraterna.se\/tyreso\/#website","url":"https:\/\/wp.kristdemokraterna.se\/tyreso\/","name":"Kristdemokraterna Tyres\u00f6","description":"","inLanguage":"sv-SE"},{"@type":"Person","@id":"https:\/\/wp.kristdemokraterna.se\/tyreso\/#\/schema\/person\/3e7d76fa0f5c4996308a0a636056d6c5","name":"tyreso","image":{"@type":"ImageObject","inLanguage":"sv-SE","@id":"https:\/\/secure.gravatar.com\/avatar\/f60f761639a269aae348dce7665f49bfe9f0b021d1bada09d95aaa9c66ef6215?s=96&d=mm&r=g","url":"https:\/\/secure.gravatar.com\/avatar\/f60f761639a269aae348dce7665f49bfe9f0b021d1bada09d95aaa9c66ef6215?s=96&d=mm&r=g","contentUrl":"https:\/\/secure.gravatar.com\/avatar\/f60f761639a269aae348dce7665f49bfe9f0b021d1bada09d95aaa9c66ef6215?s=96&d=mm&r=g","caption":"tyreso"},"url":"https:\/\/wp.kristdemokraterna.se\/tyreso\/author\/tyreso\/"}]}},"_links":{"self":[{"href":"https:\/\/wp.kristdemokraterna.se\/tyreso\/wp-json\/wp\/v2\/posts\/1269","targetHints":{"allow":["GET"]}}],"collection":[{"href":"https:\/\/wp.kristdemokraterna.se\/tyreso\/wp-json\/wp\/v2\/posts"}],"about":[{"href":"https:\/\/wp.kristdemokraterna.se\/tyreso\/wp-json\/wp\/v2\/types\/post"}],"author":[{"embeddable":true,"href":"https:\/\/wp.kristdemokraterna.se\/tyreso\/wp-json\/wp\/v2\/users\/644"}],"replies":[{"embeddable":true,"href":"https:\/\/wp.kristdemokraterna.se\/tyreso\/wp-json\/wp\/v2\/comments?post=1269"}],"version-history":[{"count":5,"href":"https:\/\/wp.kristdemokraterna.se\/tyreso\/wp-json\/wp\/v2\/posts\/1269\/revisions"}],"predecessor-version":[{"id":1276,"href":"https:\/\/wp.kristdemokraterna.se\/tyreso\/wp-json\/wp\/v2\/posts\/1269\/revisions\/1276"}],"wp:attachment":[{"href":"https:\/\/wp.kristdemokraterna.se\/tyreso\/wp-json\/wp\/v2\/media?parent=1269"}],"wp:term":[{"taxonomy":"category","embeddable":true,"href":"https:\/\/wp.kristdemokraterna.se\/tyreso\/wp-json\/wp\/v2\/categories?post=1269"},{"taxonomy":"post_tag","embeddable":true,"href":"https:\/\/wp.kristdemokraterna.se\/tyreso\/wp-json\/wp\/v2\/tags?post=1269"}],"curies":[{"name":"wp","href":"https:\/\/api.w.org\/{rel}","templated":true}]}}