{"id":1281,"date":"2021-04-02T07:00:04","date_gmt":"2021-04-02T05:00:04","guid":{"rendered":"https:\/\/wp.kristdemokraterna.se\/tyreso\/?p=1281"},"modified":"2021-04-02T13:13:05","modified_gmt":"2021-04-02T11:13:05","slug":"med-tillonskan-om-en-fridfull-pask","status":"publish","type":"post","link":"https:\/\/wp.kristdemokraterna.se\/tyreso\/med-tillonskan-om-en-fridfull-pask\/","title":{"rendered":"Med till\u00f6nskan om en fridfull p\u00e5sk"},"content":{"rendered":"<p>Det k\u00e4nns lite konstigt att \u00f6nska glad p\u00e5sk samtidigt som vi b\u00e5de lokalt och globalt k\u00e4mpar med pandemin, men vi hoppas \u00e4nd\u00e5 att DU trotts allt skall f\u00e5 en fridfull p\u00e5sk. GLAD P\u00c5SK.<\/p>\n","protected":false},"excerpt":{"rendered":"<p>Det k\u00e4nns lite konstigt att \u00f6nska glad p\u00e5sk samtidigt som vi b\u00e5de lokalt och globalt k\u00e4mpar med pandemin, men vi hoppas \u00e4nd\u00e5 att DU trotts allt skall f\u00e5 en fridfull p\u00e5sk. GLAD P\u00c5SK.<\/p>\n","protected":false},"author":644,"featured_media":0,"comment_status":"closed","ping_status":"closed","sticky":false,"template":"","format":"standard","meta":{"_acf_changed":false,"footnotes":""},"categories":[1,15],"tags":[],"class_list":["post-1281","post","type-post","status-publish","format-standard","hentry","category-okategoriserade","category-inlagg"],"acf":[],"yoast_head":"<!-- This site is optimized with the Yoast SEO plugin v27.4 - https:\/\/yoast.com\/product\/yoast-seo-wordpress\/ -->\n<title>Med till\u00f6nskan om en fridfull p\u00e5sk - Kristdemokraterna Tyres\u00f6<\/title>\n<meta name=\"robots\" content=\"index, follow, max-snippet:-1, max-image-preview:large, max-video-preview:-1\" \/>\n<link rel=\"canonical\" href=\"https:\/\/wp.kristdemokraterna.se\/tyreso\/med-tillonskan-om-en-fridfull-pask\/\" \/>\n<meta property=\"og:locale\" content=\"sv_SE\" \/>\n<meta property=\"og:type\" content=\"article\" \/>\n<meta property=\"og:title\" content=\"Med till\u00f6nskan om en fridfull p\u00e5sk - Kristdemokraterna Tyres\u00f6\" \/>\n<meta property=\"og:description\" content=\"Det k\u00e4nns lite konstigt att \u00f6nska glad p\u00e5sk samtidigt som vi b\u00e5de lokalt och globalt k\u00e4mpar med pandemin, men vi hoppas \u00e4nd\u00e5 att DU trotts allt skall f\u00e5 en fridfull p\u00e5sk. GLAD P\u00c5SK.\" \/>\n<meta property=\"og:url\" content=\"https:\/\/wp.kristdemokraterna.se\/tyreso\/med-tillonskan-om-en-fridfull-pask\/\" \/>\n<meta property=\"og:site_name\" content=\"Kristdemokraterna Tyres\u00f6\" \/>\n<meta property=\"article:published_time\" content=\"2021-04-02T05:00:04+00:00\" \/>\n<meta property=\"article:modified_time\" content=\"2021-04-02T11:13:05+00:00\" \/>\n<meta name=\"author\" content=\"tyreso\" \/>\n<meta name=\"twitter:card\" content=\"summary_large_image\" \/>\n<meta name=\"twitter:label1\" content=\"Skriven av\" \/>\n\t<meta name=\"twitter:data1\" content=\"tyreso\" \/>\n\t<meta name=\"twitter:label2\" content=\"Ber\u00e4knad l\u00e4stid\" \/>\n\t<meta name=\"twitter:data2\" content=\"1 minut\" \/>\n<script type=\"application\/ld+json\" class=\"yoast-schema-graph\">{\"@context\":\"https:\\\/\\\/schema.org\",\"@graph\":[{\"@type\":\"Article\",\"@id\":\"https:\\\/\\\/wp.kristdemokraterna.se\\\/tyreso\\\/med-tillonskan-om-en-fridfull-pask\\\/#article\",\"isPartOf\":{\"@id\":\"https:\\\/\\\/wp.kristdemokraterna.se\\\/tyreso\\\/med-tillonskan-om-en-fridfull-pask\\\/\"},\"author\":{\"name\":\"tyreso\",\"@id\":\"https:\\\/\\\/wp.kristdemokraterna.se\\\/tyreso\\\/#\\\/schema\\\/person\\\/3e7d76fa0f5c4996308a0a636056d6c5\"},\"headline\":\"Med till\u00f6nskan om en fridfull p\u00e5sk\",\"datePublished\":\"2021-04-02T05:00:04+00:00\",\"dateModified\":\"2021-04-02T11:13:05+00:00\",\"mainEntityOfPage\":{\"@id\":\"https:\\\/\\\/wp.kristdemokraterna.se\\\/tyreso\\\/med-tillonskan-om-en-fridfull-pask\\\/\"},\"wordCount\":47,\"articleSection\":[\"Artiklar\",\"Inl\u00e4gg\"],\"inLanguage\":\"sv-SE\"},{\"@type\":\"WebPage\",\"@id\":\"https:\\\/\\\/wp.kristdemokraterna.se\\\/tyreso\\\/med-tillonskan-om-en-fridfull-pask\\\/\",\"url\":\"https:\\\/\\\/wp.kristdemokraterna.se\\\/tyreso\\\/med-tillonskan-om-en-fridfull-pask\\\/\",\"name\":\"Med till\u00f6nskan om en fridfull p\u00e5sk - Kristdemokraterna Tyres\u00f6\",\"isPartOf\":{\"@id\":\"https:\\\/\\\/wp.kristdemokraterna.se\\\/tyreso\\\/#website\"},\"datePublished\":\"2021-04-02T05:00:04+00:00\",\"dateModified\":\"2021-04-02T11:13:05+00:00\",\"author\":{\"@id\":\"https:\\\/\\\/wp.kristdemokraterna.se\\\/tyreso\\\/#\\\/schema\\\/person\\\/3e7d76fa0f5c4996308a0a636056d6c5\"},\"breadcrumb\":{\"@id\":\"https:\\\/\\\/wp.kristdemokraterna.se\\\/tyreso\\\/med-tillonskan-om-en-fridfull-pask\\\/#breadcrumb\"},\"inLanguage\":\"sv-SE\",\"potentialAction\":[{\"@type\":\"ReadAction\",\"target\":[\"https:\\\/\\\/wp.kristdemokraterna.se\\\/tyreso\\\/med-tillonskan-om-en-fridfull-pask\\\/\"]}]},{\"@type\":\"BreadcrumbList\",\"@id\":\"https:\\\/\\\/wp.kristdemokraterna.se\\\/tyreso\\\/med-tillonskan-om-en-fridfull-pask\\\/#breadcrumb\",\"itemListElement\":[{\"@type\":\"ListItem\",\"position\":1,\"name\":\"Hem\",\"item\":\"https:\\\/\\\/wp.kristdemokraterna.se\\\/tyreso\\\/\"},{\"@type\":\"ListItem\",\"position\":2,\"name\":\"Med till\u00f6nskan om en fridfull p\u00e5sk\"}]},{\"@type\":\"WebSite\",\"@id\":\"https:\\\/\\\/wp.kristdemokraterna.se\\\/tyreso\\\/#website\",\"url\":\"https:\\\/\\\/wp.kristdemokraterna.se\\\/tyreso\\\/\",\"name\":\"Kristdemokraterna Tyres\u00f6\",\"description\":\"\",\"inLanguage\":\"sv-SE\"},{\"@type\":\"Person\",\"@id\":\"https:\\\/\\\/wp.kristdemokraterna.se\\\/tyreso\\\/#\\\/schema\\\/person\\\/3e7d76fa0f5c4996308a0a636056d6c5\",\"name\":\"tyreso\",\"image\":{\"@type\":\"ImageObject\",\"inLanguage\":\"sv-SE\",\"@id\":\"https:\\\/\\\/secure.gravatar.com\\\/avatar\\\/f60f761639a269aae348dce7665f49bfe9f0b021d1bada09d95aaa9c66ef6215?s=96&d=mm&r=g\",\"url\":\"https:\\\/\\\/secure.gravatar.com\\\/avatar\\\/f60f761639a269aae348dce7665f49bfe9f0b021d1bada09d95aaa9c66ef6215?s=96&d=mm&r=g\",\"contentUrl\":\"https:\\\/\\\/secure.gravatar.com\\\/avatar\\\/f60f761639a269aae348dce7665f49bfe9f0b021d1bada09d95aaa9c66ef6215?s=96&d=mm&r=g\",\"caption\":\"tyreso\"},\"url\":\"https:\\\/\\\/wp.kristdemokraterna.se\\\/tyreso\\\/author\\\/tyreso\\\/\"}]}<\/script>\n<!-- \/ Yoast SEO plugin. -->","yoast_head_json":{"title":"Med till\u00f6nskan om en fridfull p\u00e5sk - Kristdemokraterna Tyres\u00f6","robots":{"index":"index","follow":"follow","max-snippet":"max-snippet:-1","max-image-preview":"max-image-preview:large","max-video-preview":"max-video-preview:-1"},"canonical":"https:\/\/wp.kristdemokraterna.se\/tyreso\/med-tillonskan-om-en-fridfull-pask\/","og_locale":"sv_SE","og_type":"article","og_title":"Med till\u00f6nskan om en fridfull p\u00e5sk - Kristdemokraterna Tyres\u00f6","og_description":"Det k\u00e4nns lite konstigt att \u00f6nska glad p\u00e5sk samtidigt som vi b\u00e5de lokalt och globalt k\u00e4mpar med pandemin, men vi hoppas \u00e4nd\u00e5 att DU trotts allt skall f\u00e5 en fridfull p\u00e5sk. GLAD P\u00c5SK.","og_url":"https:\/\/wp.kristdemokraterna.se\/tyreso\/med-tillonskan-om-en-fridfull-pask\/","og_site_name":"Kristdemokraterna Tyres\u00f6","article_published_time":"2021-04-02T05:00:04+00:00","article_modified_time":"2021-04-02T11:13:05+00:00","author":"tyreso","twitter_card":"summary_large_image","twitter_misc":{"Skriven av":"tyreso","Ber\u00e4knad l\u00e4stid":"1 minut"},"schema":{"@context":"https:\/\/schema.org","@graph":[{"@type":"Article","@id":"https:\/\/wp.kristdemokraterna.se\/tyreso\/med-tillonskan-om-en-fridfull-pask\/#article","isPartOf":{"@id":"https:\/\/wp.kristdemokraterna.se\/tyreso\/med-tillonskan-om-en-fridfull-pask\/"},"author":{"name":"tyreso","@id":"https:\/\/wp.kristdemokraterna.se\/tyreso\/#\/schema\/person\/3e7d76fa0f5c4996308a0a636056d6c5"},"headline":"Med till\u00f6nskan om en fridfull p\u00e5sk","datePublished":"2021-04-02T05:00:04+00:00","dateModified":"2021-04-02T11:13:05+00:00","mainEntityOfPage":{"@id":"https:\/\/wp.kristdemokraterna.se\/tyreso\/med-tillonskan-om-en-fridfull-pask\/"},"wordCount":47,"articleSection":["Artiklar","Inl\u00e4gg"],"inLanguage":"sv-SE"},{"@type":"WebPage","@id":"https:\/\/wp.kristdemokraterna.se\/tyreso\/med-tillonskan-om-en-fridfull-pask\/","url":"https:\/\/wp.kristdemokraterna.se\/tyreso\/med-tillonskan-om-en-fridfull-pask\/","name":"Med till\u00f6nskan om en fridfull p\u00e5sk - Kristdemokraterna Tyres\u00f6","isPartOf":{"@id":"https:\/\/wp.kristdemokraterna.se\/tyreso\/#website"},"datePublished":"2021-04-02T05:00:04+00:00","dateModified":"2021-04-02T11:13:05+00:00","author":{"@id":"https:\/\/wp.kristdemokraterna.se\/tyreso\/#\/schema\/person\/3e7d76fa0f5c4996308a0a636056d6c5"},"breadcrumb":{"@id":"https:\/\/wp.kristdemokraterna.se\/tyreso\/med-tillonskan-om-en-fridfull-pask\/#breadcrumb"},"inLanguage":"sv-SE","potentialAction":[{"@type":"ReadAction","target":["https:\/\/wp.kristdemokraterna.se\/tyreso\/med-tillonskan-om-en-fridfull-pask\/"]}]},{"@type":"BreadcrumbList","@id":"https:\/\/wp.kristdemokraterna.se\/tyreso\/med-tillonskan-om-en-fridfull-pask\/#breadcrumb","itemListElement":[{"@type":"ListItem","position":1,"name":"Hem","item":"https:\/\/wp.kristdemokraterna.se\/tyreso\/"},{"@type":"ListItem","position":2,"name":"Med till\u00f6nskan om en fridfull p\u00e5sk"}]},{"@type":"WebSite","@id":"https:\/\/wp.kristdemokraterna.se\/tyreso\/#website","url":"https:\/\/wp.kristdemokraterna.se\/tyreso\/","name":"Kristdemokraterna Tyres\u00f6","description":"","inLanguage":"sv-SE"},{"@type":"Person","@id":"https:\/\/wp.kristdemokraterna.se\/tyreso\/#\/schema\/person\/3e7d76fa0f5c4996308a0a636056d6c5","name":"tyreso","image":{"@type":"ImageObject","inLanguage":"sv-SE","@id":"https:\/\/secure.gravatar.com\/avatar\/f60f761639a269aae348dce7665f49bfe9f0b021d1bada09d95aaa9c66ef6215?s=96&d=mm&r=g","url":"https:\/\/secure.gravatar.com\/avatar\/f60f761639a269aae348dce7665f49bfe9f0b021d1bada09d95aaa9c66ef6215?s=96&d=mm&r=g","contentUrl":"https:\/\/secure.gravatar.com\/avatar\/f60f761639a269aae348dce7665f49bfe9f0b021d1bada09d95aaa9c66ef6215?s=96&d=mm&r=g","caption":"tyreso"},"url":"https:\/\/wp.kristdemokraterna.se\/tyreso\/author\/tyreso\/"}]}},"_links":{"self":[{"href":"https:\/\/wp.kristdemokraterna.se\/tyreso\/wp-json\/wp\/v2\/posts\/1281","targetHints":{"allow":["GET"]}}],"collection":[{"href":"https:\/\/wp.kristdemokraterna.se\/tyreso\/wp-json\/wp\/v2\/posts"}],"about":[{"href":"https:\/\/wp.kristdemokraterna.se\/tyreso\/wp-json\/wp\/v2\/types\/post"}],"author":[{"embeddable":true,"href":"https:\/\/wp.kristdemokraterna.se\/tyreso\/wp-json\/wp\/v2\/users\/644"}],"replies":[{"embeddable":true,"href":"https:\/\/wp.kristdemokraterna.se\/tyreso\/wp-json\/wp\/v2\/comments?post=1281"}],"version-history":[{"count":1,"href":"https:\/\/wp.kristdemokraterna.se\/tyreso\/wp-json\/wp\/v2\/posts\/1281\/revisions"}],"predecessor-version":[{"id":1282,"href":"https:\/\/wp.kristdemokraterna.se\/tyreso\/wp-json\/wp\/v2\/posts\/1281\/revisions\/1282"}],"wp:attachment":[{"href":"https:\/\/wp.kristdemokraterna.se\/tyreso\/wp-json\/wp\/v2\/media?parent=1281"}],"wp:term":[{"taxonomy":"category","embeddable":true,"href":"https:\/\/wp.kristdemokraterna.se\/tyreso\/wp-json\/wp\/v2\/categories?post=1281"},{"taxonomy":"post_tag","embeddable":true,"href":"https:\/\/wp.kristdemokraterna.se\/tyreso\/wp-json\/wp\/v2\/tags?post=1281"}],"curies":[{"name":"wp","href":"https:\/\/api.w.org\/{rel}","templated":true}]}}