{"id":1292,"date":"2021-04-28T09:09:30","date_gmt":"2021-04-28T07:09:30","guid":{"rendered":"https:\/\/wp.kristdemokraterna.se\/tyreso\/?p=1292"},"modified":"2021-04-28T09:09:30","modified_gmt":"2021-04-28T07:09:30","slug":"tyreso-ska-vara-gront-och-blatt-inte-gratt-och-trangt","status":"publish","type":"post","link":"https:\/\/wp.kristdemokraterna.se\/tyreso\/tyreso-ska-vara-gront-och-blatt-inte-gratt-och-trangt\/","title":{"rendered":"Tyres\u00f6 ska vara gr\u00f6nt och bl\u00e5tt \u2013 inte gr\u00e5tt och tr\u00e5ngt"},"content":{"rendered":"<div id=\"v1replybody1\">\n<p>Sedan den tid n\u00e4r KD ingick i den styrande majoriteten har Tyres\u00f6 en vision om att kommunen ska utvecklas gr\u00f6nt och bl\u00e5tt. Naturen, sj\u00f6arna, kusten och nationalparken ska pr\u00e4gla kommunen. V\u00e5ra fina boendemilj\u00f6er av tr\u00e4dg\u00e5rdsstadskarakt\u00e4r \u00e4r viktiga inslag i detta. Sm\u00e5skalig, blandad bebyggelse d\u00e4r gr\u00f6nska, tr\u00e4dg\u00e5rdar och sm\u00e5hus dominerar. 70% av alla i Sverige vill bo s\u00e5.<\/p>\n<p>De senaste \u00e5ren har kommunens utveckling tyv\u00e4rr tagit en annan inriktning. Allt fokus ligger nu p\u00e5 att bygga h\u00f6gt och tr\u00e5ngt. N\u00e4sta \u00e5r planerar kommunen endast f\u00f6r tio sm\u00e5hus men 800 l\u00e4genheter i h\u00f6ghus. Forts\u00e4tter detta omvandlas Tyres\u00f6 fr\u00e5n en charmig, gr\u00f6n och bl\u00e5 kommun med egen identitet till en gr\u00e5 f\u00f6rortskommun. Planerna f\u00f6r Amaryllisparken \u00e4r en del av denna ol\u00e4mpliga strategi. D\u00e4rf\u00f6r s\u00e4ger Kristdemokraterna nej till planerna.<\/p>\n<\/div>\n","protected":false},"excerpt":{"rendered":"<p>Sedan den tid n\u00e4r KD ingick i den styrande majoriteten har Tyres\u00f6 en vision om att kommunen ska utvecklas gr\u00f6nt och bl\u00e5tt. Naturen, sj\u00f6arna, kusten och nationalparken ska pr\u00e4gla kommunen. V\u00e5ra fina boendemilj\u00f6er av tr\u00e4dg\u00e5rdsstadskarakt\u00e4r \u00e4r viktiga inslag i detta. Sm\u00e5skalig, blandad bebyggelse d\u00e4r gr\u00f6nska, tr\u00e4dg\u00e5rdar och sm\u00e5hus dominerar. 70% av alla i Sverige vill <a class=\"read-more-link\" href=\"https:\/\/wp.kristdemokraterna.se\/tyreso\/tyreso-ska-vara-gront-och-blatt-inte-gratt-och-trangt\/\">Read More<\/a><\/p>\n","protected":false},"author":644,"featured_media":0,"comment_status":"closed","ping_status":"closed","sticky":false,"template":"","format":"standard","meta":{"_acf_changed":false,"footnotes":""},"categories":[1,9,15,10,13],"tags":[],"class_list":["post-1292","post","type-post","status-publish","format-standard","hentry","category-okategoriserade","category-bostader","category-inlagg","category-natur","category-stadsbyggnad"],"acf":[],"yoast_head":"<!-- This site is optimized with the Yoast SEO plugin v27.4 - https:\/\/yoast.com\/product\/yoast-seo-wordpress\/ -->\n<title>Tyres\u00f6 ska vara gr\u00f6nt och bl\u00e5tt \u2013 inte gr\u00e5tt och tr\u00e5ngt - Kristdemokraterna Tyres\u00f6<\/title>\n<meta name=\"robots\" content=\"index, follow, max-snippet:-1, max-image-preview:large, max-video-preview:-1\" \/>\n<link rel=\"canonical\" href=\"https:\/\/wp.kristdemokraterna.se\/tyreso\/tyreso-ska-vara-gront-och-blatt-inte-gratt-och-trangt\/\" \/>\n<meta property=\"og:locale\" content=\"sv_SE\" \/>\n<meta property=\"og:type\" content=\"article\" \/>\n<meta property=\"og:title\" content=\"Tyres\u00f6 ska vara gr\u00f6nt och bl\u00e5tt \u2013 inte gr\u00e5tt och tr\u00e5ngt - Kristdemokraterna Tyres\u00f6\" \/>\n<meta property=\"og:description\" content=\"Sedan den tid n\u00e4r KD ingick i den styrande majoriteten har Tyres\u00f6 en vision om att kommunen ska utvecklas gr\u00f6nt och bl\u00e5tt. Naturen, sj\u00f6arna, kusten och nationalparken ska pr\u00e4gla kommunen. V\u00e5ra fina boendemilj\u00f6er av tr\u00e4dg\u00e5rdsstadskarakt\u00e4r \u00e4r viktiga inslag i detta. Sm\u00e5skalig, blandad bebyggelse d\u00e4r gr\u00f6nska, tr\u00e4dg\u00e5rdar och sm\u00e5hus dominerar. 70% av alla i Sverige vill Read More\" \/>\n<meta property=\"og:url\" content=\"https:\/\/wp.kristdemokraterna.se\/tyreso\/tyreso-ska-vara-gront-och-blatt-inte-gratt-och-trangt\/\" \/>\n<meta property=\"og:site_name\" content=\"Kristdemokraterna Tyres\u00f6\" \/>\n<meta property=\"article:published_time\" content=\"2021-04-28T07:09:30+00:00\" \/>\n<meta name=\"author\" content=\"tyreso\" \/>\n<meta name=\"twitter:card\" content=\"summary_large_image\" \/>\n<meta name=\"twitter:label1\" content=\"Skriven av\" \/>\n\t<meta name=\"twitter:data1\" content=\"tyreso\" \/>\n\t<meta name=\"twitter:label2\" content=\"Ber\u00e4knad l\u00e4stid\" \/>\n\t<meta name=\"twitter:data2\" content=\"1 minut\" \/>\n<script type=\"application\/ld+json\" class=\"yoast-schema-graph\">{\"@context\":\"https:\\\/\\\/schema.org\",\"@graph\":[{\"@type\":\"Article\",\"@id\":\"https:\\\/\\\/wp.kristdemokraterna.se\\\/tyreso\\\/tyreso-ska-vara-gront-och-blatt-inte-gratt-och-trangt\\\/#article\",\"isPartOf\":{\"@id\":\"https:\\\/\\\/wp.kristdemokraterna.se\\\/tyreso\\\/tyreso-ska-vara-gront-och-blatt-inte-gratt-och-trangt\\\/\"},\"author\":{\"name\":\"tyreso\",\"@id\":\"https:\\\/\\\/wp.kristdemokraterna.se\\\/tyreso\\\/#\\\/schema\\\/person\\\/3e7d76fa0f5c4996308a0a636056d6c5\"},\"headline\":\"Tyres\u00f6 ska vara gr\u00f6nt och bl\u00e5tt \u2013 inte gr\u00e5tt och tr\u00e5ngt\",\"datePublished\":\"2021-04-28T07:09:30+00:00\",\"mainEntityOfPage\":{\"@id\":\"https:\\\/\\\/wp.kristdemokraterna.se\\\/tyreso\\\/tyreso-ska-vara-gront-och-blatt-inte-gratt-och-trangt\\\/\"},\"wordCount\":170,\"articleSection\":[\"Artiklar\",\"Bost\u00e4der\",\"Inl\u00e4gg\",\"Natur\",\"Stadsbyggnad\"],\"inLanguage\":\"sv-SE\"},{\"@type\":\"WebPage\",\"@id\":\"https:\\\/\\\/wp.kristdemokraterna.se\\\/tyreso\\\/tyreso-ska-vara-gront-och-blatt-inte-gratt-och-trangt\\\/\",\"url\":\"https:\\\/\\\/wp.kristdemokraterna.se\\\/tyreso\\\/tyreso-ska-vara-gront-och-blatt-inte-gratt-och-trangt\\\/\",\"name\":\"Tyres\u00f6 ska vara gr\u00f6nt och bl\u00e5tt \u2013 inte gr\u00e5tt och tr\u00e5ngt - Kristdemokraterna Tyres\u00f6\",\"isPartOf\":{\"@id\":\"https:\\\/\\\/wp.kristdemokraterna.se\\\/tyreso\\\/#website\"},\"datePublished\":\"2021-04-28T07:09:30+00:00\",\"author\":{\"@id\":\"https:\\\/\\\/wp.kristdemokraterna.se\\\/tyreso\\\/#\\\/schema\\\/person\\\/3e7d76fa0f5c4996308a0a636056d6c5\"},\"breadcrumb\":{\"@id\":\"https:\\\/\\\/wp.kristdemokraterna.se\\\/tyreso\\\/tyreso-ska-vara-gront-och-blatt-inte-gratt-och-trangt\\\/#breadcrumb\"},\"inLanguage\":\"sv-SE\",\"potentialAction\":[{\"@type\":\"ReadAction\",\"target\":[\"https:\\\/\\\/wp.kristdemokraterna.se\\\/tyreso\\\/tyreso-ska-vara-gront-och-blatt-inte-gratt-och-trangt\\\/\"]}]},{\"@type\":\"BreadcrumbList\",\"@id\":\"https:\\\/\\\/wp.kristdemokraterna.se\\\/tyreso\\\/tyreso-ska-vara-gront-och-blatt-inte-gratt-och-trangt\\\/#breadcrumb\",\"itemListElement\":[{\"@type\":\"ListItem\",\"position\":1,\"name\":\"Hem\",\"item\":\"https:\\\/\\\/wp.kristdemokraterna.se\\\/tyreso\\\/\"},{\"@type\":\"ListItem\",\"position\":2,\"name\":\"Tyres\u00f6 ska vara gr\u00f6nt och bl\u00e5tt \u2013 inte gr\u00e5tt och tr\u00e5ngt\"}]},{\"@type\":\"WebSite\",\"@id\":\"https:\\\/\\\/wp.kristdemokraterna.se\\\/tyreso\\\/#website\",\"url\":\"https:\\\/\\\/wp.kristdemokraterna.se\\\/tyreso\\\/\",\"name\":\"Kristdemokraterna Tyres\u00f6\",\"description\":\"\",\"inLanguage\":\"sv-SE\"},{\"@type\":\"Person\",\"@id\":\"https:\\\/\\\/wp.kristdemokraterna.se\\\/tyreso\\\/#\\\/schema\\\/person\\\/3e7d76fa0f5c4996308a0a636056d6c5\",\"name\":\"tyreso\",\"image\":{\"@type\":\"ImageObject\",\"inLanguage\":\"sv-SE\",\"@id\":\"https:\\\/\\\/secure.gravatar.com\\\/avatar\\\/f60f761639a269aae348dce7665f49bfe9f0b021d1bada09d95aaa9c66ef6215?s=96&d=mm&r=g\",\"url\":\"https:\\\/\\\/secure.gravatar.com\\\/avatar\\\/f60f761639a269aae348dce7665f49bfe9f0b021d1bada09d95aaa9c66ef6215?s=96&d=mm&r=g\",\"contentUrl\":\"https:\\\/\\\/secure.gravatar.com\\\/avatar\\\/f60f761639a269aae348dce7665f49bfe9f0b021d1bada09d95aaa9c66ef6215?s=96&d=mm&r=g\",\"caption\":\"tyreso\"},\"url\":\"https:\\\/\\\/wp.kristdemokraterna.se\\\/tyreso\\\/author\\\/tyreso\\\/\"}]}<\/script>\n<!-- \/ Yoast SEO plugin. -->","yoast_head_json":{"title":"Tyres\u00f6 ska vara gr\u00f6nt och bl\u00e5tt \u2013 inte gr\u00e5tt och tr\u00e5ngt - Kristdemokraterna Tyres\u00f6","robots":{"index":"index","follow":"follow","max-snippet":"max-snippet:-1","max-image-preview":"max-image-preview:large","max-video-preview":"max-video-preview:-1"},"canonical":"https:\/\/wp.kristdemokraterna.se\/tyreso\/tyreso-ska-vara-gront-och-blatt-inte-gratt-och-trangt\/","og_locale":"sv_SE","og_type":"article","og_title":"Tyres\u00f6 ska vara gr\u00f6nt och bl\u00e5tt \u2013 inte gr\u00e5tt och tr\u00e5ngt - Kristdemokraterna Tyres\u00f6","og_description":"Sedan den tid n\u00e4r KD ingick i den styrande majoriteten har Tyres\u00f6 en vision om att kommunen ska utvecklas gr\u00f6nt och bl\u00e5tt. Naturen, sj\u00f6arna, kusten och nationalparken ska pr\u00e4gla kommunen. V\u00e5ra fina boendemilj\u00f6er av tr\u00e4dg\u00e5rdsstadskarakt\u00e4r \u00e4r viktiga inslag i detta. Sm\u00e5skalig, blandad bebyggelse d\u00e4r gr\u00f6nska, tr\u00e4dg\u00e5rdar och sm\u00e5hus dominerar. 70% av alla i Sverige vill Read More","og_url":"https:\/\/wp.kristdemokraterna.se\/tyreso\/tyreso-ska-vara-gront-och-blatt-inte-gratt-och-trangt\/","og_site_name":"Kristdemokraterna Tyres\u00f6","article_published_time":"2021-04-28T07:09:30+00:00","author":"tyreso","twitter_card":"summary_large_image","twitter_misc":{"Skriven av":"tyreso","Ber\u00e4knad l\u00e4stid":"1 minut"},"schema":{"@context":"https:\/\/schema.org","@graph":[{"@type":"Article","@id":"https:\/\/wp.kristdemokraterna.se\/tyreso\/tyreso-ska-vara-gront-och-blatt-inte-gratt-och-trangt\/#article","isPartOf":{"@id":"https:\/\/wp.kristdemokraterna.se\/tyreso\/tyreso-ska-vara-gront-och-blatt-inte-gratt-och-trangt\/"},"author":{"name":"tyreso","@id":"https:\/\/wp.kristdemokraterna.se\/tyreso\/#\/schema\/person\/3e7d76fa0f5c4996308a0a636056d6c5"},"headline":"Tyres\u00f6 ska vara gr\u00f6nt och bl\u00e5tt \u2013 inte gr\u00e5tt och tr\u00e5ngt","datePublished":"2021-04-28T07:09:30+00:00","mainEntityOfPage":{"@id":"https:\/\/wp.kristdemokraterna.se\/tyreso\/tyreso-ska-vara-gront-och-blatt-inte-gratt-och-trangt\/"},"wordCount":170,"articleSection":["Artiklar","Bost\u00e4der","Inl\u00e4gg","Natur","Stadsbyggnad"],"inLanguage":"sv-SE"},{"@type":"WebPage","@id":"https:\/\/wp.kristdemokraterna.se\/tyreso\/tyreso-ska-vara-gront-och-blatt-inte-gratt-och-trangt\/","url":"https:\/\/wp.kristdemokraterna.se\/tyreso\/tyreso-ska-vara-gront-och-blatt-inte-gratt-och-trangt\/","name":"Tyres\u00f6 ska vara gr\u00f6nt och bl\u00e5tt \u2013 inte gr\u00e5tt och tr\u00e5ngt - Kristdemokraterna Tyres\u00f6","isPartOf":{"@id":"https:\/\/wp.kristdemokraterna.se\/tyreso\/#website"},"datePublished":"2021-04-28T07:09:30+00:00","author":{"@id":"https:\/\/wp.kristdemokraterna.se\/tyreso\/#\/schema\/person\/3e7d76fa0f5c4996308a0a636056d6c5"},"breadcrumb":{"@id":"https:\/\/wp.kristdemokraterna.se\/tyreso\/tyreso-ska-vara-gront-och-blatt-inte-gratt-och-trangt\/#breadcrumb"},"inLanguage":"sv-SE","potentialAction":[{"@type":"ReadAction","target":["https:\/\/wp.kristdemokraterna.se\/tyreso\/tyreso-ska-vara-gront-och-blatt-inte-gratt-och-trangt\/"]}]},{"@type":"BreadcrumbList","@id":"https:\/\/wp.kristdemokraterna.se\/tyreso\/tyreso-ska-vara-gront-och-blatt-inte-gratt-och-trangt\/#breadcrumb","itemListElement":[{"@type":"ListItem","position":1,"name":"Hem","item":"https:\/\/wp.kristdemokraterna.se\/tyreso\/"},{"@type":"ListItem","position":2,"name":"Tyres\u00f6 ska vara gr\u00f6nt och bl\u00e5tt \u2013 inte gr\u00e5tt och tr\u00e5ngt"}]},{"@type":"WebSite","@id":"https:\/\/wp.kristdemokraterna.se\/tyreso\/#website","url":"https:\/\/wp.kristdemokraterna.se\/tyreso\/","name":"Kristdemokraterna Tyres\u00f6","description":"","inLanguage":"sv-SE"},{"@type":"Person","@id":"https:\/\/wp.kristdemokraterna.se\/tyreso\/#\/schema\/person\/3e7d76fa0f5c4996308a0a636056d6c5","name":"tyreso","image":{"@type":"ImageObject","inLanguage":"sv-SE","@id":"https:\/\/secure.gravatar.com\/avatar\/f60f761639a269aae348dce7665f49bfe9f0b021d1bada09d95aaa9c66ef6215?s=96&d=mm&r=g","url":"https:\/\/secure.gravatar.com\/avatar\/f60f761639a269aae348dce7665f49bfe9f0b021d1bada09d95aaa9c66ef6215?s=96&d=mm&r=g","contentUrl":"https:\/\/secure.gravatar.com\/avatar\/f60f761639a269aae348dce7665f49bfe9f0b021d1bada09d95aaa9c66ef6215?s=96&d=mm&r=g","caption":"tyreso"},"url":"https:\/\/wp.kristdemokraterna.se\/tyreso\/author\/tyreso\/"}]}},"_links":{"self":[{"href":"https:\/\/wp.kristdemokraterna.se\/tyreso\/wp-json\/wp\/v2\/posts\/1292","targetHints":{"allow":["GET"]}}],"collection":[{"href":"https:\/\/wp.kristdemokraterna.se\/tyreso\/wp-json\/wp\/v2\/posts"}],"about":[{"href":"https:\/\/wp.kristdemokraterna.se\/tyreso\/wp-json\/wp\/v2\/types\/post"}],"author":[{"embeddable":true,"href":"https:\/\/wp.kristdemokraterna.se\/tyreso\/wp-json\/wp\/v2\/users\/644"}],"replies":[{"embeddable":true,"href":"https:\/\/wp.kristdemokraterna.se\/tyreso\/wp-json\/wp\/v2\/comments?post=1292"}],"version-history":[{"count":1,"href":"https:\/\/wp.kristdemokraterna.se\/tyreso\/wp-json\/wp\/v2\/posts\/1292\/revisions"}],"predecessor-version":[{"id":1293,"href":"https:\/\/wp.kristdemokraterna.se\/tyreso\/wp-json\/wp\/v2\/posts\/1292\/revisions\/1293"}],"wp:attachment":[{"href":"https:\/\/wp.kristdemokraterna.se\/tyreso\/wp-json\/wp\/v2\/media?parent=1292"}],"wp:term":[{"taxonomy":"category","embeddable":true,"href":"https:\/\/wp.kristdemokraterna.se\/tyreso\/wp-json\/wp\/v2\/categories?post=1292"},{"taxonomy":"post_tag","embeddable":true,"href":"https:\/\/wp.kristdemokraterna.se\/tyreso\/wp-json\/wp\/v2\/tags?post=1292"}],"curies":[{"name":"wp","href":"https:\/\/api.w.org\/{rel}","templated":true}]}}