{"id":1294,"date":"2021-04-30T19:22:22","date_gmt":"2021-04-30T17:22:22","guid":{"rendered":"https:\/\/wp.kristdemokraterna.se\/tyreso\/?p=1294"},"modified":"2021-04-30T19:22:22","modified_gmt":"2021-04-30T17:22:22","slug":"stoppa-hoghusbyggandet-i-amaryllisparken","status":"publish","type":"post","link":"https:\/\/wp.kristdemokraterna.se\/tyreso\/stoppa-hoghusbyggandet-i-amaryllisparken\/","title":{"rendered":"Stoppa h\u00f6ghusbyggandet i Amaryllisparken"},"content":{"rendered":"<p>Ikv\u00e4ll, valborgsm\u00e4ssoafton 2021, hade aktionsgruppen \u201dR\u00e4dda Amaryllisparken\u201d inbjudit alla Tyres\u00f6s partier att mota listor med namnunderskrifter mot det planerade h\u00f6ghusbyggandet i parken. Det var bara oppositionen som h\u00f6rsammat inbjudan. P\u00e5 bilden \u00e4r det KD\u00b4s Ulf Perbo som f\u00e5r en lista av Denise Persson. Kristdemokraterna Tyres\u00f6 \u00e4r emot byggandet av h\u00f6ga hus i detta omr\u00e5de, se tidigare artiklar.<\/p>\n","protected":false},"excerpt":{"rendered":"<p>Ikv\u00e4ll, valborgsm\u00e4ssoafton 2021, hade aktionsgruppen \u201dR\u00e4dda Amaryllisparken\u201d inbjudit alla Tyres\u00f6s partier att mota listor med namnunderskrifter mot det planerade h\u00f6ghusbyggandet i parken. Det var bara oppositionen som h\u00f6rsammat inbjudan. P\u00e5 bilden \u00e4r det KD\u00b4s Ulf Perbo som f\u00e5r en lista av Denise Persson. Kristdemokraterna Tyres\u00f6 \u00e4r emot byggandet av h\u00f6ga hus i detta omr\u00e5de, se <a class=\"read-more-link\" href=\"https:\/\/wp.kristdemokraterna.se\/tyreso\/stoppa-hoghusbyggandet-i-amaryllisparken\/\">Read More<\/a><\/p>\n","protected":false},"author":644,"featured_media":0,"comment_status":"closed","ping_status":"closed","sticky":false,"template":"","format":"standard","meta":{"_acf_changed":false,"footnotes":""},"categories":[1,15,10,13],"tags":[],"class_list":["post-1294","post","type-post","status-publish","format-standard","hentry","category-okategoriserade","category-inlagg","category-natur","category-stadsbyggnad"],"acf":[],"yoast_head":"<!-- This site is optimized with the Yoast SEO plugin v27.4 - https:\/\/yoast.com\/product\/yoast-seo-wordpress\/ -->\n<title>Stoppa h\u00f6ghusbyggandet i Amaryllisparken - Kristdemokraterna Tyres\u00f6<\/title>\n<meta name=\"robots\" content=\"index, follow, max-snippet:-1, max-image-preview:large, max-video-preview:-1\" \/>\n<link rel=\"canonical\" href=\"https:\/\/wp.kristdemokraterna.se\/tyreso\/stoppa-hoghusbyggandet-i-amaryllisparken\/\" \/>\n<meta property=\"og:locale\" content=\"sv_SE\" \/>\n<meta property=\"og:type\" content=\"article\" \/>\n<meta property=\"og:title\" content=\"Stoppa h\u00f6ghusbyggandet i Amaryllisparken - Kristdemokraterna Tyres\u00f6\" \/>\n<meta property=\"og:description\" content=\"Ikv\u00e4ll, valborgsm\u00e4ssoafton 2021, hade aktionsgruppen \u201dR\u00e4dda Amaryllisparken\u201d inbjudit alla Tyres\u00f6s partier att mota listor med namnunderskrifter mot det planerade h\u00f6ghusbyggandet i parken. Det var bara oppositionen som h\u00f6rsammat inbjudan. P\u00e5 bilden \u00e4r det KD\u00b4s Ulf Perbo som f\u00e5r en lista av Denise Persson. Kristdemokraterna Tyres\u00f6 \u00e4r emot byggandet av h\u00f6ga hus i detta omr\u00e5de, se Read More\" \/>\n<meta property=\"og:url\" content=\"https:\/\/wp.kristdemokraterna.se\/tyreso\/stoppa-hoghusbyggandet-i-amaryllisparken\/\" \/>\n<meta property=\"og:site_name\" content=\"Kristdemokraterna Tyres\u00f6\" \/>\n<meta property=\"article:published_time\" content=\"2021-04-30T17:22:22+00:00\" \/>\n<meta name=\"author\" content=\"tyreso\" \/>\n<meta name=\"twitter:card\" content=\"summary_large_image\" \/>\n<meta name=\"twitter:label1\" content=\"Skriven av\" \/>\n\t<meta name=\"twitter:data1\" content=\"tyreso\" \/>\n\t<meta name=\"twitter:label2\" content=\"Ber\u00e4knad l\u00e4stid\" \/>\n\t<meta name=\"twitter:data2\" content=\"1 minut\" \/>\n<script type=\"application\/ld+json\" class=\"yoast-schema-graph\">{\"@context\":\"https:\\\/\\\/schema.org\",\"@graph\":[{\"@type\":\"Article\",\"@id\":\"https:\\\/\\\/wp.kristdemokraterna.se\\\/tyreso\\\/stoppa-hoghusbyggandet-i-amaryllisparken\\\/#article\",\"isPartOf\":{\"@id\":\"https:\\\/\\\/wp.kristdemokraterna.se\\\/tyreso\\\/stoppa-hoghusbyggandet-i-amaryllisparken\\\/\"},\"author\":{\"name\":\"tyreso\",\"@id\":\"https:\\\/\\\/wp.kristdemokraterna.se\\\/tyreso\\\/#\\\/schema\\\/person\\\/3e7d76fa0f5c4996308a0a636056d6c5\"},\"headline\":\"Stoppa h\u00f6ghusbyggandet i Amaryllisparken\",\"datePublished\":\"2021-04-30T17:22:22+00:00\",\"mainEntityOfPage\":{\"@id\":\"https:\\\/\\\/wp.kristdemokraterna.se\\\/tyreso\\\/stoppa-hoghusbyggandet-i-amaryllisparken\\\/\"},\"wordCount\":71,\"articleSection\":[\"Artiklar\",\"Inl\u00e4gg\",\"Natur\",\"Stadsbyggnad\"],\"inLanguage\":\"sv-SE\"},{\"@type\":\"WebPage\",\"@id\":\"https:\\\/\\\/wp.kristdemokraterna.se\\\/tyreso\\\/stoppa-hoghusbyggandet-i-amaryllisparken\\\/\",\"url\":\"https:\\\/\\\/wp.kristdemokraterna.se\\\/tyreso\\\/stoppa-hoghusbyggandet-i-amaryllisparken\\\/\",\"name\":\"Stoppa h\u00f6ghusbyggandet i Amaryllisparken - Kristdemokraterna Tyres\u00f6\",\"isPartOf\":{\"@id\":\"https:\\\/\\\/wp.kristdemokraterna.se\\\/tyreso\\\/#website\"},\"datePublished\":\"2021-04-30T17:22:22+00:00\",\"author\":{\"@id\":\"https:\\\/\\\/wp.kristdemokraterna.se\\\/tyreso\\\/#\\\/schema\\\/person\\\/3e7d76fa0f5c4996308a0a636056d6c5\"},\"breadcrumb\":{\"@id\":\"https:\\\/\\\/wp.kristdemokraterna.se\\\/tyreso\\\/stoppa-hoghusbyggandet-i-amaryllisparken\\\/#breadcrumb\"},\"inLanguage\":\"sv-SE\",\"potentialAction\":[{\"@type\":\"ReadAction\",\"target\":[\"https:\\\/\\\/wp.kristdemokraterna.se\\\/tyreso\\\/stoppa-hoghusbyggandet-i-amaryllisparken\\\/\"]}]},{\"@type\":\"BreadcrumbList\",\"@id\":\"https:\\\/\\\/wp.kristdemokraterna.se\\\/tyreso\\\/stoppa-hoghusbyggandet-i-amaryllisparken\\\/#breadcrumb\",\"itemListElement\":[{\"@type\":\"ListItem\",\"position\":1,\"name\":\"Hem\",\"item\":\"https:\\\/\\\/wp.kristdemokraterna.se\\\/tyreso\\\/\"},{\"@type\":\"ListItem\",\"position\":2,\"name\":\"Stoppa h\u00f6ghusbyggandet i Amaryllisparken\"}]},{\"@type\":\"WebSite\",\"@id\":\"https:\\\/\\\/wp.kristdemokraterna.se\\\/tyreso\\\/#website\",\"url\":\"https:\\\/\\\/wp.kristdemokraterna.se\\\/tyreso\\\/\",\"name\":\"Kristdemokraterna Tyres\u00f6\",\"description\":\"\",\"inLanguage\":\"sv-SE\"},{\"@type\":\"Person\",\"@id\":\"https:\\\/\\\/wp.kristdemokraterna.se\\\/tyreso\\\/#\\\/schema\\\/person\\\/3e7d76fa0f5c4996308a0a636056d6c5\",\"name\":\"tyreso\",\"image\":{\"@type\":\"ImageObject\",\"inLanguage\":\"sv-SE\",\"@id\":\"https:\\\/\\\/secure.gravatar.com\\\/avatar\\\/f60f761639a269aae348dce7665f49bfe9f0b021d1bada09d95aaa9c66ef6215?s=96&d=mm&r=g\",\"url\":\"https:\\\/\\\/secure.gravatar.com\\\/avatar\\\/f60f761639a269aae348dce7665f49bfe9f0b021d1bada09d95aaa9c66ef6215?s=96&d=mm&r=g\",\"contentUrl\":\"https:\\\/\\\/secure.gravatar.com\\\/avatar\\\/f60f761639a269aae348dce7665f49bfe9f0b021d1bada09d95aaa9c66ef6215?s=96&d=mm&r=g\",\"caption\":\"tyreso\"},\"url\":\"https:\\\/\\\/wp.kristdemokraterna.se\\\/tyreso\\\/author\\\/tyreso\\\/\"}]}<\/script>\n<!-- \/ Yoast SEO plugin. -->","yoast_head_json":{"title":"Stoppa h\u00f6ghusbyggandet i Amaryllisparken - Kristdemokraterna Tyres\u00f6","robots":{"index":"index","follow":"follow","max-snippet":"max-snippet:-1","max-image-preview":"max-image-preview:large","max-video-preview":"max-video-preview:-1"},"canonical":"https:\/\/wp.kristdemokraterna.se\/tyreso\/stoppa-hoghusbyggandet-i-amaryllisparken\/","og_locale":"sv_SE","og_type":"article","og_title":"Stoppa h\u00f6ghusbyggandet i Amaryllisparken - Kristdemokraterna Tyres\u00f6","og_description":"Ikv\u00e4ll, valborgsm\u00e4ssoafton 2021, hade aktionsgruppen \u201dR\u00e4dda Amaryllisparken\u201d inbjudit alla Tyres\u00f6s partier att mota listor med namnunderskrifter mot det planerade h\u00f6ghusbyggandet i parken. Det var bara oppositionen som h\u00f6rsammat inbjudan. P\u00e5 bilden \u00e4r det KD\u00b4s Ulf Perbo som f\u00e5r en lista av Denise Persson. Kristdemokraterna Tyres\u00f6 \u00e4r emot byggandet av h\u00f6ga hus i detta omr\u00e5de, se Read More","og_url":"https:\/\/wp.kristdemokraterna.se\/tyreso\/stoppa-hoghusbyggandet-i-amaryllisparken\/","og_site_name":"Kristdemokraterna Tyres\u00f6","article_published_time":"2021-04-30T17:22:22+00:00","author":"tyreso","twitter_card":"summary_large_image","twitter_misc":{"Skriven av":"tyreso","Ber\u00e4knad l\u00e4stid":"1 minut"},"schema":{"@context":"https:\/\/schema.org","@graph":[{"@type":"Article","@id":"https:\/\/wp.kristdemokraterna.se\/tyreso\/stoppa-hoghusbyggandet-i-amaryllisparken\/#article","isPartOf":{"@id":"https:\/\/wp.kristdemokraterna.se\/tyreso\/stoppa-hoghusbyggandet-i-amaryllisparken\/"},"author":{"name":"tyreso","@id":"https:\/\/wp.kristdemokraterna.se\/tyreso\/#\/schema\/person\/3e7d76fa0f5c4996308a0a636056d6c5"},"headline":"Stoppa h\u00f6ghusbyggandet i Amaryllisparken","datePublished":"2021-04-30T17:22:22+00:00","mainEntityOfPage":{"@id":"https:\/\/wp.kristdemokraterna.se\/tyreso\/stoppa-hoghusbyggandet-i-amaryllisparken\/"},"wordCount":71,"articleSection":["Artiklar","Inl\u00e4gg","Natur","Stadsbyggnad"],"inLanguage":"sv-SE"},{"@type":"WebPage","@id":"https:\/\/wp.kristdemokraterna.se\/tyreso\/stoppa-hoghusbyggandet-i-amaryllisparken\/","url":"https:\/\/wp.kristdemokraterna.se\/tyreso\/stoppa-hoghusbyggandet-i-amaryllisparken\/","name":"Stoppa h\u00f6ghusbyggandet i Amaryllisparken - Kristdemokraterna Tyres\u00f6","isPartOf":{"@id":"https:\/\/wp.kristdemokraterna.se\/tyreso\/#website"},"datePublished":"2021-04-30T17:22:22+00:00","author":{"@id":"https:\/\/wp.kristdemokraterna.se\/tyreso\/#\/schema\/person\/3e7d76fa0f5c4996308a0a636056d6c5"},"breadcrumb":{"@id":"https:\/\/wp.kristdemokraterna.se\/tyreso\/stoppa-hoghusbyggandet-i-amaryllisparken\/#breadcrumb"},"inLanguage":"sv-SE","potentialAction":[{"@type":"ReadAction","target":["https:\/\/wp.kristdemokraterna.se\/tyreso\/stoppa-hoghusbyggandet-i-amaryllisparken\/"]}]},{"@type":"BreadcrumbList","@id":"https:\/\/wp.kristdemokraterna.se\/tyreso\/stoppa-hoghusbyggandet-i-amaryllisparken\/#breadcrumb","itemListElement":[{"@type":"ListItem","position":1,"name":"Hem","item":"https:\/\/wp.kristdemokraterna.se\/tyreso\/"},{"@type":"ListItem","position":2,"name":"Stoppa h\u00f6ghusbyggandet i Amaryllisparken"}]},{"@type":"WebSite","@id":"https:\/\/wp.kristdemokraterna.se\/tyreso\/#website","url":"https:\/\/wp.kristdemokraterna.se\/tyreso\/","name":"Kristdemokraterna Tyres\u00f6","description":"","inLanguage":"sv-SE"},{"@type":"Person","@id":"https:\/\/wp.kristdemokraterna.se\/tyreso\/#\/schema\/person\/3e7d76fa0f5c4996308a0a636056d6c5","name":"tyreso","image":{"@type":"ImageObject","inLanguage":"sv-SE","@id":"https:\/\/secure.gravatar.com\/avatar\/f60f761639a269aae348dce7665f49bfe9f0b021d1bada09d95aaa9c66ef6215?s=96&d=mm&r=g","url":"https:\/\/secure.gravatar.com\/avatar\/f60f761639a269aae348dce7665f49bfe9f0b021d1bada09d95aaa9c66ef6215?s=96&d=mm&r=g","contentUrl":"https:\/\/secure.gravatar.com\/avatar\/f60f761639a269aae348dce7665f49bfe9f0b021d1bada09d95aaa9c66ef6215?s=96&d=mm&r=g","caption":"tyreso"},"url":"https:\/\/wp.kristdemokraterna.se\/tyreso\/author\/tyreso\/"}]}},"_links":{"self":[{"href":"https:\/\/wp.kristdemokraterna.se\/tyreso\/wp-json\/wp\/v2\/posts\/1294","targetHints":{"allow":["GET"]}}],"collection":[{"href":"https:\/\/wp.kristdemokraterna.se\/tyreso\/wp-json\/wp\/v2\/posts"}],"about":[{"href":"https:\/\/wp.kristdemokraterna.se\/tyreso\/wp-json\/wp\/v2\/types\/post"}],"author":[{"embeddable":true,"href":"https:\/\/wp.kristdemokraterna.se\/tyreso\/wp-json\/wp\/v2\/users\/644"}],"replies":[{"embeddable":true,"href":"https:\/\/wp.kristdemokraterna.se\/tyreso\/wp-json\/wp\/v2\/comments?post=1294"}],"version-history":[{"count":2,"href":"https:\/\/wp.kristdemokraterna.se\/tyreso\/wp-json\/wp\/v2\/posts\/1294\/revisions"}],"predecessor-version":[{"id":1297,"href":"https:\/\/wp.kristdemokraterna.se\/tyreso\/wp-json\/wp\/v2\/posts\/1294\/revisions\/1297"}],"wp:attachment":[{"href":"https:\/\/wp.kristdemokraterna.se\/tyreso\/wp-json\/wp\/v2\/media?parent=1294"}],"wp:term":[{"taxonomy":"category","embeddable":true,"href":"https:\/\/wp.kristdemokraterna.se\/tyreso\/wp-json\/wp\/v2\/categories?post=1294"},{"taxonomy":"post_tag","embeddable":true,"href":"https:\/\/wp.kristdemokraterna.se\/tyreso\/wp-json\/wp\/v2\/tags?post=1294"}],"curies":[{"name":"wp","href":"https:\/\/api.w.org\/{rel}","templated":true}]}}