{"id":1300,"date":"2021-05-10T08:37:48","date_gmt":"2021-05-10T06:37:48","guid":{"rendered":"https:\/\/wp.kristdemokraterna.se\/tyreso\/?p=1300"},"modified":"2021-05-10T08:37:48","modified_gmt":"2021-05-10T06:37:48","slug":"tyreso-en-oas-nara-storstaden","status":"publish","type":"post","link":"https:\/\/wp.kristdemokraterna.se\/tyreso\/tyreso-en-oas-nara-storstaden\/","title":{"rendered":"Tyres\u00f6, en oas n\u00e4ra storstaden"},"content":{"rendered":"<p>Vi Kristdemokrater tycker att Tyres\u00f6 skall f\u00f6rknippas med den idylliska tr\u00e4dg\u00e5rdsstaden med l\u00e5gm\u00e4ld bebyggelse och\u00a0 inte med en betongf\u00f6rort. Vi vill se flera sm\u00e5hus, radhus, stadsvillor och \u201dvanliga\u201d villor. Naturligtvis skall det \u00e4ven finnas flerfamiljshus och p\u00e5 n\u00e5gra f\u00e5 st\u00e4llen, t.ex. Tyres\u00f6 centrum kan det f\u00e5 vara lite h\u00f6gre hus.<\/p>\n<p>F\u00f6r \u00f6vrigt skall kommunen\u00a0 pr\u00e4glas av rika m\u00f6jligheter till friluftsliv, f\u00f6reningsliv och idrottsverksamhet, helt enkelt en oas n\u00e4ra storstaden.<\/p>\n","protected":false},"excerpt":{"rendered":"<p>Vi Kristdemokrater tycker att Tyres\u00f6 skall f\u00f6rknippas med den idylliska tr\u00e4dg\u00e5rdsstaden med l\u00e5gm\u00e4ld bebyggelse och\u00a0 inte med en betongf\u00f6rort. Vi vill se flera sm\u00e5hus, radhus, stadsvillor och \u201dvanliga\u201d villor. Naturligtvis skall det \u00e4ven finnas flerfamiljshus och p\u00e5 n\u00e5gra f\u00e5 st\u00e4llen, t.ex. Tyres\u00f6 centrum kan det f\u00e5 vara lite h\u00f6gre hus. F\u00f6r \u00f6vrigt skall kommunen\u00a0 pr\u00e4glas <a class=\"read-more-link\" href=\"https:\/\/wp.kristdemokraterna.se\/tyreso\/tyreso-en-oas-nara-storstaden\/\">Read More<\/a><\/p>\n","protected":false},"author":644,"featured_media":0,"comment_status":"closed","ping_status":"closed","sticky":false,"template":"","format":"standard","meta":{"_acf_changed":false,"footnotes":""},"categories":[1,9,15,13],"tags":[],"class_list":["post-1300","post","type-post","status-publish","format-standard","hentry","category-okategoriserade","category-bostader","category-inlagg","category-stadsbyggnad"],"acf":[],"yoast_head":"<!-- This site is optimized with the Yoast SEO plugin v27.4 - https:\/\/yoast.com\/product\/yoast-seo-wordpress\/ -->\n<title>Tyres\u00f6, en oas n\u00e4ra storstaden - Kristdemokraterna Tyres\u00f6<\/title>\n<meta name=\"robots\" content=\"index, follow, max-snippet:-1, max-image-preview:large, max-video-preview:-1\" \/>\n<link rel=\"canonical\" href=\"https:\/\/wp.kristdemokraterna.se\/tyreso\/tyreso-en-oas-nara-storstaden\/\" \/>\n<meta property=\"og:locale\" content=\"sv_SE\" \/>\n<meta property=\"og:type\" content=\"article\" \/>\n<meta property=\"og:title\" content=\"Tyres\u00f6, en oas n\u00e4ra storstaden - Kristdemokraterna Tyres\u00f6\" \/>\n<meta property=\"og:description\" content=\"Vi Kristdemokrater tycker att Tyres\u00f6 skall f\u00f6rknippas med den idylliska tr\u00e4dg\u00e5rdsstaden med l\u00e5gm\u00e4ld bebyggelse och\u00a0 inte med en betongf\u00f6rort. Vi vill se flera sm\u00e5hus, radhus, stadsvillor och \u201dvanliga\u201d villor. Naturligtvis skall det \u00e4ven finnas flerfamiljshus och p\u00e5 n\u00e5gra f\u00e5 st\u00e4llen, t.ex. Tyres\u00f6 centrum kan det f\u00e5 vara lite h\u00f6gre hus. F\u00f6r \u00f6vrigt skall kommunen\u00a0 pr\u00e4glas Read More\" \/>\n<meta property=\"og:url\" content=\"https:\/\/wp.kristdemokraterna.se\/tyreso\/tyreso-en-oas-nara-storstaden\/\" \/>\n<meta property=\"og:site_name\" content=\"Kristdemokraterna Tyres\u00f6\" \/>\n<meta property=\"article:published_time\" content=\"2021-05-10T06:37:48+00:00\" \/>\n<meta name=\"author\" content=\"tyreso\" \/>\n<meta name=\"twitter:card\" content=\"summary_large_image\" \/>\n<meta name=\"twitter:label1\" content=\"Skriven av\" \/>\n\t<meta name=\"twitter:data1\" content=\"tyreso\" \/>\n\t<meta name=\"twitter:label2\" content=\"Ber\u00e4knad l\u00e4stid\" \/>\n\t<meta name=\"twitter:data2\" content=\"1 minut\" \/>\n<script type=\"application\/ld+json\" class=\"yoast-schema-graph\">{\"@context\":\"https:\\\/\\\/schema.org\",\"@graph\":[{\"@type\":\"Article\",\"@id\":\"https:\\\/\\\/wp.kristdemokraterna.se\\\/tyreso\\\/tyreso-en-oas-nara-storstaden\\\/#article\",\"isPartOf\":{\"@id\":\"https:\\\/\\\/wp.kristdemokraterna.se\\\/tyreso\\\/tyreso-en-oas-nara-storstaden\\\/\"},\"author\":{\"name\":\"tyreso\",\"@id\":\"https:\\\/\\\/wp.kristdemokraterna.se\\\/tyreso\\\/#\\\/schema\\\/person\\\/3e7d76fa0f5c4996308a0a636056d6c5\"},\"headline\":\"Tyres\u00f6, en oas n\u00e4ra storstaden\",\"datePublished\":\"2021-05-10T06:37:48+00:00\",\"mainEntityOfPage\":{\"@id\":\"https:\\\/\\\/wp.kristdemokraterna.se\\\/tyreso\\\/tyreso-en-oas-nara-storstaden\\\/\"},\"wordCount\":91,\"articleSection\":[\"Artiklar\",\"Bost\u00e4der\",\"Inl\u00e4gg\",\"Stadsbyggnad\"],\"inLanguage\":\"sv-SE\"},{\"@type\":\"WebPage\",\"@id\":\"https:\\\/\\\/wp.kristdemokraterna.se\\\/tyreso\\\/tyreso-en-oas-nara-storstaden\\\/\",\"url\":\"https:\\\/\\\/wp.kristdemokraterna.se\\\/tyreso\\\/tyreso-en-oas-nara-storstaden\\\/\",\"name\":\"Tyres\u00f6, en oas n\u00e4ra storstaden - Kristdemokraterna Tyres\u00f6\",\"isPartOf\":{\"@id\":\"https:\\\/\\\/wp.kristdemokraterna.se\\\/tyreso\\\/#website\"},\"datePublished\":\"2021-05-10T06:37:48+00:00\",\"author\":{\"@id\":\"https:\\\/\\\/wp.kristdemokraterna.se\\\/tyreso\\\/#\\\/schema\\\/person\\\/3e7d76fa0f5c4996308a0a636056d6c5\"},\"breadcrumb\":{\"@id\":\"https:\\\/\\\/wp.kristdemokraterna.se\\\/tyreso\\\/tyreso-en-oas-nara-storstaden\\\/#breadcrumb\"},\"inLanguage\":\"sv-SE\",\"potentialAction\":[{\"@type\":\"ReadAction\",\"target\":[\"https:\\\/\\\/wp.kristdemokraterna.se\\\/tyreso\\\/tyreso-en-oas-nara-storstaden\\\/\"]}]},{\"@type\":\"BreadcrumbList\",\"@id\":\"https:\\\/\\\/wp.kristdemokraterna.se\\\/tyreso\\\/tyreso-en-oas-nara-storstaden\\\/#breadcrumb\",\"itemListElement\":[{\"@type\":\"ListItem\",\"position\":1,\"name\":\"Hem\",\"item\":\"https:\\\/\\\/wp.kristdemokraterna.se\\\/tyreso\\\/\"},{\"@type\":\"ListItem\",\"position\":2,\"name\":\"Tyres\u00f6, en oas n\u00e4ra storstaden\"}]},{\"@type\":\"WebSite\",\"@id\":\"https:\\\/\\\/wp.kristdemokraterna.se\\\/tyreso\\\/#website\",\"url\":\"https:\\\/\\\/wp.kristdemokraterna.se\\\/tyreso\\\/\",\"name\":\"Kristdemokraterna Tyres\u00f6\",\"description\":\"\",\"inLanguage\":\"sv-SE\"},{\"@type\":\"Person\",\"@id\":\"https:\\\/\\\/wp.kristdemokraterna.se\\\/tyreso\\\/#\\\/schema\\\/person\\\/3e7d76fa0f5c4996308a0a636056d6c5\",\"name\":\"tyreso\",\"image\":{\"@type\":\"ImageObject\",\"inLanguage\":\"sv-SE\",\"@id\":\"https:\\\/\\\/secure.gravatar.com\\\/avatar\\\/f60f761639a269aae348dce7665f49bfe9f0b021d1bada09d95aaa9c66ef6215?s=96&d=mm&r=g\",\"url\":\"https:\\\/\\\/secure.gravatar.com\\\/avatar\\\/f60f761639a269aae348dce7665f49bfe9f0b021d1bada09d95aaa9c66ef6215?s=96&d=mm&r=g\",\"contentUrl\":\"https:\\\/\\\/secure.gravatar.com\\\/avatar\\\/f60f761639a269aae348dce7665f49bfe9f0b021d1bada09d95aaa9c66ef6215?s=96&d=mm&r=g\",\"caption\":\"tyreso\"},\"url\":\"https:\\\/\\\/wp.kristdemokraterna.se\\\/tyreso\\\/author\\\/tyreso\\\/\"}]}<\/script>\n<!-- \/ Yoast SEO plugin. -->","yoast_head_json":{"title":"Tyres\u00f6, en oas n\u00e4ra storstaden - Kristdemokraterna Tyres\u00f6","robots":{"index":"index","follow":"follow","max-snippet":"max-snippet:-1","max-image-preview":"max-image-preview:large","max-video-preview":"max-video-preview:-1"},"canonical":"https:\/\/wp.kristdemokraterna.se\/tyreso\/tyreso-en-oas-nara-storstaden\/","og_locale":"sv_SE","og_type":"article","og_title":"Tyres\u00f6, en oas n\u00e4ra storstaden - Kristdemokraterna Tyres\u00f6","og_description":"Vi Kristdemokrater tycker att Tyres\u00f6 skall f\u00f6rknippas med den idylliska tr\u00e4dg\u00e5rdsstaden med l\u00e5gm\u00e4ld bebyggelse och\u00a0 inte med en betongf\u00f6rort. Vi vill se flera sm\u00e5hus, radhus, stadsvillor och \u201dvanliga\u201d villor. Naturligtvis skall det \u00e4ven finnas flerfamiljshus och p\u00e5 n\u00e5gra f\u00e5 st\u00e4llen, t.ex. Tyres\u00f6 centrum kan det f\u00e5 vara lite h\u00f6gre hus. F\u00f6r \u00f6vrigt skall kommunen\u00a0 pr\u00e4glas Read More","og_url":"https:\/\/wp.kristdemokraterna.se\/tyreso\/tyreso-en-oas-nara-storstaden\/","og_site_name":"Kristdemokraterna Tyres\u00f6","article_published_time":"2021-05-10T06:37:48+00:00","author":"tyreso","twitter_card":"summary_large_image","twitter_misc":{"Skriven av":"tyreso","Ber\u00e4knad l\u00e4stid":"1 minut"},"schema":{"@context":"https:\/\/schema.org","@graph":[{"@type":"Article","@id":"https:\/\/wp.kristdemokraterna.se\/tyreso\/tyreso-en-oas-nara-storstaden\/#article","isPartOf":{"@id":"https:\/\/wp.kristdemokraterna.se\/tyreso\/tyreso-en-oas-nara-storstaden\/"},"author":{"name":"tyreso","@id":"https:\/\/wp.kristdemokraterna.se\/tyreso\/#\/schema\/person\/3e7d76fa0f5c4996308a0a636056d6c5"},"headline":"Tyres\u00f6, en oas n\u00e4ra storstaden","datePublished":"2021-05-10T06:37:48+00:00","mainEntityOfPage":{"@id":"https:\/\/wp.kristdemokraterna.se\/tyreso\/tyreso-en-oas-nara-storstaden\/"},"wordCount":91,"articleSection":["Artiklar","Bost\u00e4der","Inl\u00e4gg","Stadsbyggnad"],"inLanguage":"sv-SE"},{"@type":"WebPage","@id":"https:\/\/wp.kristdemokraterna.se\/tyreso\/tyreso-en-oas-nara-storstaden\/","url":"https:\/\/wp.kristdemokraterna.se\/tyreso\/tyreso-en-oas-nara-storstaden\/","name":"Tyres\u00f6, en oas n\u00e4ra storstaden - Kristdemokraterna Tyres\u00f6","isPartOf":{"@id":"https:\/\/wp.kristdemokraterna.se\/tyreso\/#website"},"datePublished":"2021-05-10T06:37:48+00:00","author":{"@id":"https:\/\/wp.kristdemokraterna.se\/tyreso\/#\/schema\/person\/3e7d76fa0f5c4996308a0a636056d6c5"},"breadcrumb":{"@id":"https:\/\/wp.kristdemokraterna.se\/tyreso\/tyreso-en-oas-nara-storstaden\/#breadcrumb"},"inLanguage":"sv-SE","potentialAction":[{"@type":"ReadAction","target":["https:\/\/wp.kristdemokraterna.se\/tyreso\/tyreso-en-oas-nara-storstaden\/"]}]},{"@type":"BreadcrumbList","@id":"https:\/\/wp.kristdemokraterna.se\/tyreso\/tyreso-en-oas-nara-storstaden\/#breadcrumb","itemListElement":[{"@type":"ListItem","position":1,"name":"Hem","item":"https:\/\/wp.kristdemokraterna.se\/tyreso\/"},{"@type":"ListItem","position":2,"name":"Tyres\u00f6, en oas n\u00e4ra storstaden"}]},{"@type":"WebSite","@id":"https:\/\/wp.kristdemokraterna.se\/tyreso\/#website","url":"https:\/\/wp.kristdemokraterna.se\/tyreso\/","name":"Kristdemokraterna Tyres\u00f6","description":"","inLanguage":"sv-SE"},{"@type":"Person","@id":"https:\/\/wp.kristdemokraterna.se\/tyreso\/#\/schema\/person\/3e7d76fa0f5c4996308a0a636056d6c5","name":"tyreso","image":{"@type":"ImageObject","inLanguage":"sv-SE","@id":"https:\/\/secure.gravatar.com\/avatar\/f60f761639a269aae348dce7665f49bfe9f0b021d1bada09d95aaa9c66ef6215?s=96&d=mm&r=g","url":"https:\/\/secure.gravatar.com\/avatar\/f60f761639a269aae348dce7665f49bfe9f0b021d1bada09d95aaa9c66ef6215?s=96&d=mm&r=g","contentUrl":"https:\/\/secure.gravatar.com\/avatar\/f60f761639a269aae348dce7665f49bfe9f0b021d1bada09d95aaa9c66ef6215?s=96&d=mm&r=g","caption":"tyreso"},"url":"https:\/\/wp.kristdemokraterna.se\/tyreso\/author\/tyreso\/"}]}},"_links":{"self":[{"href":"https:\/\/wp.kristdemokraterna.se\/tyreso\/wp-json\/wp\/v2\/posts\/1300","targetHints":{"allow":["GET"]}}],"collection":[{"href":"https:\/\/wp.kristdemokraterna.se\/tyreso\/wp-json\/wp\/v2\/posts"}],"about":[{"href":"https:\/\/wp.kristdemokraterna.se\/tyreso\/wp-json\/wp\/v2\/types\/post"}],"author":[{"embeddable":true,"href":"https:\/\/wp.kristdemokraterna.se\/tyreso\/wp-json\/wp\/v2\/users\/644"}],"replies":[{"embeddable":true,"href":"https:\/\/wp.kristdemokraterna.se\/tyreso\/wp-json\/wp\/v2\/comments?post=1300"}],"version-history":[{"count":1,"href":"https:\/\/wp.kristdemokraterna.se\/tyreso\/wp-json\/wp\/v2\/posts\/1300\/revisions"}],"predecessor-version":[{"id":1301,"href":"https:\/\/wp.kristdemokraterna.se\/tyreso\/wp-json\/wp\/v2\/posts\/1300\/revisions\/1301"}],"wp:attachment":[{"href":"https:\/\/wp.kristdemokraterna.se\/tyreso\/wp-json\/wp\/v2\/media?parent=1300"}],"wp:term":[{"taxonomy":"category","embeddable":true,"href":"https:\/\/wp.kristdemokraterna.se\/tyreso\/wp-json\/wp\/v2\/categories?post=1300"},{"taxonomy":"post_tag","embeddable":true,"href":"https:\/\/wp.kristdemokraterna.se\/tyreso\/wp-json\/wp\/v2\/tags?post=1300"}],"curies":[{"name":"wp","href":"https:\/\/api.w.org\/{rel}","templated":true}]}}