{"id":1312,"date":"2021-07-02T11:42:47","date_gmt":"2021-07-02T09:42:47","guid":{"rendered":"https:\/\/wp.kristdemokraterna.se\/tyreso\/?p=1312"},"modified":"2021-07-07T14:09:01","modified_gmt":"2021-07-07T12:09:01","slug":"alby-naturreservat-2","status":"publish","type":"post","link":"https:\/\/wp.kristdemokraterna.se\/tyreso\/alby-naturreservat-2\/","title":{"rendered":"Alby naturreservat"},"content":{"rendered":"<p>Det \u00e4r v\u00e4l en underdrift att s\u00e4ga att det \u00e4r nyhetstorka p\u00e5 det politiska omr\u00e5det denna sommar med regeringskris, s\u00e5 det \u00e4r med viss reservation vi f\u00f6r ett tag l\u00e4mnar politiken p\u00e5 v\u00e5ra sociala medier och ist\u00e4llet presenterar v\u00e5ra naturreservat i Tyres\u00f6, en repris fr\u00e5n 2019.\u00a0 Kanske f\u00e5r vi g\u00f6ra ett avbrott.<\/p>\n<p>Alby \u00e4r nog det mest k\u00e4nda och anv\u00e4nda naturreservatet i Tyres\u00f6. H\u00e4r finns b\u00e5de Alby friluftsg\u00e5rd, Uddby bondg\u00e5rd, Ahlstorp och Kolardammarna.<\/p>\n<p>Alby friluftsg\u00e5rd lockar bes\u00f6kare b\u00e5de sommar och vinter. Albysj\u00f6n lockar med bad p\u00e5 sommaren och skridsko\u00e5kning p\u00e5 vintern. I reservatet finns elbelysta l\u00f6parsp\u00e5r och om vintern erbjuder sn\u00f6 s\u00e5 dras h\u00e4r skidsp\u00e5r. Det finns \u00e4ven utomhusgym och en frisbeegolf.<\/p>\n<p>Uddby g\u00e5rd \u00e4r en bondg\u00e5rd \u201dmitt i stan\u201d. G\u00e5rden har m\u00e5nga olika djur, vilket kanske fr\u00e4mst lockar barnfamiljer till ett bes\u00f6k.<\/p>\n<p>Ahlstorp fungerade under stora delar av 1700- och 1800-talen som torp \u00e5t en b\u00e5tsman. (B\u00e5tsman var en soldat till sj\u00f6ss.)<\/p>\n<p>Kolardammarna skapades f\u00f6r att rena vattnet fr\u00e5n Fnyskb\u00e4cken men har \u00e4ven blivit ett vackert omr\u00e5de i naturreservatet.<\/p>\n<p>F\u00f6r att se alla bilderna g\u00e5 till:<\/p>\n<p><a href=\"https:\/\/www.facebook.com\/KDTyreso\/photos\/pcb.3908506892610166\/3908504955943693\/\">https:\/\/www.facebook.com\/KDTyreso\/photos\/pcb.3908506892610166\/3908504955943693\/<\/a><\/p>\n<p>&nbsp;<\/p>\n","protected":false},"excerpt":{"rendered":"<p>Det \u00e4r v\u00e4l en underdrift att s\u00e4ga att det \u00e4r nyhetstorka p\u00e5 det politiska omr\u00e5det denna sommar med regeringskris, s\u00e5 det \u00e4r med viss reservation vi f\u00f6r ett tag l\u00e4mnar politiken p\u00e5 v\u00e5ra sociala medier och ist\u00e4llet presenterar v\u00e5ra naturreservat i Tyres\u00f6, en repris fr\u00e5n 2019.\u00a0 Kanske f\u00e5r vi g\u00f6ra ett avbrott. Alby \u00e4r nog <a class=\"read-more-link\" href=\"https:\/\/wp.kristdemokraterna.se\/tyreso\/alby-naturreservat-2\/\">Read More<\/a><\/p>\n","protected":false},"author":644,"featured_media":0,"comment_status":"closed","ping_status":"closed","sticky":false,"template":"","format":"standard","meta":{"_acf_changed":false,"footnotes":""},"categories":[1,15,10],"tags":[],"class_list":["post-1312","post","type-post","status-publish","format-standard","hentry","category-okategoriserade","category-inlagg","category-natur"],"acf":[],"yoast_head":"<!-- This site is optimized with the Yoast SEO plugin v27.4 - https:\/\/yoast.com\/product\/yoast-seo-wordpress\/ -->\n<title>Alby naturreservat - Kristdemokraterna Tyres\u00f6<\/title>\n<meta name=\"robots\" content=\"index, follow, max-snippet:-1, max-image-preview:large, max-video-preview:-1\" \/>\n<link rel=\"canonical\" href=\"https:\/\/wp.kristdemokraterna.se\/tyreso\/alby-naturreservat-2\/\" \/>\n<meta property=\"og:locale\" content=\"sv_SE\" \/>\n<meta property=\"og:type\" content=\"article\" \/>\n<meta property=\"og:title\" content=\"Alby naturreservat - Kristdemokraterna Tyres\u00f6\" \/>\n<meta property=\"og:description\" content=\"Det \u00e4r v\u00e4l en underdrift att s\u00e4ga att det \u00e4r nyhetstorka p\u00e5 det politiska omr\u00e5det denna sommar med regeringskris, s\u00e5 det \u00e4r med viss reservation vi f\u00f6r ett tag l\u00e4mnar politiken p\u00e5 v\u00e5ra sociala medier och ist\u00e4llet presenterar v\u00e5ra naturreservat i Tyres\u00f6, en repris fr\u00e5n 2019.\u00a0 Kanske f\u00e5r vi g\u00f6ra ett avbrott. Alby \u00e4r nog Read More\" \/>\n<meta property=\"og:url\" content=\"https:\/\/wp.kristdemokraterna.se\/tyreso\/alby-naturreservat-2\/\" \/>\n<meta property=\"og:site_name\" content=\"Kristdemokraterna Tyres\u00f6\" \/>\n<meta property=\"article:published_time\" content=\"2021-07-02T09:42:47+00:00\" \/>\n<meta property=\"article:modified_time\" content=\"2021-07-07T12:09:01+00:00\" \/>\n<meta name=\"author\" content=\"tyreso\" \/>\n<meta name=\"twitter:card\" content=\"summary_large_image\" \/>\n<meta name=\"twitter:label1\" content=\"Skriven av\" \/>\n\t<meta name=\"twitter:data1\" content=\"tyreso\" \/>\n\t<meta name=\"twitter:label2\" content=\"Ber\u00e4knad l\u00e4stid\" \/>\n\t<meta name=\"twitter:data2\" content=\"1 minut\" \/>\n<script type=\"application\/ld+json\" class=\"yoast-schema-graph\">{\"@context\":\"https:\\\/\\\/schema.org\",\"@graph\":[{\"@type\":\"Article\",\"@id\":\"https:\\\/\\\/wp.kristdemokraterna.se\\\/tyreso\\\/alby-naturreservat-2\\\/#article\",\"isPartOf\":{\"@id\":\"https:\\\/\\\/wp.kristdemokraterna.se\\\/tyreso\\\/alby-naturreservat-2\\\/\"},\"author\":{\"name\":\"tyreso\",\"@id\":\"https:\\\/\\\/wp.kristdemokraterna.se\\\/tyreso\\\/#\\\/schema\\\/person\\\/3e7d76fa0f5c4996308a0a636056d6c5\"},\"headline\":\"Alby naturreservat\",\"datePublished\":\"2021-07-02T09:42:47+00:00\",\"dateModified\":\"2021-07-07T12:09:01+00:00\",\"mainEntityOfPage\":{\"@id\":\"https:\\\/\\\/wp.kristdemokraterna.se\\\/tyreso\\\/alby-naturreservat-2\\\/\"},\"wordCount\":226,\"articleSection\":[\"Artiklar\",\"Inl\u00e4gg\",\"Natur\"],\"inLanguage\":\"sv-SE\"},{\"@type\":\"WebPage\",\"@id\":\"https:\\\/\\\/wp.kristdemokraterna.se\\\/tyreso\\\/alby-naturreservat-2\\\/\",\"url\":\"https:\\\/\\\/wp.kristdemokraterna.se\\\/tyreso\\\/alby-naturreservat-2\\\/\",\"name\":\"Alby naturreservat - Kristdemokraterna Tyres\u00f6\",\"isPartOf\":{\"@id\":\"https:\\\/\\\/wp.kristdemokraterna.se\\\/tyreso\\\/#website\"},\"datePublished\":\"2021-07-02T09:42:47+00:00\",\"dateModified\":\"2021-07-07T12:09:01+00:00\",\"author\":{\"@id\":\"https:\\\/\\\/wp.kristdemokraterna.se\\\/tyreso\\\/#\\\/schema\\\/person\\\/3e7d76fa0f5c4996308a0a636056d6c5\"},\"breadcrumb\":{\"@id\":\"https:\\\/\\\/wp.kristdemokraterna.se\\\/tyreso\\\/alby-naturreservat-2\\\/#breadcrumb\"},\"inLanguage\":\"sv-SE\",\"potentialAction\":[{\"@type\":\"ReadAction\",\"target\":[\"https:\\\/\\\/wp.kristdemokraterna.se\\\/tyreso\\\/alby-naturreservat-2\\\/\"]}]},{\"@type\":\"BreadcrumbList\",\"@id\":\"https:\\\/\\\/wp.kristdemokraterna.se\\\/tyreso\\\/alby-naturreservat-2\\\/#breadcrumb\",\"itemListElement\":[{\"@type\":\"ListItem\",\"position\":1,\"name\":\"Hem\",\"item\":\"https:\\\/\\\/wp.kristdemokraterna.se\\\/tyreso\\\/\"},{\"@type\":\"ListItem\",\"position\":2,\"name\":\"Alby naturreservat\"}]},{\"@type\":\"WebSite\",\"@id\":\"https:\\\/\\\/wp.kristdemokraterna.se\\\/tyreso\\\/#website\",\"url\":\"https:\\\/\\\/wp.kristdemokraterna.se\\\/tyreso\\\/\",\"name\":\"Kristdemokraterna Tyres\u00f6\",\"description\":\"\",\"inLanguage\":\"sv-SE\"},{\"@type\":\"Person\",\"@id\":\"https:\\\/\\\/wp.kristdemokraterna.se\\\/tyreso\\\/#\\\/schema\\\/person\\\/3e7d76fa0f5c4996308a0a636056d6c5\",\"name\":\"tyreso\",\"image\":{\"@type\":\"ImageObject\",\"inLanguage\":\"sv-SE\",\"@id\":\"https:\\\/\\\/secure.gravatar.com\\\/avatar\\\/f60f761639a269aae348dce7665f49bfe9f0b021d1bada09d95aaa9c66ef6215?s=96&d=mm&r=g\",\"url\":\"https:\\\/\\\/secure.gravatar.com\\\/avatar\\\/f60f761639a269aae348dce7665f49bfe9f0b021d1bada09d95aaa9c66ef6215?s=96&d=mm&r=g\",\"contentUrl\":\"https:\\\/\\\/secure.gravatar.com\\\/avatar\\\/f60f761639a269aae348dce7665f49bfe9f0b021d1bada09d95aaa9c66ef6215?s=96&d=mm&r=g\",\"caption\":\"tyreso\"},\"url\":\"https:\\\/\\\/wp.kristdemokraterna.se\\\/tyreso\\\/author\\\/tyreso\\\/\"}]}<\/script>\n<!-- \/ Yoast SEO plugin. -->","yoast_head_json":{"title":"Alby naturreservat - Kristdemokraterna Tyres\u00f6","robots":{"index":"index","follow":"follow","max-snippet":"max-snippet:-1","max-image-preview":"max-image-preview:large","max-video-preview":"max-video-preview:-1"},"canonical":"https:\/\/wp.kristdemokraterna.se\/tyreso\/alby-naturreservat-2\/","og_locale":"sv_SE","og_type":"article","og_title":"Alby naturreservat - Kristdemokraterna Tyres\u00f6","og_description":"Det \u00e4r v\u00e4l en underdrift att s\u00e4ga att det \u00e4r nyhetstorka p\u00e5 det politiska omr\u00e5det denna sommar med regeringskris, s\u00e5 det \u00e4r med viss reservation vi f\u00f6r ett tag l\u00e4mnar politiken p\u00e5 v\u00e5ra sociala medier och ist\u00e4llet presenterar v\u00e5ra naturreservat i Tyres\u00f6, en repris fr\u00e5n 2019.\u00a0 Kanske f\u00e5r vi g\u00f6ra ett avbrott. Alby \u00e4r nog Read More","og_url":"https:\/\/wp.kristdemokraterna.se\/tyreso\/alby-naturreservat-2\/","og_site_name":"Kristdemokraterna Tyres\u00f6","article_published_time":"2021-07-02T09:42:47+00:00","article_modified_time":"2021-07-07T12:09:01+00:00","author":"tyreso","twitter_card":"summary_large_image","twitter_misc":{"Skriven av":"tyreso","Ber\u00e4knad l\u00e4stid":"1 minut"},"schema":{"@context":"https:\/\/schema.org","@graph":[{"@type":"Article","@id":"https:\/\/wp.kristdemokraterna.se\/tyreso\/alby-naturreservat-2\/#article","isPartOf":{"@id":"https:\/\/wp.kristdemokraterna.se\/tyreso\/alby-naturreservat-2\/"},"author":{"name":"tyreso","@id":"https:\/\/wp.kristdemokraterna.se\/tyreso\/#\/schema\/person\/3e7d76fa0f5c4996308a0a636056d6c5"},"headline":"Alby naturreservat","datePublished":"2021-07-02T09:42:47+00:00","dateModified":"2021-07-07T12:09:01+00:00","mainEntityOfPage":{"@id":"https:\/\/wp.kristdemokraterna.se\/tyreso\/alby-naturreservat-2\/"},"wordCount":226,"articleSection":["Artiklar","Inl\u00e4gg","Natur"],"inLanguage":"sv-SE"},{"@type":"WebPage","@id":"https:\/\/wp.kristdemokraterna.se\/tyreso\/alby-naturreservat-2\/","url":"https:\/\/wp.kristdemokraterna.se\/tyreso\/alby-naturreservat-2\/","name":"Alby naturreservat - Kristdemokraterna Tyres\u00f6","isPartOf":{"@id":"https:\/\/wp.kristdemokraterna.se\/tyreso\/#website"},"datePublished":"2021-07-02T09:42:47+00:00","dateModified":"2021-07-07T12:09:01+00:00","author":{"@id":"https:\/\/wp.kristdemokraterna.se\/tyreso\/#\/schema\/person\/3e7d76fa0f5c4996308a0a636056d6c5"},"breadcrumb":{"@id":"https:\/\/wp.kristdemokraterna.se\/tyreso\/alby-naturreservat-2\/#breadcrumb"},"inLanguage":"sv-SE","potentialAction":[{"@type":"ReadAction","target":["https:\/\/wp.kristdemokraterna.se\/tyreso\/alby-naturreservat-2\/"]}]},{"@type":"BreadcrumbList","@id":"https:\/\/wp.kristdemokraterna.se\/tyreso\/alby-naturreservat-2\/#breadcrumb","itemListElement":[{"@type":"ListItem","position":1,"name":"Hem","item":"https:\/\/wp.kristdemokraterna.se\/tyreso\/"},{"@type":"ListItem","position":2,"name":"Alby naturreservat"}]},{"@type":"WebSite","@id":"https:\/\/wp.kristdemokraterna.se\/tyreso\/#website","url":"https:\/\/wp.kristdemokraterna.se\/tyreso\/","name":"Kristdemokraterna Tyres\u00f6","description":"","inLanguage":"sv-SE"},{"@type":"Person","@id":"https:\/\/wp.kristdemokraterna.se\/tyreso\/#\/schema\/person\/3e7d76fa0f5c4996308a0a636056d6c5","name":"tyreso","image":{"@type":"ImageObject","inLanguage":"sv-SE","@id":"https:\/\/secure.gravatar.com\/avatar\/f60f761639a269aae348dce7665f49bfe9f0b021d1bada09d95aaa9c66ef6215?s=96&d=mm&r=g","url":"https:\/\/secure.gravatar.com\/avatar\/f60f761639a269aae348dce7665f49bfe9f0b021d1bada09d95aaa9c66ef6215?s=96&d=mm&r=g","contentUrl":"https:\/\/secure.gravatar.com\/avatar\/f60f761639a269aae348dce7665f49bfe9f0b021d1bada09d95aaa9c66ef6215?s=96&d=mm&r=g","caption":"tyreso"},"url":"https:\/\/wp.kristdemokraterna.se\/tyreso\/author\/tyreso\/"}]}},"_links":{"self":[{"href":"https:\/\/wp.kristdemokraterna.se\/tyreso\/wp-json\/wp\/v2\/posts\/1312","targetHints":{"allow":["GET"]}}],"collection":[{"href":"https:\/\/wp.kristdemokraterna.se\/tyreso\/wp-json\/wp\/v2\/posts"}],"about":[{"href":"https:\/\/wp.kristdemokraterna.se\/tyreso\/wp-json\/wp\/v2\/types\/post"}],"author":[{"embeddable":true,"href":"https:\/\/wp.kristdemokraterna.se\/tyreso\/wp-json\/wp\/v2\/users\/644"}],"replies":[{"embeddable":true,"href":"https:\/\/wp.kristdemokraterna.se\/tyreso\/wp-json\/wp\/v2\/comments?post=1312"}],"version-history":[{"count":2,"href":"https:\/\/wp.kristdemokraterna.se\/tyreso\/wp-json\/wp\/v2\/posts\/1312\/revisions"}],"predecessor-version":[{"id":1315,"href":"https:\/\/wp.kristdemokraterna.se\/tyreso\/wp-json\/wp\/v2\/posts\/1312\/revisions\/1315"}],"wp:attachment":[{"href":"https:\/\/wp.kristdemokraterna.se\/tyreso\/wp-json\/wp\/v2\/media?parent=1312"}],"wp:term":[{"taxonomy":"category","embeddable":true,"href":"https:\/\/wp.kristdemokraterna.se\/tyreso\/wp-json\/wp\/v2\/categories?post=1312"},{"taxonomy":"post_tag","embeddable":true,"href":"https:\/\/wp.kristdemokraterna.se\/tyreso\/wp-json\/wp\/v2\/tags?post=1312"}],"curies":[{"name":"wp","href":"https:\/\/api.w.org\/{rel}","templated":true}]}}