{"id":1329,"date":"2021-07-16T12:41:02","date_gmt":"2021-07-16T10:41:02","guid":{"rendered":"https:\/\/wp.kristdemokraterna.se\/tyreso\/?p=1329"},"modified":"2021-07-30T12:44:49","modified_gmt":"2021-07-30T10:44:49","slug":"sanningen-om-vara-politiska-motstandare-1","status":"publish","type":"post","link":"https:\/\/wp.kristdemokraterna.se\/tyreso\/sanningen-om-vara-politiska-motstandare-1\/","title":{"rendered":"Sanningen om v\u00e5ra politiska motst\u00e5ndare (1)\u00a0"},"content":{"rendered":"<p>Politik b\u00f6r kunna vara att sakligt diskutera olika \u00e5sikter \u2013 inte att avsiktligt missf\u00f6rst\u00e5, tro det s\u00e4msta om andra, angripa s\u00e5dant man hittat p\u00e5 att motst\u00e5ndaren tycker eller att anv\u00e4nda en on\u00f6digt elak retorik och frossa i motst\u00e5ndarnas eventuella felsteg. P\u00e5 riksplanet har tonl\u00e4get i politiken tyv\u00e4rr alltf\u00f6r ofta blivit otrevligt med en on\u00f6digt tillspetsad retorik. Inte bara mellan politiker utan \u00e4ven i sociala medier, p\u00e5 ledarsidor osv. Vi i Tyres\u00f6politiken kan f\u00f6rs\u00f6ka agera p\u00e5 ett b\u00e4ttre s\u00e4tt. D\u00e4rf\u00f6r t\u00e4nker vi i KD ber\u00e4tta sanningen om v\u00e5ra politiska motst\u00e5ndare h\u00e4r i kommunen. Vi b\u00f6rjar med socialdemokraterna.<\/p>\n<p>I Tyres\u00f6 \u00e4r sedan f\u00f6rra valet Anita Mattson kommunstyrelsens ordf\u00f6rande och Anders Linder kommunfullm\u00e4ktiges ordf\u00f6rande. B\u00e5da \u00e4r Socialdemokrater och vi Kristdemokrater tillh\u00f6r oppositionen. Anita och Anders sk\u00f6ter sina uppdrag ett bra s\u00e4tt. De leder sammantr\u00e4den p\u00e5 ett positivt och konstruktivt s\u00e4tt som ger utrymme f\u00f6r olika \u00e5sikter. P\u00e5 s\u00e5 s\u00e4tt bidrar de till att st\u00e4rka den lokala demokratin och uppr\u00e4tth\u00e5lla f\u00f6rtroendet f\u00f6r den svenska politiska modellen. Vi och Socialdemokraterna har olika uppfattningar kring flera fr\u00e5gor, men vi \u00e4r \u00f6vertygande om att de precis som vi vill det b\u00e4sta f\u00f6r kommunens medborgare. Vi tror att Tyres\u00f6 skulle bli en j\u00e4ttetrevlig kommun om v\u00e5r politik genomf\u00f6rdes, men vi tycker att det \u00e4r en trevlig kommun ocks\u00e5 n\u00e4r socialdemokraternas politik dominerar.<\/p>\n<p>Socialdemokraterna med Anita och Anders i spetsen \u00e4r ett seri\u00f6st och ansvarstagande parti som vi respekterar och uppskattar som kollegor och motst\u00e5ndare i kommunpolitiken.<\/p>\n","protected":false},"excerpt":{"rendered":"<p>Politik b\u00f6r kunna vara att sakligt diskutera olika \u00e5sikter \u2013 inte att avsiktligt missf\u00f6rst\u00e5, tro det s\u00e4msta om andra, angripa s\u00e5dant man hittat p\u00e5 att motst\u00e5ndaren tycker eller att anv\u00e4nda en on\u00f6digt elak retorik och frossa i motst\u00e5ndarnas eventuella felsteg. P\u00e5 riksplanet har tonl\u00e4get i politiken tyv\u00e4rr alltf\u00f6r ofta blivit otrevligt med en on\u00f6digt tillspetsad <a class=\"read-more-link\" href=\"https:\/\/wp.kristdemokraterna.se\/tyreso\/sanningen-om-vara-politiska-motstandare-1\/\">Read More<\/a><\/p>\n","protected":false},"author":644,"featured_media":0,"comment_status":"closed","ping_status":"closed","sticky":false,"template":"","format":"standard","meta":{"_acf_changed":false,"footnotes":""},"categories":[1,15],"tags":[],"class_list":["post-1329","post","type-post","status-publish","format-standard","hentry","category-okategoriserade","category-inlagg"],"acf":[],"yoast_head":"<!-- This site is optimized with the Yoast SEO plugin v27.4 - https:\/\/yoast.com\/product\/yoast-seo-wordpress\/ -->\n<title>Sanningen om v\u00e5ra politiska motst\u00e5ndare (1)\u00a0 - Kristdemokraterna Tyres\u00f6<\/title>\n<meta name=\"robots\" content=\"index, follow, max-snippet:-1, max-image-preview:large, max-video-preview:-1\" \/>\n<link rel=\"canonical\" href=\"https:\/\/wp.kristdemokraterna.se\/tyreso\/sanningen-om-vara-politiska-motstandare-1\/\" \/>\n<meta property=\"og:locale\" content=\"sv_SE\" \/>\n<meta property=\"og:type\" content=\"article\" \/>\n<meta property=\"og:title\" content=\"Sanningen om v\u00e5ra politiska motst\u00e5ndare (1)\u00a0 - Kristdemokraterna Tyres\u00f6\" \/>\n<meta property=\"og:description\" content=\"Politik b\u00f6r kunna vara att sakligt diskutera olika \u00e5sikter \u2013 inte att avsiktligt missf\u00f6rst\u00e5, tro det s\u00e4msta om andra, angripa s\u00e5dant man hittat p\u00e5 att motst\u00e5ndaren tycker eller att anv\u00e4nda en on\u00f6digt elak retorik och frossa i motst\u00e5ndarnas eventuella felsteg. P\u00e5 riksplanet har tonl\u00e4get i politiken tyv\u00e4rr alltf\u00f6r ofta blivit otrevligt med en on\u00f6digt tillspetsad Read More\" \/>\n<meta property=\"og:url\" content=\"https:\/\/wp.kristdemokraterna.se\/tyreso\/sanningen-om-vara-politiska-motstandare-1\/\" \/>\n<meta property=\"og:site_name\" content=\"Kristdemokraterna Tyres\u00f6\" \/>\n<meta property=\"article:published_time\" content=\"2021-07-16T10:41:02+00:00\" \/>\n<meta property=\"article:modified_time\" content=\"2021-07-30T10:44:49+00:00\" \/>\n<meta name=\"author\" content=\"tyreso\" \/>\n<meta name=\"twitter:card\" content=\"summary_large_image\" \/>\n<meta name=\"twitter:label1\" content=\"Skriven av\" \/>\n\t<meta name=\"twitter:data1\" content=\"tyreso\" \/>\n\t<meta name=\"twitter:label2\" content=\"Ber\u00e4knad l\u00e4stid\" \/>\n\t<meta name=\"twitter:data2\" content=\"2 minuter\" \/>\n<script type=\"application\/ld+json\" class=\"yoast-schema-graph\">{\"@context\":\"https:\\\/\\\/schema.org\",\"@graph\":[{\"@type\":\"Article\",\"@id\":\"https:\\\/\\\/wp.kristdemokraterna.se\\\/tyreso\\\/sanningen-om-vara-politiska-motstandare-1\\\/#article\",\"isPartOf\":{\"@id\":\"https:\\\/\\\/wp.kristdemokraterna.se\\\/tyreso\\\/sanningen-om-vara-politiska-motstandare-1\\\/\"},\"author\":{\"name\":\"tyreso\",\"@id\":\"https:\\\/\\\/wp.kristdemokraterna.se\\\/tyreso\\\/#\\\/schema\\\/person\\\/3e7d76fa0f5c4996308a0a636056d6c5\"},\"headline\":\"Sanningen om v\u00e5ra politiska motst\u00e5ndare (1)\u00a0\",\"datePublished\":\"2021-07-16T10:41:02+00:00\",\"dateModified\":\"2021-07-30T10:44:49+00:00\",\"mainEntityOfPage\":{\"@id\":\"https:\\\/\\\/wp.kristdemokraterna.se\\\/tyreso\\\/sanningen-om-vara-politiska-motstandare-1\\\/\"},\"wordCount\":295,\"articleSection\":[\"Artiklar\",\"Inl\u00e4gg\"],\"inLanguage\":\"sv-SE\"},{\"@type\":\"WebPage\",\"@id\":\"https:\\\/\\\/wp.kristdemokraterna.se\\\/tyreso\\\/sanningen-om-vara-politiska-motstandare-1\\\/\",\"url\":\"https:\\\/\\\/wp.kristdemokraterna.se\\\/tyreso\\\/sanningen-om-vara-politiska-motstandare-1\\\/\",\"name\":\"Sanningen om v\u00e5ra politiska motst\u00e5ndare (1)\u00a0 - Kristdemokraterna Tyres\u00f6\",\"isPartOf\":{\"@id\":\"https:\\\/\\\/wp.kristdemokraterna.se\\\/tyreso\\\/#website\"},\"datePublished\":\"2021-07-16T10:41:02+00:00\",\"dateModified\":\"2021-07-30T10:44:49+00:00\",\"author\":{\"@id\":\"https:\\\/\\\/wp.kristdemokraterna.se\\\/tyreso\\\/#\\\/schema\\\/person\\\/3e7d76fa0f5c4996308a0a636056d6c5\"},\"breadcrumb\":{\"@id\":\"https:\\\/\\\/wp.kristdemokraterna.se\\\/tyreso\\\/sanningen-om-vara-politiska-motstandare-1\\\/#breadcrumb\"},\"inLanguage\":\"sv-SE\",\"potentialAction\":[{\"@type\":\"ReadAction\",\"target\":[\"https:\\\/\\\/wp.kristdemokraterna.se\\\/tyreso\\\/sanningen-om-vara-politiska-motstandare-1\\\/\"]}]},{\"@type\":\"BreadcrumbList\",\"@id\":\"https:\\\/\\\/wp.kristdemokraterna.se\\\/tyreso\\\/sanningen-om-vara-politiska-motstandare-1\\\/#breadcrumb\",\"itemListElement\":[{\"@type\":\"ListItem\",\"position\":1,\"name\":\"Hem\",\"item\":\"https:\\\/\\\/wp.kristdemokraterna.se\\\/tyreso\\\/\"},{\"@type\":\"ListItem\",\"position\":2,\"name\":\"Sanningen om v\u00e5ra politiska motst\u00e5ndare (1)\u00a0\"}]},{\"@type\":\"WebSite\",\"@id\":\"https:\\\/\\\/wp.kristdemokraterna.se\\\/tyreso\\\/#website\",\"url\":\"https:\\\/\\\/wp.kristdemokraterna.se\\\/tyreso\\\/\",\"name\":\"Kristdemokraterna Tyres\u00f6\",\"description\":\"\",\"inLanguage\":\"sv-SE\"},{\"@type\":\"Person\",\"@id\":\"https:\\\/\\\/wp.kristdemokraterna.se\\\/tyreso\\\/#\\\/schema\\\/person\\\/3e7d76fa0f5c4996308a0a636056d6c5\",\"name\":\"tyreso\",\"image\":{\"@type\":\"ImageObject\",\"inLanguage\":\"sv-SE\",\"@id\":\"https:\\\/\\\/secure.gravatar.com\\\/avatar\\\/f60f761639a269aae348dce7665f49bfe9f0b021d1bada09d95aaa9c66ef6215?s=96&d=mm&r=g\",\"url\":\"https:\\\/\\\/secure.gravatar.com\\\/avatar\\\/f60f761639a269aae348dce7665f49bfe9f0b021d1bada09d95aaa9c66ef6215?s=96&d=mm&r=g\",\"contentUrl\":\"https:\\\/\\\/secure.gravatar.com\\\/avatar\\\/f60f761639a269aae348dce7665f49bfe9f0b021d1bada09d95aaa9c66ef6215?s=96&d=mm&r=g\",\"caption\":\"tyreso\"},\"url\":\"https:\\\/\\\/wp.kristdemokraterna.se\\\/tyreso\\\/author\\\/tyreso\\\/\"}]}<\/script>\n<!-- \/ Yoast SEO plugin. -->","yoast_head_json":{"title":"Sanningen om v\u00e5ra politiska motst\u00e5ndare (1)\u00a0 - Kristdemokraterna Tyres\u00f6","robots":{"index":"index","follow":"follow","max-snippet":"max-snippet:-1","max-image-preview":"max-image-preview:large","max-video-preview":"max-video-preview:-1"},"canonical":"https:\/\/wp.kristdemokraterna.se\/tyreso\/sanningen-om-vara-politiska-motstandare-1\/","og_locale":"sv_SE","og_type":"article","og_title":"Sanningen om v\u00e5ra politiska motst\u00e5ndare (1)\u00a0 - Kristdemokraterna Tyres\u00f6","og_description":"Politik b\u00f6r kunna vara att sakligt diskutera olika \u00e5sikter \u2013 inte att avsiktligt missf\u00f6rst\u00e5, tro det s\u00e4msta om andra, angripa s\u00e5dant man hittat p\u00e5 att motst\u00e5ndaren tycker eller att anv\u00e4nda en on\u00f6digt elak retorik och frossa i motst\u00e5ndarnas eventuella felsteg. P\u00e5 riksplanet har tonl\u00e4get i politiken tyv\u00e4rr alltf\u00f6r ofta blivit otrevligt med en on\u00f6digt tillspetsad Read More","og_url":"https:\/\/wp.kristdemokraterna.se\/tyreso\/sanningen-om-vara-politiska-motstandare-1\/","og_site_name":"Kristdemokraterna Tyres\u00f6","article_published_time":"2021-07-16T10:41:02+00:00","article_modified_time":"2021-07-30T10:44:49+00:00","author":"tyreso","twitter_card":"summary_large_image","twitter_misc":{"Skriven av":"tyreso","Ber\u00e4knad l\u00e4stid":"2 minuter"},"schema":{"@context":"https:\/\/schema.org","@graph":[{"@type":"Article","@id":"https:\/\/wp.kristdemokraterna.se\/tyreso\/sanningen-om-vara-politiska-motstandare-1\/#article","isPartOf":{"@id":"https:\/\/wp.kristdemokraterna.se\/tyreso\/sanningen-om-vara-politiska-motstandare-1\/"},"author":{"name":"tyreso","@id":"https:\/\/wp.kristdemokraterna.se\/tyreso\/#\/schema\/person\/3e7d76fa0f5c4996308a0a636056d6c5"},"headline":"Sanningen om v\u00e5ra politiska motst\u00e5ndare (1)\u00a0","datePublished":"2021-07-16T10:41:02+00:00","dateModified":"2021-07-30T10:44:49+00:00","mainEntityOfPage":{"@id":"https:\/\/wp.kristdemokraterna.se\/tyreso\/sanningen-om-vara-politiska-motstandare-1\/"},"wordCount":295,"articleSection":["Artiklar","Inl\u00e4gg"],"inLanguage":"sv-SE"},{"@type":"WebPage","@id":"https:\/\/wp.kristdemokraterna.se\/tyreso\/sanningen-om-vara-politiska-motstandare-1\/","url":"https:\/\/wp.kristdemokraterna.se\/tyreso\/sanningen-om-vara-politiska-motstandare-1\/","name":"Sanningen om v\u00e5ra politiska motst\u00e5ndare (1)\u00a0 - Kristdemokraterna Tyres\u00f6","isPartOf":{"@id":"https:\/\/wp.kristdemokraterna.se\/tyreso\/#website"},"datePublished":"2021-07-16T10:41:02+00:00","dateModified":"2021-07-30T10:44:49+00:00","author":{"@id":"https:\/\/wp.kristdemokraterna.se\/tyreso\/#\/schema\/person\/3e7d76fa0f5c4996308a0a636056d6c5"},"breadcrumb":{"@id":"https:\/\/wp.kristdemokraterna.se\/tyreso\/sanningen-om-vara-politiska-motstandare-1\/#breadcrumb"},"inLanguage":"sv-SE","potentialAction":[{"@type":"ReadAction","target":["https:\/\/wp.kristdemokraterna.se\/tyreso\/sanningen-om-vara-politiska-motstandare-1\/"]}]},{"@type":"BreadcrumbList","@id":"https:\/\/wp.kristdemokraterna.se\/tyreso\/sanningen-om-vara-politiska-motstandare-1\/#breadcrumb","itemListElement":[{"@type":"ListItem","position":1,"name":"Hem","item":"https:\/\/wp.kristdemokraterna.se\/tyreso\/"},{"@type":"ListItem","position":2,"name":"Sanningen om v\u00e5ra politiska motst\u00e5ndare (1)\u00a0"}]},{"@type":"WebSite","@id":"https:\/\/wp.kristdemokraterna.se\/tyreso\/#website","url":"https:\/\/wp.kristdemokraterna.se\/tyreso\/","name":"Kristdemokraterna Tyres\u00f6","description":"","inLanguage":"sv-SE"},{"@type":"Person","@id":"https:\/\/wp.kristdemokraterna.se\/tyreso\/#\/schema\/person\/3e7d76fa0f5c4996308a0a636056d6c5","name":"tyreso","image":{"@type":"ImageObject","inLanguage":"sv-SE","@id":"https:\/\/secure.gravatar.com\/avatar\/f60f761639a269aae348dce7665f49bfe9f0b021d1bada09d95aaa9c66ef6215?s=96&d=mm&r=g","url":"https:\/\/secure.gravatar.com\/avatar\/f60f761639a269aae348dce7665f49bfe9f0b021d1bada09d95aaa9c66ef6215?s=96&d=mm&r=g","contentUrl":"https:\/\/secure.gravatar.com\/avatar\/f60f761639a269aae348dce7665f49bfe9f0b021d1bada09d95aaa9c66ef6215?s=96&d=mm&r=g","caption":"tyreso"},"url":"https:\/\/wp.kristdemokraterna.se\/tyreso\/author\/tyreso\/"}]}},"_links":{"self":[{"href":"https:\/\/wp.kristdemokraterna.se\/tyreso\/wp-json\/wp\/v2\/posts\/1329","targetHints":{"allow":["GET"]}}],"collection":[{"href":"https:\/\/wp.kristdemokraterna.se\/tyreso\/wp-json\/wp\/v2\/posts"}],"about":[{"href":"https:\/\/wp.kristdemokraterna.se\/tyreso\/wp-json\/wp\/v2\/types\/post"}],"author":[{"embeddable":true,"href":"https:\/\/wp.kristdemokraterna.se\/tyreso\/wp-json\/wp\/v2\/users\/644"}],"replies":[{"embeddable":true,"href":"https:\/\/wp.kristdemokraterna.se\/tyreso\/wp-json\/wp\/v2\/comments?post=1329"}],"version-history":[{"count":1,"href":"https:\/\/wp.kristdemokraterna.se\/tyreso\/wp-json\/wp\/v2\/posts\/1329\/revisions"}],"predecessor-version":[{"id":1338,"href":"https:\/\/wp.kristdemokraterna.se\/tyreso\/wp-json\/wp\/v2\/posts\/1329\/revisions\/1338"}],"wp:attachment":[{"href":"https:\/\/wp.kristdemokraterna.se\/tyreso\/wp-json\/wp\/v2\/media?parent=1329"}],"wp:term":[{"taxonomy":"category","embeddable":true,"href":"https:\/\/wp.kristdemokraterna.se\/tyreso\/wp-json\/wp\/v2\/categories?post=1329"},{"taxonomy":"post_tag","embeddable":true,"href":"https:\/\/wp.kristdemokraterna.se\/tyreso\/wp-json\/wp\/v2\/tags?post=1329"}],"curies":[{"name":"wp","href":"https:\/\/api.w.org\/{rel}","templated":true}]}}