{"id":1351,"date":"2021-07-25T12:56:39","date_gmt":"2021-07-25T10:56:39","guid":{"rendered":"https:\/\/wp.kristdemokraterna.se\/tyreso\/?p=1351"},"modified":"2021-07-30T12:57:55","modified_gmt":"2021-07-30T10:57:55","slug":"sanningen-om-vara-politiska-motstandare-8","status":"publish","type":"post","link":"https:\/\/wp.kristdemokraterna.se\/tyreso\/sanningen-om-vara-politiska-motstandare-8\/","title":{"rendered":"Sanningen om v\u00e5ra politiska motst\u00e5ndare (8)"},"content":{"rendered":"<p>I en serie inl\u00e4gg under namnet \u201dSanningen om v\u00e5ra politiska motst\u00e5ndare\u201d har vi skrivit positiva saker om de andra partierna i kommunerna. \u00c4ven om partier som vi ofta \u00e4r oense med i sakfr\u00e5gor.<\/p>\n<p>Alf Svensson sa i en DN-intervju 25\/7 att han tror att folk \u00e4r tr\u00f6tta p\u00e5 politiker som \u201dbara pratar om hur bra man sj\u00e4lv \u00e4r och hur usla alla andra \u00e4r.\u201d Vi h\u00e5ller med och tycker det \u00e4r tr\u00e5kigt att det politiska samtalet i Sverige kommit att f\u00e5 s\u00e5 stora inslag av att avsiktligt missf\u00f6rst\u00e5, tro det s\u00e4msta om andra, angripa s\u00e5dant man hittat p\u00e5 att motst\u00e5ndaren tycker eller att anv\u00e4nda en on\u00f6digt elak retorik och frossa i motst\u00e5ndarnas eventuella felsteg. Det g\u00e4ller i politiska debatter men kanske \u00e4nnu mer i sociala medier mm. N\u00e4r det \u00e4r s\u00e5 kommer de som vill engagera sig i politiken att bli ett skevt urval av h\u00e5rdhudade personer. Det blir ocks\u00e5 sv\u00e5rt att f\u00f6ra konstruktiva samtal eftersom diskussionen blir svart och vit p\u00e5 ett s\u00e4tt som inte \u00e5terspeglar m\u00e5nga fr\u00e5gors komplexitet. Vi tror att den demokratiska tradition som varit s\u00e5 bra f\u00f6r v\u00e5rt land m\u00e5ste v\u00e5rdas. Genom bl a skola, civilsamh\u00e4llet och v\u00e4l fungerande samh\u00e4llsinstitutioner. Men ocks\u00e5 genom att vi politiker f\u00f6rs\u00f6ker s\u00e5 gott vi kan att inte dras med i den negativa spiralen.<\/p>\n<p>V\u00e5r sommarserie var v\u00e5r lilla \u00f6vning i att inte bara se andra partirepresentanter som politiska motst\u00e5ndare utan ocks\u00e5 som medskapare i den lokala demokratin och arbetet f\u00f6r att Tyres\u00f6 ska vara en av Sveriges b\u00e4sta kommuner att bo i. Vi kan ju inte b\u00f6rja med att klaga p\u00e5 att andra \u00e4r dumma mot oss utan att f\u00f6rst sj\u00e4lva till\u00e4mpa att allt vad vi vill att andra ska g\u00f6ra mot oss ska vi g\u00f6ra mot dem. En sk\u00f6n sommar till\u00f6nskar vi v\u00e5ra politiska motst\u00e5ndare och kollegor!<\/p>\n","protected":false},"excerpt":{"rendered":"<p>I en serie inl\u00e4gg under namnet \u201dSanningen om v\u00e5ra politiska motst\u00e5ndare\u201d har vi skrivit positiva saker om de andra partierna i kommunerna. \u00c4ven om partier som vi ofta \u00e4r oense med i sakfr\u00e5gor. Alf Svensson sa i en DN-intervju 25\/7 att han tror att folk \u00e4r tr\u00f6tta p\u00e5 politiker som \u201dbara pratar om hur bra <a class=\"read-more-link\" href=\"https:\/\/wp.kristdemokraterna.se\/tyreso\/sanningen-om-vara-politiska-motstandare-8\/\">Read More<\/a><\/p>\n","protected":false},"author":644,"featured_media":0,"comment_status":"closed","ping_status":"closed","sticky":false,"template":"","format":"standard","meta":{"_acf_changed":false,"footnotes":""},"categories":[1,15],"tags":[],"class_list":["post-1351","post","type-post","status-publish","format-standard","hentry","category-okategoriserade","category-inlagg"],"acf":[],"yoast_head":"<!-- This site is optimized with the Yoast SEO plugin v27.4 - https:\/\/yoast.com\/product\/yoast-seo-wordpress\/ -->\n<title>Sanningen om v\u00e5ra politiska motst\u00e5ndare (8) - Kristdemokraterna Tyres\u00f6<\/title>\n<meta name=\"robots\" content=\"index, follow, max-snippet:-1, max-image-preview:large, max-video-preview:-1\" \/>\n<link rel=\"canonical\" href=\"https:\/\/wp.kristdemokraterna.se\/tyreso\/sanningen-om-vara-politiska-motstandare-8\/\" \/>\n<meta property=\"og:locale\" content=\"sv_SE\" \/>\n<meta property=\"og:type\" content=\"article\" \/>\n<meta property=\"og:title\" content=\"Sanningen om v\u00e5ra politiska motst\u00e5ndare (8) - Kristdemokraterna Tyres\u00f6\" \/>\n<meta property=\"og:description\" content=\"I en serie inl\u00e4gg under namnet \u201dSanningen om v\u00e5ra politiska motst\u00e5ndare\u201d har vi skrivit positiva saker om de andra partierna i kommunerna. \u00c4ven om partier som vi ofta \u00e4r oense med i sakfr\u00e5gor. Alf Svensson sa i en DN-intervju 25\/7 att han tror att folk \u00e4r tr\u00f6tta p\u00e5 politiker som \u201dbara pratar om hur bra Read More\" \/>\n<meta property=\"og:url\" content=\"https:\/\/wp.kristdemokraterna.se\/tyreso\/sanningen-om-vara-politiska-motstandare-8\/\" \/>\n<meta property=\"og:site_name\" content=\"Kristdemokraterna Tyres\u00f6\" \/>\n<meta property=\"article:published_time\" content=\"2021-07-25T10:56:39+00:00\" \/>\n<meta property=\"article:modified_time\" content=\"2021-07-30T10:57:55+00:00\" \/>\n<meta name=\"author\" content=\"tyreso\" \/>\n<meta name=\"twitter:card\" content=\"summary_large_image\" \/>\n<meta name=\"twitter:label1\" content=\"Skriven av\" \/>\n\t<meta name=\"twitter:data1\" content=\"tyreso\" \/>\n\t<meta name=\"twitter:label2\" content=\"Ber\u00e4knad l\u00e4stid\" \/>\n\t<meta name=\"twitter:data2\" content=\"2 minuter\" \/>\n<script type=\"application\/ld+json\" class=\"yoast-schema-graph\">{\"@context\":\"https:\\\/\\\/schema.org\",\"@graph\":[{\"@type\":\"Article\",\"@id\":\"https:\\\/\\\/wp.kristdemokraterna.se\\\/tyreso\\\/sanningen-om-vara-politiska-motstandare-8\\\/#article\",\"isPartOf\":{\"@id\":\"https:\\\/\\\/wp.kristdemokraterna.se\\\/tyreso\\\/sanningen-om-vara-politiska-motstandare-8\\\/\"},\"author\":{\"name\":\"tyreso\",\"@id\":\"https:\\\/\\\/wp.kristdemokraterna.se\\\/tyreso\\\/#\\\/schema\\\/person\\\/3e7d76fa0f5c4996308a0a636056d6c5\"},\"headline\":\"Sanningen om v\u00e5ra politiska motst\u00e5ndare (8)\",\"datePublished\":\"2021-07-25T10:56:39+00:00\",\"dateModified\":\"2021-07-30T10:57:55+00:00\",\"mainEntityOfPage\":{\"@id\":\"https:\\\/\\\/wp.kristdemokraterna.se\\\/tyreso\\\/sanningen-om-vara-politiska-motstandare-8\\\/\"},\"wordCount\":351,\"articleSection\":[\"Artiklar\",\"Inl\u00e4gg\"],\"inLanguage\":\"sv-SE\"},{\"@type\":\"WebPage\",\"@id\":\"https:\\\/\\\/wp.kristdemokraterna.se\\\/tyreso\\\/sanningen-om-vara-politiska-motstandare-8\\\/\",\"url\":\"https:\\\/\\\/wp.kristdemokraterna.se\\\/tyreso\\\/sanningen-om-vara-politiska-motstandare-8\\\/\",\"name\":\"Sanningen om v\u00e5ra politiska motst\u00e5ndare (8) - Kristdemokraterna Tyres\u00f6\",\"isPartOf\":{\"@id\":\"https:\\\/\\\/wp.kristdemokraterna.se\\\/tyreso\\\/#website\"},\"datePublished\":\"2021-07-25T10:56:39+00:00\",\"dateModified\":\"2021-07-30T10:57:55+00:00\",\"author\":{\"@id\":\"https:\\\/\\\/wp.kristdemokraterna.se\\\/tyreso\\\/#\\\/schema\\\/person\\\/3e7d76fa0f5c4996308a0a636056d6c5\"},\"breadcrumb\":{\"@id\":\"https:\\\/\\\/wp.kristdemokraterna.se\\\/tyreso\\\/sanningen-om-vara-politiska-motstandare-8\\\/#breadcrumb\"},\"inLanguage\":\"sv-SE\",\"potentialAction\":[{\"@type\":\"ReadAction\",\"target\":[\"https:\\\/\\\/wp.kristdemokraterna.se\\\/tyreso\\\/sanningen-om-vara-politiska-motstandare-8\\\/\"]}]},{\"@type\":\"BreadcrumbList\",\"@id\":\"https:\\\/\\\/wp.kristdemokraterna.se\\\/tyreso\\\/sanningen-om-vara-politiska-motstandare-8\\\/#breadcrumb\",\"itemListElement\":[{\"@type\":\"ListItem\",\"position\":1,\"name\":\"Hem\",\"item\":\"https:\\\/\\\/wp.kristdemokraterna.se\\\/tyreso\\\/\"},{\"@type\":\"ListItem\",\"position\":2,\"name\":\"Sanningen om v\u00e5ra politiska motst\u00e5ndare (8)\"}]},{\"@type\":\"WebSite\",\"@id\":\"https:\\\/\\\/wp.kristdemokraterna.se\\\/tyreso\\\/#website\",\"url\":\"https:\\\/\\\/wp.kristdemokraterna.se\\\/tyreso\\\/\",\"name\":\"Kristdemokraterna Tyres\u00f6\",\"description\":\"\",\"inLanguage\":\"sv-SE\"},{\"@type\":\"Person\",\"@id\":\"https:\\\/\\\/wp.kristdemokraterna.se\\\/tyreso\\\/#\\\/schema\\\/person\\\/3e7d76fa0f5c4996308a0a636056d6c5\",\"name\":\"tyreso\",\"image\":{\"@type\":\"ImageObject\",\"inLanguage\":\"sv-SE\",\"@id\":\"https:\\\/\\\/secure.gravatar.com\\\/avatar\\\/f60f761639a269aae348dce7665f49bfe9f0b021d1bada09d95aaa9c66ef6215?s=96&d=mm&r=g\",\"url\":\"https:\\\/\\\/secure.gravatar.com\\\/avatar\\\/f60f761639a269aae348dce7665f49bfe9f0b021d1bada09d95aaa9c66ef6215?s=96&d=mm&r=g\",\"contentUrl\":\"https:\\\/\\\/secure.gravatar.com\\\/avatar\\\/f60f761639a269aae348dce7665f49bfe9f0b021d1bada09d95aaa9c66ef6215?s=96&d=mm&r=g\",\"caption\":\"tyreso\"},\"url\":\"https:\\\/\\\/wp.kristdemokraterna.se\\\/tyreso\\\/author\\\/tyreso\\\/\"}]}<\/script>\n<!-- \/ Yoast SEO plugin. -->","yoast_head_json":{"title":"Sanningen om v\u00e5ra politiska motst\u00e5ndare (8) - Kristdemokraterna Tyres\u00f6","robots":{"index":"index","follow":"follow","max-snippet":"max-snippet:-1","max-image-preview":"max-image-preview:large","max-video-preview":"max-video-preview:-1"},"canonical":"https:\/\/wp.kristdemokraterna.se\/tyreso\/sanningen-om-vara-politiska-motstandare-8\/","og_locale":"sv_SE","og_type":"article","og_title":"Sanningen om v\u00e5ra politiska motst\u00e5ndare (8) - Kristdemokraterna Tyres\u00f6","og_description":"I en serie inl\u00e4gg under namnet \u201dSanningen om v\u00e5ra politiska motst\u00e5ndare\u201d har vi skrivit positiva saker om de andra partierna i kommunerna. \u00c4ven om partier som vi ofta \u00e4r oense med i sakfr\u00e5gor. Alf Svensson sa i en DN-intervju 25\/7 att han tror att folk \u00e4r tr\u00f6tta p\u00e5 politiker som \u201dbara pratar om hur bra Read More","og_url":"https:\/\/wp.kristdemokraterna.se\/tyreso\/sanningen-om-vara-politiska-motstandare-8\/","og_site_name":"Kristdemokraterna Tyres\u00f6","article_published_time":"2021-07-25T10:56:39+00:00","article_modified_time":"2021-07-30T10:57:55+00:00","author":"tyreso","twitter_card":"summary_large_image","twitter_misc":{"Skriven av":"tyreso","Ber\u00e4knad l\u00e4stid":"2 minuter"},"schema":{"@context":"https:\/\/schema.org","@graph":[{"@type":"Article","@id":"https:\/\/wp.kristdemokraterna.se\/tyreso\/sanningen-om-vara-politiska-motstandare-8\/#article","isPartOf":{"@id":"https:\/\/wp.kristdemokraterna.se\/tyreso\/sanningen-om-vara-politiska-motstandare-8\/"},"author":{"name":"tyreso","@id":"https:\/\/wp.kristdemokraterna.se\/tyreso\/#\/schema\/person\/3e7d76fa0f5c4996308a0a636056d6c5"},"headline":"Sanningen om v\u00e5ra politiska motst\u00e5ndare (8)","datePublished":"2021-07-25T10:56:39+00:00","dateModified":"2021-07-30T10:57:55+00:00","mainEntityOfPage":{"@id":"https:\/\/wp.kristdemokraterna.se\/tyreso\/sanningen-om-vara-politiska-motstandare-8\/"},"wordCount":351,"articleSection":["Artiklar","Inl\u00e4gg"],"inLanguage":"sv-SE"},{"@type":"WebPage","@id":"https:\/\/wp.kristdemokraterna.se\/tyreso\/sanningen-om-vara-politiska-motstandare-8\/","url":"https:\/\/wp.kristdemokraterna.se\/tyreso\/sanningen-om-vara-politiska-motstandare-8\/","name":"Sanningen om v\u00e5ra politiska motst\u00e5ndare (8) - Kristdemokraterna Tyres\u00f6","isPartOf":{"@id":"https:\/\/wp.kristdemokraterna.se\/tyreso\/#website"},"datePublished":"2021-07-25T10:56:39+00:00","dateModified":"2021-07-30T10:57:55+00:00","author":{"@id":"https:\/\/wp.kristdemokraterna.se\/tyreso\/#\/schema\/person\/3e7d76fa0f5c4996308a0a636056d6c5"},"breadcrumb":{"@id":"https:\/\/wp.kristdemokraterna.se\/tyreso\/sanningen-om-vara-politiska-motstandare-8\/#breadcrumb"},"inLanguage":"sv-SE","potentialAction":[{"@type":"ReadAction","target":["https:\/\/wp.kristdemokraterna.se\/tyreso\/sanningen-om-vara-politiska-motstandare-8\/"]}]},{"@type":"BreadcrumbList","@id":"https:\/\/wp.kristdemokraterna.se\/tyreso\/sanningen-om-vara-politiska-motstandare-8\/#breadcrumb","itemListElement":[{"@type":"ListItem","position":1,"name":"Hem","item":"https:\/\/wp.kristdemokraterna.se\/tyreso\/"},{"@type":"ListItem","position":2,"name":"Sanningen om v\u00e5ra politiska motst\u00e5ndare (8)"}]},{"@type":"WebSite","@id":"https:\/\/wp.kristdemokraterna.se\/tyreso\/#website","url":"https:\/\/wp.kristdemokraterna.se\/tyreso\/","name":"Kristdemokraterna Tyres\u00f6","description":"","inLanguage":"sv-SE"},{"@type":"Person","@id":"https:\/\/wp.kristdemokraterna.se\/tyreso\/#\/schema\/person\/3e7d76fa0f5c4996308a0a636056d6c5","name":"tyreso","image":{"@type":"ImageObject","inLanguage":"sv-SE","@id":"https:\/\/secure.gravatar.com\/avatar\/f60f761639a269aae348dce7665f49bfe9f0b021d1bada09d95aaa9c66ef6215?s=96&d=mm&r=g","url":"https:\/\/secure.gravatar.com\/avatar\/f60f761639a269aae348dce7665f49bfe9f0b021d1bada09d95aaa9c66ef6215?s=96&d=mm&r=g","contentUrl":"https:\/\/secure.gravatar.com\/avatar\/f60f761639a269aae348dce7665f49bfe9f0b021d1bada09d95aaa9c66ef6215?s=96&d=mm&r=g","caption":"tyreso"},"url":"https:\/\/wp.kristdemokraterna.se\/tyreso\/author\/tyreso\/"}]}},"_links":{"self":[{"href":"https:\/\/wp.kristdemokraterna.se\/tyreso\/wp-json\/wp\/v2\/posts\/1351","targetHints":{"allow":["GET"]}}],"collection":[{"href":"https:\/\/wp.kristdemokraterna.se\/tyreso\/wp-json\/wp\/v2\/posts"}],"about":[{"href":"https:\/\/wp.kristdemokraterna.se\/tyreso\/wp-json\/wp\/v2\/types\/post"}],"author":[{"embeddable":true,"href":"https:\/\/wp.kristdemokraterna.se\/tyreso\/wp-json\/wp\/v2\/users\/644"}],"replies":[{"embeddable":true,"href":"https:\/\/wp.kristdemokraterna.se\/tyreso\/wp-json\/wp\/v2\/comments?post=1351"}],"version-history":[{"count":1,"href":"https:\/\/wp.kristdemokraterna.se\/tyreso\/wp-json\/wp\/v2\/posts\/1351\/revisions"}],"predecessor-version":[{"id":1352,"href":"https:\/\/wp.kristdemokraterna.se\/tyreso\/wp-json\/wp\/v2\/posts\/1351\/revisions\/1352"}],"wp:attachment":[{"href":"https:\/\/wp.kristdemokraterna.se\/tyreso\/wp-json\/wp\/v2\/media?parent=1351"}],"wp:term":[{"taxonomy":"category","embeddable":true,"href":"https:\/\/wp.kristdemokraterna.se\/tyreso\/wp-json\/wp\/v2\/categories?post=1351"},{"taxonomy":"post_tag","embeddable":true,"href":"https:\/\/wp.kristdemokraterna.se\/tyreso\/wp-json\/wp\/v2\/tags?post=1351"}],"curies":[{"name":"wp","href":"https:\/\/api.w.org\/{rel}","templated":true}]}}