{"id":1375,"date":"2021-11-12T12:25:29","date_gmt":"2021-11-12T11:25:29","guid":{"rendered":"https:\/\/wp.kristdemokraterna.se\/tyreso\/?p=1375"},"modified":"2021-11-12T12:25:29","modified_gmt":"2021-11-12T11:25:29","slug":"for-okad-trygghet","status":"publish","type":"post","link":"https:\/\/wp.kristdemokraterna.se\/tyreso\/for-okad-trygghet\/","title":{"rendered":"F\u00f6r \u00f6kad trygghet"},"content":{"rendered":"<p>F\u00f6r att uppn\u00e5 v\u00e5ra intentioner p\u00e5 trygghetsomr\u00e5det g\u00f6r vi stora satsningar p\u00e5 s\u00e4kerhet i v\u00e5rt f\u00f6rslag till budget f\u00f6r 2022. Kristdemokraterna vill intensifiera satsningarna p\u00e5 kamera\u00f6vervakning. Kameror ska finnas p\u00e5 strategiskt viktiga platser d\u00e4r risken f\u00f6r brottslighet \u00e4r stor.<\/p>\n<p>Vi vill ocks\u00e5 satsa p\u00e5 kommunala ordningsvakter f\u00f6r att st\u00e4rka det lokala brottsf\u00f6rebyggande arbetet. Vi vill arbeta proaktivt f\u00f6r att stoppa p\u00e5g\u00e5ende brottslighet ist\u00e4llet f\u00f6r att i efterhand dokumentera och beivra brott. D\u00e4rf\u00f6r menar vi att kamerorna ska vara kopplade till en vaktcentral, redo att larma v\u00e5ra egna ordningsvakter och polis under p\u00e5g\u00e5ende brott.<\/p>\n","protected":false},"excerpt":{"rendered":"<p>F\u00f6r att uppn\u00e5 v\u00e5ra intentioner p\u00e5 trygghetsomr\u00e5det g\u00f6r vi stora satsningar p\u00e5 s\u00e4kerhet i v\u00e5rt f\u00f6rslag till budget f\u00f6r 2022. Kristdemokraterna vill intensifiera satsningarna p\u00e5 kamera\u00f6vervakning. Kameror ska finnas p\u00e5 strategiskt viktiga platser d\u00e4r risken f\u00f6r brottslighet \u00e4r stor. Vi vill ocks\u00e5 satsa p\u00e5 kommunala ordningsvakter f\u00f6r att st\u00e4rka det lokala brottsf\u00f6rebyggande arbetet. Vi vill <a class=\"read-more-link\" href=\"https:\/\/wp.kristdemokraterna.se\/tyreso\/for-okad-trygghet\/\">Read More<\/a><\/p>\n","protected":false},"author":644,"featured_media":0,"comment_status":"closed","ping_status":"closed","sticky":false,"template":"","format":"standard","meta":{"_acf_changed":false,"footnotes":""},"categories":[1,15,19],"tags":[],"class_list":["post-1375","post","type-post","status-publish","format-standard","hentry","category-okategoriserade","category-inlagg","category-trygghet"],"acf":[],"yoast_head":"<!-- This site is optimized with the Yoast SEO plugin v27.4 - https:\/\/yoast.com\/product\/yoast-seo-wordpress\/ -->\n<title>F\u00f6r \u00f6kad trygghet - Kristdemokraterna Tyres\u00f6<\/title>\n<meta name=\"robots\" content=\"index, follow, max-snippet:-1, max-image-preview:large, max-video-preview:-1\" \/>\n<link rel=\"canonical\" href=\"https:\/\/wp.kristdemokraterna.se\/tyreso\/for-okad-trygghet\/\" \/>\n<meta property=\"og:locale\" content=\"sv_SE\" \/>\n<meta property=\"og:type\" content=\"article\" \/>\n<meta property=\"og:title\" content=\"F\u00f6r \u00f6kad trygghet - Kristdemokraterna Tyres\u00f6\" \/>\n<meta property=\"og:description\" content=\"F\u00f6r att uppn\u00e5 v\u00e5ra intentioner p\u00e5 trygghetsomr\u00e5det g\u00f6r vi stora satsningar p\u00e5 s\u00e4kerhet i v\u00e5rt f\u00f6rslag till budget f\u00f6r 2022. Kristdemokraterna vill intensifiera satsningarna p\u00e5 kamera\u00f6vervakning. Kameror ska finnas p\u00e5 strategiskt viktiga platser d\u00e4r risken f\u00f6r brottslighet \u00e4r stor. Vi vill ocks\u00e5 satsa p\u00e5 kommunala ordningsvakter f\u00f6r att st\u00e4rka det lokala brottsf\u00f6rebyggande arbetet. Vi vill Read More\" \/>\n<meta property=\"og:url\" content=\"https:\/\/wp.kristdemokraterna.se\/tyreso\/for-okad-trygghet\/\" \/>\n<meta property=\"og:site_name\" content=\"Kristdemokraterna Tyres\u00f6\" \/>\n<meta property=\"article:published_time\" content=\"2021-11-12T11:25:29+00:00\" \/>\n<meta name=\"author\" content=\"tyreso\" \/>\n<meta name=\"twitter:card\" content=\"summary_large_image\" \/>\n<meta name=\"twitter:label1\" content=\"Skriven av\" \/>\n\t<meta name=\"twitter:data1\" content=\"tyreso\" \/>\n\t<meta name=\"twitter:label2\" content=\"Ber\u00e4knad l\u00e4stid\" \/>\n\t<meta name=\"twitter:data2\" content=\"1 minut\" \/>\n<script type=\"application\/ld+json\" class=\"yoast-schema-graph\">{\"@context\":\"https:\\\/\\\/schema.org\",\"@graph\":[{\"@type\":\"Article\",\"@id\":\"https:\\\/\\\/wp.kristdemokraterna.se\\\/tyreso\\\/for-okad-trygghet\\\/#article\",\"isPartOf\":{\"@id\":\"https:\\\/\\\/wp.kristdemokraterna.se\\\/tyreso\\\/for-okad-trygghet\\\/\"},\"author\":{\"name\":\"tyreso\",\"@id\":\"https:\\\/\\\/wp.kristdemokraterna.se\\\/tyreso\\\/#\\\/schema\\\/person\\\/3e7d76fa0f5c4996308a0a636056d6c5\"},\"headline\":\"F\u00f6r \u00f6kad trygghet\",\"datePublished\":\"2021-11-12T11:25:29+00:00\",\"mainEntityOfPage\":{\"@id\":\"https:\\\/\\\/wp.kristdemokraterna.se\\\/tyreso\\\/for-okad-trygghet\\\/\"},\"wordCount\":120,\"articleSection\":[\"Artiklar\",\"Inl\u00e4gg\",\"Trygghet\"],\"inLanguage\":\"sv-SE\"},{\"@type\":\"WebPage\",\"@id\":\"https:\\\/\\\/wp.kristdemokraterna.se\\\/tyreso\\\/for-okad-trygghet\\\/\",\"url\":\"https:\\\/\\\/wp.kristdemokraterna.se\\\/tyreso\\\/for-okad-trygghet\\\/\",\"name\":\"F\u00f6r \u00f6kad trygghet - Kristdemokraterna Tyres\u00f6\",\"isPartOf\":{\"@id\":\"https:\\\/\\\/wp.kristdemokraterna.se\\\/tyreso\\\/#website\"},\"datePublished\":\"2021-11-12T11:25:29+00:00\",\"author\":{\"@id\":\"https:\\\/\\\/wp.kristdemokraterna.se\\\/tyreso\\\/#\\\/schema\\\/person\\\/3e7d76fa0f5c4996308a0a636056d6c5\"},\"breadcrumb\":{\"@id\":\"https:\\\/\\\/wp.kristdemokraterna.se\\\/tyreso\\\/for-okad-trygghet\\\/#breadcrumb\"},\"inLanguage\":\"sv-SE\",\"potentialAction\":[{\"@type\":\"ReadAction\",\"target\":[\"https:\\\/\\\/wp.kristdemokraterna.se\\\/tyreso\\\/for-okad-trygghet\\\/\"]}]},{\"@type\":\"BreadcrumbList\",\"@id\":\"https:\\\/\\\/wp.kristdemokraterna.se\\\/tyreso\\\/for-okad-trygghet\\\/#breadcrumb\",\"itemListElement\":[{\"@type\":\"ListItem\",\"position\":1,\"name\":\"Hem\",\"item\":\"https:\\\/\\\/wp.kristdemokraterna.se\\\/tyreso\\\/\"},{\"@type\":\"ListItem\",\"position\":2,\"name\":\"F\u00f6r \u00f6kad trygghet\"}]},{\"@type\":\"WebSite\",\"@id\":\"https:\\\/\\\/wp.kristdemokraterna.se\\\/tyreso\\\/#website\",\"url\":\"https:\\\/\\\/wp.kristdemokraterna.se\\\/tyreso\\\/\",\"name\":\"Kristdemokraterna Tyres\u00f6\",\"description\":\"\",\"inLanguage\":\"sv-SE\"},{\"@type\":\"Person\",\"@id\":\"https:\\\/\\\/wp.kristdemokraterna.se\\\/tyreso\\\/#\\\/schema\\\/person\\\/3e7d76fa0f5c4996308a0a636056d6c5\",\"name\":\"tyreso\",\"image\":{\"@type\":\"ImageObject\",\"inLanguage\":\"sv-SE\",\"@id\":\"https:\\\/\\\/secure.gravatar.com\\\/avatar\\\/f60f761639a269aae348dce7665f49bfe9f0b021d1bada09d95aaa9c66ef6215?s=96&d=mm&r=g\",\"url\":\"https:\\\/\\\/secure.gravatar.com\\\/avatar\\\/f60f761639a269aae348dce7665f49bfe9f0b021d1bada09d95aaa9c66ef6215?s=96&d=mm&r=g\",\"contentUrl\":\"https:\\\/\\\/secure.gravatar.com\\\/avatar\\\/f60f761639a269aae348dce7665f49bfe9f0b021d1bada09d95aaa9c66ef6215?s=96&d=mm&r=g\",\"caption\":\"tyreso\"},\"url\":\"https:\\\/\\\/wp.kristdemokraterna.se\\\/tyreso\\\/author\\\/tyreso\\\/\"}]}<\/script>\n<!-- \/ Yoast SEO plugin. -->","yoast_head_json":{"title":"F\u00f6r \u00f6kad trygghet - Kristdemokraterna Tyres\u00f6","robots":{"index":"index","follow":"follow","max-snippet":"max-snippet:-1","max-image-preview":"max-image-preview:large","max-video-preview":"max-video-preview:-1"},"canonical":"https:\/\/wp.kristdemokraterna.se\/tyreso\/for-okad-trygghet\/","og_locale":"sv_SE","og_type":"article","og_title":"F\u00f6r \u00f6kad trygghet - Kristdemokraterna Tyres\u00f6","og_description":"F\u00f6r att uppn\u00e5 v\u00e5ra intentioner p\u00e5 trygghetsomr\u00e5det g\u00f6r vi stora satsningar p\u00e5 s\u00e4kerhet i v\u00e5rt f\u00f6rslag till budget f\u00f6r 2022. Kristdemokraterna vill intensifiera satsningarna p\u00e5 kamera\u00f6vervakning. Kameror ska finnas p\u00e5 strategiskt viktiga platser d\u00e4r risken f\u00f6r brottslighet \u00e4r stor. Vi vill ocks\u00e5 satsa p\u00e5 kommunala ordningsvakter f\u00f6r att st\u00e4rka det lokala brottsf\u00f6rebyggande arbetet. Vi vill Read More","og_url":"https:\/\/wp.kristdemokraterna.se\/tyreso\/for-okad-trygghet\/","og_site_name":"Kristdemokraterna Tyres\u00f6","article_published_time":"2021-11-12T11:25:29+00:00","author":"tyreso","twitter_card":"summary_large_image","twitter_misc":{"Skriven av":"tyreso","Ber\u00e4knad l\u00e4stid":"1 minut"},"schema":{"@context":"https:\/\/schema.org","@graph":[{"@type":"Article","@id":"https:\/\/wp.kristdemokraterna.se\/tyreso\/for-okad-trygghet\/#article","isPartOf":{"@id":"https:\/\/wp.kristdemokraterna.se\/tyreso\/for-okad-trygghet\/"},"author":{"name":"tyreso","@id":"https:\/\/wp.kristdemokraterna.se\/tyreso\/#\/schema\/person\/3e7d76fa0f5c4996308a0a636056d6c5"},"headline":"F\u00f6r \u00f6kad trygghet","datePublished":"2021-11-12T11:25:29+00:00","mainEntityOfPage":{"@id":"https:\/\/wp.kristdemokraterna.se\/tyreso\/for-okad-trygghet\/"},"wordCount":120,"articleSection":["Artiklar","Inl\u00e4gg","Trygghet"],"inLanguage":"sv-SE"},{"@type":"WebPage","@id":"https:\/\/wp.kristdemokraterna.se\/tyreso\/for-okad-trygghet\/","url":"https:\/\/wp.kristdemokraterna.se\/tyreso\/for-okad-trygghet\/","name":"F\u00f6r \u00f6kad trygghet - Kristdemokraterna Tyres\u00f6","isPartOf":{"@id":"https:\/\/wp.kristdemokraterna.se\/tyreso\/#website"},"datePublished":"2021-11-12T11:25:29+00:00","author":{"@id":"https:\/\/wp.kristdemokraterna.se\/tyreso\/#\/schema\/person\/3e7d76fa0f5c4996308a0a636056d6c5"},"breadcrumb":{"@id":"https:\/\/wp.kristdemokraterna.se\/tyreso\/for-okad-trygghet\/#breadcrumb"},"inLanguage":"sv-SE","potentialAction":[{"@type":"ReadAction","target":["https:\/\/wp.kristdemokraterna.se\/tyreso\/for-okad-trygghet\/"]}]},{"@type":"BreadcrumbList","@id":"https:\/\/wp.kristdemokraterna.se\/tyreso\/for-okad-trygghet\/#breadcrumb","itemListElement":[{"@type":"ListItem","position":1,"name":"Hem","item":"https:\/\/wp.kristdemokraterna.se\/tyreso\/"},{"@type":"ListItem","position":2,"name":"F\u00f6r \u00f6kad trygghet"}]},{"@type":"WebSite","@id":"https:\/\/wp.kristdemokraterna.se\/tyreso\/#website","url":"https:\/\/wp.kristdemokraterna.se\/tyreso\/","name":"Kristdemokraterna Tyres\u00f6","description":"","inLanguage":"sv-SE"},{"@type":"Person","@id":"https:\/\/wp.kristdemokraterna.se\/tyreso\/#\/schema\/person\/3e7d76fa0f5c4996308a0a636056d6c5","name":"tyreso","image":{"@type":"ImageObject","inLanguage":"sv-SE","@id":"https:\/\/secure.gravatar.com\/avatar\/f60f761639a269aae348dce7665f49bfe9f0b021d1bada09d95aaa9c66ef6215?s=96&d=mm&r=g","url":"https:\/\/secure.gravatar.com\/avatar\/f60f761639a269aae348dce7665f49bfe9f0b021d1bada09d95aaa9c66ef6215?s=96&d=mm&r=g","contentUrl":"https:\/\/secure.gravatar.com\/avatar\/f60f761639a269aae348dce7665f49bfe9f0b021d1bada09d95aaa9c66ef6215?s=96&d=mm&r=g","caption":"tyreso"},"url":"https:\/\/wp.kristdemokraterna.se\/tyreso\/author\/tyreso\/"}]}},"_links":{"self":[{"href":"https:\/\/wp.kristdemokraterna.se\/tyreso\/wp-json\/wp\/v2\/posts\/1375","targetHints":{"allow":["GET"]}}],"collection":[{"href":"https:\/\/wp.kristdemokraterna.se\/tyreso\/wp-json\/wp\/v2\/posts"}],"about":[{"href":"https:\/\/wp.kristdemokraterna.se\/tyreso\/wp-json\/wp\/v2\/types\/post"}],"author":[{"embeddable":true,"href":"https:\/\/wp.kristdemokraterna.se\/tyreso\/wp-json\/wp\/v2\/users\/644"}],"replies":[{"embeddable":true,"href":"https:\/\/wp.kristdemokraterna.se\/tyreso\/wp-json\/wp\/v2\/comments?post=1375"}],"version-history":[{"count":1,"href":"https:\/\/wp.kristdemokraterna.se\/tyreso\/wp-json\/wp\/v2\/posts\/1375\/revisions"}],"predecessor-version":[{"id":1376,"href":"https:\/\/wp.kristdemokraterna.se\/tyreso\/wp-json\/wp\/v2\/posts\/1375\/revisions\/1376"}],"wp:attachment":[{"href":"https:\/\/wp.kristdemokraterna.se\/tyreso\/wp-json\/wp\/v2\/media?parent=1375"}],"wp:term":[{"taxonomy":"category","embeddable":true,"href":"https:\/\/wp.kristdemokraterna.se\/tyreso\/wp-json\/wp\/v2\/categories?post=1375"},{"taxonomy":"post_tag","embeddable":true,"href":"https:\/\/wp.kristdemokraterna.se\/tyreso\/wp-json\/wp\/v2\/tags?post=1375"}],"curies":[{"name":"wp","href":"https:\/\/api.w.org\/{rel}","templated":true}]}}