{"id":1426,"date":"2022-05-24T17:35:50","date_gmt":"2022-05-24T15:35:50","guid":{"rendered":"https:\/\/wp.kristdemokraterna.se\/tyreso\/?p=1426"},"modified":"2022-05-24T17:35:50","modified_gmt":"2022-05-24T15:35:50","slug":"kd-sager-nej-till-en-bro-over-trangsundet","status":"publish","type":"post","link":"https:\/\/wp.kristdemokraterna.se\/tyreso\/kd-sager-nej-till-en-bro-over-trangsundet\/","title":{"rendered":"KD s\u00e4ger Nej till en bro \u00f6ver Tr\u00e5ngsundet"},"content":{"rendered":"<p>Tyres\u00f6 kommun genomf\u00f6r nu en f\u00f6rstudie f\u00f6r att utreda f\u00f6ruts\u00e4ttningarna f\u00f6r en g\u00e5ng och cykelbro \u00f6ver Tr\u00e5ngsundet i sj\u00f6n Drevviken. Tanken \u00e4r att ge Tyres\u00f6borna b\u00e4ttre access till pendelt\u00e5gstationerna p\u00e5 andra sidan sj\u00f6n. Tr\u00e5ngsundet \u00e4r ungef\u00e4r 100 meter brett p\u00e5 sitt smalaste st\u00e4lle och kantas av h\u00f6ga berg p\u00e5 b\u00e5da sidor. I Tr\u00e5ngsundet \u00e4r ocks\u00e5 Drevviken som allra djupast. Det \u00e4r f\u00f6ruts\u00e4ttningar som g\u00f6r att ett brobygge skulle bli v\u00e4ldigt dyrt f\u00f6r kommunens skattebetalare. Samtidigt beh\u00f6ver investeringar g\u00f6ras i andra kostsamma byggprojekt som t.ex. nytt \u00e4ldreboende och ombyggnad av Tyres\u00f6 gymnasium f\u00f6r att n\u00e4mna n\u00e5gra. Ett stort ingrepp skulle ocks\u00e5 beh\u00f6va g\u00f6ras i den lilla del av or\u00f6rd natur som fortfarande finns kvar p\u00e5 b\u00e5da sidor av sj\u00f6n. Av den anledningen s\u00e4ger vi Kristdemokrater i Tyres\u00f6 nej till att bygga en bro.<\/p>\n","protected":false},"excerpt":{"rendered":"<p>Tyres\u00f6 kommun genomf\u00f6r nu en f\u00f6rstudie f\u00f6r att utreda f\u00f6ruts\u00e4ttningarna f\u00f6r en g\u00e5ng och cykelbro \u00f6ver Tr\u00e5ngsundet i sj\u00f6n Drevviken. Tanken \u00e4r att ge Tyres\u00f6borna b\u00e4ttre access till pendelt\u00e5gstationerna p\u00e5 andra sidan sj\u00f6n. Tr\u00e5ngsundet \u00e4r ungef\u00e4r 100 meter brett p\u00e5 sitt smalaste st\u00e4lle och kantas av h\u00f6ga berg p\u00e5 b\u00e5da sidor. I Tr\u00e5ngsundet \u00e4r ocks\u00e5 <a class=\"read-more-link\" href=\"https:\/\/wp.kristdemokraterna.se\/tyreso\/kd-sager-nej-till-en-bro-over-trangsundet\/\">Read More<\/a><\/p>\n","protected":false},"author":644,"featured_media":0,"comment_status":"closed","ping_status":"closed","sticky":false,"template":"","format":"standard","meta":{"_acf_changed":false,"footnotes":""},"categories":[1,15,18],"tags":[],"class_list":["post-1426","post","type-post","status-publish","format-standard","hentry","category-okategoriserade","category-inlagg","category-trafik"],"acf":[],"yoast_head":"<!-- This site is optimized with the Yoast SEO plugin v27.4 - https:\/\/yoast.com\/product\/yoast-seo-wordpress\/ -->\n<title>KD s\u00e4ger Nej till en bro \u00f6ver Tr\u00e5ngsundet - Kristdemokraterna Tyres\u00f6<\/title>\n<meta name=\"robots\" content=\"index, follow, max-snippet:-1, max-image-preview:large, max-video-preview:-1\" \/>\n<link rel=\"canonical\" href=\"https:\/\/wp.kristdemokraterna.se\/tyreso\/kd-sager-nej-till-en-bro-over-trangsundet\/\" \/>\n<meta property=\"og:locale\" content=\"sv_SE\" \/>\n<meta property=\"og:type\" content=\"article\" \/>\n<meta property=\"og:title\" content=\"KD s\u00e4ger Nej till en bro \u00f6ver Tr\u00e5ngsundet - Kristdemokraterna Tyres\u00f6\" \/>\n<meta property=\"og:description\" content=\"Tyres\u00f6 kommun genomf\u00f6r nu en f\u00f6rstudie f\u00f6r att utreda f\u00f6ruts\u00e4ttningarna f\u00f6r en g\u00e5ng och cykelbro \u00f6ver Tr\u00e5ngsundet i sj\u00f6n Drevviken. Tanken \u00e4r att ge Tyres\u00f6borna b\u00e4ttre access till pendelt\u00e5gstationerna p\u00e5 andra sidan sj\u00f6n. Tr\u00e5ngsundet \u00e4r ungef\u00e4r 100 meter brett p\u00e5 sitt smalaste st\u00e4lle och kantas av h\u00f6ga berg p\u00e5 b\u00e5da sidor. I Tr\u00e5ngsundet \u00e4r ocks\u00e5 Read More\" \/>\n<meta property=\"og:url\" content=\"https:\/\/wp.kristdemokraterna.se\/tyreso\/kd-sager-nej-till-en-bro-over-trangsundet\/\" \/>\n<meta property=\"og:site_name\" content=\"Kristdemokraterna Tyres\u00f6\" \/>\n<meta property=\"article:published_time\" content=\"2022-05-24T15:35:50+00:00\" \/>\n<meta name=\"author\" content=\"tyreso\" \/>\n<meta name=\"twitter:card\" content=\"summary_large_image\" \/>\n<meta name=\"twitter:label1\" content=\"Skriven av\" \/>\n\t<meta name=\"twitter:data1\" content=\"tyreso\" \/>\n\t<meta name=\"twitter:label2\" content=\"Ber\u00e4knad l\u00e4stid\" \/>\n\t<meta name=\"twitter:data2\" content=\"1 minut\" \/>\n<script type=\"application\/ld+json\" class=\"yoast-schema-graph\">{\"@context\":\"https:\\\/\\\/schema.org\",\"@graph\":[{\"@type\":\"Article\",\"@id\":\"https:\\\/\\\/wp.kristdemokraterna.se\\\/tyreso\\\/kd-sager-nej-till-en-bro-over-trangsundet\\\/#article\",\"isPartOf\":{\"@id\":\"https:\\\/\\\/wp.kristdemokraterna.se\\\/tyreso\\\/kd-sager-nej-till-en-bro-over-trangsundet\\\/\"},\"author\":{\"name\":\"tyreso\",\"@id\":\"https:\\\/\\\/wp.kristdemokraterna.se\\\/tyreso\\\/#\\\/schema\\\/person\\\/3e7d76fa0f5c4996308a0a636056d6c5\"},\"headline\":\"KD s\u00e4ger Nej till en bro \u00f6ver Tr\u00e5ngsundet\",\"datePublished\":\"2022-05-24T15:35:50+00:00\",\"mainEntityOfPage\":{\"@id\":\"https:\\\/\\\/wp.kristdemokraterna.se\\\/tyreso\\\/kd-sager-nej-till-en-bro-over-trangsundet\\\/\"},\"wordCount\":177,\"articleSection\":[\"Artiklar\",\"Inl\u00e4gg\",\"Trafik\"],\"inLanguage\":\"sv-SE\"},{\"@type\":\"WebPage\",\"@id\":\"https:\\\/\\\/wp.kristdemokraterna.se\\\/tyreso\\\/kd-sager-nej-till-en-bro-over-trangsundet\\\/\",\"url\":\"https:\\\/\\\/wp.kristdemokraterna.se\\\/tyreso\\\/kd-sager-nej-till-en-bro-over-trangsundet\\\/\",\"name\":\"KD s\u00e4ger Nej till en bro \u00f6ver Tr\u00e5ngsundet - Kristdemokraterna Tyres\u00f6\",\"isPartOf\":{\"@id\":\"https:\\\/\\\/wp.kristdemokraterna.se\\\/tyreso\\\/#website\"},\"datePublished\":\"2022-05-24T15:35:50+00:00\",\"author\":{\"@id\":\"https:\\\/\\\/wp.kristdemokraterna.se\\\/tyreso\\\/#\\\/schema\\\/person\\\/3e7d76fa0f5c4996308a0a636056d6c5\"},\"breadcrumb\":{\"@id\":\"https:\\\/\\\/wp.kristdemokraterna.se\\\/tyreso\\\/kd-sager-nej-till-en-bro-over-trangsundet\\\/#breadcrumb\"},\"inLanguage\":\"sv-SE\",\"potentialAction\":[{\"@type\":\"ReadAction\",\"target\":[\"https:\\\/\\\/wp.kristdemokraterna.se\\\/tyreso\\\/kd-sager-nej-till-en-bro-over-trangsundet\\\/\"]}]},{\"@type\":\"BreadcrumbList\",\"@id\":\"https:\\\/\\\/wp.kristdemokraterna.se\\\/tyreso\\\/kd-sager-nej-till-en-bro-over-trangsundet\\\/#breadcrumb\",\"itemListElement\":[{\"@type\":\"ListItem\",\"position\":1,\"name\":\"Hem\",\"item\":\"https:\\\/\\\/wp.kristdemokraterna.se\\\/tyreso\\\/\"},{\"@type\":\"ListItem\",\"position\":2,\"name\":\"KD s\u00e4ger Nej till en bro \u00f6ver Tr\u00e5ngsundet\"}]},{\"@type\":\"WebSite\",\"@id\":\"https:\\\/\\\/wp.kristdemokraterna.se\\\/tyreso\\\/#website\",\"url\":\"https:\\\/\\\/wp.kristdemokraterna.se\\\/tyreso\\\/\",\"name\":\"Kristdemokraterna Tyres\u00f6\",\"description\":\"\",\"inLanguage\":\"sv-SE\"},{\"@type\":\"Person\",\"@id\":\"https:\\\/\\\/wp.kristdemokraterna.se\\\/tyreso\\\/#\\\/schema\\\/person\\\/3e7d76fa0f5c4996308a0a636056d6c5\",\"name\":\"tyreso\",\"image\":{\"@type\":\"ImageObject\",\"inLanguage\":\"sv-SE\",\"@id\":\"https:\\\/\\\/secure.gravatar.com\\\/avatar\\\/f60f761639a269aae348dce7665f49bfe9f0b021d1bada09d95aaa9c66ef6215?s=96&d=mm&r=g\",\"url\":\"https:\\\/\\\/secure.gravatar.com\\\/avatar\\\/f60f761639a269aae348dce7665f49bfe9f0b021d1bada09d95aaa9c66ef6215?s=96&d=mm&r=g\",\"contentUrl\":\"https:\\\/\\\/secure.gravatar.com\\\/avatar\\\/f60f761639a269aae348dce7665f49bfe9f0b021d1bada09d95aaa9c66ef6215?s=96&d=mm&r=g\",\"caption\":\"tyreso\"},\"url\":\"https:\\\/\\\/wp.kristdemokraterna.se\\\/tyreso\\\/author\\\/tyreso\\\/\"}]}<\/script>\n<!-- \/ Yoast SEO plugin. -->","yoast_head_json":{"title":"KD s\u00e4ger Nej till en bro \u00f6ver Tr\u00e5ngsundet - Kristdemokraterna Tyres\u00f6","robots":{"index":"index","follow":"follow","max-snippet":"max-snippet:-1","max-image-preview":"max-image-preview:large","max-video-preview":"max-video-preview:-1"},"canonical":"https:\/\/wp.kristdemokraterna.se\/tyreso\/kd-sager-nej-till-en-bro-over-trangsundet\/","og_locale":"sv_SE","og_type":"article","og_title":"KD s\u00e4ger Nej till en bro \u00f6ver Tr\u00e5ngsundet - Kristdemokraterna Tyres\u00f6","og_description":"Tyres\u00f6 kommun genomf\u00f6r nu en f\u00f6rstudie f\u00f6r att utreda f\u00f6ruts\u00e4ttningarna f\u00f6r en g\u00e5ng och cykelbro \u00f6ver Tr\u00e5ngsundet i sj\u00f6n Drevviken. Tanken \u00e4r att ge Tyres\u00f6borna b\u00e4ttre access till pendelt\u00e5gstationerna p\u00e5 andra sidan sj\u00f6n. Tr\u00e5ngsundet \u00e4r ungef\u00e4r 100 meter brett p\u00e5 sitt smalaste st\u00e4lle och kantas av h\u00f6ga berg p\u00e5 b\u00e5da sidor. I Tr\u00e5ngsundet \u00e4r ocks\u00e5 Read More","og_url":"https:\/\/wp.kristdemokraterna.se\/tyreso\/kd-sager-nej-till-en-bro-over-trangsundet\/","og_site_name":"Kristdemokraterna Tyres\u00f6","article_published_time":"2022-05-24T15:35:50+00:00","author":"tyreso","twitter_card":"summary_large_image","twitter_misc":{"Skriven av":"tyreso","Ber\u00e4knad l\u00e4stid":"1 minut"},"schema":{"@context":"https:\/\/schema.org","@graph":[{"@type":"Article","@id":"https:\/\/wp.kristdemokraterna.se\/tyreso\/kd-sager-nej-till-en-bro-over-trangsundet\/#article","isPartOf":{"@id":"https:\/\/wp.kristdemokraterna.se\/tyreso\/kd-sager-nej-till-en-bro-over-trangsundet\/"},"author":{"name":"tyreso","@id":"https:\/\/wp.kristdemokraterna.se\/tyreso\/#\/schema\/person\/3e7d76fa0f5c4996308a0a636056d6c5"},"headline":"KD s\u00e4ger Nej till en bro \u00f6ver Tr\u00e5ngsundet","datePublished":"2022-05-24T15:35:50+00:00","mainEntityOfPage":{"@id":"https:\/\/wp.kristdemokraterna.se\/tyreso\/kd-sager-nej-till-en-bro-over-trangsundet\/"},"wordCount":177,"articleSection":["Artiklar","Inl\u00e4gg","Trafik"],"inLanguage":"sv-SE"},{"@type":"WebPage","@id":"https:\/\/wp.kristdemokraterna.se\/tyreso\/kd-sager-nej-till-en-bro-over-trangsundet\/","url":"https:\/\/wp.kristdemokraterna.se\/tyreso\/kd-sager-nej-till-en-bro-over-trangsundet\/","name":"KD s\u00e4ger Nej till en bro \u00f6ver Tr\u00e5ngsundet - Kristdemokraterna Tyres\u00f6","isPartOf":{"@id":"https:\/\/wp.kristdemokraterna.se\/tyreso\/#website"},"datePublished":"2022-05-24T15:35:50+00:00","author":{"@id":"https:\/\/wp.kristdemokraterna.se\/tyreso\/#\/schema\/person\/3e7d76fa0f5c4996308a0a636056d6c5"},"breadcrumb":{"@id":"https:\/\/wp.kristdemokraterna.se\/tyreso\/kd-sager-nej-till-en-bro-over-trangsundet\/#breadcrumb"},"inLanguage":"sv-SE","potentialAction":[{"@type":"ReadAction","target":["https:\/\/wp.kristdemokraterna.se\/tyreso\/kd-sager-nej-till-en-bro-over-trangsundet\/"]}]},{"@type":"BreadcrumbList","@id":"https:\/\/wp.kristdemokraterna.se\/tyreso\/kd-sager-nej-till-en-bro-over-trangsundet\/#breadcrumb","itemListElement":[{"@type":"ListItem","position":1,"name":"Hem","item":"https:\/\/wp.kristdemokraterna.se\/tyreso\/"},{"@type":"ListItem","position":2,"name":"KD s\u00e4ger Nej till en bro \u00f6ver Tr\u00e5ngsundet"}]},{"@type":"WebSite","@id":"https:\/\/wp.kristdemokraterna.se\/tyreso\/#website","url":"https:\/\/wp.kristdemokraterna.se\/tyreso\/","name":"Kristdemokraterna Tyres\u00f6","description":"","inLanguage":"sv-SE"},{"@type":"Person","@id":"https:\/\/wp.kristdemokraterna.se\/tyreso\/#\/schema\/person\/3e7d76fa0f5c4996308a0a636056d6c5","name":"tyreso","image":{"@type":"ImageObject","inLanguage":"sv-SE","@id":"https:\/\/secure.gravatar.com\/avatar\/f60f761639a269aae348dce7665f49bfe9f0b021d1bada09d95aaa9c66ef6215?s=96&d=mm&r=g","url":"https:\/\/secure.gravatar.com\/avatar\/f60f761639a269aae348dce7665f49bfe9f0b021d1bada09d95aaa9c66ef6215?s=96&d=mm&r=g","contentUrl":"https:\/\/secure.gravatar.com\/avatar\/f60f761639a269aae348dce7665f49bfe9f0b021d1bada09d95aaa9c66ef6215?s=96&d=mm&r=g","caption":"tyreso"},"url":"https:\/\/wp.kristdemokraterna.se\/tyreso\/author\/tyreso\/"}]}},"_links":{"self":[{"href":"https:\/\/wp.kristdemokraterna.se\/tyreso\/wp-json\/wp\/v2\/posts\/1426","targetHints":{"allow":["GET"]}}],"collection":[{"href":"https:\/\/wp.kristdemokraterna.se\/tyreso\/wp-json\/wp\/v2\/posts"}],"about":[{"href":"https:\/\/wp.kristdemokraterna.se\/tyreso\/wp-json\/wp\/v2\/types\/post"}],"author":[{"embeddable":true,"href":"https:\/\/wp.kristdemokraterna.se\/tyreso\/wp-json\/wp\/v2\/users\/644"}],"replies":[{"embeddable":true,"href":"https:\/\/wp.kristdemokraterna.se\/tyreso\/wp-json\/wp\/v2\/comments?post=1426"}],"version-history":[{"count":1,"href":"https:\/\/wp.kristdemokraterna.se\/tyreso\/wp-json\/wp\/v2\/posts\/1426\/revisions"}],"predecessor-version":[{"id":1428,"href":"https:\/\/wp.kristdemokraterna.se\/tyreso\/wp-json\/wp\/v2\/posts\/1426\/revisions\/1428"}],"wp:attachment":[{"href":"https:\/\/wp.kristdemokraterna.se\/tyreso\/wp-json\/wp\/v2\/media?parent=1426"}],"wp:term":[{"taxonomy":"category","embeddable":true,"href":"https:\/\/wp.kristdemokraterna.se\/tyreso\/wp-json\/wp\/v2\/categories?post=1426"},{"taxonomy":"post_tag","embeddable":true,"href":"https:\/\/wp.kristdemokraterna.se\/tyreso\/wp-json\/wp\/v2\/tags?post=1426"}],"curies":[{"name":"wp","href":"https:\/\/api.w.org\/{rel}","templated":true}]}}