{"id":1470,"date":"2022-08-17T11:51:34","date_gmt":"2022-08-17T09:51:34","guid":{"rendered":"https:\/\/wp.kristdemokraterna.se\/tyreso\/?p=1470"},"modified":"2022-10-06T11:54:11","modified_gmt":"2022-10-06T09:54:11","slug":"riv-upp-den-misslyckade-trafikstrategin","status":"publish","type":"post","link":"https:\/\/wp.kristdemokraterna.se\/tyreso\/riv-upp-den-misslyckade-trafikstrategin\/","title":{"rendered":"Riv upp den misslyckade trafikstrategin"},"content":{"rendered":"<p>Den nuvarande trafikstrategin kommer att skapa stora problem och f\u00f6rsv\u00e5ra f\u00f6r m\u00e5nga inv\u00e5nare att f\u00e5 livspusslet att fungera. Tillg\u00e4ngligheten till arbete, aff\u00e4rer och fritidsaktiviteter kommer att f\u00f6rsv\u00e5ras.<\/p>\n<p>Strategin inneb\u00e4r att cykling ska femdubblas till \u00e5r 2030 samtidigt som bilanv\u00e4ndningen n\u00e4stan ska halveras. Det \u00e4r en orimlig plan och det v\u00e4rsta \u00e4r att en av metoderna f\u00f6r att uppn\u00e5 detta \u00e4r att g\u00f6ra det kr\u00e5ngligt att anv\u00e4nda bilen som \u00e4r det viktigaste transportslaget f\u00f6r de allra flesta. Bl.a. ska parkeringar tas bort f\u00f6r att tvinga folka att cykla eller \u00e5ka buss.<\/p>\n<p>F\u00f6r att uppn\u00e5 m\u00e5let m\u00e5ste en v\u00e4sentlig andel som bor p\u00e5 \u00d6stra Tyres\u00f6 i forts\u00e4ttningen cykla n\u00e4r de ska till Tyres\u00f6 Centrum eller Willys f\u00f6r att handla. M\u00e5nga i Trollb\u00e4cken som brukar \u00e5ka bil till Port 73 m\u00e5ste ocks\u00e5 b\u00f6rja cykla. \u00c4ven f\u00f6r\u00e4ldrar som skjutsar barn med bil till fritidsaktiviteter och tr\u00e4ningar m\u00e5ste sluta med det och ist\u00e4llet cykla.<\/p>\n<p>Transportforskarna d\u00f6mer ut Tyres\u00f6s nuvarande strategi eftersom den inte tar h\u00e4nsyn till den snabba elektrifiering av bilismen som nu p\u00e5g\u00e5r. N\u00e4r bilarna \u00e4r elektriska och utsl\u00e4ppsfria finns inget sk\u00e4l f\u00f6r kommunen att f\u00f6rsv\u00e5ra inv\u00e5narnas bilanv\u00e4ndning.<\/p>\n<p>Kristdemokraternas uppfattning \u00e4r att alla transportslag ska f\u00e5 b\u00e4ttre villkor. Fler ska ha m\u00f6jligheten att cykla genom att vi g\u00f6r det enklare att cykla t.ex. genom \u00e4nnu fler cykelbanor, vi beh\u00f6ver ocks\u00e5 f\u00f6rb\u00e4ttra m\u00f6jligheterna att \u00e5ka kollektivt genom att vi g\u00f6r det m\u00f6jligt f\u00f6r fler att \u00e5ka buss (t.ex. b\u00e4ttre h\u00e5llplatser och t\u00e4tare avg\u00e5ngar). Det ska ocks\u00e5 bli l\u00e4ttare och f\u00f6r de som vill anv\u00e4nda bilen. Gott om parkeringar, bra v\u00e4gunderh\u00e5ll och fler publika laddstationer.<\/p>\n","protected":false},"excerpt":{"rendered":"<p>Den nuvarande trafikstrategin kommer att skapa stora problem och f\u00f6rsv\u00e5ra f\u00f6r m\u00e5nga inv\u00e5nare att f\u00e5 livspusslet att fungera. Tillg\u00e4ngligheten till arbete, aff\u00e4rer och fritidsaktiviteter kommer att f\u00f6rsv\u00e5ras. Strategin inneb\u00e4r att cykling ska femdubblas till \u00e5r 2030 samtidigt som bilanv\u00e4ndningen n\u00e4stan ska halveras. Det \u00e4r en orimlig plan och det v\u00e4rsta \u00e4r att en av metoderna <a class=\"read-more-link\" href=\"https:\/\/wp.kristdemokraterna.se\/tyreso\/riv-upp-den-misslyckade-trafikstrategin\/\">Read More<\/a><\/p>\n","protected":false},"author":644,"featured_media":0,"comment_status":"closed","ping_status":"closed","sticky":false,"template":"","format":"standard","meta":{"_acf_changed":false,"footnotes":""},"categories":[1,15,18],"tags":[],"class_list":["post-1470","post","type-post","status-publish","format-standard","hentry","category-okategoriserade","category-inlagg","category-trafik"],"acf":[],"yoast_head":"<!-- This site is optimized with the Yoast SEO plugin v27.4 - https:\/\/yoast.com\/product\/yoast-seo-wordpress\/ -->\n<title>Riv upp den misslyckade trafikstrategin - Kristdemokraterna Tyres\u00f6<\/title>\n<meta name=\"robots\" content=\"index, follow, max-snippet:-1, max-image-preview:large, max-video-preview:-1\" \/>\n<link rel=\"canonical\" href=\"https:\/\/wp.kristdemokraterna.se\/tyreso\/riv-upp-den-misslyckade-trafikstrategin\/\" \/>\n<meta property=\"og:locale\" content=\"sv_SE\" \/>\n<meta property=\"og:type\" content=\"article\" \/>\n<meta property=\"og:title\" content=\"Riv upp den misslyckade trafikstrategin - Kristdemokraterna Tyres\u00f6\" \/>\n<meta property=\"og:description\" content=\"Den nuvarande trafikstrategin kommer att skapa stora problem och f\u00f6rsv\u00e5ra f\u00f6r m\u00e5nga inv\u00e5nare att f\u00e5 livspusslet att fungera. Tillg\u00e4ngligheten till arbete, aff\u00e4rer och fritidsaktiviteter kommer att f\u00f6rsv\u00e5ras. Strategin inneb\u00e4r att cykling ska femdubblas till \u00e5r 2030 samtidigt som bilanv\u00e4ndningen n\u00e4stan ska halveras. Det \u00e4r en orimlig plan och det v\u00e4rsta \u00e4r att en av metoderna Read More\" \/>\n<meta property=\"og:url\" content=\"https:\/\/wp.kristdemokraterna.se\/tyreso\/riv-upp-den-misslyckade-trafikstrategin\/\" \/>\n<meta property=\"og:site_name\" content=\"Kristdemokraterna Tyres\u00f6\" \/>\n<meta property=\"article:published_time\" content=\"2022-08-17T09:51:34+00:00\" \/>\n<meta property=\"article:modified_time\" content=\"2022-10-06T09:54:11+00:00\" \/>\n<meta name=\"author\" content=\"tyreso\" \/>\n<meta name=\"twitter:card\" content=\"summary_large_image\" \/>\n<meta name=\"twitter:label1\" content=\"Skriven av\" \/>\n\t<meta name=\"twitter:data1\" content=\"tyreso\" \/>\n\t<meta name=\"twitter:label2\" content=\"Ber\u00e4knad l\u00e4stid\" \/>\n\t<meta name=\"twitter:data2\" content=\"2 minuter\" \/>\n<script type=\"application\/ld+json\" class=\"yoast-schema-graph\">{\"@context\":\"https:\\\/\\\/schema.org\",\"@graph\":[{\"@type\":\"Article\",\"@id\":\"https:\\\/\\\/wp.kristdemokraterna.se\\\/tyreso\\\/riv-upp-den-misslyckade-trafikstrategin\\\/#article\",\"isPartOf\":{\"@id\":\"https:\\\/\\\/wp.kristdemokraterna.se\\\/tyreso\\\/riv-upp-den-misslyckade-trafikstrategin\\\/\"},\"author\":{\"name\":\"tyreso\",\"@id\":\"https:\\\/\\\/wp.kristdemokraterna.se\\\/tyreso\\\/#\\\/schema\\\/person\\\/3e7d76fa0f5c4996308a0a636056d6c5\"},\"headline\":\"Riv upp den misslyckade trafikstrategin\",\"datePublished\":\"2022-08-17T09:51:34+00:00\",\"dateModified\":\"2022-10-06T09:54:11+00:00\",\"mainEntityOfPage\":{\"@id\":\"https:\\\/\\\/wp.kristdemokraterna.se\\\/tyreso\\\/riv-upp-den-misslyckade-trafikstrategin\\\/\"},\"wordCount\":332,\"articleSection\":[\"Artiklar\",\"Inl\u00e4gg\",\"Trafik\"],\"inLanguage\":\"sv-SE\"},{\"@type\":\"WebPage\",\"@id\":\"https:\\\/\\\/wp.kristdemokraterna.se\\\/tyreso\\\/riv-upp-den-misslyckade-trafikstrategin\\\/\",\"url\":\"https:\\\/\\\/wp.kristdemokraterna.se\\\/tyreso\\\/riv-upp-den-misslyckade-trafikstrategin\\\/\",\"name\":\"Riv upp den misslyckade trafikstrategin - Kristdemokraterna Tyres\u00f6\",\"isPartOf\":{\"@id\":\"https:\\\/\\\/wp.kristdemokraterna.se\\\/tyreso\\\/#website\"},\"datePublished\":\"2022-08-17T09:51:34+00:00\",\"dateModified\":\"2022-10-06T09:54:11+00:00\",\"author\":{\"@id\":\"https:\\\/\\\/wp.kristdemokraterna.se\\\/tyreso\\\/#\\\/schema\\\/person\\\/3e7d76fa0f5c4996308a0a636056d6c5\"},\"breadcrumb\":{\"@id\":\"https:\\\/\\\/wp.kristdemokraterna.se\\\/tyreso\\\/riv-upp-den-misslyckade-trafikstrategin\\\/#breadcrumb\"},\"inLanguage\":\"sv-SE\",\"potentialAction\":[{\"@type\":\"ReadAction\",\"target\":[\"https:\\\/\\\/wp.kristdemokraterna.se\\\/tyreso\\\/riv-upp-den-misslyckade-trafikstrategin\\\/\"]}]},{\"@type\":\"BreadcrumbList\",\"@id\":\"https:\\\/\\\/wp.kristdemokraterna.se\\\/tyreso\\\/riv-upp-den-misslyckade-trafikstrategin\\\/#breadcrumb\",\"itemListElement\":[{\"@type\":\"ListItem\",\"position\":1,\"name\":\"Hem\",\"item\":\"https:\\\/\\\/wp.kristdemokraterna.se\\\/tyreso\\\/\"},{\"@type\":\"ListItem\",\"position\":2,\"name\":\"Riv upp den misslyckade trafikstrategin\"}]},{\"@type\":\"WebSite\",\"@id\":\"https:\\\/\\\/wp.kristdemokraterna.se\\\/tyreso\\\/#website\",\"url\":\"https:\\\/\\\/wp.kristdemokraterna.se\\\/tyreso\\\/\",\"name\":\"Kristdemokraterna Tyres\u00f6\",\"description\":\"\",\"inLanguage\":\"sv-SE\"},{\"@type\":\"Person\",\"@id\":\"https:\\\/\\\/wp.kristdemokraterna.se\\\/tyreso\\\/#\\\/schema\\\/person\\\/3e7d76fa0f5c4996308a0a636056d6c5\",\"name\":\"tyreso\",\"image\":{\"@type\":\"ImageObject\",\"inLanguage\":\"sv-SE\",\"@id\":\"https:\\\/\\\/secure.gravatar.com\\\/avatar\\\/f60f761639a269aae348dce7665f49bfe9f0b021d1bada09d95aaa9c66ef6215?s=96&d=mm&r=g\",\"url\":\"https:\\\/\\\/secure.gravatar.com\\\/avatar\\\/f60f761639a269aae348dce7665f49bfe9f0b021d1bada09d95aaa9c66ef6215?s=96&d=mm&r=g\",\"contentUrl\":\"https:\\\/\\\/secure.gravatar.com\\\/avatar\\\/f60f761639a269aae348dce7665f49bfe9f0b021d1bada09d95aaa9c66ef6215?s=96&d=mm&r=g\",\"caption\":\"tyreso\"},\"url\":\"https:\\\/\\\/wp.kristdemokraterna.se\\\/tyreso\\\/author\\\/tyreso\\\/\"}]}<\/script>\n<!-- \/ Yoast SEO plugin. -->","yoast_head_json":{"title":"Riv upp den misslyckade trafikstrategin - Kristdemokraterna Tyres\u00f6","robots":{"index":"index","follow":"follow","max-snippet":"max-snippet:-1","max-image-preview":"max-image-preview:large","max-video-preview":"max-video-preview:-1"},"canonical":"https:\/\/wp.kristdemokraterna.se\/tyreso\/riv-upp-den-misslyckade-trafikstrategin\/","og_locale":"sv_SE","og_type":"article","og_title":"Riv upp den misslyckade trafikstrategin - Kristdemokraterna Tyres\u00f6","og_description":"Den nuvarande trafikstrategin kommer att skapa stora problem och f\u00f6rsv\u00e5ra f\u00f6r m\u00e5nga inv\u00e5nare att f\u00e5 livspusslet att fungera. Tillg\u00e4ngligheten till arbete, aff\u00e4rer och fritidsaktiviteter kommer att f\u00f6rsv\u00e5ras. Strategin inneb\u00e4r att cykling ska femdubblas till \u00e5r 2030 samtidigt som bilanv\u00e4ndningen n\u00e4stan ska halveras. Det \u00e4r en orimlig plan och det v\u00e4rsta \u00e4r att en av metoderna Read More","og_url":"https:\/\/wp.kristdemokraterna.se\/tyreso\/riv-upp-den-misslyckade-trafikstrategin\/","og_site_name":"Kristdemokraterna Tyres\u00f6","article_published_time":"2022-08-17T09:51:34+00:00","article_modified_time":"2022-10-06T09:54:11+00:00","author":"tyreso","twitter_card":"summary_large_image","twitter_misc":{"Skriven av":"tyreso","Ber\u00e4knad l\u00e4stid":"2 minuter"},"schema":{"@context":"https:\/\/schema.org","@graph":[{"@type":"Article","@id":"https:\/\/wp.kristdemokraterna.se\/tyreso\/riv-upp-den-misslyckade-trafikstrategin\/#article","isPartOf":{"@id":"https:\/\/wp.kristdemokraterna.se\/tyreso\/riv-upp-den-misslyckade-trafikstrategin\/"},"author":{"name":"tyreso","@id":"https:\/\/wp.kristdemokraterna.se\/tyreso\/#\/schema\/person\/3e7d76fa0f5c4996308a0a636056d6c5"},"headline":"Riv upp den misslyckade trafikstrategin","datePublished":"2022-08-17T09:51:34+00:00","dateModified":"2022-10-06T09:54:11+00:00","mainEntityOfPage":{"@id":"https:\/\/wp.kristdemokraterna.se\/tyreso\/riv-upp-den-misslyckade-trafikstrategin\/"},"wordCount":332,"articleSection":["Artiklar","Inl\u00e4gg","Trafik"],"inLanguage":"sv-SE"},{"@type":"WebPage","@id":"https:\/\/wp.kristdemokraterna.se\/tyreso\/riv-upp-den-misslyckade-trafikstrategin\/","url":"https:\/\/wp.kristdemokraterna.se\/tyreso\/riv-upp-den-misslyckade-trafikstrategin\/","name":"Riv upp den misslyckade trafikstrategin - Kristdemokraterna Tyres\u00f6","isPartOf":{"@id":"https:\/\/wp.kristdemokraterna.se\/tyreso\/#website"},"datePublished":"2022-08-17T09:51:34+00:00","dateModified":"2022-10-06T09:54:11+00:00","author":{"@id":"https:\/\/wp.kristdemokraterna.se\/tyreso\/#\/schema\/person\/3e7d76fa0f5c4996308a0a636056d6c5"},"breadcrumb":{"@id":"https:\/\/wp.kristdemokraterna.se\/tyreso\/riv-upp-den-misslyckade-trafikstrategin\/#breadcrumb"},"inLanguage":"sv-SE","potentialAction":[{"@type":"ReadAction","target":["https:\/\/wp.kristdemokraterna.se\/tyreso\/riv-upp-den-misslyckade-trafikstrategin\/"]}]},{"@type":"BreadcrumbList","@id":"https:\/\/wp.kristdemokraterna.se\/tyreso\/riv-upp-den-misslyckade-trafikstrategin\/#breadcrumb","itemListElement":[{"@type":"ListItem","position":1,"name":"Hem","item":"https:\/\/wp.kristdemokraterna.se\/tyreso\/"},{"@type":"ListItem","position":2,"name":"Riv upp den misslyckade trafikstrategin"}]},{"@type":"WebSite","@id":"https:\/\/wp.kristdemokraterna.se\/tyreso\/#website","url":"https:\/\/wp.kristdemokraterna.se\/tyreso\/","name":"Kristdemokraterna Tyres\u00f6","description":"","inLanguage":"sv-SE"},{"@type":"Person","@id":"https:\/\/wp.kristdemokraterna.se\/tyreso\/#\/schema\/person\/3e7d76fa0f5c4996308a0a636056d6c5","name":"tyreso","image":{"@type":"ImageObject","inLanguage":"sv-SE","@id":"https:\/\/secure.gravatar.com\/avatar\/f60f761639a269aae348dce7665f49bfe9f0b021d1bada09d95aaa9c66ef6215?s=96&d=mm&r=g","url":"https:\/\/secure.gravatar.com\/avatar\/f60f761639a269aae348dce7665f49bfe9f0b021d1bada09d95aaa9c66ef6215?s=96&d=mm&r=g","contentUrl":"https:\/\/secure.gravatar.com\/avatar\/f60f761639a269aae348dce7665f49bfe9f0b021d1bada09d95aaa9c66ef6215?s=96&d=mm&r=g","caption":"tyreso"},"url":"https:\/\/wp.kristdemokraterna.se\/tyreso\/author\/tyreso\/"}]}},"_links":{"self":[{"href":"https:\/\/wp.kristdemokraterna.se\/tyreso\/wp-json\/wp\/v2\/posts\/1470","targetHints":{"allow":["GET"]}}],"collection":[{"href":"https:\/\/wp.kristdemokraterna.se\/tyreso\/wp-json\/wp\/v2\/posts"}],"about":[{"href":"https:\/\/wp.kristdemokraterna.se\/tyreso\/wp-json\/wp\/v2\/types\/post"}],"author":[{"embeddable":true,"href":"https:\/\/wp.kristdemokraterna.se\/tyreso\/wp-json\/wp\/v2\/users\/644"}],"replies":[{"embeddable":true,"href":"https:\/\/wp.kristdemokraterna.se\/tyreso\/wp-json\/wp\/v2\/comments?post=1470"}],"version-history":[{"count":2,"href":"https:\/\/wp.kristdemokraterna.se\/tyreso\/wp-json\/wp\/v2\/posts\/1470\/revisions"}],"predecessor-version":[{"id":1473,"href":"https:\/\/wp.kristdemokraterna.se\/tyreso\/wp-json\/wp\/v2\/posts\/1470\/revisions\/1473"}],"wp:attachment":[{"href":"https:\/\/wp.kristdemokraterna.se\/tyreso\/wp-json\/wp\/v2\/media?parent=1470"}],"wp:term":[{"taxonomy":"category","embeddable":true,"href":"https:\/\/wp.kristdemokraterna.se\/tyreso\/wp-json\/wp\/v2\/categories?post=1470"},{"taxonomy":"post_tag","embeddable":true,"href":"https:\/\/wp.kristdemokraterna.se\/tyreso\/wp-json\/wp\/v2\/tags?post=1470"}],"curies":[{"name":"wp","href":"https:\/\/api.w.org\/{rel}","templated":true}]}}