{"id":1486,"date":"2022-09-02T12:12:30","date_gmt":"2022-09-02T10:12:30","guid":{"rendered":"https:\/\/wp.kristdemokraterna.se\/tyreso\/?p=1486"},"modified":"2022-10-06T12:19:44","modified_gmt":"2022-10-06T10:19:44","slug":"man-skall-kunna-valja-skola","status":"publish","type":"post","link":"https:\/\/wp.kristdemokraterna.se\/tyreso\/man-skall-kunna-valja-skola\/","title":{"rendered":"Man skall kunna v\u00e4lja skola"},"content":{"rendered":"<p>Just nu driver Socialdemokraterna i Tyres\u00f6 en aggressiv kampanj med populistiska slagord mot de f\u00f6r- och grundskolor i Tyres\u00f6 som drivs i form av aktiebolag. Jag har dock \u00e4nnu inte f\u00e5tt svar p\u00e5 min fr\u00e5ga om vad som ska h\u00e4nda med dessa f\u00f6r- och grundskolor, d\u00e4r idag 1 548 barn- och ungdomar fr\u00e5n Tyres\u00f6 valt att g\u00e5.<\/p>\n<p>Vad h\u00e4nder n\u00e4r de 14 f\u00f6r- och grundskolorna i Tyres\u00f6 kommunaliseras? Kostnaden ber\u00e4knas bli 20 miljarder i hela Sverige, hur mycket kommer det att kosta Tyres\u00f6s skattebetalare? Ska skolorna f\u00e5 ha samma inriktning som tidigare och varf\u00f6r skulle i s\u00e5 fall kommunen vara b\u00e4ttre p\u00e5 att till exempel driva en engelsk skola \u00e4n Engelska Skolan? Och hur ska barn placeras? Fritt val skapar ju, enligt 80-talsnostalgikerna, segregation. Det torde ocks\u00e5 n\u00e4rhetsprincipen g\u00f6ra. Blir det bussning av barn i n\u00e5gon form av gigantiskt integrationsprojekt vilket har f\u00f6reslagits? Ett annat f\u00f6rslag fr\u00e5n v\u00e4nstern \u00e4r lottning. Eller blir detta en del i integrationsminister Ygemans fam\u00f6sa folkomflyttningsprojekt och vad betyder detta konkret i Tyres\u00f6?<\/p>\n<p>Jag har f\u00e5tt fr\u00e5gan fr\u00e5n oroliga f\u00f6r\u00e4ldrar vilka de \u00f6vriga f\u00f6r- och grundskolorna i Tyres\u00f6 \u00e4r som drivs i form av aktiebolag och som nu allts\u00e5 \u00e4r under socialdemokratisk attack. H\u00e4r \u00e4r dessa, vad jag f\u00f6rst\u00e5r, v\u00e4lsk\u00f6tta och popul\u00e4ra skolor:<\/p>\n<p>F\u00f6rskolor:<br \/>\nBrevik f\u00f6rskola<br \/>\nH\u00e4sthagen<br \/>\nTrollsl\u00e4ndan<br \/>\nStenkulan<br \/>\nPaletten<br \/>\nKarlavagnen<br \/>\nKattfoten<br \/>\nStj\u00e4rnan<br \/>\nR\u00f6dkullan<br \/>\nSlottsparken<br \/>\nMontessori f\u00f6rskola<\/p>\n<p>Grundskolor:<br \/>\nBrevik skola<br \/>\nTyres\u00f6 Montessoriskola<br \/>\nInternationella Engelska Skolan<\/p>\n<p>Dessutom ing\u00e5r Kunskapsskolan i Skubba i gruppen som \u00e4r under attack. Skolan ligger ju p\u00e5 andra sidan gr\u00e4nsen till Stockholms stad, men v\u00e4ldigt m\u00e5nga tyres\u00f6ungdomar g\u00e5r d\u00e4r.<\/p>\n","protected":false},"excerpt":{"rendered":"<p>Just nu driver Socialdemokraterna i Tyres\u00f6 en aggressiv kampanj med populistiska slagord mot de f\u00f6r- och grundskolor i Tyres\u00f6 som drivs i form av aktiebolag. Jag har dock \u00e4nnu inte f\u00e5tt svar p\u00e5 min fr\u00e5ga om vad som ska h\u00e4nda med dessa f\u00f6r- och grundskolor, d\u00e4r idag 1 548 barn- och ungdomar fr\u00e5n Tyres\u00f6 valt <a class=\"read-more-link\" href=\"https:\/\/wp.kristdemokraterna.se\/tyreso\/man-skall-kunna-valja-skola\/\">Read More<\/a><\/p>\n","protected":false},"author":644,"featured_media":0,"comment_status":"closed","ping_status":"closed","sticky":false,"template":"","format":"standard","meta":{"_acf_changed":false,"footnotes":""},"categories":[1,15,17],"tags":[],"class_list":["post-1486","post","type-post","status-publish","format-standard","hentry","category-okategoriserade","category-inlagg","category-skola-amp-forskola"],"acf":[],"yoast_head":"<!-- This site is optimized with the Yoast SEO plugin v27.4 - https:\/\/yoast.com\/product\/yoast-seo-wordpress\/ -->\n<title>Man skall kunna v\u00e4lja skola - Kristdemokraterna Tyres\u00f6<\/title>\n<meta name=\"robots\" content=\"index, follow, max-snippet:-1, max-image-preview:large, max-video-preview:-1\" \/>\n<link rel=\"canonical\" href=\"https:\/\/wp.kristdemokraterna.se\/tyreso\/man-skall-kunna-valja-skola\/\" \/>\n<meta property=\"og:locale\" content=\"sv_SE\" \/>\n<meta property=\"og:type\" content=\"article\" \/>\n<meta property=\"og:title\" content=\"Man skall kunna v\u00e4lja skola - Kristdemokraterna Tyres\u00f6\" \/>\n<meta property=\"og:description\" content=\"Just nu driver Socialdemokraterna i Tyres\u00f6 en aggressiv kampanj med populistiska slagord mot de f\u00f6r- och grundskolor i Tyres\u00f6 som drivs i form av aktiebolag. Jag har dock \u00e4nnu inte f\u00e5tt svar p\u00e5 min fr\u00e5ga om vad som ska h\u00e4nda med dessa f\u00f6r- och grundskolor, d\u00e4r idag 1 548 barn- och ungdomar fr\u00e5n Tyres\u00f6 valt Read More\" \/>\n<meta property=\"og:url\" content=\"https:\/\/wp.kristdemokraterna.se\/tyreso\/man-skall-kunna-valja-skola\/\" \/>\n<meta property=\"og:site_name\" content=\"Kristdemokraterna Tyres\u00f6\" \/>\n<meta property=\"article:published_time\" content=\"2022-09-02T10:12:30+00:00\" \/>\n<meta property=\"article:modified_time\" content=\"2022-10-06T10:19:44+00:00\" \/>\n<meta name=\"author\" content=\"tyreso\" \/>\n<meta name=\"twitter:card\" content=\"summary_large_image\" \/>\n<meta name=\"twitter:label1\" content=\"Skriven av\" \/>\n\t<meta name=\"twitter:data1\" content=\"tyreso\" \/>\n\t<meta name=\"twitter:label2\" content=\"Ber\u00e4knad l\u00e4stid\" \/>\n\t<meta name=\"twitter:data2\" content=\"2 minuter\" \/>\n<script type=\"application\/ld+json\" class=\"yoast-schema-graph\">{\"@context\":\"https:\\\/\\\/schema.org\",\"@graph\":[{\"@type\":\"Article\",\"@id\":\"https:\\\/\\\/wp.kristdemokraterna.se\\\/tyreso\\\/man-skall-kunna-valja-skola\\\/#article\",\"isPartOf\":{\"@id\":\"https:\\\/\\\/wp.kristdemokraterna.se\\\/tyreso\\\/man-skall-kunna-valja-skola\\\/\"},\"author\":{\"name\":\"tyreso\",\"@id\":\"https:\\\/\\\/wp.kristdemokraterna.se\\\/tyreso\\\/#\\\/schema\\\/person\\\/3e7d76fa0f5c4996308a0a636056d6c5\"},\"headline\":\"Man skall kunna v\u00e4lja skola\",\"datePublished\":\"2022-09-02T10:12:30+00:00\",\"dateModified\":\"2022-10-06T10:19:44+00:00\",\"mainEntityOfPage\":{\"@id\":\"https:\\\/\\\/wp.kristdemokraterna.se\\\/tyreso\\\/man-skall-kunna-valja-skola\\\/\"},\"wordCount\":306,\"articleSection\":[\"Artiklar\",\"Inl\u00e4gg\",\"Skola &amp; f\u00f6rskola\"],\"inLanguage\":\"sv-SE\"},{\"@type\":\"WebPage\",\"@id\":\"https:\\\/\\\/wp.kristdemokraterna.se\\\/tyreso\\\/man-skall-kunna-valja-skola\\\/\",\"url\":\"https:\\\/\\\/wp.kristdemokraterna.se\\\/tyreso\\\/man-skall-kunna-valja-skola\\\/\",\"name\":\"Man skall kunna v\u00e4lja skola - Kristdemokraterna Tyres\u00f6\",\"isPartOf\":{\"@id\":\"https:\\\/\\\/wp.kristdemokraterna.se\\\/tyreso\\\/#website\"},\"datePublished\":\"2022-09-02T10:12:30+00:00\",\"dateModified\":\"2022-10-06T10:19:44+00:00\",\"author\":{\"@id\":\"https:\\\/\\\/wp.kristdemokraterna.se\\\/tyreso\\\/#\\\/schema\\\/person\\\/3e7d76fa0f5c4996308a0a636056d6c5\"},\"breadcrumb\":{\"@id\":\"https:\\\/\\\/wp.kristdemokraterna.se\\\/tyreso\\\/man-skall-kunna-valja-skola\\\/#breadcrumb\"},\"inLanguage\":\"sv-SE\",\"potentialAction\":[{\"@type\":\"ReadAction\",\"target\":[\"https:\\\/\\\/wp.kristdemokraterna.se\\\/tyreso\\\/man-skall-kunna-valja-skola\\\/\"]}]},{\"@type\":\"BreadcrumbList\",\"@id\":\"https:\\\/\\\/wp.kristdemokraterna.se\\\/tyreso\\\/man-skall-kunna-valja-skola\\\/#breadcrumb\",\"itemListElement\":[{\"@type\":\"ListItem\",\"position\":1,\"name\":\"Hem\",\"item\":\"https:\\\/\\\/wp.kristdemokraterna.se\\\/tyreso\\\/\"},{\"@type\":\"ListItem\",\"position\":2,\"name\":\"Man skall kunna v\u00e4lja skola\"}]},{\"@type\":\"WebSite\",\"@id\":\"https:\\\/\\\/wp.kristdemokraterna.se\\\/tyreso\\\/#website\",\"url\":\"https:\\\/\\\/wp.kristdemokraterna.se\\\/tyreso\\\/\",\"name\":\"Kristdemokraterna Tyres\u00f6\",\"description\":\"\",\"inLanguage\":\"sv-SE\"},{\"@type\":\"Person\",\"@id\":\"https:\\\/\\\/wp.kristdemokraterna.se\\\/tyreso\\\/#\\\/schema\\\/person\\\/3e7d76fa0f5c4996308a0a636056d6c5\",\"name\":\"tyreso\",\"image\":{\"@type\":\"ImageObject\",\"inLanguage\":\"sv-SE\",\"@id\":\"https:\\\/\\\/secure.gravatar.com\\\/avatar\\\/f60f761639a269aae348dce7665f49bfe9f0b021d1bada09d95aaa9c66ef6215?s=96&d=mm&r=g\",\"url\":\"https:\\\/\\\/secure.gravatar.com\\\/avatar\\\/f60f761639a269aae348dce7665f49bfe9f0b021d1bada09d95aaa9c66ef6215?s=96&d=mm&r=g\",\"contentUrl\":\"https:\\\/\\\/secure.gravatar.com\\\/avatar\\\/f60f761639a269aae348dce7665f49bfe9f0b021d1bada09d95aaa9c66ef6215?s=96&d=mm&r=g\",\"caption\":\"tyreso\"},\"url\":\"https:\\\/\\\/wp.kristdemokraterna.se\\\/tyreso\\\/author\\\/tyreso\\\/\"}]}<\/script>\n<!-- \/ Yoast SEO plugin. -->","yoast_head_json":{"title":"Man skall kunna v\u00e4lja skola - Kristdemokraterna Tyres\u00f6","robots":{"index":"index","follow":"follow","max-snippet":"max-snippet:-1","max-image-preview":"max-image-preview:large","max-video-preview":"max-video-preview:-1"},"canonical":"https:\/\/wp.kristdemokraterna.se\/tyreso\/man-skall-kunna-valja-skola\/","og_locale":"sv_SE","og_type":"article","og_title":"Man skall kunna v\u00e4lja skola - Kristdemokraterna Tyres\u00f6","og_description":"Just nu driver Socialdemokraterna i Tyres\u00f6 en aggressiv kampanj med populistiska slagord mot de f\u00f6r- och grundskolor i Tyres\u00f6 som drivs i form av aktiebolag. Jag har dock \u00e4nnu inte f\u00e5tt svar p\u00e5 min fr\u00e5ga om vad som ska h\u00e4nda med dessa f\u00f6r- och grundskolor, d\u00e4r idag 1 548 barn- och ungdomar fr\u00e5n Tyres\u00f6 valt Read More","og_url":"https:\/\/wp.kristdemokraterna.se\/tyreso\/man-skall-kunna-valja-skola\/","og_site_name":"Kristdemokraterna Tyres\u00f6","article_published_time":"2022-09-02T10:12:30+00:00","article_modified_time":"2022-10-06T10:19:44+00:00","author":"tyreso","twitter_card":"summary_large_image","twitter_misc":{"Skriven av":"tyreso","Ber\u00e4knad l\u00e4stid":"2 minuter"},"schema":{"@context":"https:\/\/schema.org","@graph":[{"@type":"Article","@id":"https:\/\/wp.kristdemokraterna.se\/tyreso\/man-skall-kunna-valja-skola\/#article","isPartOf":{"@id":"https:\/\/wp.kristdemokraterna.se\/tyreso\/man-skall-kunna-valja-skola\/"},"author":{"name":"tyreso","@id":"https:\/\/wp.kristdemokraterna.se\/tyreso\/#\/schema\/person\/3e7d76fa0f5c4996308a0a636056d6c5"},"headline":"Man skall kunna v\u00e4lja skola","datePublished":"2022-09-02T10:12:30+00:00","dateModified":"2022-10-06T10:19:44+00:00","mainEntityOfPage":{"@id":"https:\/\/wp.kristdemokraterna.se\/tyreso\/man-skall-kunna-valja-skola\/"},"wordCount":306,"articleSection":["Artiklar","Inl\u00e4gg","Skola &amp; f\u00f6rskola"],"inLanguage":"sv-SE"},{"@type":"WebPage","@id":"https:\/\/wp.kristdemokraterna.se\/tyreso\/man-skall-kunna-valja-skola\/","url":"https:\/\/wp.kristdemokraterna.se\/tyreso\/man-skall-kunna-valja-skola\/","name":"Man skall kunna v\u00e4lja skola - Kristdemokraterna Tyres\u00f6","isPartOf":{"@id":"https:\/\/wp.kristdemokraterna.se\/tyreso\/#website"},"datePublished":"2022-09-02T10:12:30+00:00","dateModified":"2022-10-06T10:19:44+00:00","author":{"@id":"https:\/\/wp.kristdemokraterna.se\/tyreso\/#\/schema\/person\/3e7d76fa0f5c4996308a0a636056d6c5"},"breadcrumb":{"@id":"https:\/\/wp.kristdemokraterna.se\/tyreso\/man-skall-kunna-valja-skola\/#breadcrumb"},"inLanguage":"sv-SE","potentialAction":[{"@type":"ReadAction","target":["https:\/\/wp.kristdemokraterna.se\/tyreso\/man-skall-kunna-valja-skola\/"]}]},{"@type":"BreadcrumbList","@id":"https:\/\/wp.kristdemokraterna.se\/tyreso\/man-skall-kunna-valja-skola\/#breadcrumb","itemListElement":[{"@type":"ListItem","position":1,"name":"Hem","item":"https:\/\/wp.kristdemokraterna.se\/tyreso\/"},{"@type":"ListItem","position":2,"name":"Man skall kunna v\u00e4lja skola"}]},{"@type":"WebSite","@id":"https:\/\/wp.kristdemokraterna.se\/tyreso\/#website","url":"https:\/\/wp.kristdemokraterna.se\/tyreso\/","name":"Kristdemokraterna Tyres\u00f6","description":"","inLanguage":"sv-SE"},{"@type":"Person","@id":"https:\/\/wp.kristdemokraterna.se\/tyreso\/#\/schema\/person\/3e7d76fa0f5c4996308a0a636056d6c5","name":"tyreso","image":{"@type":"ImageObject","inLanguage":"sv-SE","@id":"https:\/\/secure.gravatar.com\/avatar\/f60f761639a269aae348dce7665f49bfe9f0b021d1bada09d95aaa9c66ef6215?s=96&d=mm&r=g","url":"https:\/\/secure.gravatar.com\/avatar\/f60f761639a269aae348dce7665f49bfe9f0b021d1bada09d95aaa9c66ef6215?s=96&d=mm&r=g","contentUrl":"https:\/\/secure.gravatar.com\/avatar\/f60f761639a269aae348dce7665f49bfe9f0b021d1bada09d95aaa9c66ef6215?s=96&d=mm&r=g","caption":"tyreso"},"url":"https:\/\/wp.kristdemokraterna.se\/tyreso\/author\/tyreso\/"}]}},"_links":{"self":[{"href":"https:\/\/wp.kristdemokraterna.se\/tyreso\/wp-json\/wp\/v2\/posts\/1486","targetHints":{"allow":["GET"]}}],"collection":[{"href":"https:\/\/wp.kristdemokraterna.se\/tyreso\/wp-json\/wp\/v2\/posts"}],"about":[{"href":"https:\/\/wp.kristdemokraterna.se\/tyreso\/wp-json\/wp\/v2\/types\/post"}],"author":[{"embeddable":true,"href":"https:\/\/wp.kristdemokraterna.se\/tyreso\/wp-json\/wp\/v2\/users\/644"}],"replies":[{"embeddable":true,"href":"https:\/\/wp.kristdemokraterna.se\/tyreso\/wp-json\/wp\/v2\/comments?post=1486"}],"version-history":[{"count":2,"href":"https:\/\/wp.kristdemokraterna.se\/tyreso\/wp-json\/wp\/v2\/posts\/1486\/revisions"}],"predecessor-version":[{"id":1489,"href":"https:\/\/wp.kristdemokraterna.se\/tyreso\/wp-json\/wp\/v2\/posts\/1486\/revisions\/1489"}],"wp:attachment":[{"href":"https:\/\/wp.kristdemokraterna.se\/tyreso\/wp-json\/wp\/v2\/media?parent=1486"}],"wp:term":[{"taxonomy":"category","embeddable":true,"href":"https:\/\/wp.kristdemokraterna.se\/tyreso\/wp-json\/wp\/v2\/categories?post=1486"},{"taxonomy":"post_tag","embeddable":true,"href":"https:\/\/wp.kristdemokraterna.se\/tyreso\/wp-json\/wp\/v2\/tags?post=1486"}],"curies":[{"name":"wp","href":"https:\/\/api.w.org\/{rel}","templated":true}]}}