{"id":1493,"date":"2022-11-11T07:54:26","date_gmt":"2022-11-11T06:54:26","guid":{"rendered":"https:\/\/wp.kristdemokraterna.se\/tyreso\/?p=1493"},"modified":"2022-11-11T07:54:26","modified_gmt":"2022-11-11T06:54:26","slug":"nytt-omsorgsboende-pa-gang","status":"publish","type":"post","link":"https:\/\/wp.kristdemokraterna.se\/tyreso\/nytt-omsorgsboende-pa-gang\/","title":{"rendered":"Nytt omsorgsboende p\u00e5 g\u00e5ng"},"content":{"rendered":"<p>Nu unders\u00f6ker man grundf\u00f6rh\u00e5llandena f\u00f6r bygge av ett nytt \u00e4ldreomsorgsboende i h\u00f6rnet Myggdalsv\u00e4gen\/Bondev\u00e4gen. Tv\u00e4rt emot vad en del f\u00e5tt f\u00f6r sig s\u00e5 r\u00f6stade KD f\u00f6r detta projekt. \u00c4ven om vi gillar privata initiativ s\u00e5 gillar vi valfrihet och d\u00e5 \u00e4r det bra att det \u00e4ven finns kommunala omsorgsboenden.<\/p>\n<p>Jag tror att m\u00e5nga f\u00e5tt saken om \u201dbakfoten\u201d eftersom vi hela tiden var mot ombyggnationen av Bj\u00f6rkbacken till moderna och godk\u00e4nda omsorgsl\u00e4genheter. Det berodde allts\u00e5 inte p\u00e5 att vi var emot kommunalt omsorgsboende utan p\u00e5 att det var en mycket kostsam och ineffektiv ombyggnad. Tack och lov s\u00e5 ins\u00e5g TYBO\u00b4s styrelse detta till sist.<\/p>\n","protected":false},"excerpt":{"rendered":"<p>Nu unders\u00f6ker man grundf\u00f6rh\u00e5llandena f\u00f6r bygge av ett nytt \u00e4ldreomsorgsboende i h\u00f6rnet Myggdalsv\u00e4gen\/Bondev\u00e4gen. Tv\u00e4rt emot vad en del f\u00e5tt f\u00f6r sig s\u00e5 r\u00f6stade KD f\u00f6r detta projekt. \u00c4ven om vi gillar privata initiativ s\u00e5 gillar vi valfrihet och d\u00e5 \u00e4r det bra att det \u00e4ven finns kommunala omsorgsboenden. Jag tror att m\u00e5nga f\u00e5tt saken om <a class=\"read-more-link\" href=\"https:\/\/wp.kristdemokraterna.se\/tyreso\/nytt-omsorgsboende-pa-gang\/\">Read More<\/a><\/p>\n","protected":false},"author":644,"featured_media":0,"comment_status":"closed","ping_status":"closed","sticky":false,"template":"","format":"standard","meta":{"_acf_changed":false,"footnotes":""},"categories":[12,1,15,8,13],"tags":[],"class_list":["post-1493","post","type-post","status-publish","format-standard","hentry","category-aldreomsorg","category-okategoriserade","category-inlagg","category-socialt","category-stadsbyggnad"],"acf":[],"yoast_head":"<!-- This site is optimized with the Yoast SEO plugin v27.4 - https:\/\/yoast.com\/product\/yoast-seo-wordpress\/ -->\n<title>Nytt omsorgsboende p\u00e5 g\u00e5ng - Kristdemokraterna Tyres\u00f6<\/title>\n<meta name=\"robots\" content=\"index, follow, max-snippet:-1, max-image-preview:large, max-video-preview:-1\" \/>\n<link rel=\"canonical\" href=\"https:\/\/wp.kristdemokraterna.se\/tyreso\/nytt-omsorgsboende-pa-gang\/\" \/>\n<meta property=\"og:locale\" content=\"sv_SE\" \/>\n<meta property=\"og:type\" content=\"article\" \/>\n<meta property=\"og:title\" content=\"Nytt omsorgsboende p\u00e5 g\u00e5ng - Kristdemokraterna Tyres\u00f6\" \/>\n<meta property=\"og:description\" content=\"Nu unders\u00f6ker man grundf\u00f6rh\u00e5llandena f\u00f6r bygge av ett nytt \u00e4ldreomsorgsboende i h\u00f6rnet Myggdalsv\u00e4gen\/Bondev\u00e4gen. Tv\u00e4rt emot vad en del f\u00e5tt f\u00f6r sig s\u00e5 r\u00f6stade KD f\u00f6r detta projekt. \u00c4ven om vi gillar privata initiativ s\u00e5 gillar vi valfrihet och d\u00e5 \u00e4r det bra att det \u00e4ven finns kommunala omsorgsboenden. Jag tror att m\u00e5nga f\u00e5tt saken om Read More\" \/>\n<meta property=\"og:url\" content=\"https:\/\/wp.kristdemokraterna.se\/tyreso\/nytt-omsorgsboende-pa-gang\/\" \/>\n<meta property=\"og:site_name\" content=\"Kristdemokraterna Tyres\u00f6\" \/>\n<meta property=\"article:published_time\" content=\"2022-11-11T06:54:26+00:00\" \/>\n<meta name=\"author\" content=\"tyreso\" \/>\n<meta name=\"twitter:card\" content=\"summary_large_image\" \/>\n<meta name=\"twitter:label1\" content=\"Skriven av\" \/>\n\t<meta name=\"twitter:data1\" content=\"tyreso\" \/>\n\t<meta name=\"twitter:label2\" content=\"Ber\u00e4knad l\u00e4stid\" \/>\n\t<meta name=\"twitter:data2\" content=\"1 minut\" \/>\n<script type=\"application\/ld+json\" class=\"yoast-schema-graph\">{\"@context\":\"https:\\\/\\\/schema.org\",\"@graph\":[{\"@type\":\"Article\",\"@id\":\"https:\\\/\\\/wp.kristdemokraterna.se\\\/tyreso\\\/nytt-omsorgsboende-pa-gang\\\/#article\",\"isPartOf\":{\"@id\":\"https:\\\/\\\/wp.kristdemokraterna.se\\\/tyreso\\\/nytt-omsorgsboende-pa-gang\\\/\"},\"author\":{\"name\":\"tyreso\",\"@id\":\"https:\\\/\\\/wp.kristdemokraterna.se\\\/tyreso\\\/#\\\/schema\\\/person\\\/3e7d76fa0f5c4996308a0a636056d6c5\"},\"headline\":\"Nytt omsorgsboende p\u00e5 g\u00e5ng\",\"datePublished\":\"2022-11-11T06:54:26+00:00\",\"mainEntityOfPage\":{\"@id\":\"https:\\\/\\\/wp.kristdemokraterna.se\\\/tyreso\\\/nytt-omsorgsboende-pa-gang\\\/\"},\"wordCount\":127,\"articleSection\":[\"\u00c4ldreomsorg\",\"Artiklar\",\"Inl\u00e4gg\",\"Socialt\",\"Stadsbyggnad\"],\"inLanguage\":\"sv-SE\"},{\"@type\":\"WebPage\",\"@id\":\"https:\\\/\\\/wp.kristdemokraterna.se\\\/tyreso\\\/nytt-omsorgsboende-pa-gang\\\/\",\"url\":\"https:\\\/\\\/wp.kristdemokraterna.se\\\/tyreso\\\/nytt-omsorgsboende-pa-gang\\\/\",\"name\":\"Nytt omsorgsboende p\u00e5 g\u00e5ng - Kristdemokraterna Tyres\u00f6\",\"isPartOf\":{\"@id\":\"https:\\\/\\\/wp.kristdemokraterna.se\\\/tyreso\\\/#website\"},\"datePublished\":\"2022-11-11T06:54:26+00:00\",\"author\":{\"@id\":\"https:\\\/\\\/wp.kristdemokraterna.se\\\/tyreso\\\/#\\\/schema\\\/person\\\/3e7d76fa0f5c4996308a0a636056d6c5\"},\"breadcrumb\":{\"@id\":\"https:\\\/\\\/wp.kristdemokraterna.se\\\/tyreso\\\/nytt-omsorgsboende-pa-gang\\\/#breadcrumb\"},\"inLanguage\":\"sv-SE\",\"potentialAction\":[{\"@type\":\"ReadAction\",\"target\":[\"https:\\\/\\\/wp.kristdemokraterna.se\\\/tyreso\\\/nytt-omsorgsboende-pa-gang\\\/\"]}]},{\"@type\":\"BreadcrumbList\",\"@id\":\"https:\\\/\\\/wp.kristdemokraterna.se\\\/tyreso\\\/nytt-omsorgsboende-pa-gang\\\/#breadcrumb\",\"itemListElement\":[{\"@type\":\"ListItem\",\"position\":1,\"name\":\"Hem\",\"item\":\"https:\\\/\\\/wp.kristdemokraterna.se\\\/tyreso\\\/\"},{\"@type\":\"ListItem\",\"position\":2,\"name\":\"Nytt omsorgsboende p\u00e5 g\u00e5ng\"}]},{\"@type\":\"WebSite\",\"@id\":\"https:\\\/\\\/wp.kristdemokraterna.se\\\/tyreso\\\/#website\",\"url\":\"https:\\\/\\\/wp.kristdemokraterna.se\\\/tyreso\\\/\",\"name\":\"Kristdemokraterna Tyres\u00f6\",\"description\":\"\",\"inLanguage\":\"sv-SE\"},{\"@type\":\"Person\",\"@id\":\"https:\\\/\\\/wp.kristdemokraterna.se\\\/tyreso\\\/#\\\/schema\\\/person\\\/3e7d76fa0f5c4996308a0a636056d6c5\",\"name\":\"tyreso\",\"image\":{\"@type\":\"ImageObject\",\"inLanguage\":\"sv-SE\",\"@id\":\"https:\\\/\\\/secure.gravatar.com\\\/avatar\\\/f60f761639a269aae348dce7665f49bfe9f0b021d1bada09d95aaa9c66ef6215?s=96&d=mm&r=g\",\"url\":\"https:\\\/\\\/secure.gravatar.com\\\/avatar\\\/f60f761639a269aae348dce7665f49bfe9f0b021d1bada09d95aaa9c66ef6215?s=96&d=mm&r=g\",\"contentUrl\":\"https:\\\/\\\/secure.gravatar.com\\\/avatar\\\/f60f761639a269aae348dce7665f49bfe9f0b021d1bada09d95aaa9c66ef6215?s=96&d=mm&r=g\",\"caption\":\"tyreso\"},\"url\":\"https:\\\/\\\/wp.kristdemokraterna.se\\\/tyreso\\\/author\\\/tyreso\\\/\"}]}<\/script>\n<!-- \/ Yoast SEO plugin. -->","yoast_head_json":{"title":"Nytt omsorgsboende p\u00e5 g\u00e5ng - Kristdemokraterna Tyres\u00f6","robots":{"index":"index","follow":"follow","max-snippet":"max-snippet:-1","max-image-preview":"max-image-preview:large","max-video-preview":"max-video-preview:-1"},"canonical":"https:\/\/wp.kristdemokraterna.se\/tyreso\/nytt-omsorgsboende-pa-gang\/","og_locale":"sv_SE","og_type":"article","og_title":"Nytt omsorgsboende p\u00e5 g\u00e5ng - Kristdemokraterna Tyres\u00f6","og_description":"Nu unders\u00f6ker man grundf\u00f6rh\u00e5llandena f\u00f6r bygge av ett nytt \u00e4ldreomsorgsboende i h\u00f6rnet Myggdalsv\u00e4gen\/Bondev\u00e4gen. Tv\u00e4rt emot vad en del f\u00e5tt f\u00f6r sig s\u00e5 r\u00f6stade KD f\u00f6r detta projekt. \u00c4ven om vi gillar privata initiativ s\u00e5 gillar vi valfrihet och d\u00e5 \u00e4r det bra att det \u00e4ven finns kommunala omsorgsboenden. Jag tror att m\u00e5nga f\u00e5tt saken om Read More","og_url":"https:\/\/wp.kristdemokraterna.se\/tyreso\/nytt-omsorgsboende-pa-gang\/","og_site_name":"Kristdemokraterna Tyres\u00f6","article_published_time":"2022-11-11T06:54:26+00:00","author":"tyreso","twitter_card":"summary_large_image","twitter_misc":{"Skriven av":"tyreso","Ber\u00e4knad l\u00e4stid":"1 minut"},"schema":{"@context":"https:\/\/schema.org","@graph":[{"@type":"Article","@id":"https:\/\/wp.kristdemokraterna.se\/tyreso\/nytt-omsorgsboende-pa-gang\/#article","isPartOf":{"@id":"https:\/\/wp.kristdemokraterna.se\/tyreso\/nytt-omsorgsboende-pa-gang\/"},"author":{"name":"tyreso","@id":"https:\/\/wp.kristdemokraterna.se\/tyreso\/#\/schema\/person\/3e7d76fa0f5c4996308a0a636056d6c5"},"headline":"Nytt omsorgsboende p\u00e5 g\u00e5ng","datePublished":"2022-11-11T06:54:26+00:00","mainEntityOfPage":{"@id":"https:\/\/wp.kristdemokraterna.se\/tyreso\/nytt-omsorgsboende-pa-gang\/"},"wordCount":127,"articleSection":["\u00c4ldreomsorg","Artiklar","Inl\u00e4gg","Socialt","Stadsbyggnad"],"inLanguage":"sv-SE"},{"@type":"WebPage","@id":"https:\/\/wp.kristdemokraterna.se\/tyreso\/nytt-omsorgsboende-pa-gang\/","url":"https:\/\/wp.kristdemokraterna.se\/tyreso\/nytt-omsorgsboende-pa-gang\/","name":"Nytt omsorgsboende p\u00e5 g\u00e5ng - Kristdemokraterna Tyres\u00f6","isPartOf":{"@id":"https:\/\/wp.kristdemokraterna.se\/tyreso\/#website"},"datePublished":"2022-11-11T06:54:26+00:00","author":{"@id":"https:\/\/wp.kristdemokraterna.se\/tyreso\/#\/schema\/person\/3e7d76fa0f5c4996308a0a636056d6c5"},"breadcrumb":{"@id":"https:\/\/wp.kristdemokraterna.se\/tyreso\/nytt-omsorgsboende-pa-gang\/#breadcrumb"},"inLanguage":"sv-SE","potentialAction":[{"@type":"ReadAction","target":["https:\/\/wp.kristdemokraterna.se\/tyreso\/nytt-omsorgsboende-pa-gang\/"]}]},{"@type":"BreadcrumbList","@id":"https:\/\/wp.kristdemokraterna.se\/tyreso\/nytt-omsorgsboende-pa-gang\/#breadcrumb","itemListElement":[{"@type":"ListItem","position":1,"name":"Hem","item":"https:\/\/wp.kristdemokraterna.se\/tyreso\/"},{"@type":"ListItem","position":2,"name":"Nytt omsorgsboende p\u00e5 g\u00e5ng"}]},{"@type":"WebSite","@id":"https:\/\/wp.kristdemokraterna.se\/tyreso\/#website","url":"https:\/\/wp.kristdemokraterna.se\/tyreso\/","name":"Kristdemokraterna Tyres\u00f6","description":"","inLanguage":"sv-SE"},{"@type":"Person","@id":"https:\/\/wp.kristdemokraterna.se\/tyreso\/#\/schema\/person\/3e7d76fa0f5c4996308a0a636056d6c5","name":"tyreso","image":{"@type":"ImageObject","inLanguage":"sv-SE","@id":"https:\/\/secure.gravatar.com\/avatar\/f60f761639a269aae348dce7665f49bfe9f0b021d1bada09d95aaa9c66ef6215?s=96&d=mm&r=g","url":"https:\/\/secure.gravatar.com\/avatar\/f60f761639a269aae348dce7665f49bfe9f0b021d1bada09d95aaa9c66ef6215?s=96&d=mm&r=g","contentUrl":"https:\/\/secure.gravatar.com\/avatar\/f60f761639a269aae348dce7665f49bfe9f0b021d1bada09d95aaa9c66ef6215?s=96&d=mm&r=g","caption":"tyreso"},"url":"https:\/\/wp.kristdemokraterna.se\/tyreso\/author\/tyreso\/"}]}},"_links":{"self":[{"href":"https:\/\/wp.kristdemokraterna.se\/tyreso\/wp-json\/wp\/v2\/posts\/1493","targetHints":{"allow":["GET"]}}],"collection":[{"href":"https:\/\/wp.kristdemokraterna.se\/tyreso\/wp-json\/wp\/v2\/posts"}],"about":[{"href":"https:\/\/wp.kristdemokraterna.se\/tyreso\/wp-json\/wp\/v2\/types\/post"}],"author":[{"embeddable":true,"href":"https:\/\/wp.kristdemokraterna.se\/tyreso\/wp-json\/wp\/v2\/users\/644"}],"replies":[{"embeddable":true,"href":"https:\/\/wp.kristdemokraterna.se\/tyreso\/wp-json\/wp\/v2\/comments?post=1493"}],"version-history":[{"count":1,"href":"https:\/\/wp.kristdemokraterna.se\/tyreso\/wp-json\/wp\/v2\/posts\/1493\/revisions"}],"predecessor-version":[{"id":1495,"href":"https:\/\/wp.kristdemokraterna.se\/tyreso\/wp-json\/wp\/v2\/posts\/1493\/revisions\/1495"}],"wp:attachment":[{"href":"https:\/\/wp.kristdemokraterna.se\/tyreso\/wp-json\/wp\/v2\/media?parent=1493"}],"wp:term":[{"taxonomy":"category","embeddable":true,"href":"https:\/\/wp.kristdemokraterna.se\/tyreso\/wp-json\/wp\/v2\/categories?post=1493"},{"taxonomy":"post_tag","embeddable":true,"href":"https:\/\/wp.kristdemokraterna.se\/tyreso\/wp-json\/wp\/v2\/tags?post=1493"}],"curies":[{"name":"wp","href":"https:\/\/api.w.org\/{rel}","templated":true}]}}