{"id":1600,"date":"2023-12-12T14:34:29","date_gmt":"2023-12-12T13:34:29","guid":{"rendered":"https:\/\/wp.kristdemokraterna.se\/tyreso\/?p=1600"},"modified":"2023-12-12T14:34:29","modified_gmt":"2023-12-12T13:34:29","slug":"solidaritet-ar-att-dela-med-sig-en-smula-av-sitt-hjarta","status":"publish","type":"post","link":"https:\/\/wp.kristdemokraterna.se\/tyreso\/solidaritet-ar-att-dela-med-sig-en-smula-av-sitt-hjarta\/","title":{"rendered":"Solidaritet \u00e4r att dela med sig en smula av sitt hj\u00e4rta"},"content":{"rendered":"<p>Solidaritet \u00e4r att dela med sig en smula av sitt hj\u00e4rta.<\/p>\n<p>Solidaritet \u00e4r inte v\u00e4nster. Solidaritet \u00e4r djupt f\u00f6rankrat i kristdemokratin med mycket l\u00e5nga anor. Medm\u00e4nsklighet och k\u00e4rlek \u00e4r grundl\u00e4ggande v\u00e4rden som utmynnar i solidaritet mellan m\u00e4nniskor. I juletid inneb\u00e4r den h\u00e4r solidariteten ofta att ge g\u00e5vor \u2013 att dela med sig en smula av sitt hj\u00e4rta.<\/p>\n<p>D\u00e4rf\u00f6r brinner vi kristdemokrater f\u00f6r de delar av samh\u00e4llet som finns n\u00e5gonstans mittemellan staten och individen. Livskamraten, familj, arbetskamrater, v\u00e4nner, grannar, kyrkor, f\u00f6retag, f\u00f6reningar och v\u00e4lg\u00f6renhetsorganisationer. Vi \u00e4r samh\u00e4llsbyggare.<\/p>\n<p>Vi brinner f\u00f6r det som m\u00e5nga kallar f\u00f6r frivilligsverige. V\u00e4lg\u00f6renhetsorganisationer, hj\u00e4lporganisationer och lokalt f\u00f6reningsliv. De \u00e4r en viktig grundsten f\u00f6r samh\u00e4llet och det var dem vi t\u00e4nkte p\u00e5 n\u00e4r vi inf\u00f6rde g\u00e5voavdraget n\u00e4r vi satt i regeringen 2012. Socialdemokraterna f\u00f6rs\u00f6kte sedan att avskaffa det n\u00e4r de satt i regeringen. Det var b\u00e5de huvudl\u00f6st och hj\u00e4rtl\u00f6st. Vi satte oss till motv\u00e4rn. Vi f\u00f6rdubblade ist\u00e4llet maxbeloppet i g\u00e5voavdraget.<\/p>\n<p>Att vi i Sverige har ett rykte om oss som godhj\u00e4rtade och givmilda \u00e4r n\u00e5got vi ska vara stolta \u00f6ver och uppmuntra. Inte beskatta.<\/p>\n<p>G\u00e5 med i KD!<\/p>\n<p>\u200b\u200b\u200b\u200b\u200b\u200b\u200b<a href=\"https:\/\/l.facebook.com\/l.php?u=http%3A%2F%2FKD.nu%2Fblimedlem%3Ffbclid%3DIwAR2X0PDMkXwuVDxgZv6abVIZhk6XkMZf2MUr6L2kTYWPd2E9p6gOwMRifqo&amp;h=AT0LPBnLuIb-ZasdjqrvluUiFJDKbwAuvQoTDuQHXI7iSeAU6VTECeV2fTzJDTgIBSYUpUAr9i3hQn8QZorimH7SswgzOnN6dQ0qr0agiBGNTkowTCgVBzDrfTGRwNyiDS60&amp;__tn__=-UK-R&amp;c%5b0%5d=AT1mXm5nbjkJYoISBlcHQCBaqEhK6mwiEWnUgO_gIp6YSK_QG87XccyfF7ocfrD6Xm6zpvu5CbgED9QplDbmkmaPas4ZEjGRd91R5Ddpy4P08O-20AagUjO6rDC9wBfolViwVjhSA4y4PjgIGZLsRGQH5b3qrw\">KD.nu\/blimedlem<\/a><\/p>\n","protected":false},"excerpt":{"rendered":"<p>Solidaritet \u00e4r att dela med sig en smula av sitt hj\u00e4rta. Solidaritet \u00e4r inte v\u00e4nster. Solidaritet \u00e4r djupt f\u00f6rankrat i kristdemokratin med mycket l\u00e5nga anor. Medm\u00e4nsklighet och k\u00e4rlek \u00e4r grundl\u00e4ggande v\u00e4rden som utmynnar i solidaritet mellan m\u00e4nniskor. I juletid inneb\u00e4r den h\u00e4r solidariteten ofta att ge g\u00e5vor \u2013 att dela med sig en smula av <a class=\"read-more-link\" href=\"https:\/\/wp.kristdemokraterna.se\/tyreso\/solidaritet-ar-att-dela-med-sig-en-smula-av-sitt-hjarta\/\">Read More<\/a><\/p>\n","protected":false},"author":644,"featured_media":0,"comment_status":"closed","ping_status":"closed","sticky":false,"template":"","format":"standard","meta":{"_acf_changed":false,"footnotes":""},"categories":[1,15,8],"tags":[],"class_list":["post-1600","post","type-post","status-publish","format-standard","hentry","category-okategoriserade","category-inlagg","category-socialt"],"acf":[],"yoast_head":"<!-- This site is optimized with the Yoast SEO plugin v27.4 - https:\/\/yoast.com\/product\/yoast-seo-wordpress\/ -->\n<title>Solidaritet \u00e4r att dela med sig en smula av sitt hj\u00e4rta - Kristdemokraterna Tyres\u00f6<\/title>\n<meta name=\"robots\" content=\"index, follow, max-snippet:-1, max-image-preview:large, max-video-preview:-1\" \/>\n<link rel=\"canonical\" href=\"https:\/\/wp.kristdemokraterna.se\/tyreso\/solidaritet-ar-att-dela-med-sig-en-smula-av-sitt-hjarta\/\" \/>\n<meta property=\"og:locale\" content=\"sv_SE\" \/>\n<meta property=\"og:type\" content=\"article\" \/>\n<meta property=\"og:title\" content=\"Solidaritet \u00e4r att dela med sig en smula av sitt hj\u00e4rta - Kristdemokraterna Tyres\u00f6\" \/>\n<meta property=\"og:description\" content=\"Solidaritet \u00e4r att dela med sig en smula av sitt hj\u00e4rta. Solidaritet \u00e4r inte v\u00e4nster. Solidaritet \u00e4r djupt f\u00f6rankrat i kristdemokratin med mycket l\u00e5nga anor. Medm\u00e4nsklighet och k\u00e4rlek \u00e4r grundl\u00e4ggande v\u00e4rden som utmynnar i solidaritet mellan m\u00e4nniskor. I juletid inneb\u00e4r den h\u00e4r solidariteten ofta att ge g\u00e5vor \u2013 att dela med sig en smula av Read More\" \/>\n<meta property=\"og:url\" content=\"https:\/\/wp.kristdemokraterna.se\/tyreso\/solidaritet-ar-att-dela-med-sig-en-smula-av-sitt-hjarta\/\" \/>\n<meta property=\"og:site_name\" content=\"Kristdemokraterna Tyres\u00f6\" \/>\n<meta property=\"article:published_time\" content=\"2023-12-12T13:34:29+00:00\" \/>\n<meta name=\"author\" content=\"tyreso\" \/>\n<meta name=\"twitter:card\" content=\"summary_large_image\" \/>\n<meta name=\"twitter:label1\" content=\"Skriven av\" \/>\n\t<meta name=\"twitter:data1\" content=\"tyreso\" \/>\n\t<meta name=\"twitter:label2\" content=\"Ber\u00e4knad l\u00e4stid\" \/>\n\t<meta name=\"twitter:data2\" content=\"1 minut\" \/>\n<script type=\"application\/ld+json\" class=\"yoast-schema-graph\">{\"@context\":\"https:\\\/\\\/schema.org\",\"@graph\":[{\"@type\":\"Article\",\"@id\":\"https:\\\/\\\/wp.kristdemokraterna.se\\\/tyreso\\\/solidaritet-ar-att-dela-med-sig-en-smula-av-sitt-hjarta\\\/#article\",\"isPartOf\":{\"@id\":\"https:\\\/\\\/wp.kristdemokraterna.se\\\/tyreso\\\/solidaritet-ar-att-dela-med-sig-en-smula-av-sitt-hjarta\\\/\"},\"author\":{\"name\":\"tyreso\",\"@id\":\"https:\\\/\\\/wp.kristdemokraterna.se\\\/tyreso\\\/#\\\/schema\\\/person\\\/3e7d76fa0f5c4996308a0a636056d6c5\"},\"headline\":\"Solidaritet \u00e4r att dela med sig en smula av sitt hj\u00e4rta\",\"datePublished\":\"2023-12-12T13:34:29+00:00\",\"mainEntityOfPage\":{\"@id\":\"https:\\\/\\\/wp.kristdemokraterna.se\\\/tyreso\\\/solidaritet-ar-att-dela-med-sig-en-smula-av-sitt-hjarta\\\/\"},\"wordCount\":244,\"articleSection\":[\"Artiklar\",\"Inl\u00e4gg\",\"Socialt\"],\"inLanguage\":\"sv-SE\"},{\"@type\":\"WebPage\",\"@id\":\"https:\\\/\\\/wp.kristdemokraterna.se\\\/tyreso\\\/solidaritet-ar-att-dela-med-sig-en-smula-av-sitt-hjarta\\\/\",\"url\":\"https:\\\/\\\/wp.kristdemokraterna.se\\\/tyreso\\\/solidaritet-ar-att-dela-med-sig-en-smula-av-sitt-hjarta\\\/\",\"name\":\"Solidaritet \u00e4r att dela med sig en smula av sitt hj\u00e4rta - Kristdemokraterna Tyres\u00f6\",\"isPartOf\":{\"@id\":\"https:\\\/\\\/wp.kristdemokraterna.se\\\/tyreso\\\/#website\"},\"datePublished\":\"2023-12-12T13:34:29+00:00\",\"author\":{\"@id\":\"https:\\\/\\\/wp.kristdemokraterna.se\\\/tyreso\\\/#\\\/schema\\\/person\\\/3e7d76fa0f5c4996308a0a636056d6c5\"},\"breadcrumb\":{\"@id\":\"https:\\\/\\\/wp.kristdemokraterna.se\\\/tyreso\\\/solidaritet-ar-att-dela-med-sig-en-smula-av-sitt-hjarta\\\/#breadcrumb\"},\"inLanguage\":\"sv-SE\",\"potentialAction\":[{\"@type\":\"ReadAction\",\"target\":[\"https:\\\/\\\/wp.kristdemokraterna.se\\\/tyreso\\\/solidaritet-ar-att-dela-med-sig-en-smula-av-sitt-hjarta\\\/\"]}]},{\"@type\":\"BreadcrumbList\",\"@id\":\"https:\\\/\\\/wp.kristdemokraterna.se\\\/tyreso\\\/solidaritet-ar-att-dela-med-sig-en-smula-av-sitt-hjarta\\\/#breadcrumb\",\"itemListElement\":[{\"@type\":\"ListItem\",\"position\":1,\"name\":\"Hem\",\"item\":\"https:\\\/\\\/wp.kristdemokraterna.se\\\/tyreso\\\/\"},{\"@type\":\"ListItem\",\"position\":2,\"name\":\"Solidaritet \u00e4r att dela med sig en smula av sitt hj\u00e4rta\"}]},{\"@type\":\"WebSite\",\"@id\":\"https:\\\/\\\/wp.kristdemokraterna.se\\\/tyreso\\\/#website\",\"url\":\"https:\\\/\\\/wp.kristdemokraterna.se\\\/tyreso\\\/\",\"name\":\"Kristdemokraterna Tyres\u00f6\",\"description\":\"\",\"inLanguage\":\"sv-SE\"},{\"@type\":\"Person\",\"@id\":\"https:\\\/\\\/wp.kristdemokraterna.se\\\/tyreso\\\/#\\\/schema\\\/person\\\/3e7d76fa0f5c4996308a0a636056d6c5\",\"name\":\"tyreso\",\"image\":{\"@type\":\"ImageObject\",\"inLanguage\":\"sv-SE\",\"@id\":\"https:\\\/\\\/secure.gravatar.com\\\/avatar\\\/f60f761639a269aae348dce7665f49bfe9f0b021d1bada09d95aaa9c66ef6215?s=96&d=mm&r=g\",\"url\":\"https:\\\/\\\/secure.gravatar.com\\\/avatar\\\/f60f761639a269aae348dce7665f49bfe9f0b021d1bada09d95aaa9c66ef6215?s=96&d=mm&r=g\",\"contentUrl\":\"https:\\\/\\\/secure.gravatar.com\\\/avatar\\\/f60f761639a269aae348dce7665f49bfe9f0b021d1bada09d95aaa9c66ef6215?s=96&d=mm&r=g\",\"caption\":\"tyreso\"},\"url\":\"https:\\\/\\\/wp.kristdemokraterna.se\\\/tyreso\\\/author\\\/tyreso\\\/\"}]}<\/script>\n<!-- \/ Yoast SEO plugin. -->","yoast_head_json":{"title":"Solidaritet \u00e4r att dela med sig en smula av sitt hj\u00e4rta - Kristdemokraterna Tyres\u00f6","robots":{"index":"index","follow":"follow","max-snippet":"max-snippet:-1","max-image-preview":"max-image-preview:large","max-video-preview":"max-video-preview:-1"},"canonical":"https:\/\/wp.kristdemokraterna.se\/tyreso\/solidaritet-ar-att-dela-med-sig-en-smula-av-sitt-hjarta\/","og_locale":"sv_SE","og_type":"article","og_title":"Solidaritet \u00e4r att dela med sig en smula av sitt hj\u00e4rta - Kristdemokraterna Tyres\u00f6","og_description":"Solidaritet \u00e4r att dela med sig en smula av sitt hj\u00e4rta. Solidaritet \u00e4r inte v\u00e4nster. Solidaritet \u00e4r djupt f\u00f6rankrat i kristdemokratin med mycket l\u00e5nga anor. Medm\u00e4nsklighet och k\u00e4rlek \u00e4r grundl\u00e4ggande v\u00e4rden som utmynnar i solidaritet mellan m\u00e4nniskor. I juletid inneb\u00e4r den h\u00e4r solidariteten ofta att ge g\u00e5vor \u2013 att dela med sig en smula av Read More","og_url":"https:\/\/wp.kristdemokraterna.se\/tyreso\/solidaritet-ar-att-dela-med-sig-en-smula-av-sitt-hjarta\/","og_site_name":"Kristdemokraterna Tyres\u00f6","article_published_time":"2023-12-12T13:34:29+00:00","author":"tyreso","twitter_card":"summary_large_image","twitter_misc":{"Skriven av":"tyreso","Ber\u00e4knad l\u00e4stid":"1 minut"},"schema":{"@context":"https:\/\/schema.org","@graph":[{"@type":"Article","@id":"https:\/\/wp.kristdemokraterna.se\/tyreso\/solidaritet-ar-att-dela-med-sig-en-smula-av-sitt-hjarta\/#article","isPartOf":{"@id":"https:\/\/wp.kristdemokraterna.se\/tyreso\/solidaritet-ar-att-dela-med-sig-en-smula-av-sitt-hjarta\/"},"author":{"name":"tyreso","@id":"https:\/\/wp.kristdemokraterna.se\/tyreso\/#\/schema\/person\/3e7d76fa0f5c4996308a0a636056d6c5"},"headline":"Solidaritet \u00e4r att dela med sig en smula av sitt hj\u00e4rta","datePublished":"2023-12-12T13:34:29+00:00","mainEntityOfPage":{"@id":"https:\/\/wp.kristdemokraterna.se\/tyreso\/solidaritet-ar-att-dela-med-sig-en-smula-av-sitt-hjarta\/"},"wordCount":244,"articleSection":["Artiklar","Inl\u00e4gg","Socialt"],"inLanguage":"sv-SE"},{"@type":"WebPage","@id":"https:\/\/wp.kristdemokraterna.se\/tyreso\/solidaritet-ar-att-dela-med-sig-en-smula-av-sitt-hjarta\/","url":"https:\/\/wp.kristdemokraterna.se\/tyreso\/solidaritet-ar-att-dela-med-sig-en-smula-av-sitt-hjarta\/","name":"Solidaritet \u00e4r att dela med sig en smula av sitt hj\u00e4rta - Kristdemokraterna Tyres\u00f6","isPartOf":{"@id":"https:\/\/wp.kristdemokraterna.se\/tyreso\/#website"},"datePublished":"2023-12-12T13:34:29+00:00","author":{"@id":"https:\/\/wp.kristdemokraterna.se\/tyreso\/#\/schema\/person\/3e7d76fa0f5c4996308a0a636056d6c5"},"breadcrumb":{"@id":"https:\/\/wp.kristdemokraterna.se\/tyreso\/solidaritet-ar-att-dela-med-sig-en-smula-av-sitt-hjarta\/#breadcrumb"},"inLanguage":"sv-SE","potentialAction":[{"@type":"ReadAction","target":["https:\/\/wp.kristdemokraterna.se\/tyreso\/solidaritet-ar-att-dela-med-sig-en-smula-av-sitt-hjarta\/"]}]},{"@type":"BreadcrumbList","@id":"https:\/\/wp.kristdemokraterna.se\/tyreso\/solidaritet-ar-att-dela-med-sig-en-smula-av-sitt-hjarta\/#breadcrumb","itemListElement":[{"@type":"ListItem","position":1,"name":"Hem","item":"https:\/\/wp.kristdemokraterna.se\/tyreso\/"},{"@type":"ListItem","position":2,"name":"Solidaritet \u00e4r att dela med sig en smula av sitt hj\u00e4rta"}]},{"@type":"WebSite","@id":"https:\/\/wp.kristdemokraterna.se\/tyreso\/#website","url":"https:\/\/wp.kristdemokraterna.se\/tyreso\/","name":"Kristdemokraterna Tyres\u00f6","description":"","inLanguage":"sv-SE"},{"@type":"Person","@id":"https:\/\/wp.kristdemokraterna.se\/tyreso\/#\/schema\/person\/3e7d76fa0f5c4996308a0a636056d6c5","name":"tyreso","image":{"@type":"ImageObject","inLanguage":"sv-SE","@id":"https:\/\/secure.gravatar.com\/avatar\/f60f761639a269aae348dce7665f49bfe9f0b021d1bada09d95aaa9c66ef6215?s=96&d=mm&r=g","url":"https:\/\/secure.gravatar.com\/avatar\/f60f761639a269aae348dce7665f49bfe9f0b021d1bada09d95aaa9c66ef6215?s=96&d=mm&r=g","contentUrl":"https:\/\/secure.gravatar.com\/avatar\/f60f761639a269aae348dce7665f49bfe9f0b021d1bada09d95aaa9c66ef6215?s=96&d=mm&r=g","caption":"tyreso"},"url":"https:\/\/wp.kristdemokraterna.se\/tyreso\/author\/tyreso\/"}]}},"_links":{"self":[{"href":"https:\/\/wp.kristdemokraterna.se\/tyreso\/wp-json\/wp\/v2\/posts\/1600","targetHints":{"allow":["GET"]}}],"collection":[{"href":"https:\/\/wp.kristdemokraterna.se\/tyreso\/wp-json\/wp\/v2\/posts"}],"about":[{"href":"https:\/\/wp.kristdemokraterna.se\/tyreso\/wp-json\/wp\/v2\/types\/post"}],"author":[{"embeddable":true,"href":"https:\/\/wp.kristdemokraterna.se\/tyreso\/wp-json\/wp\/v2\/users\/644"}],"replies":[{"embeddable":true,"href":"https:\/\/wp.kristdemokraterna.se\/tyreso\/wp-json\/wp\/v2\/comments?post=1600"}],"version-history":[{"count":2,"href":"https:\/\/wp.kristdemokraterna.se\/tyreso\/wp-json\/wp\/v2\/posts\/1600\/revisions"}],"predecessor-version":[{"id":1603,"href":"https:\/\/wp.kristdemokraterna.se\/tyreso\/wp-json\/wp\/v2\/posts\/1600\/revisions\/1603"}],"wp:attachment":[{"href":"https:\/\/wp.kristdemokraterna.se\/tyreso\/wp-json\/wp\/v2\/media?parent=1600"}],"wp:term":[{"taxonomy":"category","embeddable":true,"href":"https:\/\/wp.kristdemokraterna.se\/tyreso\/wp-json\/wp\/v2\/categories?post=1600"},{"taxonomy":"post_tag","embeddable":true,"href":"https:\/\/wp.kristdemokraterna.se\/tyreso\/wp-json\/wp\/v2\/tags?post=1600"}],"curies":[{"name":"wp","href":"https:\/\/api.w.org\/{rel}","templated":true}]}}