{"id":1611,"date":"2024-01-08T08:48:15","date_gmt":"2024-01-08T07:48:15","guid":{"rendered":"https:\/\/wp.kristdemokraterna.se\/tyreso\/?p=1611"},"modified":"2024-01-08T08:49:03","modified_gmt":"2024-01-08T07:49:03","slug":"det-var-bokslutet-over-8-ar-av-socialdemokratiskt-maktinnehav","status":"publish","type":"post","link":"https:\/\/wp.kristdemokraterna.se\/tyreso\/det-var-bokslutet-over-8-ar-av-socialdemokratiskt-maktinnehav\/","title":{"rendered":"Det var bokslutet \u00f6ver 8 \u00e5r av socialdemokratiskt maktinnehav"},"content":{"rendered":"<p>Socialdemokraterna lyfter fr\u00e5gan om att en halv miljon svenskar inte klarar sina basala utgifter. Sent ska syndaren vakna.<\/p>\n<p>Det var bokslutet \u00f6ver 8 \u00e5r av socialdemokratiskt maktinnehav, beroende av MP. Nyheten skrevs i tidningarna i januari f\u00f6r ett \u00e5r sedan, n\u00e4r socialdemokraterna och milj\u00f6partiet precis l\u00e4mnat makten.<\/p>\n<p>Socialdemokraterna skyller det p\u00e5 h\u00f6gerregeringen. Man skyller det p\u00e5 bankerna. Man f\u00f6rs\u00f6ker till och med smeta lite SD-kl\u00e4gg p\u00e5 regeringen n\u00e4r man \u00e4nd\u00e5 h\u00e5ller p\u00e5.<\/p>\n<p>Inte med ett enda ord n\u00e4mner man v\u00e4rldens h\u00f6gsta drivmedelspriser eller nedlagd elproduktion. Sj\u00e4lva grunden till att det blivit s\u00e5 dyrt att vara svensk. Resultatet av deras eget maktinnehav. De borde sk\u00e4mmas.<\/p>\n<p>\u201dDu f\u00f6rtj\u00e4nar en regering som ser dig\u201d, skriver S. Det har de helt r\u00e4tt i. Du beh\u00f6ver en regering som ser Dig, och inte bara Din pl\u00e5nbok och m\u00f6jligheten att beskatta Dig.<\/p>\n<p>Den borgerliga regeringen, med KD i spetsen, har under f\u00f6rra \u00e5ret betalat ut elst\u00f6d, i \u00e5r s\u00e4nkt drivmedelspriserna och jobbar fram\u00e5t f\u00f6r utbyggd elproduktion.<\/p>\n<p>Det &#8211; \u00e4r en regering som ser dig<\/p>\n","protected":false},"excerpt":{"rendered":"<p>Socialdemokraterna lyfter fr\u00e5gan om att en halv miljon svenskar inte klarar sina basala utgifter. Sent ska syndaren vakna. Det var bokslutet \u00f6ver 8 \u00e5r av socialdemokratiskt maktinnehav, beroende av MP. Nyheten skrevs i tidningarna i januari f\u00f6r ett \u00e5r sedan, n\u00e4r socialdemokraterna och milj\u00f6partiet precis l\u00e4mnat makten. Socialdemokraterna skyller det p\u00e5 h\u00f6gerregeringen. Man skyller det <a class=\"read-more-link\" href=\"https:\/\/wp.kristdemokraterna.se\/tyreso\/det-var-bokslutet-over-8-ar-av-socialdemokratiskt-maktinnehav\/\">Read More<\/a><\/p>\n","protected":false},"author":644,"featured_media":0,"comment_status":"closed","ping_status":"closed","sticky":false,"template":"","format":"standard","meta":{"_acf_changed":false,"footnotes":""},"categories":[1,16,22,15,27,8],"tags":[],"class_list":["post-1611","post","type-post","status-publish","format-standard","hentry","category-okategoriserade","category-ekonomi","category-energiproduktion","category-inlagg","category-rikspolitik","category-socialt"],"acf":[],"yoast_head":"<!-- This site is optimized with the Yoast SEO plugin v27.5 - https:\/\/yoast.com\/product\/yoast-seo-wordpress\/ -->\n<title>Det var bokslutet \u00f6ver 8 \u00e5r av socialdemokratiskt maktinnehav - Kristdemokraterna Tyres\u00f6<\/title>\n<meta name=\"robots\" content=\"index, follow, max-snippet:-1, max-image-preview:large, max-video-preview:-1\" \/>\n<link rel=\"canonical\" href=\"https:\/\/wp.kristdemokraterna.se\/tyreso\/det-var-bokslutet-over-8-ar-av-socialdemokratiskt-maktinnehav\/\" \/>\n<meta property=\"og:locale\" content=\"sv_SE\" \/>\n<meta property=\"og:type\" content=\"article\" \/>\n<meta property=\"og:title\" content=\"Det var bokslutet \u00f6ver 8 \u00e5r av socialdemokratiskt maktinnehav - Kristdemokraterna Tyres\u00f6\" \/>\n<meta property=\"og:description\" content=\"Socialdemokraterna lyfter fr\u00e5gan om att en halv miljon svenskar inte klarar sina basala utgifter. Sent ska syndaren vakna. Det var bokslutet \u00f6ver 8 \u00e5r av socialdemokratiskt maktinnehav, beroende av MP. Nyheten skrevs i tidningarna i januari f\u00f6r ett \u00e5r sedan, n\u00e4r socialdemokraterna och milj\u00f6partiet precis l\u00e4mnat makten. Socialdemokraterna skyller det p\u00e5 h\u00f6gerregeringen. Man skyller det Read More\" \/>\n<meta property=\"og:url\" content=\"https:\/\/wp.kristdemokraterna.se\/tyreso\/det-var-bokslutet-over-8-ar-av-socialdemokratiskt-maktinnehav\/\" \/>\n<meta property=\"og:site_name\" content=\"Kristdemokraterna Tyres\u00f6\" \/>\n<meta property=\"article:published_time\" content=\"2024-01-08T07:48:15+00:00\" \/>\n<meta property=\"article:modified_time\" content=\"2024-01-08T07:49:03+00:00\" \/>\n<meta name=\"author\" content=\"tyreso\" \/>\n<meta name=\"twitter:card\" content=\"summary_large_image\" \/>\n<meta name=\"twitter:label1\" content=\"Skriven av\" \/>\n\t<meta name=\"twitter:data1\" content=\"tyreso\" \/>\n\t<meta name=\"twitter:label2\" content=\"Ber\u00e4knad l\u00e4stid\" \/>\n\t<meta name=\"twitter:data2\" content=\"1 minut\" \/>\n<script type=\"application\/ld+json\" class=\"yoast-schema-graph\">{\"@context\":\"https:\\\/\\\/schema.org\",\"@graph\":[{\"@type\":\"Article\",\"@id\":\"https:\\\/\\\/wp.kristdemokraterna.se\\\/tyreso\\\/det-var-bokslutet-over-8-ar-av-socialdemokratiskt-maktinnehav\\\/#article\",\"isPartOf\":{\"@id\":\"https:\\\/\\\/wp.kristdemokraterna.se\\\/tyreso\\\/det-var-bokslutet-over-8-ar-av-socialdemokratiskt-maktinnehav\\\/\"},\"author\":{\"name\":\"tyreso\",\"@id\":\"https:\\\/\\\/wp.kristdemokraterna.se\\\/tyreso\\\/#\\\/schema\\\/person\\\/3e7d76fa0f5c4996308a0a636056d6c5\"},\"headline\":\"Det var bokslutet \u00f6ver 8 \u00e5r av socialdemokratiskt maktinnehav\",\"datePublished\":\"2024-01-08T07:48:15+00:00\",\"dateModified\":\"2024-01-08T07:49:03+00:00\",\"mainEntityOfPage\":{\"@id\":\"https:\\\/\\\/wp.kristdemokraterna.se\\\/tyreso\\\/det-var-bokslutet-over-8-ar-av-socialdemokratiskt-maktinnehav\\\/\"},\"wordCount\":202,\"articleSection\":[\"Artiklar\",\"Ekonomi\",\"Energiproduktion\",\"Inl\u00e4gg\",\"Rikspolitik\",\"Socialt\"],\"inLanguage\":\"sv-SE\"},{\"@type\":\"WebPage\",\"@id\":\"https:\\\/\\\/wp.kristdemokraterna.se\\\/tyreso\\\/det-var-bokslutet-over-8-ar-av-socialdemokratiskt-maktinnehav\\\/\",\"url\":\"https:\\\/\\\/wp.kristdemokraterna.se\\\/tyreso\\\/det-var-bokslutet-over-8-ar-av-socialdemokratiskt-maktinnehav\\\/\",\"name\":\"Det var bokslutet \u00f6ver 8 \u00e5r av socialdemokratiskt maktinnehav - Kristdemokraterna Tyres\u00f6\",\"isPartOf\":{\"@id\":\"https:\\\/\\\/wp.kristdemokraterna.se\\\/tyreso\\\/#website\"},\"datePublished\":\"2024-01-08T07:48:15+00:00\",\"dateModified\":\"2024-01-08T07:49:03+00:00\",\"author\":{\"@id\":\"https:\\\/\\\/wp.kristdemokraterna.se\\\/tyreso\\\/#\\\/schema\\\/person\\\/3e7d76fa0f5c4996308a0a636056d6c5\"},\"breadcrumb\":{\"@id\":\"https:\\\/\\\/wp.kristdemokraterna.se\\\/tyreso\\\/det-var-bokslutet-over-8-ar-av-socialdemokratiskt-maktinnehav\\\/#breadcrumb\"},\"inLanguage\":\"sv-SE\",\"potentialAction\":[{\"@type\":\"ReadAction\",\"target\":[\"https:\\\/\\\/wp.kristdemokraterna.se\\\/tyreso\\\/det-var-bokslutet-over-8-ar-av-socialdemokratiskt-maktinnehav\\\/\"]}]},{\"@type\":\"BreadcrumbList\",\"@id\":\"https:\\\/\\\/wp.kristdemokraterna.se\\\/tyreso\\\/det-var-bokslutet-over-8-ar-av-socialdemokratiskt-maktinnehav\\\/#breadcrumb\",\"itemListElement\":[{\"@type\":\"ListItem\",\"position\":1,\"name\":\"Hem\",\"item\":\"https:\\\/\\\/wp.kristdemokraterna.se\\\/tyreso\\\/\"},{\"@type\":\"ListItem\",\"position\":2,\"name\":\"Det var bokslutet \u00f6ver 8 \u00e5r av socialdemokratiskt maktinnehav\"}]},{\"@type\":\"WebSite\",\"@id\":\"https:\\\/\\\/wp.kristdemokraterna.se\\\/tyreso\\\/#website\",\"url\":\"https:\\\/\\\/wp.kristdemokraterna.se\\\/tyreso\\\/\",\"name\":\"Kristdemokraterna Tyres\u00f6\",\"description\":\"\",\"inLanguage\":\"sv-SE\"},{\"@type\":\"Person\",\"@id\":\"https:\\\/\\\/wp.kristdemokraterna.se\\\/tyreso\\\/#\\\/schema\\\/person\\\/3e7d76fa0f5c4996308a0a636056d6c5\",\"name\":\"tyreso\",\"image\":{\"@type\":\"ImageObject\",\"inLanguage\":\"sv-SE\",\"@id\":\"https:\\\/\\\/secure.gravatar.com\\\/avatar\\\/f60f761639a269aae348dce7665f49bfe9f0b021d1bada09d95aaa9c66ef6215?s=96&d=mm&r=g\",\"url\":\"https:\\\/\\\/secure.gravatar.com\\\/avatar\\\/f60f761639a269aae348dce7665f49bfe9f0b021d1bada09d95aaa9c66ef6215?s=96&d=mm&r=g\",\"contentUrl\":\"https:\\\/\\\/secure.gravatar.com\\\/avatar\\\/f60f761639a269aae348dce7665f49bfe9f0b021d1bada09d95aaa9c66ef6215?s=96&d=mm&r=g\",\"caption\":\"tyreso\"},\"url\":\"https:\\\/\\\/wp.kristdemokraterna.se\\\/tyreso\\\/author\\\/tyreso\\\/\"}]}<\/script>\n<!-- \/ Yoast SEO plugin. -->","yoast_head_json":{"title":"Det var bokslutet \u00f6ver 8 \u00e5r av socialdemokratiskt maktinnehav - Kristdemokraterna Tyres\u00f6","robots":{"index":"index","follow":"follow","max-snippet":"max-snippet:-1","max-image-preview":"max-image-preview:large","max-video-preview":"max-video-preview:-1"},"canonical":"https:\/\/wp.kristdemokraterna.se\/tyreso\/det-var-bokslutet-over-8-ar-av-socialdemokratiskt-maktinnehav\/","og_locale":"sv_SE","og_type":"article","og_title":"Det var bokslutet \u00f6ver 8 \u00e5r av socialdemokratiskt maktinnehav - Kristdemokraterna Tyres\u00f6","og_description":"Socialdemokraterna lyfter fr\u00e5gan om att en halv miljon svenskar inte klarar sina basala utgifter. Sent ska syndaren vakna. Det var bokslutet \u00f6ver 8 \u00e5r av socialdemokratiskt maktinnehav, beroende av MP. Nyheten skrevs i tidningarna i januari f\u00f6r ett \u00e5r sedan, n\u00e4r socialdemokraterna och milj\u00f6partiet precis l\u00e4mnat makten. Socialdemokraterna skyller det p\u00e5 h\u00f6gerregeringen. Man skyller det Read More","og_url":"https:\/\/wp.kristdemokraterna.se\/tyreso\/det-var-bokslutet-over-8-ar-av-socialdemokratiskt-maktinnehav\/","og_site_name":"Kristdemokraterna Tyres\u00f6","article_published_time":"2024-01-08T07:48:15+00:00","article_modified_time":"2024-01-08T07:49:03+00:00","author":"tyreso","twitter_card":"summary_large_image","twitter_misc":{"Skriven av":"tyreso","Ber\u00e4knad l\u00e4stid":"1 minut"},"schema":{"@context":"https:\/\/schema.org","@graph":[{"@type":"Article","@id":"https:\/\/wp.kristdemokraterna.se\/tyreso\/det-var-bokslutet-over-8-ar-av-socialdemokratiskt-maktinnehav\/#article","isPartOf":{"@id":"https:\/\/wp.kristdemokraterna.se\/tyreso\/det-var-bokslutet-over-8-ar-av-socialdemokratiskt-maktinnehav\/"},"author":{"name":"tyreso","@id":"https:\/\/wp.kristdemokraterna.se\/tyreso\/#\/schema\/person\/3e7d76fa0f5c4996308a0a636056d6c5"},"headline":"Det var bokslutet \u00f6ver 8 \u00e5r av socialdemokratiskt maktinnehav","datePublished":"2024-01-08T07:48:15+00:00","dateModified":"2024-01-08T07:49:03+00:00","mainEntityOfPage":{"@id":"https:\/\/wp.kristdemokraterna.se\/tyreso\/det-var-bokslutet-over-8-ar-av-socialdemokratiskt-maktinnehav\/"},"wordCount":202,"articleSection":["Artiklar","Ekonomi","Energiproduktion","Inl\u00e4gg","Rikspolitik","Socialt"],"inLanguage":"sv-SE"},{"@type":"WebPage","@id":"https:\/\/wp.kristdemokraterna.se\/tyreso\/det-var-bokslutet-over-8-ar-av-socialdemokratiskt-maktinnehav\/","url":"https:\/\/wp.kristdemokraterna.se\/tyreso\/det-var-bokslutet-over-8-ar-av-socialdemokratiskt-maktinnehav\/","name":"Det var bokslutet \u00f6ver 8 \u00e5r av socialdemokratiskt maktinnehav - Kristdemokraterna Tyres\u00f6","isPartOf":{"@id":"https:\/\/wp.kristdemokraterna.se\/tyreso\/#website"},"datePublished":"2024-01-08T07:48:15+00:00","dateModified":"2024-01-08T07:49:03+00:00","author":{"@id":"https:\/\/wp.kristdemokraterna.se\/tyreso\/#\/schema\/person\/3e7d76fa0f5c4996308a0a636056d6c5"},"breadcrumb":{"@id":"https:\/\/wp.kristdemokraterna.se\/tyreso\/det-var-bokslutet-over-8-ar-av-socialdemokratiskt-maktinnehav\/#breadcrumb"},"inLanguage":"sv-SE","potentialAction":[{"@type":"ReadAction","target":["https:\/\/wp.kristdemokraterna.se\/tyreso\/det-var-bokslutet-over-8-ar-av-socialdemokratiskt-maktinnehav\/"]}]},{"@type":"BreadcrumbList","@id":"https:\/\/wp.kristdemokraterna.se\/tyreso\/det-var-bokslutet-over-8-ar-av-socialdemokratiskt-maktinnehav\/#breadcrumb","itemListElement":[{"@type":"ListItem","position":1,"name":"Hem","item":"https:\/\/wp.kristdemokraterna.se\/tyreso\/"},{"@type":"ListItem","position":2,"name":"Det var bokslutet \u00f6ver 8 \u00e5r av socialdemokratiskt maktinnehav"}]},{"@type":"WebSite","@id":"https:\/\/wp.kristdemokraterna.se\/tyreso\/#website","url":"https:\/\/wp.kristdemokraterna.se\/tyreso\/","name":"Kristdemokraterna Tyres\u00f6","description":"","inLanguage":"sv-SE"},{"@type":"Person","@id":"https:\/\/wp.kristdemokraterna.se\/tyreso\/#\/schema\/person\/3e7d76fa0f5c4996308a0a636056d6c5","name":"tyreso","image":{"@type":"ImageObject","inLanguage":"sv-SE","@id":"https:\/\/secure.gravatar.com\/avatar\/f60f761639a269aae348dce7665f49bfe9f0b021d1bada09d95aaa9c66ef6215?s=96&d=mm&r=g","url":"https:\/\/secure.gravatar.com\/avatar\/f60f761639a269aae348dce7665f49bfe9f0b021d1bada09d95aaa9c66ef6215?s=96&d=mm&r=g","contentUrl":"https:\/\/secure.gravatar.com\/avatar\/f60f761639a269aae348dce7665f49bfe9f0b021d1bada09d95aaa9c66ef6215?s=96&d=mm&r=g","caption":"tyreso"},"url":"https:\/\/wp.kristdemokraterna.se\/tyreso\/author\/tyreso\/"}]}},"_links":{"self":[{"href":"https:\/\/wp.kristdemokraterna.se\/tyreso\/wp-json\/wp\/v2\/posts\/1611","targetHints":{"allow":["GET"]}}],"collection":[{"href":"https:\/\/wp.kristdemokraterna.se\/tyreso\/wp-json\/wp\/v2\/posts"}],"about":[{"href":"https:\/\/wp.kristdemokraterna.se\/tyreso\/wp-json\/wp\/v2\/types\/post"}],"author":[{"embeddable":true,"href":"https:\/\/wp.kristdemokraterna.se\/tyreso\/wp-json\/wp\/v2\/users\/644"}],"replies":[{"embeddable":true,"href":"https:\/\/wp.kristdemokraterna.se\/tyreso\/wp-json\/wp\/v2\/comments?post=1611"}],"version-history":[{"count":2,"href":"https:\/\/wp.kristdemokraterna.se\/tyreso\/wp-json\/wp\/v2\/posts\/1611\/revisions"}],"predecessor-version":[{"id":1614,"href":"https:\/\/wp.kristdemokraterna.se\/tyreso\/wp-json\/wp\/v2\/posts\/1611\/revisions\/1614"}],"wp:attachment":[{"href":"https:\/\/wp.kristdemokraterna.se\/tyreso\/wp-json\/wp\/v2\/media?parent=1611"}],"wp:term":[{"taxonomy":"category","embeddable":true,"href":"https:\/\/wp.kristdemokraterna.se\/tyreso\/wp-json\/wp\/v2\/categories?post=1611"},{"taxonomy":"post_tag","embeddable":true,"href":"https:\/\/wp.kristdemokraterna.se\/tyreso\/wp-json\/wp\/v2\/tags?post=1611"}],"curies":[{"name":"wp","href":"https:\/\/api.w.org\/{rel}","templated":true}]}}