{"id":1658,"date":"2024-04-21T08:47:24","date_gmt":"2024-04-21T06:47:24","guid":{"rendered":"https:\/\/wp.kristdemokraterna.se\/tyreso\/?p=1658"},"modified":"2024-04-21T08:47:24","modified_gmt":"2024-04-21T06:47:24","slug":"att-elda-eller-inte-elda","status":"publish","type":"post","link":"https:\/\/wp.kristdemokraterna.se\/tyreso\/att-elda-eller-inte-elda\/","title":{"rendered":"Att elda eller inte elda"},"content":{"rendered":"<p>Ebba Busch: Nej, du ska visst f\u00e5 br\u00e4nna l\u00f6v i din tr\u00e4dg\u00e5rd.<\/p>\n<p>I dagarna har det rapporterats om ett f\u00f6rbud kopplat till EU-lagstiftning mot att br\u00e4nna tr\u00e4dg\u00e5rdsavfall, som pinnar och l\u00f6v. Ett f\u00f6rbud som dessutom skulle stoppa majbrasor. Detta skulle vara h\u00f6jden av politisk kl\u00e5fingrighet, utan f\u00f6rankring i verkligheten.<\/p>\n<p>Jag vill vara tydlig med att regeringen inte inf\u00f6rt n\u00e5got nytt f\u00f6rbud mot eldning av tr\u00e4dg\u00e5rdsavfall. Det r\u00f6r sig om nya regler men inte om n\u00e5gon st\u00f6rre f\u00f6r\u00e4ndring gentemot hur det fungerat tidigare. Vi ser att dessa g\u00e5r att tolka p\u00e5 olika s\u00e4tt och reglerna kommer d\u00e4rf\u00f6r att f\u00f6rtydligas.<\/p>\n<p>Fram tills dess vill jag understryka att det redan nu finns l\u00e5ngtg\u00e5ende m\u00f6jligheter f\u00f6r kommunerna att bevilja undantag. Flera kommuner har redan tagit fram f\u00f6reskrifter.<\/p>\n<p>Jag vill ocks\u00e5 lyfta fram att skogs- och jordbruksfastigheter inte ber\u00f6rs.<\/p>\n<p>Var lugna &#8211; majbrasor kommer t\u00e4ndas under valborgsm\u00e4ssoafton.<\/p>\n","protected":false},"excerpt":{"rendered":"<p>Ebba Busch: Nej, du ska visst f\u00e5 br\u00e4nna l\u00f6v i din tr\u00e4dg\u00e5rd. I dagarna har det rapporterats om ett f\u00f6rbud kopplat till EU-lagstiftning mot att br\u00e4nna tr\u00e4dg\u00e5rdsavfall, som pinnar och l\u00f6v. Ett f\u00f6rbud som dessutom skulle stoppa majbrasor. Detta skulle vara h\u00f6jden av politisk kl\u00e5fingrighet, utan f\u00f6rankring i verkligheten. Jag vill vara tydlig med att <a class=\"read-more-link\" href=\"https:\/\/wp.kristdemokraterna.se\/tyreso\/att-elda-eller-inte-elda\/\">Read More<\/a><\/p>\n","protected":false},"author":644,"featured_media":0,"comment_status":"closed","ping_status":"closed","sticky":false,"template":"","format":"standard","meta":{"_acf_changed":false,"footnotes":""},"categories":[1,9,15,10],"tags":[],"class_list":["post-1658","post","type-post","status-publish","format-standard","hentry","category-okategoriserade","category-bostader","category-inlagg","category-natur"],"acf":[],"yoast_head":"<!-- This site is optimized with the Yoast SEO plugin v27.4 - https:\/\/yoast.com\/product\/yoast-seo-wordpress\/ -->\n<title>Att elda eller inte elda - Kristdemokraterna Tyres\u00f6<\/title>\n<meta name=\"robots\" content=\"index, follow, max-snippet:-1, max-image-preview:large, max-video-preview:-1\" \/>\n<link rel=\"canonical\" href=\"https:\/\/wp.kristdemokraterna.se\/tyreso\/att-elda-eller-inte-elda\/\" \/>\n<meta property=\"og:locale\" content=\"sv_SE\" \/>\n<meta property=\"og:type\" content=\"article\" \/>\n<meta property=\"og:title\" content=\"Att elda eller inte elda - Kristdemokraterna Tyres\u00f6\" \/>\n<meta property=\"og:description\" content=\"Ebba Busch: Nej, du ska visst f\u00e5 br\u00e4nna l\u00f6v i din tr\u00e4dg\u00e5rd. I dagarna har det rapporterats om ett f\u00f6rbud kopplat till EU-lagstiftning mot att br\u00e4nna tr\u00e4dg\u00e5rdsavfall, som pinnar och l\u00f6v. Ett f\u00f6rbud som dessutom skulle stoppa majbrasor. Detta skulle vara h\u00f6jden av politisk kl\u00e5fingrighet, utan f\u00f6rankring i verkligheten. Jag vill vara tydlig med att Read More\" \/>\n<meta property=\"og:url\" content=\"https:\/\/wp.kristdemokraterna.se\/tyreso\/att-elda-eller-inte-elda\/\" \/>\n<meta property=\"og:site_name\" content=\"Kristdemokraterna Tyres\u00f6\" \/>\n<meta property=\"article:published_time\" content=\"2024-04-21T06:47:24+00:00\" \/>\n<meta name=\"author\" content=\"tyreso\" \/>\n<meta name=\"twitter:card\" content=\"summary_large_image\" \/>\n<meta name=\"twitter:label1\" content=\"Skriven av\" \/>\n\t<meta name=\"twitter:data1\" content=\"tyreso\" \/>\n\t<meta name=\"twitter:label2\" content=\"Ber\u00e4knad l\u00e4stid\" \/>\n\t<meta name=\"twitter:data2\" content=\"1 minut\" \/>\n<script type=\"application\/ld+json\" class=\"yoast-schema-graph\">{\"@context\":\"https:\\\/\\\/schema.org\",\"@graph\":[{\"@type\":\"Article\",\"@id\":\"https:\\\/\\\/wp.kristdemokraterna.se\\\/tyreso\\\/att-elda-eller-inte-elda\\\/#article\",\"isPartOf\":{\"@id\":\"https:\\\/\\\/wp.kristdemokraterna.se\\\/tyreso\\\/att-elda-eller-inte-elda\\\/\"},\"author\":{\"name\":\"tyreso\",\"@id\":\"https:\\\/\\\/wp.kristdemokraterna.se\\\/tyreso\\\/#\\\/schema\\\/person\\\/3e7d76fa0f5c4996308a0a636056d6c5\"},\"headline\":\"Att elda eller inte elda\",\"datePublished\":\"2024-04-21T06:47:24+00:00\",\"mainEntityOfPage\":{\"@id\":\"https:\\\/\\\/wp.kristdemokraterna.se\\\/tyreso\\\/att-elda-eller-inte-elda\\\/\"},\"wordCount\":183,\"articleSection\":[\"Artiklar\",\"Bost\u00e4der\",\"Inl\u00e4gg\",\"Natur\"],\"inLanguage\":\"sv-SE\"},{\"@type\":\"WebPage\",\"@id\":\"https:\\\/\\\/wp.kristdemokraterna.se\\\/tyreso\\\/att-elda-eller-inte-elda\\\/\",\"url\":\"https:\\\/\\\/wp.kristdemokraterna.se\\\/tyreso\\\/att-elda-eller-inte-elda\\\/\",\"name\":\"Att elda eller inte elda - Kristdemokraterna Tyres\u00f6\",\"isPartOf\":{\"@id\":\"https:\\\/\\\/wp.kristdemokraterna.se\\\/tyreso\\\/#website\"},\"datePublished\":\"2024-04-21T06:47:24+00:00\",\"author\":{\"@id\":\"https:\\\/\\\/wp.kristdemokraterna.se\\\/tyreso\\\/#\\\/schema\\\/person\\\/3e7d76fa0f5c4996308a0a636056d6c5\"},\"breadcrumb\":{\"@id\":\"https:\\\/\\\/wp.kristdemokraterna.se\\\/tyreso\\\/att-elda-eller-inte-elda\\\/#breadcrumb\"},\"inLanguage\":\"sv-SE\",\"potentialAction\":[{\"@type\":\"ReadAction\",\"target\":[\"https:\\\/\\\/wp.kristdemokraterna.se\\\/tyreso\\\/att-elda-eller-inte-elda\\\/\"]}]},{\"@type\":\"BreadcrumbList\",\"@id\":\"https:\\\/\\\/wp.kristdemokraterna.se\\\/tyreso\\\/att-elda-eller-inte-elda\\\/#breadcrumb\",\"itemListElement\":[{\"@type\":\"ListItem\",\"position\":1,\"name\":\"Hem\",\"item\":\"https:\\\/\\\/wp.kristdemokraterna.se\\\/tyreso\\\/\"},{\"@type\":\"ListItem\",\"position\":2,\"name\":\"Att elda eller inte elda\"}]},{\"@type\":\"WebSite\",\"@id\":\"https:\\\/\\\/wp.kristdemokraterna.se\\\/tyreso\\\/#website\",\"url\":\"https:\\\/\\\/wp.kristdemokraterna.se\\\/tyreso\\\/\",\"name\":\"Kristdemokraterna Tyres\u00f6\",\"description\":\"\",\"inLanguage\":\"sv-SE\"},{\"@type\":\"Person\",\"@id\":\"https:\\\/\\\/wp.kristdemokraterna.se\\\/tyreso\\\/#\\\/schema\\\/person\\\/3e7d76fa0f5c4996308a0a636056d6c5\",\"name\":\"tyreso\",\"image\":{\"@type\":\"ImageObject\",\"inLanguage\":\"sv-SE\",\"@id\":\"https:\\\/\\\/secure.gravatar.com\\\/avatar\\\/f60f761639a269aae348dce7665f49bfe9f0b021d1bada09d95aaa9c66ef6215?s=96&d=mm&r=g\",\"url\":\"https:\\\/\\\/secure.gravatar.com\\\/avatar\\\/f60f761639a269aae348dce7665f49bfe9f0b021d1bada09d95aaa9c66ef6215?s=96&d=mm&r=g\",\"contentUrl\":\"https:\\\/\\\/secure.gravatar.com\\\/avatar\\\/f60f761639a269aae348dce7665f49bfe9f0b021d1bada09d95aaa9c66ef6215?s=96&d=mm&r=g\",\"caption\":\"tyreso\"},\"url\":\"https:\\\/\\\/wp.kristdemokraterna.se\\\/tyreso\\\/author\\\/tyreso\\\/\"}]}<\/script>\n<!-- \/ Yoast SEO plugin. -->","yoast_head_json":{"title":"Att elda eller inte elda - Kristdemokraterna Tyres\u00f6","robots":{"index":"index","follow":"follow","max-snippet":"max-snippet:-1","max-image-preview":"max-image-preview:large","max-video-preview":"max-video-preview:-1"},"canonical":"https:\/\/wp.kristdemokraterna.se\/tyreso\/att-elda-eller-inte-elda\/","og_locale":"sv_SE","og_type":"article","og_title":"Att elda eller inte elda - Kristdemokraterna Tyres\u00f6","og_description":"Ebba Busch: Nej, du ska visst f\u00e5 br\u00e4nna l\u00f6v i din tr\u00e4dg\u00e5rd. I dagarna har det rapporterats om ett f\u00f6rbud kopplat till EU-lagstiftning mot att br\u00e4nna tr\u00e4dg\u00e5rdsavfall, som pinnar och l\u00f6v. Ett f\u00f6rbud som dessutom skulle stoppa majbrasor. Detta skulle vara h\u00f6jden av politisk kl\u00e5fingrighet, utan f\u00f6rankring i verkligheten. Jag vill vara tydlig med att Read More","og_url":"https:\/\/wp.kristdemokraterna.se\/tyreso\/att-elda-eller-inte-elda\/","og_site_name":"Kristdemokraterna Tyres\u00f6","article_published_time":"2024-04-21T06:47:24+00:00","author":"tyreso","twitter_card":"summary_large_image","twitter_misc":{"Skriven av":"tyreso","Ber\u00e4knad l\u00e4stid":"1 minut"},"schema":{"@context":"https:\/\/schema.org","@graph":[{"@type":"Article","@id":"https:\/\/wp.kristdemokraterna.se\/tyreso\/att-elda-eller-inte-elda\/#article","isPartOf":{"@id":"https:\/\/wp.kristdemokraterna.se\/tyreso\/att-elda-eller-inte-elda\/"},"author":{"name":"tyreso","@id":"https:\/\/wp.kristdemokraterna.se\/tyreso\/#\/schema\/person\/3e7d76fa0f5c4996308a0a636056d6c5"},"headline":"Att elda eller inte elda","datePublished":"2024-04-21T06:47:24+00:00","mainEntityOfPage":{"@id":"https:\/\/wp.kristdemokraterna.se\/tyreso\/att-elda-eller-inte-elda\/"},"wordCount":183,"articleSection":["Artiklar","Bost\u00e4der","Inl\u00e4gg","Natur"],"inLanguage":"sv-SE"},{"@type":"WebPage","@id":"https:\/\/wp.kristdemokraterna.se\/tyreso\/att-elda-eller-inte-elda\/","url":"https:\/\/wp.kristdemokraterna.se\/tyreso\/att-elda-eller-inte-elda\/","name":"Att elda eller inte elda - Kristdemokraterna Tyres\u00f6","isPartOf":{"@id":"https:\/\/wp.kristdemokraterna.se\/tyreso\/#website"},"datePublished":"2024-04-21T06:47:24+00:00","author":{"@id":"https:\/\/wp.kristdemokraterna.se\/tyreso\/#\/schema\/person\/3e7d76fa0f5c4996308a0a636056d6c5"},"breadcrumb":{"@id":"https:\/\/wp.kristdemokraterna.se\/tyreso\/att-elda-eller-inte-elda\/#breadcrumb"},"inLanguage":"sv-SE","potentialAction":[{"@type":"ReadAction","target":["https:\/\/wp.kristdemokraterna.se\/tyreso\/att-elda-eller-inte-elda\/"]}]},{"@type":"BreadcrumbList","@id":"https:\/\/wp.kristdemokraterna.se\/tyreso\/att-elda-eller-inte-elda\/#breadcrumb","itemListElement":[{"@type":"ListItem","position":1,"name":"Hem","item":"https:\/\/wp.kristdemokraterna.se\/tyreso\/"},{"@type":"ListItem","position":2,"name":"Att elda eller inte elda"}]},{"@type":"WebSite","@id":"https:\/\/wp.kristdemokraterna.se\/tyreso\/#website","url":"https:\/\/wp.kristdemokraterna.se\/tyreso\/","name":"Kristdemokraterna Tyres\u00f6","description":"","inLanguage":"sv-SE"},{"@type":"Person","@id":"https:\/\/wp.kristdemokraterna.se\/tyreso\/#\/schema\/person\/3e7d76fa0f5c4996308a0a636056d6c5","name":"tyreso","image":{"@type":"ImageObject","inLanguage":"sv-SE","@id":"https:\/\/secure.gravatar.com\/avatar\/f60f761639a269aae348dce7665f49bfe9f0b021d1bada09d95aaa9c66ef6215?s=96&d=mm&r=g","url":"https:\/\/secure.gravatar.com\/avatar\/f60f761639a269aae348dce7665f49bfe9f0b021d1bada09d95aaa9c66ef6215?s=96&d=mm&r=g","contentUrl":"https:\/\/secure.gravatar.com\/avatar\/f60f761639a269aae348dce7665f49bfe9f0b021d1bada09d95aaa9c66ef6215?s=96&d=mm&r=g","caption":"tyreso"},"url":"https:\/\/wp.kristdemokraterna.se\/tyreso\/author\/tyreso\/"}]}},"_links":{"self":[{"href":"https:\/\/wp.kristdemokraterna.se\/tyreso\/wp-json\/wp\/v2\/posts\/1658","targetHints":{"allow":["GET"]}}],"collection":[{"href":"https:\/\/wp.kristdemokraterna.se\/tyreso\/wp-json\/wp\/v2\/posts"}],"about":[{"href":"https:\/\/wp.kristdemokraterna.se\/tyreso\/wp-json\/wp\/v2\/types\/post"}],"author":[{"embeddable":true,"href":"https:\/\/wp.kristdemokraterna.se\/tyreso\/wp-json\/wp\/v2\/users\/644"}],"replies":[{"embeddable":true,"href":"https:\/\/wp.kristdemokraterna.se\/tyreso\/wp-json\/wp\/v2\/comments?post=1658"}],"version-history":[{"count":1,"href":"https:\/\/wp.kristdemokraterna.se\/tyreso\/wp-json\/wp\/v2\/posts\/1658\/revisions"}],"predecessor-version":[{"id":1660,"href":"https:\/\/wp.kristdemokraterna.se\/tyreso\/wp-json\/wp\/v2\/posts\/1658\/revisions\/1660"}],"wp:attachment":[{"href":"https:\/\/wp.kristdemokraterna.se\/tyreso\/wp-json\/wp\/v2\/media?parent=1658"}],"wp:term":[{"taxonomy":"category","embeddable":true,"href":"https:\/\/wp.kristdemokraterna.se\/tyreso\/wp-json\/wp\/v2\/categories?post=1658"},{"taxonomy":"post_tag","embeddable":true,"href":"https:\/\/wp.kristdemokraterna.se\/tyreso\/wp-json\/wp\/v2\/tags?post=1658"}],"curies":[{"name":"wp","href":"https:\/\/api.w.org\/{rel}","templated":true}]}}