{"id":1759,"date":"2024-12-30T17:53:00","date_gmt":"2024-12-30T16:53:00","guid":{"rendered":"https:\/\/wp.kristdemokraterna.se\/tyreso\/?p=1759"},"modified":"2024-12-30T17:55:31","modified_gmt":"2024-12-30T16:55:31","slug":"mer-kd-politik-genomfors","status":"publish","type":"post","link":"https:\/\/wp.kristdemokraterna.se\/tyreso\/mer-kd-politik-genomfors\/","title":{"rendered":"Mer KD-politik genomf\u00f6rs"},"content":{"rendered":"<div dir=\"auto\">KD:s politik genomf\u00f6rs nu steg f\u00f6r stag av det nya styret. Det \u00e4r vi mycket n\u00f6jda med! Ett beslut har fattats om att \u00f6ka sm\u00e5husbyggandet och nu ska kommunala ordningsvakter s\u00e4ttas i flera omr\u00e5den. KD har f\u00f6reslagit \u00e4nnu fler omr\u00e5den, bl a Tyres\u00f6 Strand och ett mobilt team som kan vara d\u00e4r det beh\u00f6vs. Det kommer snart.<\/div>\n<div dir=\"auto\"><\/div>\n<div dir=\"auto\">Vi har ocks\u00e5 kr\u00e4vt att kommunen aktivt arbetar mot det galna f\u00f6rslaget att f\u00f6rbjuda \u00f6ver 90% av Tyres\u00f6s bilar att anv\u00e4nda Klaratunnelns entr\u00e9 mot M\u00e4ster Samuelsgatan som skulle tr\u00e4tt i kraft nu vid \u00e5rsskiftet om det inte \u00f6verklagats. Vi har ocks\u00e5 f\u00f6reslagit att flera h\u00e5llplatser, bl a Vattugatan, ska rustas upp s\u00e5 kollektivtrafiken blir attraktivare. Genomf\u00f6rs inom kort.<\/div>\n","protected":false},"excerpt":{"rendered":"<p>KD:s politik genomf\u00f6rs nu steg f\u00f6r stag av det nya styret. Det \u00e4r vi mycket n\u00f6jda med! Ett beslut har fattats om att \u00f6ka sm\u00e5husbyggandet och nu ska kommunala ordningsvakter s\u00e4ttas i flera omr\u00e5den. KD har f\u00f6reslagit \u00e4nnu fler omr\u00e5den, bl a Tyres\u00f6 Strand och ett mobilt team som kan vara d\u00e4r det beh\u00f6vs. Det <a class=\"read-more-link\" href=\"https:\/\/wp.kristdemokraterna.se\/tyreso\/mer-kd-politik-genomfors\/\">Read More<\/a><\/p>\n","protected":false},"author":644,"featured_media":0,"comment_status":"closed","ping_status":"closed","sticky":false,"template":"","format":"standard","meta":{"_acf_changed":false,"footnotes":""},"categories":[1,15,24,19],"tags":[],"class_list":["post-1759","post","type-post","status-publish","format-standard","hentry","category-okategoriserade","category-inlagg","category-kollektivtrafik","category-trygghet"],"acf":[],"yoast_head":"<!-- This site is optimized with the Yoast SEO plugin v27.4 - https:\/\/yoast.com\/product\/yoast-seo-wordpress\/ -->\n<title>Mer KD-politik genomf\u00f6rs - Kristdemokraterna Tyres\u00f6<\/title>\n<meta name=\"robots\" content=\"index, follow, max-snippet:-1, max-image-preview:large, max-video-preview:-1\" \/>\n<link rel=\"canonical\" href=\"https:\/\/wp.kristdemokraterna.se\/tyreso\/mer-kd-politik-genomfors\/\" \/>\n<meta property=\"og:locale\" content=\"sv_SE\" \/>\n<meta property=\"og:type\" content=\"article\" \/>\n<meta property=\"og:title\" content=\"Mer KD-politik genomf\u00f6rs - Kristdemokraterna Tyres\u00f6\" \/>\n<meta property=\"og:description\" content=\"KD:s politik genomf\u00f6rs nu steg f\u00f6r stag av det nya styret. Det \u00e4r vi mycket n\u00f6jda med! Ett beslut har fattats om att \u00f6ka sm\u00e5husbyggandet och nu ska kommunala ordningsvakter s\u00e4ttas i flera omr\u00e5den. KD har f\u00f6reslagit \u00e4nnu fler omr\u00e5den, bl a Tyres\u00f6 Strand och ett mobilt team som kan vara d\u00e4r det beh\u00f6vs. Det Read More\" \/>\n<meta property=\"og:url\" content=\"https:\/\/wp.kristdemokraterna.se\/tyreso\/mer-kd-politik-genomfors\/\" \/>\n<meta property=\"og:site_name\" content=\"Kristdemokraterna Tyres\u00f6\" \/>\n<meta property=\"article:published_time\" content=\"2024-12-30T16:53:00+00:00\" \/>\n<meta property=\"article:modified_time\" content=\"2024-12-30T16:55:31+00:00\" \/>\n<meta name=\"author\" content=\"tyreso\" \/>\n<meta name=\"twitter:card\" content=\"summary_large_image\" \/>\n<meta name=\"twitter:label1\" content=\"Skriven av\" \/>\n\t<meta name=\"twitter:data1\" content=\"tyreso\" \/>\n\t<meta name=\"twitter:label2\" content=\"Ber\u00e4knad l\u00e4stid\" \/>\n\t<meta name=\"twitter:data2\" content=\"1 minut\" \/>\n<script type=\"application\/ld+json\" class=\"yoast-schema-graph\">{\"@context\":\"https:\\\/\\\/schema.org\",\"@graph\":[{\"@type\":\"Article\",\"@id\":\"https:\\\/\\\/wp.kristdemokraterna.se\\\/tyreso\\\/mer-kd-politik-genomfors\\\/#article\",\"isPartOf\":{\"@id\":\"https:\\\/\\\/wp.kristdemokraterna.se\\\/tyreso\\\/mer-kd-politik-genomfors\\\/\"},\"author\":{\"name\":\"tyreso\",\"@id\":\"https:\\\/\\\/wp.kristdemokraterna.se\\\/tyreso\\\/#\\\/schema\\\/person\\\/3e7d76fa0f5c4996308a0a636056d6c5\"},\"headline\":\"Mer KD-politik genomf\u00f6rs\",\"datePublished\":\"2024-12-30T16:53:00+00:00\",\"dateModified\":\"2024-12-30T16:55:31+00:00\",\"mainEntityOfPage\":{\"@id\":\"https:\\\/\\\/wp.kristdemokraterna.se\\\/tyreso\\\/mer-kd-politik-genomfors\\\/\"},\"wordCount\":139,\"articleSection\":[\"Artiklar\",\"Inl\u00e4gg\",\"Kollektivtrafik\",\"Trygghet\"],\"inLanguage\":\"sv-SE\"},{\"@type\":\"WebPage\",\"@id\":\"https:\\\/\\\/wp.kristdemokraterna.se\\\/tyreso\\\/mer-kd-politik-genomfors\\\/\",\"url\":\"https:\\\/\\\/wp.kristdemokraterna.se\\\/tyreso\\\/mer-kd-politik-genomfors\\\/\",\"name\":\"Mer KD-politik genomf\u00f6rs - Kristdemokraterna Tyres\u00f6\",\"isPartOf\":{\"@id\":\"https:\\\/\\\/wp.kristdemokraterna.se\\\/tyreso\\\/#website\"},\"datePublished\":\"2024-12-30T16:53:00+00:00\",\"dateModified\":\"2024-12-30T16:55:31+00:00\",\"author\":{\"@id\":\"https:\\\/\\\/wp.kristdemokraterna.se\\\/tyreso\\\/#\\\/schema\\\/person\\\/3e7d76fa0f5c4996308a0a636056d6c5\"},\"breadcrumb\":{\"@id\":\"https:\\\/\\\/wp.kristdemokraterna.se\\\/tyreso\\\/mer-kd-politik-genomfors\\\/#breadcrumb\"},\"inLanguage\":\"sv-SE\",\"potentialAction\":[{\"@type\":\"ReadAction\",\"target\":[\"https:\\\/\\\/wp.kristdemokraterna.se\\\/tyreso\\\/mer-kd-politik-genomfors\\\/\"]}]},{\"@type\":\"BreadcrumbList\",\"@id\":\"https:\\\/\\\/wp.kristdemokraterna.se\\\/tyreso\\\/mer-kd-politik-genomfors\\\/#breadcrumb\",\"itemListElement\":[{\"@type\":\"ListItem\",\"position\":1,\"name\":\"Hem\",\"item\":\"https:\\\/\\\/wp.kristdemokraterna.se\\\/tyreso\\\/\"},{\"@type\":\"ListItem\",\"position\":2,\"name\":\"Mer KD-politik genomf\u00f6rs\"}]},{\"@type\":\"WebSite\",\"@id\":\"https:\\\/\\\/wp.kristdemokraterna.se\\\/tyreso\\\/#website\",\"url\":\"https:\\\/\\\/wp.kristdemokraterna.se\\\/tyreso\\\/\",\"name\":\"Kristdemokraterna Tyres\u00f6\",\"description\":\"\",\"inLanguage\":\"sv-SE\"},{\"@type\":\"Person\",\"@id\":\"https:\\\/\\\/wp.kristdemokraterna.se\\\/tyreso\\\/#\\\/schema\\\/person\\\/3e7d76fa0f5c4996308a0a636056d6c5\",\"name\":\"tyreso\",\"image\":{\"@type\":\"ImageObject\",\"inLanguage\":\"sv-SE\",\"@id\":\"https:\\\/\\\/secure.gravatar.com\\\/avatar\\\/f60f761639a269aae348dce7665f49bfe9f0b021d1bada09d95aaa9c66ef6215?s=96&d=mm&r=g\",\"url\":\"https:\\\/\\\/secure.gravatar.com\\\/avatar\\\/f60f761639a269aae348dce7665f49bfe9f0b021d1bada09d95aaa9c66ef6215?s=96&d=mm&r=g\",\"contentUrl\":\"https:\\\/\\\/secure.gravatar.com\\\/avatar\\\/f60f761639a269aae348dce7665f49bfe9f0b021d1bada09d95aaa9c66ef6215?s=96&d=mm&r=g\",\"caption\":\"tyreso\"},\"url\":\"https:\\\/\\\/wp.kristdemokraterna.se\\\/tyreso\\\/author\\\/tyreso\\\/\"}]}<\/script>\n<!-- \/ Yoast SEO plugin. -->","yoast_head_json":{"title":"Mer KD-politik genomf\u00f6rs - Kristdemokraterna Tyres\u00f6","robots":{"index":"index","follow":"follow","max-snippet":"max-snippet:-1","max-image-preview":"max-image-preview:large","max-video-preview":"max-video-preview:-1"},"canonical":"https:\/\/wp.kristdemokraterna.se\/tyreso\/mer-kd-politik-genomfors\/","og_locale":"sv_SE","og_type":"article","og_title":"Mer KD-politik genomf\u00f6rs - Kristdemokraterna Tyres\u00f6","og_description":"KD:s politik genomf\u00f6rs nu steg f\u00f6r stag av det nya styret. Det \u00e4r vi mycket n\u00f6jda med! Ett beslut har fattats om att \u00f6ka sm\u00e5husbyggandet och nu ska kommunala ordningsvakter s\u00e4ttas i flera omr\u00e5den. KD har f\u00f6reslagit \u00e4nnu fler omr\u00e5den, bl a Tyres\u00f6 Strand och ett mobilt team som kan vara d\u00e4r det beh\u00f6vs. Det Read More","og_url":"https:\/\/wp.kristdemokraterna.se\/tyreso\/mer-kd-politik-genomfors\/","og_site_name":"Kristdemokraterna Tyres\u00f6","article_published_time":"2024-12-30T16:53:00+00:00","article_modified_time":"2024-12-30T16:55:31+00:00","author":"tyreso","twitter_card":"summary_large_image","twitter_misc":{"Skriven av":"tyreso","Ber\u00e4knad l\u00e4stid":"1 minut"},"schema":{"@context":"https:\/\/schema.org","@graph":[{"@type":"Article","@id":"https:\/\/wp.kristdemokraterna.se\/tyreso\/mer-kd-politik-genomfors\/#article","isPartOf":{"@id":"https:\/\/wp.kristdemokraterna.se\/tyreso\/mer-kd-politik-genomfors\/"},"author":{"name":"tyreso","@id":"https:\/\/wp.kristdemokraterna.se\/tyreso\/#\/schema\/person\/3e7d76fa0f5c4996308a0a636056d6c5"},"headline":"Mer KD-politik genomf\u00f6rs","datePublished":"2024-12-30T16:53:00+00:00","dateModified":"2024-12-30T16:55:31+00:00","mainEntityOfPage":{"@id":"https:\/\/wp.kristdemokraterna.se\/tyreso\/mer-kd-politik-genomfors\/"},"wordCount":139,"articleSection":["Artiklar","Inl\u00e4gg","Kollektivtrafik","Trygghet"],"inLanguage":"sv-SE"},{"@type":"WebPage","@id":"https:\/\/wp.kristdemokraterna.se\/tyreso\/mer-kd-politik-genomfors\/","url":"https:\/\/wp.kristdemokraterna.se\/tyreso\/mer-kd-politik-genomfors\/","name":"Mer KD-politik genomf\u00f6rs - Kristdemokraterna Tyres\u00f6","isPartOf":{"@id":"https:\/\/wp.kristdemokraterna.se\/tyreso\/#website"},"datePublished":"2024-12-30T16:53:00+00:00","dateModified":"2024-12-30T16:55:31+00:00","author":{"@id":"https:\/\/wp.kristdemokraterna.se\/tyreso\/#\/schema\/person\/3e7d76fa0f5c4996308a0a636056d6c5"},"breadcrumb":{"@id":"https:\/\/wp.kristdemokraterna.se\/tyreso\/mer-kd-politik-genomfors\/#breadcrumb"},"inLanguage":"sv-SE","potentialAction":[{"@type":"ReadAction","target":["https:\/\/wp.kristdemokraterna.se\/tyreso\/mer-kd-politik-genomfors\/"]}]},{"@type":"BreadcrumbList","@id":"https:\/\/wp.kristdemokraterna.se\/tyreso\/mer-kd-politik-genomfors\/#breadcrumb","itemListElement":[{"@type":"ListItem","position":1,"name":"Hem","item":"https:\/\/wp.kristdemokraterna.se\/tyreso\/"},{"@type":"ListItem","position":2,"name":"Mer KD-politik genomf\u00f6rs"}]},{"@type":"WebSite","@id":"https:\/\/wp.kristdemokraterna.se\/tyreso\/#website","url":"https:\/\/wp.kristdemokraterna.se\/tyreso\/","name":"Kristdemokraterna Tyres\u00f6","description":"","inLanguage":"sv-SE"},{"@type":"Person","@id":"https:\/\/wp.kristdemokraterna.se\/tyreso\/#\/schema\/person\/3e7d76fa0f5c4996308a0a636056d6c5","name":"tyreso","image":{"@type":"ImageObject","inLanguage":"sv-SE","@id":"https:\/\/secure.gravatar.com\/avatar\/f60f761639a269aae348dce7665f49bfe9f0b021d1bada09d95aaa9c66ef6215?s=96&d=mm&r=g","url":"https:\/\/secure.gravatar.com\/avatar\/f60f761639a269aae348dce7665f49bfe9f0b021d1bada09d95aaa9c66ef6215?s=96&d=mm&r=g","contentUrl":"https:\/\/secure.gravatar.com\/avatar\/f60f761639a269aae348dce7665f49bfe9f0b021d1bada09d95aaa9c66ef6215?s=96&d=mm&r=g","caption":"tyreso"},"url":"https:\/\/wp.kristdemokraterna.se\/tyreso\/author\/tyreso\/"}]}},"_links":{"self":[{"href":"https:\/\/wp.kristdemokraterna.se\/tyreso\/wp-json\/wp\/v2\/posts\/1759","targetHints":{"allow":["GET"]}}],"collection":[{"href":"https:\/\/wp.kristdemokraterna.se\/tyreso\/wp-json\/wp\/v2\/posts"}],"about":[{"href":"https:\/\/wp.kristdemokraterna.se\/tyreso\/wp-json\/wp\/v2\/types\/post"}],"author":[{"embeddable":true,"href":"https:\/\/wp.kristdemokraterna.se\/tyreso\/wp-json\/wp\/v2\/users\/644"}],"replies":[{"embeddable":true,"href":"https:\/\/wp.kristdemokraterna.se\/tyreso\/wp-json\/wp\/v2\/comments?post=1759"}],"version-history":[{"count":2,"href":"https:\/\/wp.kristdemokraterna.se\/tyreso\/wp-json\/wp\/v2\/posts\/1759\/revisions"}],"predecessor-version":[{"id":1762,"href":"https:\/\/wp.kristdemokraterna.se\/tyreso\/wp-json\/wp\/v2\/posts\/1759\/revisions\/1762"}],"wp:attachment":[{"href":"https:\/\/wp.kristdemokraterna.se\/tyreso\/wp-json\/wp\/v2\/media?parent=1759"}],"wp:term":[{"taxonomy":"category","embeddable":true,"href":"https:\/\/wp.kristdemokraterna.se\/tyreso\/wp-json\/wp\/v2\/categories?post=1759"},{"taxonomy":"post_tag","embeddable":true,"href":"https:\/\/wp.kristdemokraterna.se\/tyreso\/wp-json\/wp\/v2\/tags?post=1759"}],"curies":[{"name":"wp","href":"https:\/\/api.w.org\/{rel}","templated":true}]}}