{"id":1766,"date":"2025-01-01T12:31:08","date_gmt":"2025-01-01T11:31:08","guid":{"rendered":"https:\/\/wp.kristdemokraterna.se\/tyreso\/?p=1766"},"modified":"2025-03-04T12:36:26","modified_gmt":"2025-03-04T11:36:26","slug":"skandalen-tillfalligt-uppskjuten","status":"publish","type":"post","link":"https:\/\/wp.kristdemokraterna.se\/tyreso\/skandalen-tillfalligt-uppskjuten\/","title":{"rendered":"Skandalen tillf\u00e4lligt uppskjuten!"},"content":{"rendered":"<div class=\"xdj266r x11i5rnm xat24cr x1mh8g0r x1vvkbs x126k92a\">\n<div dir=\"auto\">Skandalen tillf\u00e4lligt uppskjuten! Idag skulle f\u00f6rbudet att k\u00f6ra till\/fr\u00e5n <span class=\"html-span xdj266r x11i5rnm xat24cr x1mh8g0r xexx8yu x4uap5 x18d9i69 xkhd6sd x1hl2dhg x16tdsg8 x1vvkbs\"><span class=\"xt0psk2\"><span class=\"xjp7ctv\"><span aria-describedby=\":rmu:\">Tyres\u00f6 kommun<\/span><\/span><\/span><\/span> via Klaratunnelns entr\u00e9 p\u00e5 M\u00e4ster Samuelsgatan f\u00f6r dig som inte har en elbil tr\u00e4tt i kraft om beslutet inte hade \u00f6verklagats. Det \u00e4r S+MP+V i Stockholm som vill ha det s\u00e5. Det gamla styret i Tyres\u00f6 (S+MP+C+L) st\u00f6dde otroligt nog f\u00f6rbudet. Det nya styret har efter p\u00e5tryckningar fr\u00e5n oss i KD \u00f6ppnat f\u00f6r att ompr\u00f6va detta.<\/div>\n<div dir=\"auto\"><\/div>\n<\/div>\n<div class=\"x11i5rnm xat24cr x1mh8g0r x1vvkbs xtlvy1s x126k92a\">\n<div dir=\"auto\">Ig\u00e5r var jag p\u00e5 Junibacken med barnbarn. K\u00f6rde s\u00e5klart via Klaratunneln. F\u00f6r tre dagar sedan \u00e5kte jag skridskor p\u00e5 rundbanan p\u00e5 \u00d6stermalms IP. K\u00f6rde s\u00e5klart via Klaratunneln. Stockholmspolitikerna tycker att jag borde k\u00f6rt en omv\u00e4g som skulle \u00f6kat utsl\u00e4ppen. De f\u00e5r ha vilka milj\u00f6zoner de vill p\u00e5 sina lokalgator, men inte p\u00e5 de trafikleder som ocks\u00e5 \u00e4r kranskommunernas trafikleder. KD kommer att g\u00f6ra allt vi kan f\u00f6r att stoppa denna mobbning av oss i kranskommunerna!<\/div>\n<\/div>\n","protected":false},"excerpt":{"rendered":"<p>Skandalen tillf\u00e4lligt uppskjuten! Idag skulle f\u00f6rbudet att k\u00f6ra till\/fr\u00e5n Tyres\u00f6 kommun via Klaratunnelns entr\u00e9 p\u00e5 M\u00e4ster Samuelsgatan f\u00f6r dig som inte har en elbil tr\u00e4tt i kraft om beslutet inte hade \u00f6verklagats. Det \u00e4r S+MP+V i Stockholm som vill ha det s\u00e5. Det gamla styret i Tyres\u00f6 (S+MP+C+L) st\u00f6dde otroligt nog f\u00f6rbudet. Det nya styret <a class=\"read-more-link\" href=\"https:\/\/wp.kristdemokraterna.se\/tyreso\/skandalen-tillfalligt-uppskjuten\/\">Read More<\/a><\/p>\n","protected":false},"author":644,"featured_media":0,"comment_status":"closed","ping_status":"closed","sticky":false,"template":"","format":"standard","meta":{"_acf_changed":false,"footnotes":""},"categories":[1,15,18],"tags":[],"class_list":["post-1766","post","type-post","status-publish","format-standard","hentry","category-okategoriserade","category-inlagg","category-trafik"],"acf":[],"yoast_head":"<!-- This site is optimized with the Yoast SEO plugin v27.4 - https:\/\/yoast.com\/product\/yoast-seo-wordpress\/ -->\n<title>Skandalen tillf\u00e4lligt uppskjuten! - Kristdemokraterna Tyres\u00f6<\/title>\n<meta name=\"robots\" content=\"index, follow, max-snippet:-1, max-image-preview:large, max-video-preview:-1\" \/>\n<link rel=\"canonical\" href=\"https:\/\/wp.kristdemokraterna.se\/tyreso\/skandalen-tillfalligt-uppskjuten\/\" \/>\n<meta property=\"og:locale\" content=\"sv_SE\" \/>\n<meta property=\"og:type\" content=\"article\" \/>\n<meta property=\"og:title\" content=\"Skandalen tillf\u00e4lligt uppskjuten! - Kristdemokraterna Tyres\u00f6\" \/>\n<meta property=\"og:description\" content=\"Skandalen tillf\u00e4lligt uppskjuten! Idag skulle f\u00f6rbudet att k\u00f6ra till\/fr\u00e5n Tyres\u00f6 kommun via Klaratunnelns entr\u00e9 p\u00e5 M\u00e4ster Samuelsgatan f\u00f6r dig som inte har en elbil tr\u00e4tt i kraft om beslutet inte hade \u00f6verklagats. Det \u00e4r S+MP+V i Stockholm som vill ha det s\u00e5. Det gamla styret i Tyres\u00f6 (S+MP+C+L) st\u00f6dde otroligt nog f\u00f6rbudet. Det nya styret Read More\" \/>\n<meta property=\"og:url\" content=\"https:\/\/wp.kristdemokraterna.se\/tyreso\/skandalen-tillfalligt-uppskjuten\/\" \/>\n<meta property=\"og:site_name\" content=\"Kristdemokraterna Tyres\u00f6\" \/>\n<meta property=\"article:published_time\" content=\"2025-01-01T11:31:08+00:00\" \/>\n<meta property=\"article:modified_time\" content=\"2025-03-04T11:36:26+00:00\" \/>\n<meta name=\"author\" content=\"tyreso\" \/>\n<meta name=\"twitter:card\" content=\"summary_large_image\" \/>\n<meta name=\"twitter:label1\" content=\"Skriven av\" \/>\n\t<meta name=\"twitter:data1\" content=\"tyreso\" \/>\n\t<meta name=\"twitter:label2\" content=\"Ber\u00e4knad l\u00e4stid\" \/>\n\t<meta name=\"twitter:data2\" content=\"1 minut\" \/>\n<script type=\"application\/ld+json\" class=\"yoast-schema-graph\">{\"@context\":\"https:\\\/\\\/schema.org\",\"@graph\":[{\"@type\":\"Article\",\"@id\":\"https:\\\/\\\/wp.kristdemokraterna.se\\\/tyreso\\\/skandalen-tillfalligt-uppskjuten\\\/#article\",\"isPartOf\":{\"@id\":\"https:\\\/\\\/wp.kristdemokraterna.se\\\/tyreso\\\/skandalen-tillfalligt-uppskjuten\\\/\"},\"author\":{\"name\":\"tyreso\",\"@id\":\"https:\\\/\\\/wp.kristdemokraterna.se\\\/tyreso\\\/#\\\/schema\\\/person\\\/3e7d76fa0f5c4996308a0a636056d6c5\"},\"headline\":\"Skandalen tillf\u00e4lligt uppskjuten!\",\"datePublished\":\"2025-01-01T11:31:08+00:00\",\"dateModified\":\"2025-03-04T11:36:26+00:00\",\"mainEntityOfPage\":{\"@id\":\"https:\\\/\\\/wp.kristdemokraterna.se\\\/tyreso\\\/skandalen-tillfalligt-uppskjuten\\\/\"},\"wordCount\":178,\"articleSection\":[\"Artiklar\",\"Inl\u00e4gg\",\"Trafik\"],\"inLanguage\":\"sv-SE\"},{\"@type\":\"WebPage\",\"@id\":\"https:\\\/\\\/wp.kristdemokraterna.se\\\/tyreso\\\/skandalen-tillfalligt-uppskjuten\\\/\",\"url\":\"https:\\\/\\\/wp.kristdemokraterna.se\\\/tyreso\\\/skandalen-tillfalligt-uppskjuten\\\/\",\"name\":\"Skandalen tillf\u00e4lligt uppskjuten! - Kristdemokraterna Tyres\u00f6\",\"isPartOf\":{\"@id\":\"https:\\\/\\\/wp.kristdemokraterna.se\\\/tyreso\\\/#website\"},\"datePublished\":\"2025-01-01T11:31:08+00:00\",\"dateModified\":\"2025-03-04T11:36:26+00:00\",\"author\":{\"@id\":\"https:\\\/\\\/wp.kristdemokraterna.se\\\/tyreso\\\/#\\\/schema\\\/person\\\/3e7d76fa0f5c4996308a0a636056d6c5\"},\"breadcrumb\":{\"@id\":\"https:\\\/\\\/wp.kristdemokraterna.se\\\/tyreso\\\/skandalen-tillfalligt-uppskjuten\\\/#breadcrumb\"},\"inLanguage\":\"sv-SE\",\"potentialAction\":[{\"@type\":\"ReadAction\",\"target\":[\"https:\\\/\\\/wp.kristdemokraterna.se\\\/tyreso\\\/skandalen-tillfalligt-uppskjuten\\\/\"]}]},{\"@type\":\"BreadcrumbList\",\"@id\":\"https:\\\/\\\/wp.kristdemokraterna.se\\\/tyreso\\\/skandalen-tillfalligt-uppskjuten\\\/#breadcrumb\",\"itemListElement\":[{\"@type\":\"ListItem\",\"position\":1,\"name\":\"Hem\",\"item\":\"https:\\\/\\\/wp.kristdemokraterna.se\\\/tyreso\\\/\"},{\"@type\":\"ListItem\",\"position\":2,\"name\":\"Skandalen tillf\u00e4lligt uppskjuten!\"}]},{\"@type\":\"WebSite\",\"@id\":\"https:\\\/\\\/wp.kristdemokraterna.se\\\/tyreso\\\/#website\",\"url\":\"https:\\\/\\\/wp.kristdemokraterna.se\\\/tyreso\\\/\",\"name\":\"Kristdemokraterna Tyres\u00f6\",\"description\":\"\",\"inLanguage\":\"sv-SE\"},{\"@type\":\"Person\",\"@id\":\"https:\\\/\\\/wp.kristdemokraterna.se\\\/tyreso\\\/#\\\/schema\\\/person\\\/3e7d76fa0f5c4996308a0a636056d6c5\",\"name\":\"tyreso\",\"image\":{\"@type\":\"ImageObject\",\"inLanguage\":\"sv-SE\",\"@id\":\"https:\\\/\\\/secure.gravatar.com\\\/avatar\\\/f60f761639a269aae348dce7665f49bfe9f0b021d1bada09d95aaa9c66ef6215?s=96&d=mm&r=g\",\"url\":\"https:\\\/\\\/secure.gravatar.com\\\/avatar\\\/f60f761639a269aae348dce7665f49bfe9f0b021d1bada09d95aaa9c66ef6215?s=96&d=mm&r=g\",\"contentUrl\":\"https:\\\/\\\/secure.gravatar.com\\\/avatar\\\/f60f761639a269aae348dce7665f49bfe9f0b021d1bada09d95aaa9c66ef6215?s=96&d=mm&r=g\",\"caption\":\"tyreso\"},\"url\":\"https:\\\/\\\/wp.kristdemokraterna.se\\\/tyreso\\\/author\\\/tyreso\\\/\"}]}<\/script>\n<!-- \/ Yoast SEO plugin. -->","yoast_head_json":{"title":"Skandalen tillf\u00e4lligt uppskjuten! - Kristdemokraterna Tyres\u00f6","robots":{"index":"index","follow":"follow","max-snippet":"max-snippet:-1","max-image-preview":"max-image-preview:large","max-video-preview":"max-video-preview:-1"},"canonical":"https:\/\/wp.kristdemokraterna.se\/tyreso\/skandalen-tillfalligt-uppskjuten\/","og_locale":"sv_SE","og_type":"article","og_title":"Skandalen tillf\u00e4lligt uppskjuten! - Kristdemokraterna Tyres\u00f6","og_description":"Skandalen tillf\u00e4lligt uppskjuten! Idag skulle f\u00f6rbudet att k\u00f6ra till\/fr\u00e5n Tyres\u00f6 kommun via Klaratunnelns entr\u00e9 p\u00e5 M\u00e4ster Samuelsgatan f\u00f6r dig som inte har en elbil tr\u00e4tt i kraft om beslutet inte hade \u00f6verklagats. Det \u00e4r S+MP+V i Stockholm som vill ha det s\u00e5. Det gamla styret i Tyres\u00f6 (S+MP+C+L) st\u00f6dde otroligt nog f\u00f6rbudet. Det nya styret Read More","og_url":"https:\/\/wp.kristdemokraterna.se\/tyreso\/skandalen-tillfalligt-uppskjuten\/","og_site_name":"Kristdemokraterna Tyres\u00f6","article_published_time":"2025-01-01T11:31:08+00:00","article_modified_time":"2025-03-04T11:36:26+00:00","author":"tyreso","twitter_card":"summary_large_image","twitter_misc":{"Skriven av":"tyreso","Ber\u00e4knad l\u00e4stid":"1 minut"},"schema":{"@context":"https:\/\/schema.org","@graph":[{"@type":"Article","@id":"https:\/\/wp.kristdemokraterna.se\/tyreso\/skandalen-tillfalligt-uppskjuten\/#article","isPartOf":{"@id":"https:\/\/wp.kristdemokraterna.se\/tyreso\/skandalen-tillfalligt-uppskjuten\/"},"author":{"name":"tyreso","@id":"https:\/\/wp.kristdemokraterna.se\/tyreso\/#\/schema\/person\/3e7d76fa0f5c4996308a0a636056d6c5"},"headline":"Skandalen tillf\u00e4lligt uppskjuten!","datePublished":"2025-01-01T11:31:08+00:00","dateModified":"2025-03-04T11:36:26+00:00","mainEntityOfPage":{"@id":"https:\/\/wp.kristdemokraterna.se\/tyreso\/skandalen-tillfalligt-uppskjuten\/"},"wordCount":178,"articleSection":["Artiklar","Inl\u00e4gg","Trafik"],"inLanguage":"sv-SE"},{"@type":"WebPage","@id":"https:\/\/wp.kristdemokraterna.se\/tyreso\/skandalen-tillfalligt-uppskjuten\/","url":"https:\/\/wp.kristdemokraterna.se\/tyreso\/skandalen-tillfalligt-uppskjuten\/","name":"Skandalen tillf\u00e4lligt uppskjuten! - Kristdemokraterna Tyres\u00f6","isPartOf":{"@id":"https:\/\/wp.kristdemokraterna.se\/tyreso\/#website"},"datePublished":"2025-01-01T11:31:08+00:00","dateModified":"2025-03-04T11:36:26+00:00","author":{"@id":"https:\/\/wp.kristdemokraterna.se\/tyreso\/#\/schema\/person\/3e7d76fa0f5c4996308a0a636056d6c5"},"breadcrumb":{"@id":"https:\/\/wp.kristdemokraterna.se\/tyreso\/skandalen-tillfalligt-uppskjuten\/#breadcrumb"},"inLanguage":"sv-SE","potentialAction":[{"@type":"ReadAction","target":["https:\/\/wp.kristdemokraterna.se\/tyreso\/skandalen-tillfalligt-uppskjuten\/"]}]},{"@type":"BreadcrumbList","@id":"https:\/\/wp.kristdemokraterna.se\/tyreso\/skandalen-tillfalligt-uppskjuten\/#breadcrumb","itemListElement":[{"@type":"ListItem","position":1,"name":"Hem","item":"https:\/\/wp.kristdemokraterna.se\/tyreso\/"},{"@type":"ListItem","position":2,"name":"Skandalen tillf\u00e4lligt uppskjuten!"}]},{"@type":"WebSite","@id":"https:\/\/wp.kristdemokraterna.se\/tyreso\/#website","url":"https:\/\/wp.kristdemokraterna.se\/tyreso\/","name":"Kristdemokraterna Tyres\u00f6","description":"","inLanguage":"sv-SE"},{"@type":"Person","@id":"https:\/\/wp.kristdemokraterna.se\/tyreso\/#\/schema\/person\/3e7d76fa0f5c4996308a0a636056d6c5","name":"tyreso","image":{"@type":"ImageObject","inLanguage":"sv-SE","@id":"https:\/\/secure.gravatar.com\/avatar\/f60f761639a269aae348dce7665f49bfe9f0b021d1bada09d95aaa9c66ef6215?s=96&d=mm&r=g","url":"https:\/\/secure.gravatar.com\/avatar\/f60f761639a269aae348dce7665f49bfe9f0b021d1bada09d95aaa9c66ef6215?s=96&d=mm&r=g","contentUrl":"https:\/\/secure.gravatar.com\/avatar\/f60f761639a269aae348dce7665f49bfe9f0b021d1bada09d95aaa9c66ef6215?s=96&d=mm&r=g","caption":"tyreso"},"url":"https:\/\/wp.kristdemokraterna.se\/tyreso\/author\/tyreso\/"}]}},"_links":{"self":[{"href":"https:\/\/wp.kristdemokraterna.se\/tyreso\/wp-json\/wp\/v2\/posts\/1766","targetHints":{"allow":["GET"]}}],"collection":[{"href":"https:\/\/wp.kristdemokraterna.se\/tyreso\/wp-json\/wp\/v2\/posts"}],"about":[{"href":"https:\/\/wp.kristdemokraterna.se\/tyreso\/wp-json\/wp\/v2\/types\/post"}],"author":[{"embeddable":true,"href":"https:\/\/wp.kristdemokraterna.se\/tyreso\/wp-json\/wp\/v2\/users\/644"}],"replies":[{"embeddable":true,"href":"https:\/\/wp.kristdemokraterna.se\/tyreso\/wp-json\/wp\/v2\/comments?post=1766"}],"version-history":[{"count":4,"href":"https:\/\/wp.kristdemokraterna.se\/tyreso\/wp-json\/wp\/v2\/posts\/1766\/revisions"}],"predecessor-version":[{"id":1771,"href":"https:\/\/wp.kristdemokraterna.se\/tyreso\/wp-json\/wp\/v2\/posts\/1766\/revisions\/1771"}],"wp:attachment":[{"href":"https:\/\/wp.kristdemokraterna.se\/tyreso\/wp-json\/wp\/v2\/media?parent=1766"}],"wp:term":[{"taxonomy":"category","embeddable":true,"href":"https:\/\/wp.kristdemokraterna.se\/tyreso\/wp-json\/wp\/v2\/categories?post=1766"},{"taxonomy":"post_tag","embeddable":true,"href":"https:\/\/wp.kristdemokraterna.se\/tyreso\/wp-json\/wp\/v2\/tags?post=1766"}],"curies":[{"name":"wp","href":"https:\/\/api.w.org\/{rel}","templated":true}]}}