{"id":1784,"date":"2025-03-05T10:05:43","date_gmt":"2025-03-05T09:05:43","guid":{"rendered":"https:\/\/wp.kristdemokraterna.se\/tyreso\/?p=1784"},"modified":"2025-03-05T10:05:43","modified_gmt":"2025-03-05T09:05:43","slug":"byggs-det-fler-smahus-nu","status":"publish","type":"post","link":"https:\/\/wp.kristdemokraterna.se\/tyreso\/byggs-det-fler-smahus-nu\/","title":{"rendered":"Byggs det fler sm\u00e5hus nu?"},"content":{"rendered":"<p>Byggs det fler sm\u00e5hus nu?<\/p>\n<p>Mitt i Tyres\u00f6 har i en stor artikel beskrivit att nu skall det byggas sm\u00e5hus i Tyres\u00f6. Om det blir verklighet \u00e4r vi de f\u00f6rsta att v\u00e4lkomna det. Det \u00e4r en fr\u00e5ga vi drivit i m\u00e5nga \u00e5r.\u00a0 70 % av svenskarna vill bo i villa\/radhus och d\u00e5 blir det helt fel att bara bygga flerfamiljshus, framf\u00f6rallt eftersom det byggs allt f\u00f6r m\u00e5nga ettor. Nu \u00e4r det upp till bevis f\u00f6r nuvarande styret att genomf\u00f6ra skarpa \u00e5tg\u00e4rder som ger effekt.<\/p>\n<p>&nbsp;<\/p>\n<p>L\u00e4nk till artikeln<\/p>\n<p>https:\/\/www.mitti.se\/nyheter\/smahus-planeras-vid-apelvagen-6.3.279204.da37a90186?fbclid=IwY2xjawI08XlleHRuA2FlbQIxMAABHfHgQKirZxL67o37z6EKJsal9_D7vRAOVPAPfix8UszCsbEdB9VLwdiZHQ_aem_h42HwQV6S-qWV_rHZ8sxuw<\/p>\n","protected":false},"excerpt":{"rendered":"<p>Byggs det fler sm\u00e5hus nu? Mitt i Tyres\u00f6 har i en stor artikel beskrivit att nu skall det byggas sm\u00e5hus i Tyres\u00f6. Om det blir verklighet \u00e4r vi de f\u00f6rsta att v\u00e4lkomna det. Det \u00e4r en fr\u00e5ga vi drivit i m\u00e5nga \u00e5r.\u00a0 70 % av svenskarna vill bo i villa\/radhus och d\u00e5 blir det helt <a class=\"read-more-link\" href=\"https:\/\/wp.kristdemokraterna.se\/tyreso\/byggs-det-fler-smahus-nu\/\">Read More<\/a><\/p>\n","protected":false},"author":644,"featured_media":0,"comment_status":"closed","ping_status":"closed","sticky":false,"template":"","format":"standard","meta":{"_acf_changed":false,"footnotes":""},"categories":[1,9,15,13],"tags":[],"class_list":["post-1784","post","type-post","status-publish","format-standard","hentry","category-okategoriserade","category-bostader","category-inlagg","category-stadsbyggnad"],"acf":[],"yoast_head":"<!-- This site is optimized with the Yoast SEO plugin v27.4 - https:\/\/yoast.com\/product\/yoast-seo-wordpress\/ -->\n<title>Byggs det fler sm\u00e5hus nu? - Kristdemokraterna Tyres\u00f6<\/title>\n<meta name=\"robots\" content=\"index, follow, max-snippet:-1, max-image-preview:large, max-video-preview:-1\" \/>\n<link rel=\"canonical\" href=\"https:\/\/wp.kristdemokraterna.se\/tyreso\/byggs-det-fler-smahus-nu\/\" \/>\n<meta property=\"og:locale\" content=\"sv_SE\" \/>\n<meta property=\"og:type\" content=\"article\" \/>\n<meta property=\"og:title\" content=\"Byggs det fler sm\u00e5hus nu? - Kristdemokraterna Tyres\u00f6\" \/>\n<meta property=\"og:description\" content=\"Byggs det fler sm\u00e5hus nu? Mitt i Tyres\u00f6 har i en stor artikel beskrivit att nu skall det byggas sm\u00e5hus i Tyres\u00f6. Om det blir verklighet \u00e4r vi de f\u00f6rsta att v\u00e4lkomna det. Det \u00e4r en fr\u00e5ga vi drivit i m\u00e5nga \u00e5r.\u00a0 70 % av svenskarna vill bo i villa\/radhus och d\u00e5 blir det helt Read More\" \/>\n<meta property=\"og:url\" content=\"https:\/\/wp.kristdemokraterna.se\/tyreso\/byggs-det-fler-smahus-nu\/\" \/>\n<meta property=\"og:site_name\" content=\"Kristdemokraterna Tyres\u00f6\" \/>\n<meta property=\"article:published_time\" content=\"2025-03-05T09:05:43+00:00\" \/>\n<meta name=\"author\" content=\"tyreso\" \/>\n<meta name=\"twitter:card\" content=\"summary_large_image\" \/>\n<meta name=\"twitter:label1\" content=\"Skriven av\" \/>\n\t<meta name=\"twitter:data1\" content=\"tyreso\" \/>\n\t<meta name=\"twitter:label2\" content=\"Ber\u00e4knad l\u00e4stid\" \/>\n\t<meta name=\"twitter:data2\" content=\"1 minut\" \/>\n<script type=\"application\/ld+json\" class=\"yoast-schema-graph\">{\"@context\":\"https:\\\/\\\/schema.org\",\"@graph\":[{\"@type\":\"Article\",\"@id\":\"https:\\\/\\\/wp.kristdemokraterna.se\\\/tyreso\\\/byggs-det-fler-smahus-nu\\\/#article\",\"isPartOf\":{\"@id\":\"https:\\\/\\\/wp.kristdemokraterna.se\\\/tyreso\\\/byggs-det-fler-smahus-nu\\\/\"},\"author\":{\"name\":\"tyreso\",\"@id\":\"https:\\\/\\\/wp.kristdemokraterna.se\\\/tyreso\\\/#\\\/schema\\\/person\\\/3e7d76fa0f5c4996308a0a636056d6c5\"},\"headline\":\"Byggs det fler sm\u00e5hus nu?\",\"datePublished\":\"2025-03-05T09:05:43+00:00\",\"mainEntityOfPage\":{\"@id\":\"https:\\\/\\\/wp.kristdemokraterna.se\\\/tyreso\\\/byggs-det-fler-smahus-nu\\\/\"},\"wordCount\":132,\"articleSection\":[\"Artiklar\",\"Bost\u00e4der\",\"Inl\u00e4gg\",\"Stadsbyggnad\"],\"inLanguage\":\"sv-SE\"},{\"@type\":\"WebPage\",\"@id\":\"https:\\\/\\\/wp.kristdemokraterna.se\\\/tyreso\\\/byggs-det-fler-smahus-nu\\\/\",\"url\":\"https:\\\/\\\/wp.kristdemokraterna.se\\\/tyreso\\\/byggs-det-fler-smahus-nu\\\/\",\"name\":\"Byggs det fler sm\u00e5hus nu? - Kristdemokraterna Tyres\u00f6\",\"isPartOf\":{\"@id\":\"https:\\\/\\\/wp.kristdemokraterna.se\\\/tyreso\\\/#website\"},\"datePublished\":\"2025-03-05T09:05:43+00:00\",\"author\":{\"@id\":\"https:\\\/\\\/wp.kristdemokraterna.se\\\/tyreso\\\/#\\\/schema\\\/person\\\/3e7d76fa0f5c4996308a0a636056d6c5\"},\"breadcrumb\":{\"@id\":\"https:\\\/\\\/wp.kristdemokraterna.se\\\/tyreso\\\/byggs-det-fler-smahus-nu\\\/#breadcrumb\"},\"inLanguage\":\"sv-SE\",\"potentialAction\":[{\"@type\":\"ReadAction\",\"target\":[\"https:\\\/\\\/wp.kristdemokraterna.se\\\/tyreso\\\/byggs-det-fler-smahus-nu\\\/\"]}]},{\"@type\":\"BreadcrumbList\",\"@id\":\"https:\\\/\\\/wp.kristdemokraterna.se\\\/tyreso\\\/byggs-det-fler-smahus-nu\\\/#breadcrumb\",\"itemListElement\":[{\"@type\":\"ListItem\",\"position\":1,\"name\":\"Hem\",\"item\":\"https:\\\/\\\/wp.kristdemokraterna.se\\\/tyreso\\\/\"},{\"@type\":\"ListItem\",\"position\":2,\"name\":\"Byggs det fler sm\u00e5hus nu?\"}]},{\"@type\":\"WebSite\",\"@id\":\"https:\\\/\\\/wp.kristdemokraterna.se\\\/tyreso\\\/#website\",\"url\":\"https:\\\/\\\/wp.kristdemokraterna.se\\\/tyreso\\\/\",\"name\":\"Kristdemokraterna Tyres\u00f6\",\"description\":\"\",\"inLanguage\":\"sv-SE\"},{\"@type\":\"Person\",\"@id\":\"https:\\\/\\\/wp.kristdemokraterna.se\\\/tyreso\\\/#\\\/schema\\\/person\\\/3e7d76fa0f5c4996308a0a636056d6c5\",\"name\":\"tyreso\",\"image\":{\"@type\":\"ImageObject\",\"inLanguage\":\"sv-SE\",\"@id\":\"https:\\\/\\\/secure.gravatar.com\\\/avatar\\\/f60f761639a269aae348dce7665f49bfe9f0b021d1bada09d95aaa9c66ef6215?s=96&d=mm&r=g\",\"url\":\"https:\\\/\\\/secure.gravatar.com\\\/avatar\\\/f60f761639a269aae348dce7665f49bfe9f0b021d1bada09d95aaa9c66ef6215?s=96&d=mm&r=g\",\"contentUrl\":\"https:\\\/\\\/secure.gravatar.com\\\/avatar\\\/f60f761639a269aae348dce7665f49bfe9f0b021d1bada09d95aaa9c66ef6215?s=96&d=mm&r=g\",\"caption\":\"tyreso\"},\"url\":\"https:\\\/\\\/wp.kristdemokraterna.se\\\/tyreso\\\/author\\\/tyreso\\\/\"}]}<\/script>\n<!-- \/ Yoast SEO plugin. -->","yoast_head_json":{"title":"Byggs det fler sm\u00e5hus nu? - Kristdemokraterna Tyres\u00f6","robots":{"index":"index","follow":"follow","max-snippet":"max-snippet:-1","max-image-preview":"max-image-preview:large","max-video-preview":"max-video-preview:-1"},"canonical":"https:\/\/wp.kristdemokraterna.se\/tyreso\/byggs-det-fler-smahus-nu\/","og_locale":"sv_SE","og_type":"article","og_title":"Byggs det fler sm\u00e5hus nu? - Kristdemokraterna Tyres\u00f6","og_description":"Byggs det fler sm\u00e5hus nu? Mitt i Tyres\u00f6 har i en stor artikel beskrivit att nu skall det byggas sm\u00e5hus i Tyres\u00f6. Om det blir verklighet \u00e4r vi de f\u00f6rsta att v\u00e4lkomna det. Det \u00e4r en fr\u00e5ga vi drivit i m\u00e5nga \u00e5r.\u00a0 70 % av svenskarna vill bo i villa\/radhus och d\u00e5 blir det helt Read More","og_url":"https:\/\/wp.kristdemokraterna.se\/tyreso\/byggs-det-fler-smahus-nu\/","og_site_name":"Kristdemokraterna Tyres\u00f6","article_published_time":"2025-03-05T09:05:43+00:00","author":"tyreso","twitter_card":"summary_large_image","twitter_misc":{"Skriven av":"tyreso","Ber\u00e4knad l\u00e4stid":"1 minut"},"schema":{"@context":"https:\/\/schema.org","@graph":[{"@type":"Article","@id":"https:\/\/wp.kristdemokraterna.se\/tyreso\/byggs-det-fler-smahus-nu\/#article","isPartOf":{"@id":"https:\/\/wp.kristdemokraterna.se\/tyreso\/byggs-det-fler-smahus-nu\/"},"author":{"name":"tyreso","@id":"https:\/\/wp.kristdemokraterna.se\/tyreso\/#\/schema\/person\/3e7d76fa0f5c4996308a0a636056d6c5"},"headline":"Byggs det fler sm\u00e5hus nu?","datePublished":"2025-03-05T09:05:43+00:00","mainEntityOfPage":{"@id":"https:\/\/wp.kristdemokraterna.se\/tyreso\/byggs-det-fler-smahus-nu\/"},"wordCount":132,"articleSection":["Artiklar","Bost\u00e4der","Inl\u00e4gg","Stadsbyggnad"],"inLanguage":"sv-SE"},{"@type":"WebPage","@id":"https:\/\/wp.kristdemokraterna.se\/tyreso\/byggs-det-fler-smahus-nu\/","url":"https:\/\/wp.kristdemokraterna.se\/tyreso\/byggs-det-fler-smahus-nu\/","name":"Byggs det fler sm\u00e5hus nu? - Kristdemokraterna Tyres\u00f6","isPartOf":{"@id":"https:\/\/wp.kristdemokraterna.se\/tyreso\/#website"},"datePublished":"2025-03-05T09:05:43+00:00","author":{"@id":"https:\/\/wp.kristdemokraterna.se\/tyreso\/#\/schema\/person\/3e7d76fa0f5c4996308a0a636056d6c5"},"breadcrumb":{"@id":"https:\/\/wp.kristdemokraterna.se\/tyreso\/byggs-det-fler-smahus-nu\/#breadcrumb"},"inLanguage":"sv-SE","potentialAction":[{"@type":"ReadAction","target":["https:\/\/wp.kristdemokraterna.se\/tyreso\/byggs-det-fler-smahus-nu\/"]}]},{"@type":"BreadcrumbList","@id":"https:\/\/wp.kristdemokraterna.se\/tyreso\/byggs-det-fler-smahus-nu\/#breadcrumb","itemListElement":[{"@type":"ListItem","position":1,"name":"Hem","item":"https:\/\/wp.kristdemokraterna.se\/tyreso\/"},{"@type":"ListItem","position":2,"name":"Byggs det fler sm\u00e5hus nu?"}]},{"@type":"WebSite","@id":"https:\/\/wp.kristdemokraterna.se\/tyreso\/#website","url":"https:\/\/wp.kristdemokraterna.se\/tyreso\/","name":"Kristdemokraterna Tyres\u00f6","description":"","inLanguage":"sv-SE"},{"@type":"Person","@id":"https:\/\/wp.kristdemokraterna.se\/tyreso\/#\/schema\/person\/3e7d76fa0f5c4996308a0a636056d6c5","name":"tyreso","image":{"@type":"ImageObject","inLanguage":"sv-SE","@id":"https:\/\/secure.gravatar.com\/avatar\/f60f761639a269aae348dce7665f49bfe9f0b021d1bada09d95aaa9c66ef6215?s=96&d=mm&r=g","url":"https:\/\/secure.gravatar.com\/avatar\/f60f761639a269aae348dce7665f49bfe9f0b021d1bada09d95aaa9c66ef6215?s=96&d=mm&r=g","contentUrl":"https:\/\/secure.gravatar.com\/avatar\/f60f761639a269aae348dce7665f49bfe9f0b021d1bada09d95aaa9c66ef6215?s=96&d=mm&r=g","caption":"tyreso"},"url":"https:\/\/wp.kristdemokraterna.se\/tyreso\/author\/tyreso\/"}]}},"_links":{"self":[{"href":"https:\/\/wp.kristdemokraterna.se\/tyreso\/wp-json\/wp\/v2\/posts\/1784","targetHints":{"allow":["GET"]}}],"collection":[{"href":"https:\/\/wp.kristdemokraterna.se\/tyreso\/wp-json\/wp\/v2\/posts"}],"about":[{"href":"https:\/\/wp.kristdemokraterna.se\/tyreso\/wp-json\/wp\/v2\/types\/post"}],"author":[{"embeddable":true,"href":"https:\/\/wp.kristdemokraterna.se\/tyreso\/wp-json\/wp\/v2\/users\/644"}],"replies":[{"embeddable":true,"href":"https:\/\/wp.kristdemokraterna.se\/tyreso\/wp-json\/wp\/v2\/comments?post=1784"}],"version-history":[{"count":2,"href":"https:\/\/wp.kristdemokraterna.se\/tyreso\/wp-json\/wp\/v2\/posts\/1784\/revisions"}],"predecessor-version":[{"id":1787,"href":"https:\/\/wp.kristdemokraterna.se\/tyreso\/wp-json\/wp\/v2\/posts\/1784\/revisions\/1787"}],"wp:attachment":[{"href":"https:\/\/wp.kristdemokraterna.se\/tyreso\/wp-json\/wp\/v2\/media?parent=1784"}],"wp:term":[{"taxonomy":"category","embeddable":true,"href":"https:\/\/wp.kristdemokraterna.se\/tyreso\/wp-json\/wp\/v2\/categories?post=1784"},{"taxonomy":"post_tag","embeddable":true,"href":"https:\/\/wp.kristdemokraterna.se\/tyreso\/wp-json\/wp\/v2\/tags?post=1784"}],"curies":[{"name":"wp","href":"https:\/\/api.w.org\/{rel}","templated":true}]}}