{"id":582,"date":"2017-09-06T12:38:23","date_gmt":"2017-09-06T10:38:23","guid":{"rendered":"http:\/\/wp.kristdemokraterna.se\/tyreso\/?p=582"},"modified":"2019-04-18T15:37:15","modified_gmt":"2019-04-18T13:37:15","slug":"gamla-aldreboenden-ersatts-med-nya","status":"publish","type":"post","link":"https:\/\/wp.kristdemokraterna.se\/tyreso\/gamla-aldreboenden-ersatts-med-nya\/","title":{"rendered":"Gamla \u00e4ldreboenden ers\u00e4tts med nya"},"content":{"rendered":"<p>&nbsp;<\/p>\n<p>H\u00e4r hittar du pressmeddelandet som pdf:\u00a0<a href=\"http:\/\/wp.kristdemokraterna.se\/tyreso\/files\/2017\/09\/gamla-aldreboenden-ersatts-med-nya.pdf\">Gamla \u00e4ldreboenden ers\u00e4tts med nya<\/a><\/p>\n<p><a href=\"http:\/\/wp.kristdemokraterna.se\/tyreso\/files\/2017\/09\/allians.png\"><img loading=\"lazy\" decoding=\"async\" class=\"alignnone size-medium wp-image-587\" src=\"http:\/\/wp.kristdemokraterna.se\/tyreso\/files\/2017\/09\/allians-300x73.png\" alt=\"\" width=\"300\" height=\"73\" srcset=\"https:\/\/wp.kristdemokraterna.se\/tyreso\/files\/2017\/09\/allians-300x73.png 300w, https:\/\/wp.kristdemokraterna.se\/tyreso\/files\/2017\/09\/allians-768x186.png 768w, https:\/\/wp.kristdemokraterna.se\/tyreso\/files\/2017\/09\/allians.png 800w\" sizes=\"auto, (max-width: 300px) 100vw, 300px\" \/><\/a><\/p>\n<p><strong>P R E S S M E D D E L A N D E<\/strong><\/p>\n<p>Alliansen i Tyres\u00f6 (M), (L), (C), (KD)<\/p>\n<p>2017-08-22<\/p>\n<p>Gamla \u00e4ldreboenden ers\u00e4tts med nya<\/p>\n<p><strong>Utbyggnaden av nya v\u00e5rd- och omsorgsboenden i Tyres\u00f6 sker i en s\u00e5dan takt att kommunen nu planerar att ers\u00e4tta de \u00e4ldsta byggnaderna. N\u00e4r detta \u00e4r klart kommer alla v\u00e5rd- och omsorgsboenden f\u00f6r \u00e4ldre att vara \u00f6ppnade p\u00e5 2000-talet.<\/strong><\/p>\n<p>Inte mindre \u00e4n fyra nya v\u00e5rd- och omsorgsboenden \u00f6ppnar i Tyres\u00f6 under de kommande 3-4 \u00e5ren, vilket \u00e4r en f\u00f6rdubbling av den nuvarande kapaciteten. Till grund f\u00f6r planeringen ligger ber\u00e4kningar p\u00e5 att behoven av \u00e4ldreomsorgsplatser skulle \u00f6ka kraftigt, men hittills har \u00f6kningen varit m\u00e5ttlig. Ist\u00e4llet ger det utrymme f\u00f6r att undvika dyra renoveringar och ers\u00e4tta gamla lokaler med nya. Den \u00e4ldsta delen av Bj\u00f6rkbacken \u00e4r byggd p\u00e5 60-talet och \u00c4ngsg\u00e5rden \u00e4r byggd p\u00e5 90-talet.<\/p>\n<p>-Det \u00e4r med blandade k\u00e4nslor vi tar det h\u00e4r beslutet. Det finns s\u00e5 mycket historia inom dessa v\u00e4ggar. Det finns medarbetare som har arbetat i 20 \u00e5r p\u00e5 Bj\u00f6rkbacken och brinner f\u00f6r sitt uppdrag. \u00c4nd\u00e5 \u00e4r det h\u00e4r r\u00e4tt beslut att ta att nu byta ut gamla l\u00e4genheter mot nya, s\u00e4ger Andreas Jonsson (M), socialn\u00e4mndens ordf\u00f6rande.<\/p>\n<p>Sedan ett par \u00e5r har det funnits os\u00e4kerhet kring v\u00e5rd- och omsorgsboendet Bj\u00f6rkbackens framtid efter att Arbetsmilj\u00f6verket har hittat brister i den fysiska arbetsmilj\u00f6n p\u00e5 \u00e4ldreboendet. Att \u00e5tg\u00e4rda dessa ber\u00e4knas kosta 35 mkr. Ist\u00e4llet ska Bj\u00f6rkbacken ers\u00e4ttas i tv\u00e5 etapper, dels av Basilikan p\u00e5 Farmarstigen som \u00f6ppnar i v\u00e5r och d\u00e4r \u00e4ven platserna p\u00e5 \u00c4ngsg\u00e5rden inryms. I det andra steget flyttas \u00e5terst\u00e5ende platser till ett planerat v\u00e5rd- och omsorgsboende i norra Tyres\u00f6 centrum som \u00f6ppnar \u00e5r 2020. Det senare planeras att drivas i kommunal regi.<\/p>\n<p>-Vi h\u00e5ller p\u00e5 att ta fram en aff\u00e4rsplan f\u00f6r kommunal drift som underlag f\u00f6r beslut om driftsform, s\u00e4ger Andreas Jonsson.<\/p>\n<p>F\u00f6rslaget m\u00f6jligg\u00f6r dessutom att bygget av den nya skolan i Fornudden kan p\u00e5b\u00f6rjas tidigare \u00e4n planerat.<\/p>\n<p><strong>Nya v\u00e5rd- och omsorgsboenden f\u00f6r \u00e4ldre<\/strong><\/p>\n<table>\n<tbody>\n<tr>\n<td width=\"307\">Basilikan, Farmarstigen<\/td>\n<td width=\"307\">2018<\/td>\n<\/tr>\n<tr>\n<td width=\"307\">Norra Tyres\u00f6 Centrum<\/td>\n<td width=\"307\">2020<\/td>\n<\/tr>\n<tr>\n<td width=\"307\">Fornudden<\/td>\n<td width=\"307\">ca 2020<\/td>\n<\/tr>\n<tr>\n<td width=\"307\">Tyres\u00f6 Strand<\/td>\n<td width=\"307\">ca 2020<\/td>\n<\/tr>\n<\/tbody>\n<\/table>\n<p><strong>F\u00f6r mer information:<\/strong><\/p>\n<p>Andreas Jonsson (M), socialn\u00e4mndens ordf\u00f6rande, tel. 070 \u2013 488 92 43<\/p>\n<p>Politisk sekreterare<br \/>\nRobert Sk\u00f6lin (M), tel. 070 \u2013 488 95 47<\/p>\n","protected":false},"excerpt":{"rendered":"<p>&nbsp; H\u00e4r hittar du pressmeddelandet som pdf:\u00a0Gamla \u00e4ldreboenden ers\u00e4tts med nya P R E S S M E D D E L A N D E Alliansen i Tyres\u00f6 (M), (L), (C), (KD) 2017-08-22 Gamla \u00e4ldreboenden ers\u00e4tts med nya Utbyggnaden av nya v\u00e5rd- och omsorgsboenden i Tyres\u00f6 sker i en s\u00e5dan takt att kommunen nu <a class=\"read-more-link\" href=\"https:\/\/wp.kristdemokraterna.se\/tyreso\/gamla-aldreboenden-ersatts-med-nya\/\">Read More<\/a><\/p>\n","protected":false},"author":644,"featured_media":589,"comment_status":"closed","ping_status":"closed","sticky":false,"template":"","format":"standard","meta":{"_acf_changed":false,"footnotes":""},"categories":[12,1],"tags":[],"class_list":["post-582","post","type-post","status-publish","format-standard","hentry","category-aldreomsorg","category-okategoriserade"],"acf":[],"yoast_head":"<!-- This site is optimized with the Yoast SEO plugin v27.4 - https:\/\/yoast.com\/product\/yoast-seo-wordpress\/ -->\n<title>Gamla \u00e4ldreboenden ers\u00e4tts med nya - Kristdemokraterna Tyres\u00f6<\/title>\n<meta name=\"robots\" content=\"index, follow, max-snippet:-1, max-image-preview:large, max-video-preview:-1\" \/>\n<link rel=\"canonical\" href=\"https:\/\/wp.kristdemokraterna.se\/tyreso\/gamla-aldreboenden-ersatts-med-nya\/\" \/>\n<meta property=\"og:locale\" content=\"sv_SE\" \/>\n<meta property=\"og:type\" content=\"article\" \/>\n<meta property=\"og:title\" content=\"Gamla \u00e4ldreboenden ers\u00e4tts med nya - Kristdemokraterna Tyres\u00f6\" \/>\n<meta property=\"og:description\" content=\"&nbsp; H\u00e4r hittar du pressmeddelandet som pdf:\u00a0Gamla \u00e4ldreboenden ers\u00e4tts med nya P R E S S M E D D E L A N D E Alliansen i Tyres\u00f6 (M), (L), (C), (KD) 2017-08-22 Gamla \u00e4ldreboenden ers\u00e4tts med nya Utbyggnaden av nya v\u00e5rd- och omsorgsboenden i Tyres\u00f6 sker i en s\u00e5dan takt att kommunen nu Read More\" \/>\n<meta property=\"og:url\" content=\"https:\/\/wp.kristdemokraterna.se\/tyreso\/gamla-aldreboenden-ersatts-med-nya\/\" \/>\n<meta property=\"og:site_name\" content=\"Kristdemokraterna Tyres\u00f6\" \/>\n<meta property=\"article:published_time\" content=\"2017-09-06T10:38:23+00:00\" \/>\n<meta property=\"article:modified_time\" content=\"2019-04-18T13:37:15+00:00\" \/>\n<meta property=\"og:image\" content=\"https:\/\/wp.kristdemokraterna.se\/tyreso\/files\/2017\/09\/21552258_1414719938603540_1675982740_n.png\" \/>\n\t<meta property=\"og:image:width\" content=\"445\" \/>\n\t<meta property=\"og:image:height\" content=\"250\" \/>\n\t<meta property=\"og:image:type\" content=\"image\/png\" \/>\n<meta name=\"author\" content=\"tyreso\" \/>\n<meta name=\"twitter:card\" content=\"summary_large_image\" \/>\n<meta name=\"twitter:label1\" content=\"Skriven av\" \/>\n\t<meta name=\"twitter:data1\" content=\"tyreso\" \/>\n\t<meta name=\"twitter:label2\" content=\"Ber\u00e4knad l\u00e4stid\" \/>\n\t<meta name=\"twitter:data2\" content=\"2 minuter\" \/>\n<script type=\"application\/ld+json\" class=\"yoast-schema-graph\">{\"@context\":\"https:\\\/\\\/schema.org\",\"@graph\":[{\"@type\":\"Article\",\"@id\":\"https:\\\/\\\/wp.kristdemokraterna.se\\\/tyreso\\\/gamla-aldreboenden-ersatts-med-nya\\\/#article\",\"isPartOf\":{\"@id\":\"https:\\\/\\\/wp.kristdemokraterna.se\\\/tyreso\\\/gamla-aldreboenden-ersatts-med-nya\\\/\"},\"author\":{\"name\":\"tyreso\",\"@id\":\"https:\\\/\\\/wp.kristdemokraterna.se\\\/tyreso\\\/#\\\/schema\\\/person\\\/3e7d76fa0f5c4996308a0a636056d6c5\"},\"headline\":\"Gamla \u00e4ldreboenden ers\u00e4tts med nya\",\"datePublished\":\"2017-09-06T10:38:23+00:00\",\"dateModified\":\"2019-04-18T13:37:15+00:00\",\"mainEntityOfPage\":{\"@id\":\"https:\\\/\\\/wp.kristdemokraterna.se\\\/tyreso\\\/gamla-aldreboenden-ersatts-med-nya\\\/\"},\"wordCount\":425,\"image\":{\"@id\":\"https:\\\/\\\/wp.kristdemokraterna.se\\\/tyreso\\\/gamla-aldreboenden-ersatts-med-nya\\\/#primaryimage\"},\"thumbnailUrl\":\"https:\\\/\\\/wp.kristdemokraterna.se\\\/tyreso\\\/files\\\/2017\\\/09\\\/21552258_1414719938603540_1675982740_n.png\",\"articleSection\":[\"\u00c4ldreomsorg\",\"Artiklar\"],\"inLanguage\":\"sv-SE\"},{\"@type\":\"WebPage\",\"@id\":\"https:\\\/\\\/wp.kristdemokraterna.se\\\/tyreso\\\/gamla-aldreboenden-ersatts-med-nya\\\/\",\"url\":\"https:\\\/\\\/wp.kristdemokraterna.se\\\/tyreso\\\/gamla-aldreboenden-ersatts-med-nya\\\/\",\"name\":\"Gamla \u00e4ldreboenden ers\u00e4tts med nya - Kristdemokraterna Tyres\u00f6\",\"isPartOf\":{\"@id\":\"https:\\\/\\\/wp.kristdemokraterna.se\\\/tyreso\\\/#website\"},\"primaryImageOfPage\":{\"@id\":\"https:\\\/\\\/wp.kristdemokraterna.se\\\/tyreso\\\/gamla-aldreboenden-ersatts-med-nya\\\/#primaryimage\"},\"image\":{\"@id\":\"https:\\\/\\\/wp.kristdemokraterna.se\\\/tyreso\\\/gamla-aldreboenden-ersatts-med-nya\\\/#primaryimage\"},\"thumbnailUrl\":\"https:\\\/\\\/wp.kristdemokraterna.se\\\/tyreso\\\/files\\\/2017\\\/09\\\/21552258_1414719938603540_1675982740_n.png\",\"datePublished\":\"2017-09-06T10:38:23+00:00\",\"dateModified\":\"2019-04-18T13:37:15+00:00\",\"author\":{\"@id\":\"https:\\\/\\\/wp.kristdemokraterna.se\\\/tyreso\\\/#\\\/schema\\\/person\\\/3e7d76fa0f5c4996308a0a636056d6c5\"},\"breadcrumb\":{\"@id\":\"https:\\\/\\\/wp.kristdemokraterna.se\\\/tyreso\\\/gamla-aldreboenden-ersatts-med-nya\\\/#breadcrumb\"},\"inLanguage\":\"sv-SE\",\"potentialAction\":[{\"@type\":\"ReadAction\",\"target\":[\"https:\\\/\\\/wp.kristdemokraterna.se\\\/tyreso\\\/gamla-aldreboenden-ersatts-med-nya\\\/\"]}]},{\"@type\":\"ImageObject\",\"inLanguage\":\"sv-SE\",\"@id\":\"https:\\\/\\\/wp.kristdemokraterna.se\\\/tyreso\\\/gamla-aldreboenden-ersatts-med-nya\\\/#primaryimage\",\"url\":\"https:\\\/\\\/wp.kristdemokraterna.se\\\/tyreso\\\/files\\\/2017\\\/09\\\/21552258_1414719938603540_1675982740_n.png\",\"contentUrl\":\"https:\\\/\\\/wp.kristdemokraterna.se\\\/tyreso\\\/files\\\/2017\\\/09\\\/21552258_1414719938603540_1675982740_n.png\",\"width\":445,\"height\":250},{\"@type\":\"BreadcrumbList\",\"@id\":\"https:\\\/\\\/wp.kristdemokraterna.se\\\/tyreso\\\/gamla-aldreboenden-ersatts-med-nya\\\/#breadcrumb\",\"itemListElement\":[{\"@type\":\"ListItem\",\"position\":1,\"name\":\"Hem\",\"item\":\"https:\\\/\\\/wp.kristdemokraterna.se\\\/tyreso\\\/\"},{\"@type\":\"ListItem\",\"position\":2,\"name\":\"Gamla \u00e4ldreboenden ers\u00e4tts med nya\"}]},{\"@type\":\"WebSite\",\"@id\":\"https:\\\/\\\/wp.kristdemokraterna.se\\\/tyreso\\\/#website\",\"url\":\"https:\\\/\\\/wp.kristdemokraterna.se\\\/tyreso\\\/\",\"name\":\"Kristdemokraterna Tyres\u00f6\",\"description\":\"\",\"inLanguage\":\"sv-SE\"},{\"@type\":\"Person\",\"@id\":\"https:\\\/\\\/wp.kristdemokraterna.se\\\/tyreso\\\/#\\\/schema\\\/person\\\/3e7d76fa0f5c4996308a0a636056d6c5\",\"name\":\"tyreso\",\"image\":{\"@type\":\"ImageObject\",\"inLanguage\":\"sv-SE\",\"@id\":\"https:\\\/\\\/secure.gravatar.com\\\/avatar\\\/f60f761639a269aae348dce7665f49bfe9f0b021d1bada09d95aaa9c66ef6215?s=96&d=mm&r=g\",\"url\":\"https:\\\/\\\/secure.gravatar.com\\\/avatar\\\/f60f761639a269aae348dce7665f49bfe9f0b021d1bada09d95aaa9c66ef6215?s=96&d=mm&r=g\",\"contentUrl\":\"https:\\\/\\\/secure.gravatar.com\\\/avatar\\\/f60f761639a269aae348dce7665f49bfe9f0b021d1bada09d95aaa9c66ef6215?s=96&d=mm&r=g\",\"caption\":\"tyreso\"},\"url\":\"https:\\\/\\\/wp.kristdemokraterna.se\\\/tyreso\\\/author\\\/tyreso\\\/\"}]}<\/script>\n<!-- \/ Yoast SEO plugin. -->","yoast_head_json":{"title":"Gamla \u00e4ldreboenden ers\u00e4tts med nya - Kristdemokraterna Tyres\u00f6","robots":{"index":"index","follow":"follow","max-snippet":"max-snippet:-1","max-image-preview":"max-image-preview:large","max-video-preview":"max-video-preview:-1"},"canonical":"https:\/\/wp.kristdemokraterna.se\/tyreso\/gamla-aldreboenden-ersatts-med-nya\/","og_locale":"sv_SE","og_type":"article","og_title":"Gamla \u00e4ldreboenden ers\u00e4tts med nya - Kristdemokraterna Tyres\u00f6","og_description":"&nbsp; H\u00e4r hittar du pressmeddelandet som pdf:\u00a0Gamla \u00e4ldreboenden ers\u00e4tts med nya P R E S S M E D D E L A N D E Alliansen i Tyres\u00f6 (M), (L), (C), (KD) 2017-08-22 Gamla \u00e4ldreboenden ers\u00e4tts med nya Utbyggnaden av nya v\u00e5rd- och omsorgsboenden i Tyres\u00f6 sker i en s\u00e5dan takt att kommunen nu Read More","og_url":"https:\/\/wp.kristdemokraterna.se\/tyreso\/gamla-aldreboenden-ersatts-med-nya\/","og_site_name":"Kristdemokraterna Tyres\u00f6","article_published_time":"2017-09-06T10:38:23+00:00","article_modified_time":"2019-04-18T13:37:15+00:00","og_image":[{"width":445,"height":250,"url":"https:\/\/wp.kristdemokraterna.se\/tyreso\/files\/2017\/09\/21552258_1414719938603540_1675982740_n.png","type":"image\/png"}],"author":"tyreso","twitter_card":"summary_large_image","twitter_misc":{"Skriven av":"tyreso","Ber\u00e4knad l\u00e4stid":"2 minuter"},"schema":{"@context":"https:\/\/schema.org","@graph":[{"@type":"Article","@id":"https:\/\/wp.kristdemokraterna.se\/tyreso\/gamla-aldreboenden-ersatts-med-nya\/#article","isPartOf":{"@id":"https:\/\/wp.kristdemokraterna.se\/tyreso\/gamla-aldreboenden-ersatts-med-nya\/"},"author":{"name":"tyreso","@id":"https:\/\/wp.kristdemokraterna.se\/tyreso\/#\/schema\/person\/3e7d76fa0f5c4996308a0a636056d6c5"},"headline":"Gamla \u00e4ldreboenden ers\u00e4tts med nya","datePublished":"2017-09-06T10:38:23+00:00","dateModified":"2019-04-18T13:37:15+00:00","mainEntityOfPage":{"@id":"https:\/\/wp.kristdemokraterna.se\/tyreso\/gamla-aldreboenden-ersatts-med-nya\/"},"wordCount":425,"image":{"@id":"https:\/\/wp.kristdemokraterna.se\/tyreso\/gamla-aldreboenden-ersatts-med-nya\/#primaryimage"},"thumbnailUrl":"https:\/\/wp.kristdemokraterna.se\/tyreso\/files\/2017\/09\/21552258_1414719938603540_1675982740_n.png","articleSection":["\u00c4ldreomsorg","Artiklar"],"inLanguage":"sv-SE"},{"@type":"WebPage","@id":"https:\/\/wp.kristdemokraterna.se\/tyreso\/gamla-aldreboenden-ersatts-med-nya\/","url":"https:\/\/wp.kristdemokraterna.se\/tyreso\/gamla-aldreboenden-ersatts-med-nya\/","name":"Gamla \u00e4ldreboenden ers\u00e4tts med nya - Kristdemokraterna Tyres\u00f6","isPartOf":{"@id":"https:\/\/wp.kristdemokraterna.se\/tyreso\/#website"},"primaryImageOfPage":{"@id":"https:\/\/wp.kristdemokraterna.se\/tyreso\/gamla-aldreboenden-ersatts-med-nya\/#primaryimage"},"image":{"@id":"https:\/\/wp.kristdemokraterna.se\/tyreso\/gamla-aldreboenden-ersatts-med-nya\/#primaryimage"},"thumbnailUrl":"https:\/\/wp.kristdemokraterna.se\/tyreso\/files\/2017\/09\/21552258_1414719938603540_1675982740_n.png","datePublished":"2017-09-06T10:38:23+00:00","dateModified":"2019-04-18T13:37:15+00:00","author":{"@id":"https:\/\/wp.kristdemokraterna.se\/tyreso\/#\/schema\/person\/3e7d76fa0f5c4996308a0a636056d6c5"},"breadcrumb":{"@id":"https:\/\/wp.kristdemokraterna.se\/tyreso\/gamla-aldreboenden-ersatts-med-nya\/#breadcrumb"},"inLanguage":"sv-SE","potentialAction":[{"@type":"ReadAction","target":["https:\/\/wp.kristdemokraterna.se\/tyreso\/gamla-aldreboenden-ersatts-med-nya\/"]}]},{"@type":"ImageObject","inLanguage":"sv-SE","@id":"https:\/\/wp.kristdemokraterna.se\/tyreso\/gamla-aldreboenden-ersatts-med-nya\/#primaryimage","url":"https:\/\/wp.kristdemokraterna.se\/tyreso\/files\/2017\/09\/21552258_1414719938603540_1675982740_n.png","contentUrl":"https:\/\/wp.kristdemokraterna.se\/tyreso\/files\/2017\/09\/21552258_1414719938603540_1675982740_n.png","width":445,"height":250},{"@type":"BreadcrumbList","@id":"https:\/\/wp.kristdemokraterna.se\/tyreso\/gamla-aldreboenden-ersatts-med-nya\/#breadcrumb","itemListElement":[{"@type":"ListItem","position":1,"name":"Hem","item":"https:\/\/wp.kristdemokraterna.se\/tyreso\/"},{"@type":"ListItem","position":2,"name":"Gamla \u00e4ldreboenden ers\u00e4tts med nya"}]},{"@type":"WebSite","@id":"https:\/\/wp.kristdemokraterna.se\/tyreso\/#website","url":"https:\/\/wp.kristdemokraterna.se\/tyreso\/","name":"Kristdemokraterna Tyres\u00f6","description":"","inLanguage":"sv-SE"},{"@type":"Person","@id":"https:\/\/wp.kristdemokraterna.se\/tyreso\/#\/schema\/person\/3e7d76fa0f5c4996308a0a636056d6c5","name":"tyreso","image":{"@type":"ImageObject","inLanguage":"sv-SE","@id":"https:\/\/secure.gravatar.com\/avatar\/f60f761639a269aae348dce7665f49bfe9f0b021d1bada09d95aaa9c66ef6215?s=96&d=mm&r=g","url":"https:\/\/secure.gravatar.com\/avatar\/f60f761639a269aae348dce7665f49bfe9f0b021d1bada09d95aaa9c66ef6215?s=96&d=mm&r=g","contentUrl":"https:\/\/secure.gravatar.com\/avatar\/f60f761639a269aae348dce7665f49bfe9f0b021d1bada09d95aaa9c66ef6215?s=96&d=mm&r=g","caption":"tyreso"},"url":"https:\/\/wp.kristdemokraterna.se\/tyreso\/author\/tyreso\/"}]}},"_links":{"self":[{"href":"https:\/\/wp.kristdemokraterna.se\/tyreso\/wp-json\/wp\/v2\/posts\/582","targetHints":{"allow":["GET"]}}],"collection":[{"href":"https:\/\/wp.kristdemokraterna.se\/tyreso\/wp-json\/wp\/v2\/posts"}],"about":[{"href":"https:\/\/wp.kristdemokraterna.se\/tyreso\/wp-json\/wp\/v2\/types\/post"}],"author":[{"embeddable":true,"href":"https:\/\/wp.kristdemokraterna.se\/tyreso\/wp-json\/wp\/v2\/users\/644"}],"replies":[{"embeddable":true,"href":"https:\/\/wp.kristdemokraterna.se\/tyreso\/wp-json\/wp\/v2\/comments?post=582"}],"version-history":[{"count":7,"href":"https:\/\/wp.kristdemokraterna.se\/tyreso\/wp-json\/wp\/v2\/posts\/582\/revisions"}],"predecessor-version":[{"id":759,"href":"https:\/\/wp.kristdemokraterna.se\/tyreso\/wp-json\/wp\/v2\/posts\/582\/revisions\/759"}],"wp:featuredmedia":[{"embeddable":true,"href":"https:\/\/wp.kristdemokraterna.se\/tyreso\/wp-json\/wp\/v2\/media\/589"}],"wp:attachment":[{"href":"https:\/\/wp.kristdemokraterna.se\/tyreso\/wp-json\/wp\/v2\/media?parent=582"}],"wp:term":[{"taxonomy":"category","embeddable":true,"href":"https:\/\/wp.kristdemokraterna.se\/tyreso\/wp-json\/wp\/v2\/categories?post=582"},{"taxonomy":"post_tag","embeddable":true,"href":"https:\/\/wp.kristdemokraterna.se\/tyreso\/wp-json\/wp\/v2\/tags?post=582"}],"curies":[{"name":"wp","href":"https:\/\/api.w.org\/{rel}","templated":true}]}}