{"id":773,"date":"2019-03-24T11:37:19","date_gmt":"2019-03-24T10:37:19","guid":{"rendered":"http:\/\/wp.kristdemokraterna.se\/tyreso\/?p=773"},"modified":"2019-04-15T19:12:54","modified_gmt":"2019-04-15T17:12:54","slug":"bjorkbacken-i-repris","status":"publish","type":"post","link":"https:\/\/wp.kristdemokraterna.se\/tyreso\/bjorkbacken-i-repris\/","title":{"rendered":"Bj\u00f6rkbacken i repris!"},"content":{"rendered":"<p>Tyres\u00f6 Nyheter (s) skriver i marsnumret aprop\u00e5 omsorgsboendet i Bj\u00f6rkbacken \u201dDet g\u00e5r undan n\u00e4r Socialdemokraterna med flera b\u00f6rjar f\u00f6rverkliga sina l\u00f6ften.\u201d och vidare \u201d\u2026 m\u00e5ls\u00e4ttningen \u00e4r att renovera delar av boendet till godk\u00e4nd standard \u2026\u201d.<\/p>\n<p>M\u00e5nga \u00e4ldre och deras anh\u00f6riga gl\u00e4ds s\u00e4kert av detta besked men det finns en gedigen bakgrund varf\u00f6r vi inte tycker det \u00e4r n\u00e5gon bra id\u00e9.<\/p>\n<p>F\u00f6r flera \u00e5r sedan underk\u00e4ndes Bj\u00f6rkbackens \u00e4ldreboende av Arbetarskyddsstyrelsen. Kristdemokraternas\/Alliansens m\u00e5ls\u00e4ttning var och \u00e4r, precis som Socialdemokraternas, att Tyres\u00f6 skall ha en bra \u00e4ldreomsorg. Politikernas uppgift \u00e4r att ange riktning och m\u00e5ls\u00e4ttning, inte att vara experter p\u00e5 allt. S\u00e5 n\u00e4r underk\u00e4nnandet av Bj\u00f6rkbacken kom bad vi naturligtvis tj\u00e4nstem\u00e4nnen utreda vad som var b\u00e4st att g\u00f6ra. Svaret var entydig, bygg inte om Bj\u00f6rkbacken, det saknar f\u00f6ruts\u00e4ttningar att bli ett bra \u00e4ldreboende. Det blir dessutom dyrt att bygga om och ingen kan bo kvar under ombyggnationen.<\/p>\n<p>S\u00e5, antigen har tj\u00e4nstem\u00e4nnen nu \u00e4ndrat uppfattning eller s\u00e5 bryr det nya socialdemokratiska styret inte sig om vad tj\u00e4nstem\u00e4nnen s\u00e4ger. Vi ser med sp\u00e4nning fram vad som kommer att h\u00e4nda.<\/p>\n","protected":false},"excerpt":{"rendered":"<p>Tyres\u00f6 Nyheter (s) skriver i marsnumret aprop\u00e5 omsorgsboendet i Bj\u00f6rkbacken \u201dDet g\u00e5r undan n\u00e4r Socialdemokraterna med flera b\u00f6rjar f\u00f6rverkliga sina l\u00f6ften.\u201d och vidare \u201d\u2026 m\u00e5ls\u00e4ttningen \u00e4r att renovera delar av boendet till godk\u00e4nd standard \u2026\u201d. M\u00e5nga \u00e4ldre och deras anh\u00f6riga gl\u00e4ds s\u00e4kert av detta besked men det finns en gedigen bakgrund varf\u00f6r vi inte tycker <a class=\"read-more-link\" href=\"https:\/\/wp.kristdemokraterna.se\/tyreso\/bjorkbacken-i-repris\/\">Read More<\/a><\/p>\n","protected":false},"author":644,"featured_media":0,"comment_status":"closed","ping_status":"closed","sticky":false,"template":"","format":"standard","meta":{"_acf_changed":false,"footnotes":""},"categories":[12,1],"tags":[],"class_list":["post-773","post","type-post","status-publish","format-standard","hentry","category-aldreomsorg","category-okategoriserade"],"acf":[],"yoast_head":"<!-- This site is optimized with the Yoast SEO plugin v27.4 - https:\/\/yoast.com\/product\/yoast-seo-wordpress\/ -->\n<title>Bj\u00f6rkbacken i repris! - Kristdemokraterna Tyres\u00f6<\/title>\n<meta name=\"robots\" content=\"index, follow, max-snippet:-1, max-image-preview:large, max-video-preview:-1\" \/>\n<link rel=\"canonical\" href=\"https:\/\/wp.kristdemokraterna.se\/tyreso\/bjorkbacken-i-repris\/\" \/>\n<meta property=\"og:locale\" content=\"sv_SE\" \/>\n<meta property=\"og:type\" content=\"article\" \/>\n<meta property=\"og:title\" content=\"Bj\u00f6rkbacken i repris! - Kristdemokraterna Tyres\u00f6\" \/>\n<meta property=\"og:description\" content=\"Tyres\u00f6 Nyheter (s) skriver i marsnumret aprop\u00e5 omsorgsboendet i Bj\u00f6rkbacken \u201dDet g\u00e5r undan n\u00e4r Socialdemokraterna med flera b\u00f6rjar f\u00f6rverkliga sina l\u00f6ften.\u201d och vidare \u201d\u2026 m\u00e5ls\u00e4ttningen \u00e4r att renovera delar av boendet till godk\u00e4nd standard \u2026\u201d. M\u00e5nga \u00e4ldre och deras anh\u00f6riga gl\u00e4ds s\u00e4kert av detta besked men det finns en gedigen bakgrund varf\u00f6r vi inte tycker Read More\" \/>\n<meta property=\"og:url\" content=\"https:\/\/wp.kristdemokraterna.se\/tyreso\/bjorkbacken-i-repris\/\" \/>\n<meta property=\"og:site_name\" content=\"Kristdemokraterna Tyres\u00f6\" \/>\n<meta property=\"article:published_time\" content=\"2019-03-24T10:37:19+00:00\" \/>\n<meta property=\"article:modified_time\" content=\"2019-04-15T17:12:54+00:00\" \/>\n<meta name=\"author\" content=\"tyreso\" \/>\n<meta name=\"twitter:card\" content=\"summary_large_image\" \/>\n<meta name=\"twitter:label1\" content=\"Skriven av\" \/>\n\t<meta name=\"twitter:data1\" content=\"tyreso\" \/>\n\t<meta name=\"twitter:label2\" content=\"Ber\u00e4knad l\u00e4stid\" \/>\n\t<meta name=\"twitter:data2\" content=\"1 minut\" \/>\n<script type=\"application\/ld+json\" class=\"yoast-schema-graph\">{\"@context\":\"https:\\\/\\\/schema.org\",\"@graph\":[{\"@type\":\"Article\",\"@id\":\"https:\\\/\\\/wp.kristdemokraterna.se\\\/tyreso\\\/bjorkbacken-i-repris\\\/#article\",\"isPartOf\":{\"@id\":\"https:\\\/\\\/wp.kristdemokraterna.se\\\/tyreso\\\/bjorkbacken-i-repris\\\/\"},\"author\":{\"name\":\"tyreso\",\"@id\":\"https:\\\/\\\/wp.kristdemokraterna.se\\\/tyreso\\\/#\\\/schema\\\/person\\\/3e7d76fa0f5c4996308a0a636056d6c5\"},\"headline\":\"Bj\u00f6rkbacken i repris!\",\"datePublished\":\"2019-03-24T10:37:19+00:00\",\"dateModified\":\"2019-04-15T17:12:54+00:00\",\"mainEntityOfPage\":{\"@id\":\"https:\\\/\\\/wp.kristdemokraterna.se\\\/tyreso\\\/bjorkbacken-i-repris\\\/\"},\"wordCount\":216,\"articleSection\":[\"\u00c4ldreomsorg\",\"Artiklar\"],\"inLanguage\":\"sv-SE\"},{\"@type\":\"WebPage\",\"@id\":\"https:\\\/\\\/wp.kristdemokraterna.se\\\/tyreso\\\/bjorkbacken-i-repris\\\/\",\"url\":\"https:\\\/\\\/wp.kristdemokraterna.se\\\/tyreso\\\/bjorkbacken-i-repris\\\/\",\"name\":\"Bj\u00f6rkbacken i repris! - Kristdemokraterna Tyres\u00f6\",\"isPartOf\":{\"@id\":\"https:\\\/\\\/wp.kristdemokraterna.se\\\/tyreso\\\/#website\"},\"datePublished\":\"2019-03-24T10:37:19+00:00\",\"dateModified\":\"2019-04-15T17:12:54+00:00\",\"author\":{\"@id\":\"https:\\\/\\\/wp.kristdemokraterna.se\\\/tyreso\\\/#\\\/schema\\\/person\\\/3e7d76fa0f5c4996308a0a636056d6c5\"},\"breadcrumb\":{\"@id\":\"https:\\\/\\\/wp.kristdemokraterna.se\\\/tyreso\\\/bjorkbacken-i-repris\\\/#breadcrumb\"},\"inLanguage\":\"sv-SE\",\"potentialAction\":[{\"@type\":\"ReadAction\",\"target\":[\"https:\\\/\\\/wp.kristdemokraterna.se\\\/tyreso\\\/bjorkbacken-i-repris\\\/\"]}]},{\"@type\":\"BreadcrumbList\",\"@id\":\"https:\\\/\\\/wp.kristdemokraterna.se\\\/tyreso\\\/bjorkbacken-i-repris\\\/#breadcrumb\",\"itemListElement\":[{\"@type\":\"ListItem\",\"position\":1,\"name\":\"Hem\",\"item\":\"https:\\\/\\\/wp.kristdemokraterna.se\\\/tyreso\\\/\"},{\"@type\":\"ListItem\",\"position\":2,\"name\":\"Bj\u00f6rkbacken i repris!\"}]},{\"@type\":\"WebSite\",\"@id\":\"https:\\\/\\\/wp.kristdemokraterna.se\\\/tyreso\\\/#website\",\"url\":\"https:\\\/\\\/wp.kristdemokraterna.se\\\/tyreso\\\/\",\"name\":\"Kristdemokraterna Tyres\u00f6\",\"description\":\"\",\"inLanguage\":\"sv-SE\"},{\"@type\":\"Person\",\"@id\":\"https:\\\/\\\/wp.kristdemokraterna.se\\\/tyreso\\\/#\\\/schema\\\/person\\\/3e7d76fa0f5c4996308a0a636056d6c5\",\"name\":\"tyreso\",\"image\":{\"@type\":\"ImageObject\",\"inLanguage\":\"sv-SE\",\"@id\":\"https:\\\/\\\/secure.gravatar.com\\\/avatar\\\/f60f761639a269aae348dce7665f49bfe9f0b021d1bada09d95aaa9c66ef6215?s=96&d=mm&r=g\",\"url\":\"https:\\\/\\\/secure.gravatar.com\\\/avatar\\\/f60f761639a269aae348dce7665f49bfe9f0b021d1bada09d95aaa9c66ef6215?s=96&d=mm&r=g\",\"contentUrl\":\"https:\\\/\\\/secure.gravatar.com\\\/avatar\\\/f60f761639a269aae348dce7665f49bfe9f0b021d1bada09d95aaa9c66ef6215?s=96&d=mm&r=g\",\"caption\":\"tyreso\"},\"url\":\"https:\\\/\\\/wp.kristdemokraterna.se\\\/tyreso\\\/author\\\/tyreso\\\/\"}]}<\/script>\n<!-- \/ Yoast SEO plugin. -->","yoast_head_json":{"title":"Bj\u00f6rkbacken i repris! - Kristdemokraterna Tyres\u00f6","robots":{"index":"index","follow":"follow","max-snippet":"max-snippet:-1","max-image-preview":"max-image-preview:large","max-video-preview":"max-video-preview:-1"},"canonical":"https:\/\/wp.kristdemokraterna.se\/tyreso\/bjorkbacken-i-repris\/","og_locale":"sv_SE","og_type":"article","og_title":"Bj\u00f6rkbacken i repris! - Kristdemokraterna Tyres\u00f6","og_description":"Tyres\u00f6 Nyheter (s) skriver i marsnumret aprop\u00e5 omsorgsboendet i Bj\u00f6rkbacken \u201dDet g\u00e5r undan n\u00e4r Socialdemokraterna med flera b\u00f6rjar f\u00f6rverkliga sina l\u00f6ften.\u201d och vidare \u201d\u2026 m\u00e5ls\u00e4ttningen \u00e4r att renovera delar av boendet till godk\u00e4nd standard \u2026\u201d. M\u00e5nga \u00e4ldre och deras anh\u00f6riga gl\u00e4ds s\u00e4kert av detta besked men det finns en gedigen bakgrund varf\u00f6r vi inte tycker Read More","og_url":"https:\/\/wp.kristdemokraterna.se\/tyreso\/bjorkbacken-i-repris\/","og_site_name":"Kristdemokraterna Tyres\u00f6","article_published_time":"2019-03-24T10:37:19+00:00","article_modified_time":"2019-04-15T17:12:54+00:00","author":"tyreso","twitter_card":"summary_large_image","twitter_misc":{"Skriven av":"tyreso","Ber\u00e4knad l\u00e4stid":"1 minut"},"schema":{"@context":"https:\/\/schema.org","@graph":[{"@type":"Article","@id":"https:\/\/wp.kristdemokraterna.se\/tyreso\/bjorkbacken-i-repris\/#article","isPartOf":{"@id":"https:\/\/wp.kristdemokraterna.se\/tyreso\/bjorkbacken-i-repris\/"},"author":{"name":"tyreso","@id":"https:\/\/wp.kristdemokraterna.se\/tyreso\/#\/schema\/person\/3e7d76fa0f5c4996308a0a636056d6c5"},"headline":"Bj\u00f6rkbacken i repris!","datePublished":"2019-03-24T10:37:19+00:00","dateModified":"2019-04-15T17:12:54+00:00","mainEntityOfPage":{"@id":"https:\/\/wp.kristdemokraterna.se\/tyreso\/bjorkbacken-i-repris\/"},"wordCount":216,"articleSection":["\u00c4ldreomsorg","Artiklar"],"inLanguage":"sv-SE"},{"@type":"WebPage","@id":"https:\/\/wp.kristdemokraterna.se\/tyreso\/bjorkbacken-i-repris\/","url":"https:\/\/wp.kristdemokraterna.se\/tyreso\/bjorkbacken-i-repris\/","name":"Bj\u00f6rkbacken i repris! - Kristdemokraterna Tyres\u00f6","isPartOf":{"@id":"https:\/\/wp.kristdemokraterna.se\/tyreso\/#website"},"datePublished":"2019-03-24T10:37:19+00:00","dateModified":"2019-04-15T17:12:54+00:00","author":{"@id":"https:\/\/wp.kristdemokraterna.se\/tyreso\/#\/schema\/person\/3e7d76fa0f5c4996308a0a636056d6c5"},"breadcrumb":{"@id":"https:\/\/wp.kristdemokraterna.se\/tyreso\/bjorkbacken-i-repris\/#breadcrumb"},"inLanguage":"sv-SE","potentialAction":[{"@type":"ReadAction","target":["https:\/\/wp.kristdemokraterna.se\/tyreso\/bjorkbacken-i-repris\/"]}]},{"@type":"BreadcrumbList","@id":"https:\/\/wp.kristdemokraterna.se\/tyreso\/bjorkbacken-i-repris\/#breadcrumb","itemListElement":[{"@type":"ListItem","position":1,"name":"Hem","item":"https:\/\/wp.kristdemokraterna.se\/tyreso\/"},{"@type":"ListItem","position":2,"name":"Bj\u00f6rkbacken i repris!"}]},{"@type":"WebSite","@id":"https:\/\/wp.kristdemokraterna.se\/tyreso\/#website","url":"https:\/\/wp.kristdemokraterna.se\/tyreso\/","name":"Kristdemokraterna Tyres\u00f6","description":"","inLanguage":"sv-SE"},{"@type":"Person","@id":"https:\/\/wp.kristdemokraterna.se\/tyreso\/#\/schema\/person\/3e7d76fa0f5c4996308a0a636056d6c5","name":"tyreso","image":{"@type":"ImageObject","inLanguage":"sv-SE","@id":"https:\/\/secure.gravatar.com\/avatar\/f60f761639a269aae348dce7665f49bfe9f0b021d1bada09d95aaa9c66ef6215?s=96&d=mm&r=g","url":"https:\/\/secure.gravatar.com\/avatar\/f60f761639a269aae348dce7665f49bfe9f0b021d1bada09d95aaa9c66ef6215?s=96&d=mm&r=g","contentUrl":"https:\/\/secure.gravatar.com\/avatar\/f60f761639a269aae348dce7665f49bfe9f0b021d1bada09d95aaa9c66ef6215?s=96&d=mm&r=g","caption":"tyreso"},"url":"https:\/\/wp.kristdemokraterna.se\/tyreso\/author\/tyreso\/"}]}},"_links":{"self":[{"href":"https:\/\/wp.kristdemokraterna.se\/tyreso\/wp-json\/wp\/v2\/posts\/773","targetHints":{"allow":["GET"]}}],"collection":[{"href":"https:\/\/wp.kristdemokraterna.se\/tyreso\/wp-json\/wp\/v2\/posts"}],"about":[{"href":"https:\/\/wp.kristdemokraterna.se\/tyreso\/wp-json\/wp\/v2\/types\/post"}],"author":[{"embeddable":true,"href":"https:\/\/wp.kristdemokraterna.se\/tyreso\/wp-json\/wp\/v2\/users\/644"}],"replies":[{"embeddable":true,"href":"https:\/\/wp.kristdemokraterna.se\/tyreso\/wp-json\/wp\/v2\/comments?post=773"}],"version-history":[{"count":1,"href":"https:\/\/wp.kristdemokraterna.se\/tyreso\/wp-json\/wp\/v2\/posts\/773\/revisions"}],"predecessor-version":[{"id":775,"href":"https:\/\/wp.kristdemokraterna.se\/tyreso\/wp-json\/wp\/v2\/posts\/773\/revisions\/775"}],"wp:attachment":[{"href":"https:\/\/wp.kristdemokraterna.se\/tyreso\/wp-json\/wp\/v2\/media?parent=773"}],"wp:term":[{"taxonomy":"category","embeddable":true,"href":"https:\/\/wp.kristdemokraterna.se\/tyreso\/wp-json\/wp\/v2\/categories?post=773"},{"taxonomy":"post_tag","embeddable":true,"href":"https:\/\/wp.kristdemokraterna.se\/tyreso\/wp-json\/wp\/v2\/tags?post=773"}],"curies":[{"name":"wp","href":"https:\/\/api.w.org\/{rel}","templated":true}]}}