{"id":776,"date":"2019-03-15T16:56:31","date_gmt":"2019-03-15T15:56:31","guid":{"rendered":"http:\/\/wp.kristdemokraterna.se\/tyreso\/?p=776"},"modified":"2019-04-15T19:11:18","modified_gmt":"2019-04-15T17:11:18","slug":"nyforsvagen","status":"publish","type":"post","link":"https:\/\/wp.kristdemokraterna.se\/tyreso\/nyforsvagen\/","title":{"rendered":"Nyforsv\u00e4gen"},"content":{"rendered":"<p>P\u00e5 FB-sidan \u201dAktuella h\u00e4ndelser i Tyres\u00f6\u201d p\u00e5g\u00e5r en intensiv debatt om ombyggnationen av v\u00e4gen ner till Nyfors. De flesta tycker att detta \u00e4r d\u00e5ligt, men n\u00e5gra f\u00e5 tycker det \u00e4r bra.<\/p>\n<p>Beslutet om denna ombyggnation togs f\u00f6r flera \u00e5r sedan och huvudsyftet \u00e4r inte en ny v\u00e4g utan att f\u00e5 fram vatten och avlopp till fastigheterna. I sj\u00e4lva verket blir v\u00e4gen enklare \u00e4n vad som \u00e4r normalt, allt i syfte att s\u00e5 l\u00e5ngt som m\u00f6jligt beh\u00e5lla \u201dNyforskarakt\u00e4ren\u201d. Ett av m\u00e5nga bra beslut som vi var med och fattade n\u00e4r vi styrde kommunen tillsammans med d\u00e5varande Allians.<\/p>\n","protected":false},"excerpt":{"rendered":"<p>P\u00e5 FB-sidan \u201dAktuella h\u00e4ndelser i Tyres\u00f6\u201d p\u00e5g\u00e5r en intensiv debatt om ombyggnationen av v\u00e4gen ner till Nyfors. De flesta tycker att detta \u00e4r d\u00e5ligt, men n\u00e5gra f\u00e5 tycker det \u00e4r bra. Beslutet om denna ombyggnation togs f\u00f6r flera \u00e5r sedan och huvudsyftet \u00e4r inte en ny v\u00e4g utan att f\u00e5 fram vatten och avlopp till <a class=\"read-more-link\" href=\"https:\/\/wp.kristdemokraterna.se\/tyreso\/nyforsvagen\/\">Read More<\/a><\/p>\n","protected":false},"author":644,"featured_media":0,"comment_status":"closed","ping_status":"closed","sticky":false,"template":"","format":"standard","meta":{"_acf_changed":false,"footnotes":""},"categories":[1,13],"tags":[],"class_list":["post-776","post","type-post","status-publish","format-standard","hentry","category-okategoriserade","category-stadsbyggnad"],"acf":[],"yoast_head":"<!-- This site is optimized with the Yoast SEO plugin v27.4 - https:\/\/yoast.com\/product\/yoast-seo-wordpress\/ -->\n<title>Nyforsv\u00e4gen - Kristdemokraterna Tyres\u00f6<\/title>\n<meta name=\"robots\" content=\"index, follow, max-snippet:-1, max-image-preview:large, max-video-preview:-1\" \/>\n<link rel=\"canonical\" href=\"https:\/\/wp.kristdemokraterna.se\/tyreso\/nyforsvagen\/\" \/>\n<meta property=\"og:locale\" content=\"sv_SE\" \/>\n<meta property=\"og:type\" content=\"article\" \/>\n<meta property=\"og:title\" content=\"Nyforsv\u00e4gen - Kristdemokraterna Tyres\u00f6\" \/>\n<meta property=\"og:description\" content=\"P\u00e5 FB-sidan \u201dAktuella h\u00e4ndelser i Tyres\u00f6\u201d p\u00e5g\u00e5r en intensiv debatt om ombyggnationen av v\u00e4gen ner till Nyfors. De flesta tycker att detta \u00e4r d\u00e5ligt, men n\u00e5gra f\u00e5 tycker det \u00e4r bra. Beslutet om denna ombyggnation togs f\u00f6r flera \u00e5r sedan och huvudsyftet \u00e4r inte en ny v\u00e4g utan att f\u00e5 fram vatten och avlopp till Read More\" \/>\n<meta property=\"og:url\" content=\"https:\/\/wp.kristdemokraterna.se\/tyreso\/nyforsvagen\/\" \/>\n<meta property=\"og:site_name\" content=\"Kristdemokraterna Tyres\u00f6\" \/>\n<meta property=\"article:published_time\" content=\"2019-03-15T15:56:31+00:00\" \/>\n<meta property=\"article:modified_time\" content=\"2019-04-15T17:11:18+00:00\" \/>\n<meta name=\"author\" content=\"tyreso\" \/>\n<meta name=\"twitter:card\" content=\"summary_large_image\" \/>\n<meta name=\"twitter:label1\" content=\"Skriven av\" \/>\n\t<meta name=\"twitter:data1\" content=\"tyreso\" \/>\n\t<meta name=\"twitter:label2\" content=\"Ber\u00e4knad l\u00e4stid\" \/>\n\t<meta name=\"twitter:data2\" content=\"1 minut\" \/>\n<script type=\"application\/ld+json\" class=\"yoast-schema-graph\">{\"@context\":\"https:\\\/\\\/schema.org\",\"@graph\":[{\"@type\":\"Article\",\"@id\":\"https:\\\/\\\/wp.kristdemokraterna.se\\\/tyreso\\\/nyforsvagen\\\/#article\",\"isPartOf\":{\"@id\":\"https:\\\/\\\/wp.kristdemokraterna.se\\\/tyreso\\\/nyforsvagen\\\/\"},\"author\":{\"name\":\"tyreso\",\"@id\":\"https:\\\/\\\/wp.kristdemokraterna.se\\\/tyreso\\\/#\\\/schema\\\/person\\\/3e7d76fa0f5c4996308a0a636056d6c5\"},\"headline\":\"Nyforsv\u00e4gen\",\"datePublished\":\"2019-03-15T15:56:31+00:00\",\"dateModified\":\"2019-04-15T17:11:18+00:00\",\"mainEntityOfPage\":{\"@id\":\"https:\\\/\\\/wp.kristdemokraterna.se\\\/tyreso\\\/nyforsvagen\\\/\"},\"wordCount\":115,\"articleSection\":[\"Artiklar\",\"Stadsbyggnad\"],\"inLanguage\":\"sv-SE\"},{\"@type\":\"WebPage\",\"@id\":\"https:\\\/\\\/wp.kristdemokraterna.se\\\/tyreso\\\/nyforsvagen\\\/\",\"url\":\"https:\\\/\\\/wp.kristdemokraterna.se\\\/tyreso\\\/nyforsvagen\\\/\",\"name\":\"Nyforsv\u00e4gen - Kristdemokraterna Tyres\u00f6\",\"isPartOf\":{\"@id\":\"https:\\\/\\\/wp.kristdemokraterna.se\\\/tyreso\\\/#website\"},\"datePublished\":\"2019-03-15T15:56:31+00:00\",\"dateModified\":\"2019-04-15T17:11:18+00:00\",\"author\":{\"@id\":\"https:\\\/\\\/wp.kristdemokraterna.se\\\/tyreso\\\/#\\\/schema\\\/person\\\/3e7d76fa0f5c4996308a0a636056d6c5\"},\"breadcrumb\":{\"@id\":\"https:\\\/\\\/wp.kristdemokraterna.se\\\/tyreso\\\/nyforsvagen\\\/#breadcrumb\"},\"inLanguage\":\"sv-SE\",\"potentialAction\":[{\"@type\":\"ReadAction\",\"target\":[\"https:\\\/\\\/wp.kristdemokraterna.se\\\/tyreso\\\/nyforsvagen\\\/\"]}]},{\"@type\":\"BreadcrumbList\",\"@id\":\"https:\\\/\\\/wp.kristdemokraterna.se\\\/tyreso\\\/nyforsvagen\\\/#breadcrumb\",\"itemListElement\":[{\"@type\":\"ListItem\",\"position\":1,\"name\":\"Hem\",\"item\":\"https:\\\/\\\/wp.kristdemokraterna.se\\\/tyreso\\\/\"},{\"@type\":\"ListItem\",\"position\":2,\"name\":\"Nyforsv\u00e4gen\"}]},{\"@type\":\"WebSite\",\"@id\":\"https:\\\/\\\/wp.kristdemokraterna.se\\\/tyreso\\\/#website\",\"url\":\"https:\\\/\\\/wp.kristdemokraterna.se\\\/tyreso\\\/\",\"name\":\"Kristdemokraterna Tyres\u00f6\",\"description\":\"\",\"inLanguage\":\"sv-SE\"},{\"@type\":\"Person\",\"@id\":\"https:\\\/\\\/wp.kristdemokraterna.se\\\/tyreso\\\/#\\\/schema\\\/person\\\/3e7d76fa0f5c4996308a0a636056d6c5\",\"name\":\"tyreso\",\"image\":{\"@type\":\"ImageObject\",\"inLanguage\":\"sv-SE\",\"@id\":\"https:\\\/\\\/secure.gravatar.com\\\/avatar\\\/f60f761639a269aae348dce7665f49bfe9f0b021d1bada09d95aaa9c66ef6215?s=96&d=mm&r=g\",\"url\":\"https:\\\/\\\/secure.gravatar.com\\\/avatar\\\/f60f761639a269aae348dce7665f49bfe9f0b021d1bada09d95aaa9c66ef6215?s=96&d=mm&r=g\",\"contentUrl\":\"https:\\\/\\\/secure.gravatar.com\\\/avatar\\\/f60f761639a269aae348dce7665f49bfe9f0b021d1bada09d95aaa9c66ef6215?s=96&d=mm&r=g\",\"caption\":\"tyreso\"},\"url\":\"https:\\\/\\\/wp.kristdemokraterna.se\\\/tyreso\\\/author\\\/tyreso\\\/\"}]}<\/script>\n<!-- \/ Yoast SEO plugin. -->","yoast_head_json":{"title":"Nyforsv\u00e4gen - Kristdemokraterna Tyres\u00f6","robots":{"index":"index","follow":"follow","max-snippet":"max-snippet:-1","max-image-preview":"max-image-preview:large","max-video-preview":"max-video-preview:-1"},"canonical":"https:\/\/wp.kristdemokraterna.se\/tyreso\/nyforsvagen\/","og_locale":"sv_SE","og_type":"article","og_title":"Nyforsv\u00e4gen - Kristdemokraterna Tyres\u00f6","og_description":"P\u00e5 FB-sidan \u201dAktuella h\u00e4ndelser i Tyres\u00f6\u201d p\u00e5g\u00e5r en intensiv debatt om ombyggnationen av v\u00e4gen ner till Nyfors. De flesta tycker att detta \u00e4r d\u00e5ligt, men n\u00e5gra f\u00e5 tycker det \u00e4r bra. Beslutet om denna ombyggnation togs f\u00f6r flera \u00e5r sedan och huvudsyftet \u00e4r inte en ny v\u00e4g utan att f\u00e5 fram vatten och avlopp till Read More","og_url":"https:\/\/wp.kristdemokraterna.se\/tyreso\/nyforsvagen\/","og_site_name":"Kristdemokraterna Tyres\u00f6","article_published_time":"2019-03-15T15:56:31+00:00","article_modified_time":"2019-04-15T17:11:18+00:00","author":"tyreso","twitter_card":"summary_large_image","twitter_misc":{"Skriven av":"tyreso","Ber\u00e4knad l\u00e4stid":"1 minut"},"schema":{"@context":"https:\/\/schema.org","@graph":[{"@type":"Article","@id":"https:\/\/wp.kristdemokraterna.se\/tyreso\/nyforsvagen\/#article","isPartOf":{"@id":"https:\/\/wp.kristdemokraterna.se\/tyreso\/nyforsvagen\/"},"author":{"name":"tyreso","@id":"https:\/\/wp.kristdemokraterna.se\/tyreso\/#\/schema\/person\/3e7d76fa0f5c4996308a0a636056d6c5"},"headline":"Nyforsv\u00e4gen","datePublished":"2019-03-15T15:56:31+00:00","dateModified":"2019-04-15T17:11:18+00:00","mainEntityOfPage":{"@id":"https:\/\/wp.kristdemokraterna.se\/tyreso\/nyforsvagen\/"},"wordCount":115,"articleSection":["Artiklar","Stadsbyggnad"],"inLanguage":"sv-SE"},{"@type":"WebPage","@id":"https:\/\/wp.kristdemokraterna.se\/tyreso\/nyforsvagen\/","url":"https:\/\/wp.kristdemokraterna.se\/tyreso\/nyforsvagen\/","name":"Nyforsv\u00e4gen - Kristdemokraterna Tyres\u00f6","isPartOf":{"@id":"https:\/\/wp.kristdemokraterna.se\/tyreso\/#website"},"datePublished":"2019-03-15T15:56:31+00:00","dateModified":"2019-04-15T17:11:18+00:00","author":{"@id":"https:\/\/wp.kristdemokraterna.se\/tyreso\/#\/schema\/person\/3e7d76fa0f5c4996308a0a636056d6c5"},"breadcrumb":{"@id":"https:\/\/wp.kristdemokraterna.se\/tyreso\/nyforsvagen\/#breadcrumb"},"inLanguage":"sv-SE","potentialAction":[{"@type":"ReadAction","target":["https:\/\/wp.kristdemokraterna.se\/tyreso\/nyforsvagen\/"]}]},{"@type":"BreadcrumbList","@id":"https:\/\/wp.kristdemokraterna.se\/tyreso\/nyforsvagen\/#breadcrumb","itemListElement":[{"@type":"ListItem","position":1,"name":"Hem","item":"https:\/\/wp.kristdemokraterna.se\/tyreso\/"},{"@type":"ListItem","position":2,"name":"Nyforsv\u00e4gen"}]},{"@type":"WebSite","@id":"https:\/\/wp.kristdemokraterna.se\/tyreso\/#website","url":"https:\/\/wp.kristdemokraterna.se\/tyreso\/","name":"Kristdemokraterna Tyres\u00f6","description":"","inLanguage":"sv-SE"},{"@type":"Person","@id":"https:\/\/wp.kristdemokraterna.se\/tyreso\/#\/schema\/person\/3e7d76fa0f5c4996308a0a636056d6c5","name":"tyreso","image":{"@type":"ImageObject","inLanguage":"sv-SE","@id":"https:\/\/secure.gravatar.com\/avatar\/f60f761639a269aae348dce7665f49bfe9f0b021d1bada09d95aaa9c66ef6215?s=96&d=mm&r=g","url":"https:\/\/secure.gravatar.com\/avatar\/f60f761639a269aae348dce7665f49bfe9f0b021d1bada09d95aaa9c66ef6215?s=96&d=mm&r=g","contentUrl":"https:\/\/secure.gravatar.com\/avatar\/f60f761639a269aae348dce7665f49bfe9f0b021d1bada09d95aaa9c66ef6215?s=96&d=mm&r=g","caption":"tyreso"},"url":"https:\/\/wp.kristdemokraterna.se\/tyreso\/author\/tyreso\/"}]}},"_links":{"self":[{"href":"https:\/\/wp.kristdemokraterna.se\/tyreso\/wp-json\/wp\/v2\/posts\/776","targetHints":{"allow":["GET"]}}],"collection":[{"href":"https:\/\/wp.kristdemokraterna.se\/tyreso\/wp-json\/wp\/v2\/posts"}],"about":[{"href":"https:\/\/wp.kristdemokraterna.se\/tyreso\/wp-json\/wp\/v2\/types\/post"}],"author":[{"embeddable":true,"href":"https:\/\/wp.kristdemokraterna.se\/tyreso\/wp-json\/wp\/v2\/users\/644"}],"replies":[{"embeddable":true,"href":"https:\/\/wp.kristdemokraterna.se\/tyreso\/wp-json\/wp\/v2\/comments?post=776"}],"version-history":[{"count":1,"href":"https:\/\/wp.kristdemokraterna.se\/tyreso\/wp-json\/wp\/v2\/posts\/776\/revisions"}],"predecessor-version":[{"id":778,"href":"https:\/\/wp.kristdemokraterna.se\/tyreso\/wp-json\/wp\/v2\/posts\/776\/revisions\/778"}],"wp:attachment":[{"href":"https:\/\/wp.kristdemokraterna.se\/tyreso\/wp-json\/wp\/v2\/media?parent=776"}],"wp:term":[{"taxonomy":"category","embeddable":true,"href":"https:\/\/wp.kristdemokraterna.se\/tyreso\/wp-json\/wp\/v2\/categories?post=776"},{"taxonomy":"post_tag","embeddable":true,"href":"https:\/\/wp.kristdemokraterna.se\/tyreso\/wp-json\/wp\/v2\/tags?post=776"}],"curies":[{"name":"wp","href":"https:\/\/api.w.org\/{rel}","templated":true}]}}