{"id":779,"date":"2019-02-19T08:27:42","date_gmt":"2019-02-19T07:27:42","guid":{"rendered":"http:\/\/wp.kristdemokraterna.se\/tyreso\/?p=779"},"modified":"2019-04-16T18:03:04","modified_gmt":"2019-04-16T16:03:04","slug":"bjorkbacken-igen","status":"publish","type":"post","link":"https:\/\/wp.kristdemokraterna.se\/tyreso\/bjorkbacken-igen\/","title":{"rendered":"Bj\u00f6rkbacken \u2013 igen!"},"content":{"rendered":"<p>\u201d\u00c4ntligen, nu stoppar vi nedl\u00e4ggningen av Bj\u00f6rkbacken!\u201d s\u00e4ger Anita Mattsson, KS-ordf. Tyres\u00f6, i ett pressmeddelande. Det l\u00e5ter v\u00e4l bra, eller inte? Man f\u00f6respeglar de boende i Bj\u00f6rkbackens \u00e4ldreomsorg att nu, med det nya styret, skall de f\u00e5 bo kvar. Blir intressant och se hur man skall kunna ha boende kvar n\u00e4r det byggs om. Argumentet f\u00f6r att ha detta boende kvar har varit att detta \u00e4r sk\u00f6ra m\u00e4nniskor som m\u00e5r d\u00e5ligt av att flytta. Det kan nog vara sant, men nu riskerar de att f\u00e5 flytta tv\u00e5 g\u00e5nger.<\/p>\n<p>Till detta kommer att det \u00e4r sv\u00e5rt att bygga om Bj\u00f6rkbacken s\u00e5 att det blir ett riktigt bra och modernt omsorgsboende. Naturligtvis blir det b\u00e4ttre, men inte riktigt bra.<\/p>\n<p>Nej, l\u00e5t de boende i Bj\u00f6rkbacken f\u00e5 flytta till ett nytt och bra boende och l\u00e5t Tyres\u00f6 Bost\u00e4der, som \u00e4ger Bj\u00f6rkbacken, f\u00e5 bygga om fastigheterna till sm\u00e5 seniorl\u00e4genheter. Det kan man g\u00f6ra f\u00f6r en rimlig kostnad.<\/p>\n<p>Till sist, om det nya kommunstyret envisas med att ha Bj\u00f6rkbacken kvar som omsorgsboende s\u00e5 b\u00f6r kommunen k\u00f6pa de ber\u00f6rda fastigheterna av Tyres\u00f6 Bost\u00e4der. Eftersom kommunen \u00e4ger Tyres\u00f6 Bost\u00e4der s\u00e5 kan man ju i och f\u00f6r sig \u201dtvinga\u201d bolaget att bygga om till ett godk\u00e4nt omsorgsboende men det inneb\u00e4r att Tyres\u00f6 Bost\u00e4der kan bygga f\u00e4rre l\u00e4genheter. Det finns ett beslut i Tyres\u00f6 Bost\u00e4der att nya l\u00e4genheter skall finansieras med 20% eget kapital. S\u00e5, om ombyggnationen kostar 50 mkr s\u00e5 f\u00f6rsvinner nya l\u00e4genheter f\u00f6r 250 mkr och kostar ombyggnationen av omsorgsbyggnaderna 100 mkr s\u00e5 minskar m\u00f6jligheterna till nya l\u00e4genheter med 500 mkr, vilket inneb\u00e4r 300-400 f\u00e4rre l\u00e4genheter.<\/p>\n","protected":false},"excerpt":{"rendered":"<p>\u201d\u00c4ntligen, nu stoppar vi nedl\u00e4ggningen av Bj\u00f6rkbacken!\u201d s\u00e4ger Anita Mattsson, KS-ordf. Tyres\u00f6, i ett pressmeddelande. Det l\u00e5ter v\u00e4l bra, eller inte? Man f\u00f6respeglar de boende i Bj\u00f6rkbackens \u00e4ldreomsorg att nu, med det nya styret, skall de f\u00e5 bo kvar. Blir intressant och se hur man skall kunna ha boende kvar n\u00e4r det byggs om. Argumentet <a class=\"read-more-link\" href=\"https:\/\/wp.kristdemokraterna.se\/tyreso\/bjorkbacken-igen\/\">Read More<\/a><\/p>\n","protected":false},"author":644,"featured_media":0,"comment_status":"closed","ping_status":"closed","sticky":false,"template":"","format":"standard","meta":{"_acf_changed":false,"footnotes":""},"categories":[12,1],"tags":[],"class_list":["post-779","post","type-post","status-publish","format-standard","hentry","category-aldreomsorg","category-okategoriserade"],"acf":[],"yoast_head":"<!-- This site is optimized with the Yoast SEO plugin v27.4 - https:\/\/yoast.com\/product\/yoast-seo-wordpress\/ -->\n<title>Bj\u00f6rkbacken \u2013 igen! - Kristdemokraterna Tyres\u00f6<\/title>\n<meta name=\"robots\" content=\"index, follow, max-snippet:-1, max-image-preview:large, max-video-preview:-1\" \/>\n<link rel=\"canonical\" href=\"https:\/\/wp.kristdemokraterna.se\/tyreso\/bjorkbacken-igen\/\" \/>\n<meta property=\"og:locale\" content=\"sv_SE\" \/>\n<meta property=\"og:type\" content=\"article\" \/>\n<meta property=\"og:title\" content=\"Bj\u00f6rkbacken \u2013 igen! - Kristdemokraterna Tyres\u00f6\" \/>\n<meta property=\"og:description\" content=\"\u201d\u00c4ntligen, nu stoppar vi nedl\u00e4ggningen av Bj\u00f6rkbacken!\u201d s\u00e4ger Anita Mattsson, KS-ordf. Tyres\u00f6, i ett pressmeddelande. Det l\u00e5ter v\u00e4l bra, eller inte? Man f\u00f6respeglar de boende i Bj\u00f6rkbackens \u00e4ldreomsorg att nu, med det nya styret, skall de f\u00e5 bo kvar. Blir intressant och se hur man skall kunna ha boende kvar n\u00e4r det byggs om. Argumentet Read More\" \/>\n<meta property=\"og:url\" content=\"https:\/\/wp.kristdemokraterna.se\/tyreso\/bjorkbacken-igen\/\" \/>\n<meta property=\"og:site_name\" content=\"Kristdemokraterna Tyres\u00f6\" \/>\n<meta property=\"article:published_time\" content=\"2019-02-19T07:27:42+00:00\" \/>\n<meta property=\"article:modified_time\" content=\"2019-04-16T16:03:04+00:00\" \/>\n<meta name=\"author\" content=\"tyreso\" \/>\n<meta name=\"twitter:card\" content=\"summary_large_image\" \/>\n<meta name=\"twitter:label1\" content=\"Skriven av\" \/>\n\t<meta name=\"twitter:data1\" content=\"tyreso\" \/>\n\t<meta name=\"twitter:label2\" content=\"Ber\u00e4knad l\u00e4stid\" \/>\n\t<meta name=\"twitter:data2\" content=\"2 minuter\" \/>\n<script type=\"application\/ld+json\" class=\"yoast-schema-graph\">{\"@context\":\"https:\\\/\\\/schema.org\",\"@graph\":[{\"@type\":\"Article\",\"@id\":\"https:\\\/\\\/wp.kristdemokraterna.se\\\/tyreso\\\/bjorkbacken-igen\\\/#article\",\"isPartOf\":{\"@id\":\"https:\\\/\\\/wp.kristdemokraterna.se\\\/tyreso\\\/bjorkbacken-igen\\\/\"},\"author\":{\"name\":\"tyreso\",\"@id\":\"https:\\\/\\\/wp.kristdemokraterna.se\\\/tyreso\\\/#\\\/schema\\\/person\\\/3e7d76fa0f5c4996308a0a636056d6c5\"},\"headline\":\"Bj\u00f6rkbacken \u2013 igen!\",\"datePublished\":\"2019-02-19T07:27:42+00:00\",\"dateModified\":\"2019-04-16T16:03:04+00:00\",\"mainEntityOfPage\":{\"@id\":\"https:\\\/\\\/wp.kristdemokraterna.se\\\/tyreso\\\/bjorkbacken-igen\\\/\"},\"wordCount\":304,\"articleSection\":[\"\u00c4ldreomsorg\",\"Artiklar\"],\"inLanguage\":\"sv-SE\"},{\"@type\":\"WebPage\",\"@id\":\"https:\\\/\\\/wp.kristdemokraterna.se\\\/tyreso\\\/bjorkbacken-igen\\\/\",\"url\":\"https:\\\/\\\/wp.kristdemokraterna.se\\\/tyreso\\\/bjorkbacken-igen\\\/\",\"name\":\"Bj\u00f6rkbacken \u2013 igen! - Kristdemokraterna Tyres\u00f6\",\"isPartOf\":{\"@id\":\"https:\\\/\\\/wp.kristdemokraterna.se\\\/tyreso\\\/#website\"},\"datePublished\":\"2019-02-19T07:27:42+00:00\",\"dateModified\":\"2019-04-16T16:03:04+00:00\",\"author\":{\"@id\":\"https:\\\/\\\/wp.kristdemokraterna.se\\\/tyreso\\\/#\\\/schema\\\/person\\\/3e7d76fa0f5c4996308a0a636056d6c5\"},\"breadcrumb\":{\"@id\":\"https:\\\/\\\/wp.kristdemokraterna.se\\\/tyreso\\\/bjorkbacken-igen\\\/#breadcrumb\"},\"inLanguage\":\"sv-SE\",\"potentialAction\":[{\"@type\":\"ReadAction\",\"target\":[\"https:\\\/\\\/wp.kristdemokraterna.se\\\/tyreso\\\/bjorkbacken-igen\\\/\"]}]},{\"@type\":\"BreadcrumbList\",\"@id\":\"https:\\\/\\\/wp.kristdemokraterna.se\\\/tyreso\\\/bjorkbacken-igen\\\/#breadcrumb\",\"itemListElement\":[{\"@type\":\"ListItem\",\"position\":1,\"name\":\"Hem\",\"item\":\"https:\\\/\\\/wp.kristdemokraterna.se\\\/tyreso\\\/\"},{\"@type\":\"ListItem\",\"position\":2,\"name\":\"Bj\u00f6rkbacken \u2013 igen!\"}]},{\"@type\":\"WebSite\",\"@id\":\"https:\\\/\\\/wp.kristdemokraterna.se\\\/tyreso\\\/#website\",\"url\":\"https:\\\/\\\/wp.kristdemokraterna.se\\\/tyreso\\\/\",\"name\":\"Kristdemokraterna Tyres\u00f6\",\"description\":\"\",\"inLanguage\":\"sv-SE\"},{\"@type\":\"Person\",\"@id\":\"https:\\\/\\\/wp.kristdemokraterna.se\\\/tyreso\\\/#\\\/schema\\\/person\\\/3e7d76fa0f5c4996308a0a636056d6c5\",\"name\":\"tyreso\",\"image\":{\"@type\":\"ImageObject\",\"inLanguage\":\"sv-SE\",\"@id\":\"https:\\\/\\\/secure.gravatar.com\\\/avatar\\\/f60f761639a269aae348dce7665f49bfe9f0b021d1bada09d95aaa9c66ef6215?s=96&d=mm&r=g\",\"url\":\"https:\\\/\\\/secure.gravatar.com\\\/avatar\\\/f60f761639a269aae348dce7665f49bfe9f0b021d1bada09d95aaa9c66ef6215?s=96&d=mm&r=g\",\"contentUrl\":\"https:\\\/\\\/secure.gravatar.com\\\/avatar\\\/f60f761639a269aae348dce7665f49bfe9f0b021d1bada09d95aaa9c66ef6215?s=96&d=mm&r=g\",\"caption\":\"tyreso\"},\"url\":\"https:\\\/\\\/wp.kristdemokraterna.se\\\/tyreso\\\/author\\\/tyreso\\\/\"}]}<\/script>\n<!-- \/ Yoast SEO plugin. -->","yoast_head_json":{"title":"Bj\u00f6rkbacken \u2013 igen! - Kristdemokraterna Tyres\u00f6","robots":{"index":"index","follow":"follow","max-snippet":"max-snippet:-1","max-image-preview":"max-image-preview:large","max-video-preview":"max-video-preview:-1"},"canonical":"https:\/\/wp.kristdemokraterna.se\/tyreso\/bjorkbacken-igen\/","og_locale":"sv_SE","og_type":"article","og_title":"Bj\u00f6rkbacken \u2013 igen! - Kristdemokraterna Tyres\u00f6","og_description":"\u201d\u00c4ntligen, nu stoppar vi nedl\u00e4ggningen av Bj\u00f6rkbacken!\u201d s\u00e4ger Anita Mattsson, KS-ordf. Tyres\u00f6, i ett pressmeddelande. Det l\u00e5ter v\u00e4l bra, eller inte? Man f\u00f6respeglar de boende i Bj\u00f6rkbackens \u00e4ldreomsorg att nu, med det nya styret, skall de f\u00e5 bo kvar. Blir intressant och se hur man skall kunna ha boende kvar n\u00e4r det byggs om. Argumentet Read More","og_url":"https:\/\/wp.kristdemokraterna.se\/tyreso\/bjorkbacken-igen\/","og_site_name":"Kristdemokraterna Tyres\u00f6","article_published_time":"2019-02-19T07:27:42+00:00","article_modified_time":"2019-04-16T16:03:04+00:00","author":"tyreso","twitter_card":"summary_large_image","twitter_misc":{"Skriven av":"tyreso","Ber\u00e4knad l\u00e4stid":"2 minuter"},"schema":{"@context":"https:\/\/schema.org","@graph":[{"@type":"Article","@id":"https:\/\/wp.kristdemokraterna.se\/tyreso\/bjorkbacken-igen\/#article","isPartOf":{"@id":"https:\/\/wp.kristdemokraterna.se\/tyreso\/bjorkbacken-igen\/"},"author":{"name":"tyreso","@id":"https:\/\/wp.kristdemokraterna.se\/tyreso\/#\/schema\/person\/3e7d76fa0f5c4996308a0a636056d6c5"},"headline":"Bj\u00f6rkbacken \u2013 igen!","datePublished":"2019-02-19T07:27:42+00:00","dateModified":"2019-04-16T16:03:04+00:00","mainEntityOfPage":{"@id":"https:\/\/wp.kristdemokraterna.se\/tyreso\/bjorkbacken-igen\/"},"wordCount":304,"articleSection":["\u00c4ldreomsorg","Artiklar"],"inLanguage":"sv-SE"},{"@type":"WebPage","@id":"https:\/\/wp.kristdemokraterna.se\/tyreso\/bjorkbacken-igen\/","url":"https:\/\/wp.kristdemokraterna.se\/tyreso\/bjorkbacken-igen\/","name":"Bj\u00f6rkbacken \u2013 igen! - Kristdemokraterna Tyres\u00f6","isPartOf":{"@id":"https:\/\/wp.kristdemokraterna.se\/tyreso\/#website"},"datePublished":"2019-02-19T07:27:42+00:00","dateModified":"2019-04-16T16:03:04+00:00","author":{"@id":"https:\/\/wp.kristdemokraterna.se\/tyreso\/#\/schema\/person\/3e7d76fa0f5c4996308a0a636056d6c5"},"breadcrumb":{"@id":"https:\/\/wp.kristdemokraterna.se\/tyreso\/bjorkbacken-igen\/#breadcrumb"},"inLanguage":"sv-SE","potentialAction":[{"@type":"ReadAction","target":["https:\/\/wp.kristdemokraterna.se\/tyreso\/bjorkbacken-igen\/"]}]},{"@type":"BreadcrumbList","@id":"https:\/\/wp.kristdemokraterna.se\/tyreso\/bjorkbacken-igen\/#breadcrumb","itemListElement":[{"@type":"ListItem","position":1,"name":"Hem","item":"https:\/\/wp.kristdemokraterna.se\/tyreso\/"},{"@type":"ListItem","position":2,"name":"Bj\u00f6rkbacken \u2013 igen!"}]},{"@type":"WebSite","@id":"https:\/\/wp.kristdemokraterna.se\/tyreso\/#website","url":"https:\/\/wp.kristdemokraterna.se\/tyreso\/","name":"Kristdemokraterna Tyres\u00f6","description":"","inLanguage":"sv-SE"},{"@type":"Person","@id":"https:\/\/wp.kristdemokraterna.se\/tyreso\/#\/schema\/person\/3e7d76fa0f5c4996308a0a636056d6c5","name":"tyreso","image":{"@type":"ImageObject","inLanguage":"sv-SE","@id":"https:\/\/secure.gravatar.com\/avatar\/f60f761639a269aae348dce7665f49bfe9f0b021d1bada09d95aaa9c66ef6215?s=96&d=mm&r=g","url":"https:\/\/secure.gravatar.com\/avatar\/f60f761639a269aae348dce7665f49bfe9f0b021d1bada09d95aaa9c66ef6215?s=96&d=mm&r=g","contentUrl":"https:\/\/secure.gravatar.com\/avatar\/f60f761639a269aae348dce7665f49bfe9f0b021d1bada09d95aaa9c66ef6215?s=96&d=mm&r=g","caption":"tyreso"},"url":"https:\/\/wp.kristdemokraterna.se\/tyreso\/author\/tyreso\/"}]}},"_links":{"self":[{"href":"https:\/\/wp.kristdemokraterna.se\/tyreso\/wp-json\/wp\/v2\/posts\/779","targetHints":{"allow":["GET"]}}],"collection":[{"href":"https:\/\/wp.kristdemokraterna.se\/tyreso\/wp-json\/wp\/v2\/posts"}],"about":[{"href":"https:\/\/wp.kristdemokraterna.se\/tyreso\/wp-json\/wp\/v2\/types\/post"}],"author":[{"embeddable":true,"href":"https:\/\/wp.kristdemokraterna.se\/tyreso\/wp-json\/wp\/v2\/users\/644"}],"replies":[{"embeddable":true,"href":"https:\/\/wp.kristdemokraterna.se\/tyreso\/wp-json\/wp\/v2\/comments?post=779"}],"version-history":[{"count":1,"href":"https:\/\/wp.kristdemokraterna.se\/tyreso\/wp-json\/wp\/v2\/posts\/779\/revisions"}],"predecessor-version":[{"id":780,"href":"https:\/\/wp.kristdemokraterna.se\/tyreso\/wp-json\/wp\/v2\/posts\/779\/revisions\/780"}],"wp:attachment":[{"href":"https:\/\/wp.kristdemokraterna.se\/tyreso\/wp-json\/wp\/v2\/media?parent=779"}],"wp:term":[{"taxonomy":"category","embeddable":true,"href":"https:\/\/wp.kristdemokraterna.se\/tyreso\/wp-json\/wp\/v2\/categories?post=779"},{"taxonomy":"post_tag","embeddable":true,"href":"https:\/\/wp.kristdemokraterna.se\/tyreso\/wp-json\/wp\/v2\/tags?post=779"}],"curies":[{"name":"wp","href":"https:\/\/api.w.org\/{rel}","templated":true}]}}