{"id":789,"date":"2018-12-19T08:46:26","date_gmt":"2018-12-19T07:46:26","guid":{"rendered":"http:\/\/wp.kristdemokraterna.se\/tyreso\/?p=789"},"modified":"2019-04-03T08:48:17","modified_gmt":"2019-04-03T06:48:17","slug":"god-jul-och-gott-nytt-ar-4","status":"publish","type":"post","link":"https:\/\/wp.kristdemokraterna.se\/tyreso\/god-jul-och-gott-nytt-ar-4\/","title":{"rendered":"God Jul och Gott Nytt \u00c5r"},"content":{"rendered":"<p>Kristdemokraterna Tyres\u00f6 \u00f6nskar alla Tyres\u00f6bor en God Jul och Ett Gott Nytt \u00c5r.<\/p>\n","protected":false},"excerpt":{"rendered":"<p>Kristdemokraterna Tyres\u00f6 \u00f6nskar alla Tyres\u00f6bor en God Jul och Ett Gott Nytt \u00c5r.<\/p>\n","protected":false},"author":644,"featured_media":0,"comment_status":"closed","ping_status":"closed","sticky":false,"template":"","format":"standard","meta":{"_acf_changed":false,"footnotes":""},"categories":[1],"tags":[],"class_list":["post-789","post","type-post","status-publish","format-standard","hentry","category-okategoriserade"],"acf":[],"_links":{"self":[{"href":"https:\/\/wp.kristdemokraterna.se\/tyreso\/wp-json\/wp\/v2\/posts\/789","targetHints":{"allow":["GET"]}}],"collection":[{"href":"https:\/\/wp.kristdemokraterna.se\/tyreso\/wp-json\/wp\/v2\/posts"}],"about":[{"href":"https:\/\/wp.kristdemokraterna.se\/tyreso\/wp-json\/wp\/v2\/types\/post"}],"author":[{"embeddable":true,"href":"https:\/\/wp.kristdemokraterna.se\/tyreso\/wp-json\/wp\/v2\/users\/644"}],"replies":[{"embeddable":true,"href":"https:\/\/wp.kristdemokraterna.se\/tyreso\/wp-json\/wp\/v2\/comments?post=789"}],"version-history":[{"count":1,"href":"https:\/\/wp.kristdemokraterna.se\/tyreso\/wp-json\/wp\/v2\/posts\/789\/revisions"}],"predecessor-version":[{"id":790,"href":"https:\/\/wp.kristdemokraterna.se\/tyreso\/wp-json\/wp\/v2\/posts\/789\/revisions\/790"}],"wp:attachment":[{"href":"https:\/\/wp.kristdemokraterna.se\/tyreso\/wp-json\/wp\/v2\/media?parent=789"}],"wp:term":[{"taxonomy":"category","embeddable":true,"href":"https:\/\/wp.kristdemokraterna.se\/tyreso\/wp-json\/wp\/v2\/categories?post=789"},{"taxonomy":"post_tag","embeddable":true,"href":"https:\/\/wp.kristdemokraterna.se\/tyreso\/wp-json\/wp\/v2\/tags?post=789"}],"curies":[{"name":"wp","href":"https:\/\/api.w.org\/{rel}","templated":true}]}}