{"id":792,"date":"2018-12-16T09:06:42","date_gmt":"2018-12-16T08:06:42","guid":{"rendered":"http:\/\/wp.kristdemokraterna.se\/tyreso\/?p=792"},"modified":"2019-04-16T18:04:51","modified_gmt":"2019-04-16T16:04:51","slug":"sanering-av-ekonomin","status":"publish","type":"post","link":"https:\/\/wp.kristdemokraterna.se\/tyreso\/sanering-av-ekonomin\/","title":{"rendered":"\u201dSanering av ekonomin\u201d"},"content":{"rendered":"<p>\u201dEn sanering av kommunens ekonomi, det blir det f\u00f6rsta som det nya styret i Tyres\u00f6 kommer att f\u00e5 \u00e4gna sig \u00e5t\u201d skriver Tyres\u00f6 Nyheter i sitt decembernummer.<\/p>\n<p>N\u00e4r man chockh\u00f6jer kommunalskatten med 45 \u00f6re m\u00e5ste man ju hitta en formuleringen som ger intryck av att den tidigare majoriteten, Alliansen, f\u00f6rd\u00e4rvat kommunens ekonomi. Hur ser d\u00e5 verkligheten ut?<\/p>\n<p>Om vi tar de senaste tio \u00e5ren, dvs 2008-2017, s\u00e5 har det genomsnittliga resultatet varit 52 mkr per \u00e5r. Det skall erk\u00e4nnas att det ser ut att bli ett d\u00e5ligt resultat 2018, men att framst\u00e4lla det som att kommunens ekonomi \u00e4r k\u00f6rd i botten \u00e4r att ge ett felaktigt intryck. Om jag inte minns fel har Tyres\u00f6 haft \u00f6verskott i obruten rad sedan 1997 och Alliansen har styrt sedan 1998.<\/p>\n<p>Det \u00e4r viktigt med 2-3% \u00f6verskott per \u00e5r f\u00f6r att ha en l\u00e5ngsiktigt h\u00e5llbar ekonomi men f\u00f6rst b\u00f6r man unders\u00f6ka alla m\u00f6jligheter till rationaliseringar av verksamheterna innan man h\u00f6jer skatten. I Stockholms l\u00e4n finns det kommuner som liknar v\u00e5r kommun, t.ex. \u00d6ster\u00e5ker, och som har betydligt l\u00e4gre skatt \u00e4n vad vi har. Har de en bra eller d\u00e5lig verksamhet? Om de har en bra verksamhet kan vi kanske l\u00e4ra oss n\u00e5got av dem.<\/p>\n<p>Nu \u00e4r det som det \u00e4r, skatten h\u00f6js med 45 \u00f6re fr\u00e5n \u00e5rsskiftet. Om innev\u00e5narna 2022 r\u00f6star fram KD, C och M att styra kommunen s\u00e5 lovar vi att jobba f\u00f6r att s\u00e4nka skatten \u00e4ven om det \u00e4r sv\u00e5rt n\u00e4r f\u00f6rvaltningarna vant sig vid mer pengar.<\/p>\n","protected":false},"excerpt":{"rendered":"<p>\u201dEn sanering av kommunens ekonomi, det blir det f\u00f6rsta som det nya styret i Tyres\u00f6 kommer att f\u00e5 \u00e4gna sig \u00e5t\u201d skriver Tyres\u00f6 Nyheter i sitt decembernummer. N\u00e4r man chockh\u00f6jer kommunalskatten med 45 \u00f6re m\u00e5ste man ju hitta en formuleringen som ger intryck av att den tidigare majoriteten, Alliansen, f\u00f6rd\u00e4rvat kommunens ekonomi. Hur ser d\u00e5 <a class=\"read-more-link\" href=\"https:\/\/wp.kristdemokraterna.se\/tyreso\/sanering-av-ekonomin\/\">Read More<\/a><\/p>\n","protected":false},"author":644,"featured_media":0,"comment_status":"closed","ping_status":"closed","sticky":false,"template":"","format":"standard","meta":{"_acf_changed":false,"footnotes":""},"categories":[1,16],"tags":[],"class_list":["post-792","post","type-post","status-publish","format-standard","hentry","category-okategoriserade","category-ekonomi"],"acf":[],"yoast_head":"<!-- This site is optimized with the Yoast SEO plugin v27.5 - https:\/\/yoast.com\/product\/yoast-seo-wordpress\/ -->\n<title>\u201dSanering av ekonomin\u201d - Kristdemokraterna Tyres\u00f6<\/title>\n<meta name=\"robots\" content=\"index, follow, max-snippet:-1, max-image-preview:large, max-video-preview:-1\" \/>\n<link rel=\"canonical\" href=\"https:\/\/wp.kristdemokraterna.se\/tyreso\/sanering-av-ekonomin\/\" \/>\n<meta property=\"og:locale\" content=\"sv_SE\" \/>\n<meta property=\"og:type\" content=\"article\" \/>\n<meta property=\"og:title\" content=\"\u201dSanering av ekonomin\u201d - Kristdemokraterna Tyres\u00f6\" \/>\n<meta property=\"og:description\" content=\"\u201dEn sanering av kommunens ekonomi, det blir det f\u00f6rsta som det nya styret i Tyres\u00f6 kommer att f\u00e5 \u00e4gna sig \u00e5t\u201d skriver Tyres\u00f6 Nyheter i sitt decembernummer. N\u00e4r man chockh\u00f6jer kommunalskatten med 45 \u00f6re m\u00e5ste man ju hitta en formuleringen som ger intryck av att den tidigare majoriteten, Alliansen, f\u00f6rd\u00e4rvat kommunens ekonomi. Hur ser d\u00e5 Read More\" \/>\n<meta property=\"og:url\" content=\"https:\/\/wp.kristdemokraterna.se\/tyreso\/sanering-av-ekonomin\/\" \/>\n<meta property=\"og:site_name\" content=\"Kristdemokraterna Tyres\u00f6\" \/>\n<meta property=\"article:published_time\" content=\"2018-12-16T08:06:42+00:00\" \/>\n<meta property=\"article:modified_time\" content=\"2019-04-16T16:04:51+00:00\" \/>\n<meta name=\"author\" content=\"tyreso\" \/>\n<meta name=\"twitter:card\" content=\"summary_large_image\" \/>\n<meta name=\"twitter:label1\" content=\"Skriven av\" \/>\n\t<meta name=\"twitter:data1\" content=\"tyreso\" \/>\n\t<meta name=\"twitter:label2\" content=\"Ber\u00e4knad l\u00e4stid\" \/>\n\t<meta name=\"twitter:data2\" content=\"1 minut\" \/>\n<script type=\"application\/ld+json\" class=\"yoast-schema-graph\">{\"@context\":\"https:\\\/\\\/schema.org\",\"@graph\":[{\"@type\":\"Article\",\"@id\":\"https:\\\/\\\/wp.kristdemokraterna.se\\\/tyreso\\\/sanering-av-ekonomin\\\/#article\",\"isPartOf\":{\"@id\":\"https:\\\/\\\/wp.kristdemokraterna.se\\\/tyreso\\\/sanering-av-ekonomin\\\/\"},\"author\":{\"name\":\"tyreso\",\"@id\":\"https:\\\/\\\/wp.kristdemokraterna.se\\\/tyreso\\\/#\\\/schema\\\/person\\\/3e7d76fa0f5c4996308a0a636056d6c5\"},\"headline\":\"\u201dSanering av ekonomin\u201d\",\"datePublished\":\"2018-12-16T08:06:42+00:00\",\"dateModified\":\"2019-04-16T16:04:51+00:00\",\"mainEntityOfPage\":{\"@id\":\"https:\\\/\\\/wp.kristdemokraterna.se\\\/tyreso\\\/sanering-av-ekonomin\\\/\"},\"wordCount\":277,\"articleSection\":[\"Artiklar\",\"Ekonomi\"],\"inLanguage\":\"sv-SE\"},{\"@type\":\"WebPage\",\"@id\":\"https:\\\/\\\/wp.kristdemokraterna.se\\\/tyreso\\\/sanering-av-ekonomin\\\/\",\"url\":\"https:\\\/\\\/wp.kristdemokraterna.se\\\/tyreso\\\/sanering-av-ekonomin\\\/\",\"name\":\"\u201dSanering av ekonomin\u201d - Kristdemokraterna Tyres\u00f6\",\"isPartOf\":{\"@id\":\"https:\\\/\\\/wp.kristdemokraterna.se\\\/tyreso\\\/#website\"},\"datePublished\":\"2018-12-16T08:06:42+00:00\",\"dateModified\":\"2019-04-16T16:04:51+00:00\",\"author\":{\"@id\":\"https:\\\/\\\/wp.kristdemokraterna.se\\\/tyreso\\\/#\\\/schema\\\/person\\\/3e7d76fa0f5c4996308a0a636056d6c5\"},\"breadcrumb\":{\"@id\":\"https:\\\/\\\/wp.kristdemokraterna.se\\\/tyreso\\\/sanering-av-ekonomin\\\/#breadcrumb\"},\"inLanguage\":\"sv-SE\",\"potentialAction\":[{\"@type\":\"ReadAction\",\"target\":[\"https:\\\/\\\/wp.kristdemokraterna.se\\\/tyreso\\\/sanering-av-ekonomin\\\/\"]}]},{\"@type\":\"BreadcrumbList\",\"@id\":\"https:\\\/\\\/wp.kristdemokraterna.se\\\/tyreso\\\/sanering-av-ekonomin\\\/#breadcrumb\",\"itemListElement\":[{\"@type\":\"ListItem\",\"position\":1,\"name\":\"Hem\",\"item\":\"https:\\\/\\\/wp.kristdemokraterna.se\\\/tyreso\\\/\"},{\"@type\":\"ListItem\",\"position\":2,\"name\":\"\u201dSanering av ekonomin\u201d\"}]},{\"@type\":\"WebSite\",\"@id\":\"https:\\\/\\\/wp.kristdemokraterna.se\\\/tyreso\\\/#website\",\"url\":\"https:\\\/\\\/wp.kristdemokraterna.se\\\/tyreso\\\/\",\"name\":\"Kristdemokraterna Tyres\u00f6\",\"description\":\"\",\"inLanguage\":\"sv-SE\"},{\"@type\":\"Person\",\"@id\":\"https:\\\/\\\/wp.kristdemokraterna.se\\\/tyreso\\\/#\\\/schema\\\/person\\\/3e7d76fa0f5c4996308a0a636056d6c5\",\"name\":\"tyreso\",\"image\":{\"@type\":\"ImageObject\",\"inLanguage\":\"sv-SE\",\"@id\":\"https:\\\/\\\/secure.gravatar.com\\\/avatar\\\/f60f761639a269aae348dce7665f49bfe9f0b021d1bada09d95aaa9c66ef6215?s=96&d=mm&r=g\",\"url\":\"https:\\\/\\\/secure.gravatar.com\\\/avatar\\\/f60f761639a269aae348dce7665f49bfe9f0b021d1bada09d95aaa9c66ef6215?s=96&d=mm&r=g\",\"contentUrl\":\"https:\\\/\\\/secure.gravatar.com\\\/avatar\\\/f60f761639a269aae348dce7665f49bfe9f0b021d1bada09d95aaa9c66ef6215?s=96&d=mm&r=g\",\"caption\":\"tyreso\"},\"url\":\"https:\\\/\\\/wp.kristdemokraterna.se\\\/tyreso\\\/author\\\/tyreso\\\/\"}]}<\/script>\n<!-- \/ Yoast SEO plugin. -->","yoast_head_json":{"title":"\u201dSanering av ekonomin\u201d - Kristdemokraterna Tyres\u00f6","robots":{"index":"index","follow":"follow","max-snippet":"max-snippet:-1","max-image-preview":"max-image-preview:large","max-video-preview":"max-video-preview:-1"},"canonical":"https:\/\/wp.kristdemokraterna.se\/tyreso\/sanering-av-ekonomin\/","og_locale":"sv_SE","og_type":"article","og_title":"\u201dSanering av ekonomin\u201d - Kristdemokraterna Tyres\u00f6","og_description":"\u201dEn sanering av kommunens ekonomi, det blir det f\u00f6rsta som det nya styret i Tyres\u00f6 kommer att f\u00e5 \u00e4gna sig \u00e5t\u201d skriver Tyres\u00f6 Nyheter i sitt decembernummer. N\u00e4r man chockh\u00f6jer kommunalskatten med 45 \u00f6re m\u00e5ste man ju hitta en formuleringen som ger intryck av att den tidigare majoriteten, Alliansen, f\u00f6rd\u00e4rvat kommunens ekonomi. Hur ser d\u00e5 Read More","og_url":"https:\/\/wp.kristdemokraterna.se\/tyreso\/sanering-av-ekonomin\/","og_site_name":"Kristdemokraterna Tyres\u00f6","article_published_time":"2018-12-16T08:06:42+00:00","article_modified_time":"2019-04-16T16:04:51+00:00","author":"tyreso","twitter_card":"summary_large_image","twitter_misc":{"Skriven av":"tyreso","Ber\u00e4knad l\u00e4stid":"1 minut"},"schema":{"@context":"https:\/\/schema.org","@graph":[{"@type":"Article","@id":"https:\/\/wp.kristdemokraterna.se\/tyreso\/sanering-av-ekonomin\/#article","isPartOf":{"@id":"https:\/\/wp.kristdemokraterna.se\/tyreso\/sanering-av-ekonomin\/"},"author":{"name":"tyreso","@id":"https:\/\/wp.kristdemokraterna.se\/tyreso\/#\/schema\/person\/3e7d76fa0f5c4996308a0a636056d6c5"},"headline":"\u201dSanering av ekonomin\u201d","datePublished":"2018-12-16T08:06:42+00:00","dateModified":"2019-04-16T16:04:51+00:00","mainEntityOfPage":{"@id":"https:\/\/wp.kristdemokraterna.se\/tyreso\/sanering-av-ekonomin\/"},"wordCount":277,"articleSection":["Artiklar","Ekonomi"],"inLanguage":"sv-SE"},{"@type":"WebPage","@id":"https:\/\/wp.kristdemokraterna.se\/tyreso\/sanering-av-ekonomin\/","url":"https:\/\/wp.kristdemokraterna.se\/tyreso\/sanering-av-ekonomin\/","name":"\u201dSanering av ekonomin\u201d - Kristdemokraterna Tyres\u00f6","isPartOf":{"@id":"https:\/\/wp.kristdemokraterna.se\/tyreso\/#website"},"datePublished":"2018-12-16T08:06:42+00:00","dateModified":"2019-04-16T16:04:51+00:00","author":{"@id":"https:\/\/wp.kristdemokraterna.se\/tyreso\/#\/schema\/person\/3e7d76fa0f5c4996308a0a636056d6c5"},"breadcrumb":{"@id":"https:\/\/wp.kristdemokraterna.se\/tyreso\/sanering-av-ekonomin\/#breadcrumb"},"inLanguage":"sv-SE","potentialAction":[{"@type":"ReadAction","target":["https:\/\/wp.kristdemokraterna.se\/tyreso\/sanering-av-ekonomin\/"]}]},{"@type":"BreadcrumbList","@id":"https:\/\/wp.kristdemokraterna.se\/tyreso\/sanering-av-ekonomin\/#breadcrumb","itemListElement":[{"@type":"ListItem","position":1,"name":"Hem","item":"https:\/\/wp.kristdemokraterna.se\/tyreso\/"},{"@type":"ListItem","position":2,"name":"\u201dSanering av ekonomin\u201d"}]},{"@type":"WebSite","@id":"https:\/\/wp.kristdemokraterna.se\/tyreso\/#website","url":"https:\/\/wp.kristdemokraterna.se\/tyreso\/","name":"Kristdemokraterna Tyres\u00f6","description":"","inLanguage":"sv-SE"},{"@type":"Person","@id":"https:\/\/wp.kristdemokraterna.se\/tyreso\/#\/schema\/person\/3e7d76fa0f5c4996308a0a636056d6c5","name":"tyreso","image":{"@type":"ImageObject","inLanguage":"sv-SE","@id":"https:\/\/secure.gravatar.com\/avatar\/f60f761639a269aae348dce7665f49bfe9f0b021d1bada09d95aaa9c66ef6215?s=96&d=mm&r=g","url":"https:\/\/secure.gravatar.com\/avatar\/f60f761639a269aae348dce7665f49bfe9f0b021d1bada09d95aaa9c66ef6215?s=96&d=mm&r=g","contentUrl":"https:\/\/secure.gravatar.com\/avatar\/f60f761639a269aae348dce7665f49bfe9f0b021d1bada09d95aaa9c66ef6215?s=96&d=mm&r=g","caption":"tyreso"},"url":"https:\/\/wp.kristdemokraterna.se\/tyreso\/author\/tyreso\/"}]}},"_links":{"self":[{"href":"https:\/\/wp.kristdemokraterna.se\/tyreso\/wp-json\/wp\/v2\/posts\/792","targetHints":{"allow":["GET"]}}],"collection":[{"href":"https:\/\/wp.kristdemokraterna.se\/tyreso\/wp-json\/wp\/v2\/posts"}],"about":[{"href":"https:\/\/wp.kristdemokraterna.se\/tyreso\/wp-json\/wp\/v2\/types\/post"}],"author":[{"embeddable":true,"href":"https:\/\/wp.kristdemokraterna.se\/tyreso\/wp-json\/wp\/v2\/users\/644"}],"replies":[{"embeddable":true,"href":"https:\/\/wp.kristdemokraterna.se\/tyreso\/wp-json\/wp\/v2\/comments?post=792"}],"version-history":[{"count":1,"href":"https:\/\/wp.kristdemokraterna.se\/tyreso\/wp-json\/wp\/v2\/posts\/792\/revisions"}],"predecessor-version":[{"id":794,"href":"https:\/\/wp.kristdemokraterna.se\/tyreso\/wp-json\/wp\/v2\/posts\/792\/revisions\/794"}],"wp:attachment":[{"href":"https:\/\/wp.kristdemokraterna.se\/tyreso\/wp-json\/wp\/v2\/media?parent=792"}],"wp:term":[{"taxonomy":"category","embeddable":true,"href":"https:\/\/wp.kristdemokraterna.se\/tyreso\/wp-json\/wp\/v2\/categories?post=792"},{"taxonomy":"post_tag","embeddable":true,"href":"https:\/\/wp.kristdemokraterna.se\/tyreso\/wp-json\/wp\/v2\/tags?post=792"}],"curies":[{"name":"wp","href":"https:\/\/api.w.org\/{rel}","templated":true}]}}