{"id":795,"date":"2018-12-09T09:09:57","date_gmt":"2018-12-09T08:09:57","guid":{"rendered":"http:\/\/wp.kristdemokraterna.se\/tyreso\/?p=795"},"modified":"2019-04-16T18:05:36","modified_gmt":"2019-04-16T16:05:36","slug":"en-dalig-analys","status":"publish","type":"post","link":"https:\/\/wp.kristdemokraterna.se\/tyreso\/en-dalig-analys\/","title":{"rendered":"En d\u00e5lig analys!"},"content":{"rendered":"<p>I Tyres\u00f6 Nyheter skriver Christoffer Holmstr\u00f6m (S) under rubriken \u201dMan m\u00e5ste acceptera ett valresultat\u201d att Alliansen inte p\u00e5 ett v\u00e4rdigt s\u00e4tt \u00f6verl\u00e4mnade styret av kommunen till den nya majoriteten. Detta skulle, enligt Holmstr\u00f6m, vara ett utslag f\u00f6r \u201dEgentligen ligger nog bitterhet fr\u00e5n d\u00e5liga f\u00f6rlorare n\u00e4rmare sanningen\u201d.<\/p>\n<p>Sj\u00e4lvklart var det trist att f\u00f6rlora styret av kommunen efter 20 \u00e5r, i all synnerhet som valresultatet inte gav de r\u00f6dgr\u00f6na fler mandat \u00e4n Alliansen. S, MP och V fick 21 mandat, M, L, C och KD fick 24 mandat och SD 6 mandat. Det fanns allts\u00e5 inget i valresultatet som pekade p\u00e5 att de r\u00f6dgr\u00f6na skulle styra.<\/p>\n<p>Att sedan L, som innan valet sagt att man inte ville styra med hj\u00e4lp av V, l\u00e4mnar Alliansen i Tyres\u00f6 och sl\u00e5r sig ihop med S och MP f\u00f6r att med hj\u00e4lp av V styra f\u00e5r v\u00e4l ses som ett svek mot de borgliga v\u00e4ljare som r\u00f6stade p\u00e5 L, men tyv\u00e4rr kom det inte som \u201den blixt fr\u00e5n klar himmel\u201d. Vi hade anat att det kunde bli s\u00e5, men det var nog inte vad de flesta L-v\u00e4ljare f\u00f6rv\u00e4ntade sig.<\/p>\n<p>S\u00e5 till det d\u00e5liga \u00f6verl\u00e4mnandet. N\u00e4r budgeten f\u00f6r 2019 tas upp i kommunstyrelsen inf\u00f6r beslut i kommunfullm\u00e4ktige framf\u00f6rde S, muntligen utan n\u00e5gra underlag, att de vill h\u00f6ja skatten med 45 \u00f6re. Att det nya styret skulle f\u00f6resl\u00e5 en skatteh\u00f6jning kom inte heller det som n\u00e5gon \u00f6verraskning, men en j\u00e4tteh\u00f6jning med 45 \u00f6re hade vi \u00e4nd\u00e5 inte f\u00f6rv\u00e4ntat oss. I budgetbehandlingen i juni f\u00f6reslog S en skatteh\u00f6jning p\u00e5 15 \u00f6re, V 25 \u00f6re och MP 30 \u00f6re. L tillsammans med \u00f6vriga Alliansen 0 \u00f6re. S\u00e5 nog kom 45 \u00f6re som en \u00f6verraskning. Eftersom underlag saknades r\u00f6stade den d\u00e5varande majoriteten i kommunstyrelsen f\u00f6r \u00e5terremiss. Var det s\u00e5 konstigt n\u00e4r man inte redovisade hur de 45 \u00f6rena skulle anv\u00e4ndas? Och \u00e4r det s\u00e5 konstigt att man st\u00e5r upp f\u00f6r den budget som man tidigare r\u00f6stat f\u00f6r. P\u00e5 riksplanet fick ju S-MP-regeringen styra landet 2015 med en alliansbudget, s\u00e5 om det hade skett i Tyres\u00f6 s\u00e5 hade det v\u00e4l inte varit s\u00e5 uppseendev\u00e4ckande.<\/p>\n<p>Efter detta kallades kommunfullm\u00e4ktige till sammantr\u00e4de av den nyvalde KF-ordf\u00f6rande Anders Linder (S) f\u00f6r att v\u00e4lja ny kommunstyrelse och p\u00e5 s\u00e5 s\u00e4tt \u201dtvinga\u201d fram ett beslut om skatteh\u00f6jning. Detta var, som M, C och KD p\u00e5pekade, dock olagligt och snopna fullm\u00e4ktigeledam\u00f6ter fick g\u00e5 hem utan att n\u00e5got beslut i den fr\u00e5gan. En nytilltr\u00e4dande majoritet har m\u00f6jlighet att byta kommunstyrelse vid det f\u00f6rsta kommunfullm\u00e4ktigesammantr\u00e4det efter valet men det gjorde man inte och d\u00e5 sitter det gamla styret \u00e5ret ut.<\/p>\n<p>N\u00e5ja, p\u00e5 ett extra kommunstyrelsesammantr\u00e4de skickades \u00e4rendet om ny skattesats vidare till kommunfullm\u00e4ktige och det nya styret fick igenom sin skatteh\u00f6jning. Att det nya styret i sin iver att visa sin makt valde att inf\u00f6r december m\u00e5nad inf\u00f6ra \u201dny mandatperiod\u201d f\u00f6r n\u00e5gra n\u00e4mnder i kommunen visar snarare p\u00e5 att det \u00e4r det nya styret som hanterar situationen d\u00e5ligt. Man har full r\u00e4tt att g\u00f6ra s\u00e5 men det \u00e4r mer eller mindre \u201den oskriven lag\u201d att n\u00e4mnderna sitter \u00e5ret ut och p\u00e5 ett v\u00e4rdigt s\u00e4tt kan avsluta sin mandatperiod.<\/p>\n","protected":false},"excerpt":{"rendered":"<p>I Tyres\u00f6 Nyheter skriver Christoffer Holmstr\u00f6m (S) under rubriken \u201dMan m\u00e5ste acceptera ett valresultat\u201d att Alliansen inte p\u00e5 ett v\u00e4rdigt s\u00e4tt \u00f6verl\u00e4mnade styret av kommunen till den nya majoriteten. Detta skulle, enligt Holmstr\u00f6m, vara ett utslag f\u00f6r \u201dEgentligen ligger nog bitterhet fr\u00e5n d\u00e5liga f\u00f6rlorare n\u00e4rmare sanningen\u201d. Sj\u00e4lvklart var det trist att f\u00f6rlora styret av kommunen <a class=\"read-more-link\" href=\"https:\/\/wp.kristdemokraterna.se\/tyreso\/en-dalig-analys\/\">Read More<\/a><\/p>\n","protected":false},"author":644,"featured_media":0,"comment_status":"closed","ping_status":"closed","sticky":false,"template":"","format":"standard","meta":{"_acf_changed":false,"footnotes":""},"categories":[1,16],"tags":[],"class_list":["post-795","post","type-post","status-publish","format-standard","hentry","category-okategoriserade","category-ekonomi"],"acf":[],"yoast_head":"<!-- This site is optimized with the Yoast SEO plugin v27.5 - https:\/\/yoast.com\/product\/yoast-seo-wordpress\/ -->\n<title>En d\u00e5lig analys! - Kristdemokraterna Tyres\u00f6<\/title>\n<meta name=\"robots\" content=\"index, follow, max-snippet:-1, max-image-preview:large, max-video-preview:-1\" \/>\n<link rel=\"canonical\" href=\"https:\/\/wp.kristdemokraterna.se\/tyreso\/en-dalig-analys\/\" \/>\n<meta property=\"og:locale\" content=\"sv_SE\" \/>\n<meta property=\"og:type\" content=\"article\" \/>\n<meta property=\"og:title\" content=\"En d\u00e5lig analys! - Kristdemokraterna Tyres\u00f6\" \/>\n<meta property=\"og:description\" content=\"I Tyres\u00f6 Nyheter skriver Christoffer Holmstr\u00f6m (S) under rubriken \u201dMan m\u00e5ste acceptera ett valresultat\u201d att Alliansen inte p\u00e5 ett v\u00e4rdigt s\u00e4tt \u00f6verl\u00e4mnade styret av kommunen till den nya majoriteten. Detta skulle, enligt Holmstr\u00f6m, vara ett utslag f\u00f6r \u201dEgentligen ligger nog bitterhet fr\u00e5n d\u00e5liga f\u00f6rlorare n\u00e4rmare sanningen\u201d. Sj\u00e4lvklart var det trist att f\u00f6rlora styret av kommunen Read More\" \/>\n<meta property=\"og:url\" content=\"https:\/\/wp.kristdemokraterna.se\/tyreso\/en-dalig-analys\/\" \/>\n<meta property=\"og:site_name\" content=\"Kristdemokraterna Tyres\u00f6\" \/>\n<meta property=\"article:published_time\" content=\"2018-12-09T08:09:57+00:00\" \/>\n<meta property=\"article:modified_time\" content=\"2019-04-16T16:05:36+00:00\" \/>\n<meta name=\"author\" content=\"tyreso\" \/>\n<meta name=\"twitter:card\" content=\"summary_large_image\" \/>\n<meta name=\"twitter:label1\" content=\"Skriven av\" \/>\n\t<meta name=\"twitter:data1\" content=\"tyreso\" \/>\n\t<meta name=\"twitter:label2\" content=\"Ber\u00e4knad l\u00e4stid\" \/>\n\t<meta name=\"twitter:data2\" content=\"3 minuter\" \/>\n<script type=\"application\/ld+json\" class=\"yoast-schema-graph\">{\"@context\":\"https:\\\/\\\/schema.org\",\"@graph\":[{\"@type\":\"Article\",\"@id\":\"https:\\\/\\\/wp.kristdemokraterna.se\\\/tyreso\\\/en-dalig-analys\\\/#article\",\"isPartOf\":{\"@id\":\"https:\\\/\\\/wp.kristdemokraterna.se\\\/tyreso\\\/en-dalig-analys\\\/\"},\"author\":{\"name\":\"tyreso\",\"@id\":\"https:\\\/\\\/wp.kristdemokraterna.se\\\/tyreso\\\/#\\\/schema\\\/person\\\/3e7d76fa0f5c4996308a0a636056d6c5\"},\"headline\":\"En d\u00e5lig analys!\",\"datePublished\":\"2018-12-09T08:09:57+00:00\",\"dateModified\":\"2019-04-16T16:05:36+00:00\",\"mainEntityOfPage\":{\"@id\":\"https:\\\/\\\/wp.kristdemokraterna.se\\\/tyreso\\\/en-dalig-analys\\\/\"},\"wordCount\":591,\"articleSection\":[\"Artiklar\",\"Ekonomi\"],\"inLanguage\":\"sv-SE\"},{\"@type\":\"WebPage\",\"@id\":\"https:\\\/\\\/wp.kristdemokraterna.se\\\/tyreso\\\/en-dalig-analys\\\/\",\"url\":\"https:\\\/\\\/wp.kristdemokraterna.se\\\/tyreso\\\/en-dalig-analys\\\/\",\"name\":\"En d\u00e5lig analys! - Kristdemokraterna Tyres\u00f6\",\"isPartOf\":{\"@id\":\"https:\\\/\\\/wp.kristdemokraterna.se\\\/tyreso\\\/#website\"},\"datePublished\":\"2018-12-09T08:09:57+00:00\",\"dateModified\":\"2019-04-16T16:05:36+00:00\",\"author\":{\"@id\":\"https:\\\/\\\/wp.kristdemokraterna.se\\\/tyreso\\\/#\\\/schema\\\/person\\\/3e7d76fa0f5c4996308a0a636056d6c5\"},\"breadcrumb\":{\"@id\":\"https:\\\/\\\/wp.kristdemokraterna.se\\\/tyreso\\\/en-dalig-analys\\\/#breadcrumb\"},\"inLanguage\":\"sv-SE\",\"potentialAction\":[{\"@type\":\"ReadAction\",\"target\":[\"https:\\\/\\\/wp.kristdemokraterna.se\\\/tyreso\\\/en-dalig-analys\\\/\"]}]},{\"@type\":\"BreadcrumbList\",\"@id\":\"https:\\\/\\\/wp.kristdemokraterna.se\\\/tyreso\\\/en-dalig-analys\\\/#breadcrumb\",\"itemListElement\":[{\"@type\":\"ListItem\",\"position\":1,\"name\":\"Hem\",\"item\":\"https:\\\/\\\/wp.kristdemokraterna.se\\\/tyreso\\\/\"},{\"@type\":\"ListItem\",\"position\":2,\"name\":\"En d\u00e5lig analys!\"}]},{\"@type\":\"WebSite\",\"@id\":\"https:\\\/\\\/wp.kristdemokraterna.se\\\/tyreso\\\/#website\",\"url\":\"https:\\\/\\\/wp.kristdemokraterna.se\\\/tyreso\\\/\",\"name\":\"Kristdemokraterna Tyres\u00f6\",\"description\":\"\",\"inLanguage\":\"sv-SE\"},{\"@type\":\"Person\",\"@id\":\"https:\\\/\\\/wp.kristdemokraterna.se\\\/tyreso\\\/#\\\/schema\\\/person\\\/3e7d76fa0f5c4996308a0a636056d6c5\",\"name\":\"tyreso\",\"image\":{\"@type\":\"ImageObject\",\"inLanguage\":\"sv-SE\",\"@id\":\"https:\\\/\\\/secure.gravatar.com\\\/avatar\\\/f60f761639a269aae348dce7665f49bfe9f0b021d1bada09d95aaa9c66ef6215?s=96&d=mm&r=g\",\"url\":\"https:\\\/\\\/secure.gravatar.com\\\/avatar\\\/f60f761639a269aae348dce7665f49bfe9f0b021d1bada09d95aaa9c66ef6215?s=96&d=mm&r=g\",\"contentUrl\":\"https:\\\/\\\/secure.gravatar.com\\\/avatar\\\/f60f761639a269aae348dce7665f49bfe9f0b021d1bada09d95aaa9c66ef6215?s=96&d=mm&r=g\",\"caption\":\"tyreso\"},\"url\":\"https:\\\/\\\/wp.kristdemokraterna.se\\\/tyreso\\\/author\\\/tyreso\\\/\"}]}<\/script>\n<!-- \/ Yoast SEO plugin. -->","yoast_head_json":{"title":"En d\u00e5lig analys! - Kristdemokraterna Tyres\u00f6","robots":{"index":"index","follow":"follow","max-snippet":"max-snippet:-1","max-image-preview":"max-image-preview:large","max-video-preview":"max-video-preview:-1"},"canonical":"https:\/\/wp.kristdemokraterna.se\/tyreso\/en-dalig-analys\/","og_locale":"sv_SE","og_type":"article","og_title":"En d\u00e5lig analys! - Kristdemokraterna Tyres\u00f6","og_description":"I Tyres\u00f6 Nyheter skriver Christoffer Holmstr\u00f6m (S) under rubriken \u201dMan m\u00e5ste acceptera ett valresultat\u201d att Alliansen inte p\u00e5 ett v\u00e4rdigt s\u00e4tt \u00f6verl\u00e4mnade styret av kommunen till den nya majoriteten. Detta skulle, enligt Holmstr\u00f6m, vara ett utslag f\u00f6r \u201dEgentligen ligger nog bitterhet fr\u00e5n d\u00e5liga f\u00f6rlorare n\u00e4rmare sanningen\u201d. Sj\u00e4lvklart var det trist att f\u00f6rlora styret av kommunen Read More","og_url":"https:\/\/wp.kristdemokraterna.se\/tyreso\/en-dalig-analys\/","og_site_name":"Kristdemokraterna Tyres\u00f6","article_published_time":"2018-12-09T08:09:57+00:00","article_modified_time":"2019-04-16T16:05:36+00:00","author":"tyreso","twitter_card":"summary_large_image","twitter_misc":{"Skriven av":"tyreso","Ber\u00e4knad l\u00e4stid":"3 minuter"},"schema":{"@context":"https:\/\/schema.org","@graph":[{"@type":"Article","@id":"https:\/\/wp.kristdemokraterna.se\/tyreso\/en-dalig-analys\/#article","isPartOf":{"@id":"https:\/\/wp.kristdemokraterna.se\/tyreso\/en-dalig-analys\/"},"author":{"name":"tyreso","@id":"https:\/\/wp.kristdemokraterna.se\/tyreso\/#\/schema\/person\/3e7d76fa0f5c4996308a0a636056d6c5"},"headline":"En d\u00e5lig analys!","datePublished":"2018-12-09T08:09:57+00:00","dateModified":"2019-04-16T16:05:36+00:00","mainEntityOfPage":{"@id":"https:\/\/wp.kristdemokraterna.se\/tyreso\/en-dalig-analys\/"},"wordCount":591,"articleSection":["Artiklar","Ekonomi"],"inLanguage":"sv-SE"},{"@type":"WebPage","@id":"https:\/\/wp.kristdemokraterna.se\/tyreso\/en-dalig-analys\/","url":"https:\/\/wp.kristdemokraterna.se\/tyreso\/en-dalig-analys\/","name":"En d\u00e5lig analys! - Kristdemokraterna Tyres\u00f6","isPartOf":{"@id":"https:\/\/wp.kristdemokraterna.se\/tyreso\/#website"},"datePublished":"2018-12-09T08:09:57+00:00","dateModified":"2019-04-16T16:05:36+00:00","author":{"@id":"https:\/\/wp.kristdemokraterna.se\/tyreso\/#\/schema\/person\/3e7d76fa0f5c4996308a0a636056d6c5"},"breadcrumb":{"@id":"https:\/\/wp.kristdemokraterna.se\/tyreso\/en-dalig-analys\/#breadcrumb"},"inLanguage":"sv-SE","potentialAction":[{"@type":"ReadAction","target":["https:\/\/wp.kristdemokraterna.se\/tyreso\/en-dalig-analys\/"]}]},{"@type":"BreadcrumbList","@id":"https:\/\/wp.kristdemokraterna.se\/tyreso\/en-dalig-analys\/#breadcrumb","itemListElement":[{"@type":"ListItem","position":1,"name":"Hem","item":"https:\/\/wp.kristdemokraterna.se\/tyreso\/"},{"@type":"ListItem","position":2,"name":"En d\u00e5lig analys!"}]},{"@type":"WebSite","@id":"https:\/\/wp.kristdemokraterna.se\/tyreso\/#website","url":"https:\/\/wp.kristdemokraterna.se\/tyreso\/","name":"Kristdemokraterna Tyres\u00f6","description":"","inLanguage":"sv-SE"},{"@type":"Person","@id":"https:\/\/wp.kristdemokraterna.se\/tyreso\/#\/schema\/person\/3e7d76fa0f5c4996308a0a636056d6c5","name":"tyreso","image":{"@type":"ImageObject","inLanguage":"sv-SE","@id":"https:\/\/secure.gravatar.com\/avatar\/f60f761639a269aae348dce7665f49bfe9f0b021d1bada09d95aaa9c66ef6215?s=96&d=mm&r=g","url":"https:\/\/secure.gravatar.com\/avatar\/f60f761639a269aae348dce7665f49bfe9f0b021d1bada09d95aaa9c66ef6215?s=96&d=mm&r=g","contentUrl":"https:\/\/secure.gravatar.com\/avatar\/f60f761639a269aae348dce7665f49bfe9f0b021d1bada09d95aaa9c66ef6215?s=96&d=mm&r=g","caption":"tyreso"},"url":"https:\/\/wp.kristdemokraterna.se\/tyreso\/author\/tyreso\/"}]}},"_links":{"self":[{"href":"https:\/\/wp.kristdemokraterna.se\/tyreso\/wp-json\/wp\/v2\/posts\/795","targetHints":{"allow":["GET"]}}],"collection":[{"href":"https:\/\/wp.kristdemokraterna.se\/tyreso\/wp-json\/wp\/v2\/posts"}],"about":[{"href":"https:\/\/wp.kristdemokraterna.se\/tyreso\/wp-json\/wp\/v2\/types\/post"}],"author":[{"embeddable":true,"href":"https:\/\/wp.kristdemokraterna.se\/tyreso\/wp-json\/wp\/v2\/users\/644"}],"replies":[{"embeddable":true,"href":"https:\/\/wp.kristdemokraterna.se\/tyreso\/wp-json\/wp\/v2\/comments?post=795"}],"version-history":[{"count":1,"href":"https:\/\/wp.kristdemokraterna.se\/tyreso\/wp-json\/wp\/v2\/posts\/795\/revisions"}],"predecessor-version":[{"id":796,"href":"https:\/\/wp.kristdemokraterna.se\/tyreso\/wp-json\/wp\/v2\/posts\/795\/revisions\/796"}],"wp:attachment":[{"href":"https:\/\/wp.kristdemokraterna.se\/tyreso\/wp-json\/wp\/v2\/media?parent=795"}],"wp:term":[{"taxonomy":"category","embeddable":true,"href":"https:\/\/wp.kristdemokraterna.se\/tyreso\/wp-json\/wp\/v2\/categories?post=795"},{"taxonomy":"post_tag","embeddable":true,"href":"https:\/\/wp.kristdemokraterna.se\/tyreso\/wp-json\/wp\/v2\/tags?post=795"}],"curies":[{"name":"wp","href":"https:\/\/api.w.org\/{rel}","templated":true}]}}