{"id":408,"date":"2018-05-29T16:54:32","date_gmt":"2018-05-29T14:54:32","guid":{"rendered":"http:\/\/wp.kristdemokraterna.se\/ulricehamn\/?p=408"},"modified":"2018-06-12T19:17:29","modified_gmt":"2018-06-12T17:17:29","slug":"kd-familjepolitiken-ar-som-ett-tacke-over-allt-vi-gor","status":"publish","type":"post","link":"https:\/\/wp.kristdemokraterna.se\/ulricehamn\/2018\/05\/29\/kd-familjepolitiken-ar-som-ett-tacke-over-allt-vi-gor\/","title":{"rendered":"KD: \u201dFamiljepolitiken \u00e4r som ett t\u00e4cke \u00f6ver allt vi g\u00f6r\u201d"},"content":{"rendered":"<p>Kristdemokraterna vill s\u00e4tta Ulricehamns familjer i centrum och l\u00e5ta f\u00f6r\u00e4ldrarna best\u00e4mma mer \u00e4n i dag. Valfrihet \u00e4r ett nyckelord och ett p\u00e5nyttf\u00f6tt samarbete i Alliansen en \u00f6nskan.<\/p>\n<p><strong><a href=\"http:\/\/www.ut.se\/ulricehamn\/kd-familjepolitiken-ar-som-ett-tacke-over-allt-vi-gor\/\" target=\"_blank\" rel=\"noopener\">L\u00e4s p\u00e5 UT.se<\/a><\/strong><\/p>\n","protected":false},"excerpt":{"rendered":"<p>Kristdemokraterna vill s\u00e4tta Ulricehamns familjer i centrum och l\u00e5ta f\u00f6r\u00e4ldrarna best\u00e4mma mer \u00e4n i dag. Valfrihet \u00e4r ett nyckelord och ett p\u00e5nyttf\u00f6tt samarbete i Alliansen en \u00f6nskan. L\u00e4s p\u00e5 UT.se<\/p>\n","protected":false},"author":609,"featured_media":0,"comment_status":"closed","ping_status":"closed","sticky":false,"template":"","format":"standard","meta":{"_acf_changed":false,"footnotes":""},"categories":[1],"tags":[],"class_list":["post-408","post","type-post","status-publish","format-standard","hentry","category-ulricehamn"],"acf":[],"yoast_head":"<!-- This site is optimized with the Yoast SEO plugin v27.5 - https:\/\/yoast.com\/product\/yoast-seo-wordpress\/ -->\n<title>KD: \u201dFamiljepolitiken \u00e4r som ett t\u00e4cke \u00f6ver allt vi g\u00f6r\u201d - Ulricehamn<\/title>\n<meta name=\"robots\" content=\"index, follow, max-snippet:-1, max-image-preview:large, max-video-preview:-1\" \/>\n<link rel=\"canonical\" href=\"https:\/\/wp.kristdemokraterna.se\/ulricehamn\/2018\/05\/29\/kd-familjepolitiken-ar-som-ett-tacke-over-allt-vi-gor\/\" \/>\n<meta property=\"og:locale\" content=\"sv_SE\" \/>\n<meta property=\"og:type\" content=\"article\" \/>\n<meta property=\"og:title\" content=\"KD: \u201dFamiljepolitiken \u00e4r som ett t\u00e4cke \u00f6ver allt vi g\u00f6r\u201d - Ulricehamn\" \/>\n<meta property=\"og:description\" content=\"Kristdemokraterna vill s\u00e4tta Ulricehamns familjer i centrum och l\u00e5ta f\u00f6r\u00e4ldrarna best\u00e4mma mer \u00e4n i dag. Valfrihet \u00e4r ett nyckelord och ett p\u00e5nyttf\u00f6tt samarbete i Alliansen en \u00f6nskan. L\u00e4s p\u00e5 UT.se\" \/>\n<meta property=\"og:url\" content=\"https:\/\/wp.kristdemokraterna.se\/ulricehamn\/2018\/05\/29\/kd-familjepolitiken-ar-som-ett-tacke-over-allt-vi-gor\/\" \/>\n<meta property=\"og:site_name\" content=\"Ulricehamn\" \/>\n<meta property=\"article:published_time\" content=\"2018-05-29T14:54:32+00:00\" \/>\n<meta property=\"article:modified_time\" content=\"2018-06-12T17:17:29+00:00\" \/>\n<meta name=\"author\" content=\"ulricehamn\" \/>\n<meta name=\"twitter:card\" content=\"summary_large_image\" \/>\n<meta name=\"twitter:label1\" content=\"Skriven av\" \/>\n\t<meta name=\"twitter:data1\" content=\"ulricehamn\" \/>\n<script type=\"application\/ld+json\" class=\"yoast-schema-graph\">{\"@context\":\"https:\\\/\\\/schema.org\",\"@graph\":[{\"@type\":\"Article\",\"@id\":\"https:\\\/\\\/wp.kristdemokraterna.se\\\/ulricehamn\\\/2018\\\/05\\\/29\\\/kd-familjepolitiken-ar-som-ett-tacke-over-allt-vi-gor\\\/#article\",\"isPartOf\":{\"@id\":\"https:\\\/\\\/wp.kristdemokraterna.se\\\/ulricehamn\\\/2018\\\/05\\\/29\\\/kd-familjepolitiken-ar-som-ett-tacke-over-allt-vi-gor\\\/\"},\"author\":{\"name\":\"ulricehamn\",\"@id\":\"https:\\\/\\\/wp.kristdemokraterna.se\\\/ulricehamn\\\/#\\\/schema\\\/person\\\/b556cd13ad5b560143bd88c8404d18e4\"},\"headline\":\"KD: \u201dFamiljepolitiken \u00e4r som ett t\u00e4cke \u00f6ver allt vi g\u00f6r\u201d\",\"datePublished\":\"2018-05-29T14:54:32+00:00\",\"dateModified\":\"2018-06-12T17:17:29+00:00\",\"mainEntityOfPage\":{\"@id\":\"https:\\\/\\\/wp.kristdemokraterna.se\\\/ulricehamn\\\/2018\\\/05\\\/29\\\/kd-familjepolitiken-ar-som-ett-tacke-over-allt-vi-gor\\\/\"},\"wordCount\":51,\"articleSection\":[\"Lokalt Ulricehamn\"],\"inLanguage\":\"sv-SE\"},{\"@type\":\"WebPage\",\"@id\":\"https:\\\/\\\/wp.kristdemokraterna.se\\\/ulricehamn\\\/2018\\\/05\\\/29\\\/kd-familjepolitiken-ar-som-ett-tacke-over-allt-vi-gor\\\/\",\"url\":\"https:\\\/\\\/wp.kristdemokraterna.se\\\/ulricehamn\\\/2018\\\/05\\\/29\\\/kd-familjepolitiken-ar-som-ett-tacke-over-allt-vi-gor\\\/\",\"name\":\"KD: \u201dFamiljepolitiken \u00e4r som ett t\u00e4cke \u00f6ver allt vi g\u00f6r\u201d - Ulricehamn\",\"isPartOf\":{\"@id\":\"https:\\\/\\\/wp.kristdemokraterna.se\\\/ulricehamn\\\/#website\"},\"datePublished\":\"2018-05-29T14:54:32+00:00\",\"dateModified\":\"2018-06-12T17:17:29+00:00\",\"author\":{\"@id\":\"https:\\\/\\\/wp.kristdemokraterna.se\\\/ulricehamn\\\/#\\\/schema\\\/person\\\/b556cd13ad5b560143bd88c8404d18e4\"},\"breadcrumb\":{\"@id\":\"https:\\\/\\\/wp.kristdemokraterna.se\\\/ulricehamn\\\/2018\\\/05\\\/29\\\/kd-familjepolitiken-ar-som-ett-tacke-over-allt-vi-gor\\\/#breadcrumb\"},\"inLanguage\":\"sv-SE\",\"potentialAction\":[{\"@type\":\"ReadAction\",\"target\":[\"https:\\\/\\\/wp.kristdemokraterna.se\\\/ulricehamn\\\/2018\\\/05\\\/29\\\/kd-familjepolitiken-ar-som-ett-tacke-over-allt-vi-gor\\\/\"]}]},{\"@type\":\"BreadcrumbList\",\"@id\":\"https:\\\/\\\/wp.kristdemokraterna.se\\\/ulricehamn\\\/2018\\\/05\\\/29\\\/kd-familjepolitiken-ar-som-ett-tacke-over-allt-vi-gor\\\/#breadcrumb\",\"itemListElement\":[{\"@type\":\"ListItem\",\"position\":1,\"name\":\"Hem\",\"item\":\"https:\\\/\\\/wp.kristdemokraterna.se\\\/ulricehamn\\\/\"},{\"@type\":\"ListItem\",\"position\":2,\"name\":\"KD: \u201dFamiljepolitiken \u00e4r som ett t\u00e4cke \u00f6ver allt vi g\u00f6r\u201d\"}]},{\"@type\":\"WebSite\",\"@id\":\"https:\\\/\\\/wp.kristdemokraterna.se\\\/ulricehamn\\\/#website\",\"url\":\"https:\\\/\\\/wp.kristdemokraterna.se\\\/ulricehamn\\\/\",\"name\":\"Ulricehamn\",\"description\":\"En till Kristdemokraterna webbplats\",\"inLanguage\":\"sv-SE\"},{\"@type\":\"Person\",\"@id\":\"https:\\\/\\\/wp.kristdemokraterna.se\\\/ulricehamn\\\/#\\\/schema\\\/person\\\/b556cd13ad5b560143bd88c8404d18e4\",\"name\":\"ulricehamn\",\"image\":{\"@type\":\"ImageObject\",\"inLanguage\":\"sv-SE\",\"@id\":\"https:\\\/\\\/secure.gravatar.com\\\/avatar\\\/1b735c472d93f71a412a751e19342b7c19194601e8533f25248f3fe7937ba91a?s=96&d=mm&r=g\",\"url\":\"https:\\\/\\\/secure.gravatar.com\\\/avatar\\\/1b735c472d93f71a412a751e19342b7c19194601e8533f25248f3fe7937ba91a?s=96&d=mm&r=g\",\"contentUrl\":\"https:\\\/\\\/secure.gravatar.com\\\/avatar\\\/1b735c472d93f71a412a751e19342b7c19194601e8533f25248f3fe7937ba91a?s=96&d=mm&r=g\",\"caption\":\"ulricehamn\"},\"url\":\"https:\\\/\\\/wp.kristdemokraterna.se\\\/ulricehamn\\\/author\\\/ulricehamn\\\/\"}]}<\/script>\n<!-- \/ Yoast SEO plugin. -->","yoast_head_json":{"title":"KD: \u201dFamiljepolitiken \u00e4r som ett t\u00e4cke \u00f6ver allt vi g\u00f6r\u201d - Ulricehamn","robots":{"index":"index","follow":"follow","max-snippet":"max-snippet:-1","max-image-preview":"max-image-preview:large","max-video-preview":"max-video-preview:-1"},"canonical":"https:\/\/wp.kristdemokraterna.se\/ulricehamn\/2018\/05\/29\/kd-familjepolitiken-ar-som-ett-tacke-over-allt-vi-gor\/","og_locale":"sv_SE","og_type":"article","og_title":"KD: \u201dFamiljepolitiken \u00e4r som ett t\u00e4cke \u00f6ver allt vi g\u00f6r\u201d - Ulricehamn","og_description":"Kristdemokraterna vill s\u00e4tta Ulricehamns familjer i centrum och l\u00e5ta f\u00f6r\u00e4ldrarna best\u00e4mma mer \u00e4n i dag. Valfrihet \u00e4r ett nyckelord och ett p\u00e5nyttf\u00f6tt samarbete i Alliansen en \u00f6nskan. L\u00e4s p\u00e5 UT.se","og_url":"https:\/\/wp.kristdemokraterna.se\/ulricehamn\/2018\/05\/29\/kd-familjepolitiken-ar-som-ett-tacke-over-allt-vi-gor\/","og_site_name":"Ulricehamn","article_published_time":"2018-05-29T14:54:32+00:00","article_modified_time":"2018-06-12T17:17:29+00:00","author":"ulricehamn","twitter_card":"summary_large_image","twitter_misc":{"Skriven av":"ulricehamn"},"schema":{"@context":"https:\/\/schema.org","@graph":[{"@type":"Article","@id":"https:\/\/wp.kristdemokraterna.se\/ulricehamn\/2018\/05\/29\/kd-familjepolitiken-ar-som-ett-tacke-over-allt-vi-gor\/#article","isPartOf":{"@id":"https:\/\/wp.kristdemokraterna.se\/ulricehamn\/2018\/05\/29\/kd-familjepolitiken-ar-som-ett-tacke-over-allt-vi-gor\/"},"author":{"name":"ulricehamn","@id":"https:\/\/wp.kristdemokraterna.se\/ulricehamn\/#\/schema\/person\/b556cd13ad5b560143bd88c8404d18e4"},"headline":"KD: \u201dFamiljepolitiken \u00e4r som ett t\u00e4cke \u00f6ver allt vi g\u00f6r\u201d","datePublished":"2018-05-29T14:54:32+00:00","dateModified":"2018-06-12T17:17:29+00:00","mainEntityOfPage":{"@id":"https:\/\/wp.kristdemokraterna.se\/ulricehamn\/2018\/05\/29\/kd-familjepolitiken-ar-som-ett-tacke-over-allt-vi-gor\/"},"wordCount":51,"articleSection":["Lokalt Ulricehamn"],"inLanguage":"sv-SE"},{"@type":"WebPage","@id":"https:\/\/wp.kristdemokraterna.se\/ulricehamn\/2018\/05\/29\/kd-familjepolitiken-ar-som-ett-tacke-over-allt-vi-gor\/","url":"https:\/\/wp.kristdemokraterna.se\/ulricehamn\/2018\/05\/29\/kd-familjepolitiken-ar-som-ett-tacke-over-allt-vi-gor\/","name":"KD: \u201dFamiljepolitiken \u00e4r som ett t\u00e4cke \u00f6ver allt vi g\u00f6r\u201d - Ulricehamn","isPartOf":{"@id":"https:\/\/wp.kristdemokraterna.se\/ulricehamn\/#website"},"datePublished":"2018-05-29T14:54:32+00:00","dateModified":"2018-06-12T17:17:29+00:00","author":{"@id":"https:\/\/wp.kristdemokraterna.se\/ulricehamn\/#\/schema\/person\/b556cd13ad5b560143bd88c8404d18e4"},"breadcrumb":{"@id":"https:\/\/wp.kristdemokraterna.se\/ulricehamn\/2018\/05\/29\/kd-familjepolitiken-ar-som-ett-tacke-over-allt-vi-gor\/#breadcrumb"},"inLanguage":"sv-SE","potentialAction":[{"@type":"ReadAction","target":["https:\/\/wp.kristdemokraterna.se\/ulricehamn\/2018\/05\/29\/kd-familjepolitiken-ar-som-ett-tacke-over-allt-vi-gor\/"]}]},{"@type":"BreadcrumbList","@id":"https:\/\/wp.kristdemokraterna.se\/ulricehamn\/2018\/05\/29\/kd-familjepolitiken-ar-som-ett-tacke-over-allt-vi-gor\/#breadcrumb","itemListElement":[{"@type":"ListItem","position":1,"name":"Hem","item":"https:\/\/wp.kristdemokraterna.se\/ulricehamn\/"},{"@type":"ListItem","position":2,"name":"KD: \u201dFamiljepolitiken \u00e4r som ett t\u00e4cke \u00f6ver allt vi g\u00f6r\u201d"}]},{"@type":"WebSite","@id":"https:\/\/wp.kristdemokraterna.se\/ulricehamn\/#website","url":"https:\/\/wp.kristdemokraterna.se\/ulricehamn\/","name":"Ulricehamn","description":"En till Kristdemokraterna webbplats","inLanguage":"sv-SE"},{"@type":"Person","@id":"https:\/\/wp.kristdemokraterna.se\/ulricehamn\/#\/schema\/person\/b556cd13ad5b560143bd88c8404d18e4","name":"ulricehamn","image":{"@type":"ImageObject","inLanguage":"sv-SE","@id":"https:\/\/secure.gravatar.com\/avatar\/1b735c472d93f71a412a751e19342b7c19194601e8533f25248f3fe7937ba91a?s=96&d=mm&r=g","url":"https:\/\/secure.gravatar.com\/avatar\/1b735c472d93f71a412a751e19342b7c19194601e8533f25248f3fe7937ba91a?s=96&d=mm&r=g","contentUrl":"https:\/\/secure.gravatar.com\/avatar\/1b735c472d93f71a412a751e19342b7c19194601e8533f25248f3fe7937ba91a?s=96&d=mm&r=g","caption":"ulricehamn"},"url":"https:\/\/wp.kristdemokraterna.se\/ulricehamn\/author\/ulricehamn\/"}]}},"_links":{"self":[{"href":"https:\/\/wp.kristdemokraterna.se\/ulricehamn\/wp-json\/wp\/v2\/posts\/408","targetHints":{"allow":["GET"]}}],"collection":[{"href":"https:\/\/wp.kristdemokraterna.se\/ulricehamn\/wp-json\/wp\/v2\/posts"}],"about":[{"href":"https:\/\/wp.kristdemokraterna.se\/ulricehamn\/wp-json\/wp\/v2\/types\/post"}],"author":[{"embeddable":true,"href":"https:\/\/wp.kristdemokraterna.se\/ulricehamn\/wp-json\/wp\/v2\/users\/609"}],"replies":[{"embeddable":true,"href":"https:\/\/wp.kristdemokraterna.se\/ulricehamn\/wp-json\/wp\/v2\/comments?post=408"}],"version-history":[{"count":10,"href":"https:\/\/wp.kristdemokraterna.se\/ulricehamn\/wp-json\/wp\/v2\/posts\/408\/revisions"}],"predecessor-version":[{"id":412,"href":"https:\/\/wp.kristdemokraterna.se\/ulricehamn\/wp-json\/wp\/v2\/posts\/408\/revisions\/412"}],"wp:attachment":[{"href":"https:\/\/wp.kristdemokraterna.se\/ulricehamn\/wp-json\/wp\/v2\/media?parent=408"}],"wp:term":[{"taxonomy":"category","embeddable":true,"href":"https:\/\/wp.kristdemokraterna.se\/ulricehamn\/wp-json\/wp\/v2\/categories?post=408"},{"taxonomy":"post_tag","embeddable":true,"href":"https:\/\/wp.kristdemokraterna.se\/ulricehamn\/wp-json\/wp\/v2\/tags?post=408"}],"curies":[{"name":"wp","href":"https:\/\/api.w.org\/{rel}","templated":true}]}}