{"id":505,"date":"2017-03-04T17:37:18","date_gmt":"2017-03-04T16:37:18","guid":{"rendered":"http:\/\/wp.kristdemokraterna.se\/ulricehamn\/?p=505"},"modified":"2018-06-12T18:50:31","modified_gmt":"2018-06-12T16:50:31","slug":"fixartjanst-gor-vardagen-lattare-ulricehamns-tidning","status":"publish","type":"post","link":"https:\/\/wp.kristdemokraterna.se\/ulricehamn\/2017\/03\/04\/fixartjanst-gor-vardagen-lattare-ulricehamns-tidning\/","title":{"rendered":"Fixartj\u00e4nst g\u00f6r vardagen l\u00e4ttare &#8211; Ulricehamns tidning"},"content":{"rendered":"<p>Det har tagit lite tid f\u00f6r kvarnarna att mala, men snart kommer Kristdemokraterna i Ulricehamns motion om en fixartj\u00e4nst att bli verklighet.<\/p>\n<p><strong><a href=\"http:\/\/www.ut.se\/debatt\/fixartjanst-gor-vardagen-lattare\/\" target=\"_blank\" rel=\"noopener\">L\u00e4s p\u00e5 UT.se<\/a><\/strong><\/p>\n","protected":false},"excerpt":{"rendered":"<p>Det har tagit lite tid f\u00f6r kvarnarna att mala, men snart kommer Kristdemokraterna i Ulricehamns motion om en fixartj\u00e4nst att bli verklighet. L\u00e4s p\u00e5 UT.se<\/p>\n","protected":false},"author":609,"featured_media":0,"comment_status":"closed","ping_status":"closed","sticky":false,"template":"","format":"standard","meta":{"_acf_changed":false,"footnotes":""},"categories":[1],"tags":[],"class_list":["post-505","post","type-post","status-publish","format-standard","hentry","category-ulricehamn"],"acf":[],"yoast_head":"<!-- This site is optimized with the Yoast SEO plugin v27.5 - https:\/\/yoast.com\/product\/yoast-seo-wordpress\/ -->\n<title>Fixartj\u00e4nst g\u00f6r vardagen l\u00e4ttare - Ulricehamns tidning - Ulricehamn<\/title>\n<meta name=\"robots\" content=\"index, follow, max-snippet:-1, max-image-preview:large, max-video-preview:-1\" \/>\n<link rel=\"canonical\" href=\"https:\/\/wp.kristdemokraterna.se\/ulricehamn\/2017\/03\/04\/fixartjanst-gor-vardagen-lattare-ulricehamns-tidning\/\" \/>\n<meta property=\"og:locale\" content=\"sv_SE\" \/>\n<meta property=\"og:type\" content=\"article\" \/>\n<meta property=\"og:title\" content=\"Fixartj\u00e4nst g\u00f6r vardagen l\u00e4ttare - Ulricehamns tidning - Ulricehamn\" \/>\n<meta property=\"og:description\" content=\"Det har tagit lite tid f\u00f6r kvarnarna att mala, men snart kommer Kristdemokraterna i Ulricehamns motion om en fixartj\u00e4nst att bli verklighet. L\u00e4s p\u00e5 UT.se\" \/>\n<meta property=\"og:url\" content=\"https:\/\/wp.kristdemokraterna.se\/ulricehamn\/2017\/03\/04\/fixartjanst-gor-vardagen-lattare-ulricehamns-tidning\/\" \/>\n<meta property=\"og:site_name\" content=\"Ulricehamn\" \/>\n<meta property=\"article:published_time\" content=\"2017-03-04T16:37:18+00:00\" \/>\n<meta property=\"article:modified_time\" content=\"2018-06-12T16:50:31+00:00\" \/>\n<meta name=\"author\" content=\"ulricehamn\" \/>\n<meta name=\"twitter:card\" content=\"summary_large_image\" \/>\n<meta name=\"twitter:label1\" content=\"Skriven av\" \/>\n\t<meta name=\"twitter:data1\" content=\"ulricehamn\" \/>\n<script type=\"application\/ld+json\" class=\"yoast-schema-graph\">{\"@context\":\"https:\\\/\\\/schema.org\",\"@graph\":[{\"@type\":\"Article\",\"@id\":\"https:\\\/\\\/wp.kristdemokraterna.se\\\/ulricehamn\\\/2017\\\/03\\\/04\\\/fixartjanst-gor-vardagen-lattare-ulricehamns-tidning\\\/#article\",\"isPartOf\":{\"@id\":\"https:\\\/\\\/wp.kristdemokraterna.se\\\/ulricehamn\\\/2017\\\/03\\\/04\\\/fixartjanst-gor-vardagen-lattare-ulricehamns-tidning\\\/\"},\"author\":{\"name\":\"ulricehamn\",\"@id\":\"https:\\\/\\\/wp.kristdemokraterna.se\\\/ulricehamn\\\/#\\\/schema\\\/person\\\/b556cd13ad5b560143bd88c8404d18e4\"},\"headline\":\"Fixartj\u00e4nst g\u00f6r vardagen l\u00e4ttare &#8211; Ulricehamns tidning\",\"datePublished\":\"2017-03-04T16:37:18+00:00\",\"dateModified\":\"2018-06-12T16:50:31+00:00\",\"mainEntityOfPage\":{\"@id\":\"https:\\\/\\\/wp.kristdemokraterna.se\\\/ulricehamn\\\/2017\\\/03\\\/04\\\/fixartjanst-gor-vardagen-lattare-ulricehamns-tidning\\\/\"},\"wordCount\":39,\"articleSection\":[\"Lokalt Ulricehamn\"],\"inLanguage\":\"sv-SE\"},{\"@type\":\"WebPage\",\"@id\":\"https:\\\/\\\/wp.kristdemokraterna.se\\\/ulricehamn\\\/2017\\\/03\\\/04\\\/fixartjanst-gor-vardagen-lattare-ulricehamns-tidning\\\/\",\"url\":\"https:\\\/\\\/wp.kristdemokraterna.se\\\/ulricehamn\\\/2017\\\/03\\\/04\\\/fixartjanst-gor-vardagen-lattare-ulricehamns-tidning\\\/\",\"name\":\"Fixartj\u00e4nst g\u00f6r vardagen l\u00e4ttare - Ulricehamns tidning - Ulricehamn\",\"isPartOf\":{\"@id\":\"https:\\\/\\\/wp.kristdemokraterna.se\\\/ulricehamn\\\/#website\"},\"datePublished\":\"2017-03-04T16:37:18+00:00\",\"dateModified\":\"2018-06-12T16:50:31+00:00\",\"author\":{\"@id\":\"https:\\\/\\\/wp.kristdemokraterna.se\\\/ulricehamn\\\/#\\\/schema\\\/person\\\/b556cd13ad5b560143bd88c8404d18e4\"},\"breadcrumb\":{\"@id\":\"https:\\\/\\\/wp.kristdemokraterna.se\\\/ulricehamn\\\/2017\\\/03\\\/04\\\/fixartjanst-gor-vardagen-lattare-ulricehamns-tidning\\\/#breadcrumb\"},\"inLanguage\":\"sv-SE\",\"potentialAction\":[{\"@type\":\"ReadAction\",\"target\":[\"https:\\\/\\\/wp.kristdemokraterna.se\\\/ulricehamn\\\/2017\\\/03\\\/04\\\/fixartjanst-gor-vardagen-lattare-ulricehamns-tidning\\\/\"]}]},{\"@type\":\"BreadcrumbList\",\"@id\":\"https:\\\/\\\/wp.kristdemokraterna.se\\\/ulricehamn\\\/2017\\\/03\\\/04\\\/fixartjanst-gor-vardagen-lattare-ulricehamns-tidning\\\/#breadcrumb\",\"itemListElement\":[{\"@type\":\"ListItem\",\"position\":1,\"name\":\"Hem\",\"item\":\"https:\\\/\\\/wp.kristdemokraterna.se\\\/ulricehamn\\\/\"},{\"@type\":\"ListItem\",\"position\":2,\"name\":\"Fixartj\u00e4nst g\u00f6r vardagen l\u00e4ttare &#8211; Ulricehamns tidning\"}]},{\"@type\":\"WebSite\",\"@id\":\"https:\\\/\\\/wp.kristdemokraterna.se\\\/ulricehamn\\\/#website\",\"url\":\"https:\\\/\\\/wp.kristdemokraterna.se\\\/ulricehamn\\\/\",\"name\":\"Ulricehamn\",\"description\":\"En till Kristdemokraterna webbplats\",\"inLanguage\":\"sv-SE\"},{\"@type\":\"Person\",\"@id\":\"https:\\\/\\\/wp.kristdemokraterna.se\\\/ulricehamn\\\/#\\\/schema\\\/person\\\/b556cd13ad5b560143bd88c8404d18e4\",\"name\":\"ulricehamn\",\"image\":{\"@type\":\"ImageObject\",\"inLanguage\":\"sv-SE\",\"@id\":\"https:\\\/\\\/secure.gravatar.com\\\/avatar\\\/1b735c472d93f71a412a751e19342b7c19194601e8533f25248f3fe7937ba91a?s=96&d=mm&r=g\",\"url\":\"https:\\\/\\\/secure.gravatar.com\\\/avatar\\\/1b735c472d93f71a412a751e19342b7c19194601e8533f25248f3fe7937ba91a?s=96&d=mm&r=g\",\"contentUrl\":\"https:\\\/\\\/secure.gravatar.com\\\/avatar\\\/1b735c472d93f71a412a751e19342b7c19194601e8533f25248f3fe7937ba91a?s=96&d=mm&r=g\",\"caption\":\"ulricehamn\"},\"url\":\"https:\\\/\\\/wp.kristdemokraterna.se\\\/ulricehamn\\\/author\\\/ulricehamn\\\/\"}]}<\/script>\n<!-- \/ Yoast SEO plugin. -->","yoast_head_json":{"title":"Fixartj\u00e4nst g\u00f6r vardagen l\u00e4ttare - Ulricehamns tidning - Ulricehamn","robots":{"index":"index","follow":"follow","max-snippet":"max-snippet:-1","max-image-preview":"max-image-preview:large","max-video-preview":"max-video-preview:-1"},"canonical":"https:\/\/wp.kristdemokraterna.se\/ulricehamn\/2017\/03\/04\/fixartjanst-gor-vardagen-lattare-ulricehamns-tidning\/","og_locale":"sv_SE","og_type":"article","og_title":"Fixartj\u00e4nst g\u00f6r vardagen l\u00e4ttare - Ulricehamns tidning - Ulricehamn","og_description":"Det har tagit lite tid f\u00f6r kvarnarna att mala, men snart kommer Kristdemokraterna i Ulricehamns motion om en fixartj\u00e4nst att bli verklighet. L\u00e4s p\u00e5 UT.se","og_url":"https:\/\/wp.kristdemokraterna.se\/ulricehamn\/2017\/03\/04\/fixartjanst-gor-vardagen-lattare-ulricehamns-tidning\/","og_site_name":"Ulricehamn","article_published_time":"2017-03-04T16:37:18+00:00","article_modified_time":"2018-06-12T16:50:31+00:00","author":"ulricehamn","twitter_card":"summary_large_image","twitter_misc":{"Skriven av":"ulricehamn"},"schema":{"@context":"https:\/\/schema.org","@graph":[{"@type":"Article","@id":"https:\/\/wp.kristdemokraterna.se\/ulricehamn\/2017\/03\/04\/fixartjanst-gor-vardagen-lattare-ulricehamns-tidning\/#article","isPartOf":{"@id":"https:\/\/wp.kristdemokraterna.se\/ulricehamn\/2017\/03\/04\/fixartjanst-gor-vardagen-lattare-ulricehamns-tidning\/"},"author":{"name":"ulricehamn","@id":"https:\/\/wp.kristdemokraterna.se\/ulricehamn\/#\/schema\/person\/b556cd13ad5b560143bd88c8404d18e4"},"headline":"Fixartj\u00e4nst g\u00f6r vardagen l\u00e4ttare &#8211; Ulricehamns tidning","datePublished":"2017-03-04T16:37:18+00:00","dateModified":"2018-06-12T16:50:31+00:00","mainEntityOfPage":{"@id":"https:\/\/wp.kristdemokraterna.se\/ulricehamn\/2017\/03\/04\/fixartjanst-gor-vardagen-lattare-ulricehamns-tidning\/"},"wordCount":39,"articleSection":["Lokalt Ulricehamn"],"inLanguage":"sv-SE"},{"@type":"WebPage","@id":"https:\/\/wp.kristdemokraterna.se\/ulricehamn\/2017\/03\/04\/fixartjanst-gor-vardagen-lattare-ulricehamns-tidning\/","url":"https:\/\/wp.kristdemokraterna.se\/ulricehamn\/2017\/03\/04\/fixartjanst-gor-vardagen-lattare-ulricehamns-tidning\/","name":"Fixartj\u00e4nst g\u00f6r vardagen l\u00e4ttare - Ulricehamns tidning - Ulricehamn","isPartOf":{"@id":"https:\/\/wp.kristdemokraterna.se\/ulricehamn\/#website"},"datePublished":"2017-03-04T16:37:18+00:00","dateModified":"2018-06-12T16:50:31+00:00","author":{"@id":"https:\/\/wp.kristdemokraterna.se\/ulricehamn\/#\/schema\/person\/b556cd13ad5b560143bd88c8404d18e4"},"breadcrumb":{"@id":"https:\/\/wp.kristdemokraterna.se\/ulricehamn\/2017\/03\/04\/fixartjanst-gor-vardagen-lattare-ulricehamns-tidning\/#breadcrumb"},"inLanguage":"sv-SE","potentialAction":[{"@type":"ReadAction","target":["https:\/\/wp.kristdemokraterna.se\/ulricehamn\/2017\/03\/04\/fixartjanst-gor-vardagen-lattare-ulricehamns-tidning\/"]}]},{"@type":"BreadcrumbList","@id":"https:\/\/wp.kristdemokraterna.se\/ulricehamn\/2017\/03\/04\/fixartjanst-gor-vardagen-lattare-ulricehamns-tidning\/#breadcrumb","itemListElement":[{"@type":"ListItem","position":1,"name":"Hem","item":"https:\/\/wp.kristdemokraterna.se\/ulricehamn\/"},{"@type":"ListItem","position":2,"name":"Fixartj\u00e4nst g\u00f6r vardagen l\u00e4ttare &#8211; Ulricehamns tidning"}]},{"@type":"WebSite","@id":"https:\/\/wp.kristdemokraterna.se\/ulricehamn\/#website","url":"https:\/\/wp.kristdemokraterna.se\/ulricehamn\/","name":"Ulricehamn","description":"En till Kristdemokraterna webbplats","inLanguage":"sv-SE"},{"@type":"Person","@id":"https:\/\/wp.kristdemokraterna.se\/ulricehamn\/#\/schema\/person\/b556cd13ad5b560143bd88c8404d18e4","name":"ulricehamn","image":{"@type":"ImageObject","inLanguage":"sv-SE","@id":"https:\/\/secure.gravatar.com\/avatar\/1b735c472d93f71a412a751e19342b7c19194601e8533f25248f3fe7937ba91a?s=96&d=mm&r=g","url":"https:\/\/secure.gravatar.com\/avatar\/1b735c472d93f71a412a751e19342b7c19194601e8533f25248f3fe7937ba91a?s=96&d=mm&r=g","contentUrl":"https:\/\/secure.gravatar.com\/avatar\/1b735c472d93f71a412a751e19342b7c19194601e8533f25248f3fe7937ba91a?s=96&d=mm&r=g","caption":"ulricehamn"},"url":"https:\/\/wp.kristdemokraterna.se\/ulricehamn\/author\/ulricehamn\/"}]}},"_links":{"self":[{"href":"https:\/\/wp.kristdemokraterna.se\/ulricehamn\/wp-json\/wp\/v2\/posts\/505","targetHints":{"allow":["GET"]}}],"collection":[{"href":"https:\/\/wp.kristdemokraterna.se\/ulricehamn\/wp-json\/wp\/v2\/posts"}],"about":[{"href":"https:\/\/wp.kristdemokraterna.se\/ulricehamn\/wp-json\/wp\/v2\/types\/post"}],"author":[{"embeddable":true,"href":"https:\/\/wp.kristdemokraterna.se\/ulricehamn\/wp-json\/wp\/v2\/users\/609"}],"replies":[{"embeddable":true,"href":"https:\/\/wp.kristdemokraterna.se\/ulricehamn\/wp-json\/wp\/v2\/comments?post=505"}],"version-history":[{"count":1,"href":"https:\/\/wp.kristdemokraterna.se\/ulricehamn\/wp-json\/wp\/v2\/posts\/505\/revisions"}],"predecessor-version":[{"id":506,"href":"https:\/\/wp.kristdemokraterna.se\/ulricehamn\/wp-json\/wp\/v2\/posts\/505\/revisions\/506"}],"wp:attachment":[{"href":"https:\/\/wp.kristdemokraterna.se\/ulricehamn\/wp-json\/wp\/v2\/media?parent=505"}],"wp:term":[{"taxonomy":"category","embeddable":true,"href":"https:\/\/wp.kristdemokraterna.se\/ulricehamn\/wp-json\/wp\/v2\/categories?post=505"},{"taxonomy":"post_tag","embeddable":true,"href":"https:\/\/wp.kristdemokraterna.se\/ulricehamn\/wp-json\/wp\/v2\/tags?post=505"}],"curies":[{"name":"wp","href":"https:\/\/api.w.org\/{rel}","templated":true}]}}