{"id":644,"date":"2023-02-27T12:38:59","date_gmt":"2023-02-27T11:38:59","guid":{"rendered":"https:\/\/wp.kristdemokraterna.se\/umea\/?p=644"},"modified":"2023-03-21T16:39:21","modified_gmt":"2023-03-21T15:39:21","slug":"skaning-ersatter-sellstrom-som-ordforande-for-kd-i-umea","status":"publish","type":"post","link":"https:\/\/wp.kristdemokraterna.se\/umea\/skaning-ersatter-sellstrom-som-ordforande-for-kd-i-umea\/","title":{"rendered":"Sk\u00e5ning ers\u00e4tter Sellstr\u00f6m som ordf\u00f6rande f\u00f6r KD i Ume\u00e5"},"content":{"rendered":"<p>Magnus Lunderquist valdes f\u00f6rra veckan till ny ordf\u00f6rande f\u00f6r Kristdemokraternas styrelse i Ume\u00e5. Han ers\u00e4tter Anders Sellstr\u00f6m.<\/p>\n<p class=\"vkmui-Paragraph vkmui-Paragraph--medium\"><strong>Magnus Lunderquist \u00e4r<\/strong>\u00a047 \u00e5r, uppvuxen i Malm\u00f6, har de senaste \u00e5ren bott i Staffanstorp d\u00e4r han var b\u00e5de ordf\u00f6rande och gruppledare f\u00f6r Kristdemokraterna och satt som ordf\u00f6rande f\u00f6r kulturn\u00e4mnden i Region Sk\u00e5ne. Han har nu flyttat till Ume\u00e5 f\u00f6r att arbeta som personalchef vid Sova s\u00e4ngvaruhus. Han tar \u00f6ver som ordf\u00f6rande f\u00f6r Kristdemokraterna i Ume\u00e5 efter Anders Sellstr\u00f6m, som l\u00e4mnar posten men som stannar kvar i styrelsen.<\/p>\n<p class=\"vkmui-Paragraph vkmui-Paragraph--medium\">\u2013 Ume\u00e5 \u00e4r en fantastisk stad med ett rikt kulturliv och ett starkt civilsamh\u00e4lle, och jag ser nu fram emot att tillsammans med styrelsen och v\u00e5ra medlemmar forts\u00e4tta det viktiga arbetet f\u00f6r ett b\u00e4ttre Ume\u00e5. Ett Ume\u00e5 som man kan lita p\u00e5 oavsett om man \u00e4r ung eller gammal. Framf\u00f6r allt s\u00e5 beh\u00f6ver vi bli b\u00e4ttre p\u00e5 att lyssna p\u00e5 v\u00e5ra \u00e4ldre n\u00e4r det g\u00e4ller deras omsorg, det skall vara tryggt att \u00e5ldras i Ume\u00e5 s\u00e4ger Magnus Lunderquist.<\/p>\n<p class=\"vkmui-Paragraph vkmui-Paragraph--medium\">P\u00e5 \u00e5rsm\u00f6tet valdes \u00e4ven Maria Edblom Tauson som vice ordf\u00f6rande i styrelsen som best\u00e5r av Lucas Nilsson, Robert Bark\u00e9us, Helen Edlund, Jan Kollberg, Anders Sellstr\u00f6m, Ewa Jonsson och Veronica Kerr.<\/p>\n","protected":false},"excerpt":{"rendered":"<p>Magnus Lunderquist valdes f\u00f6rra veckan till ny ordf\u00f6rande f\u00f6r Kristdemokraternas styrelse i Ume\u00e5. Han ers\u00e4tter Anders Sellstr\u00f6m. Magnus Lunderquist \u00e4r\u00a047 \u00e5r, uppvuxen i Malm\u00f6, har de senaste \u00e5ren bott i Staffanstorp d\u00e4r han var b\u00e5de ordf\u00f6rande och gruppledare f\u00f6r Kristdemokraterna och satt som ordf\u00f6rande f\u00f6r kulturn\u00e4mnden i Region Sk\u00e5ne. Han har nu flyttat till Ume\u00e5 <a class=\"read-more-link\" href=\"https:\/\/wp.kristdemokraterna.se\/umea\/skaning-ersatter-sellstrom-som-ordforande-for-kd-i-umea\/\">L\u00e4s mer<\/a><\/p>\n","protected":false},"author":32,"featured_media":0,"comment_status":"closed","ping_status":"closed","sticky":false,"template":"","format":"standard","meta":{"_acf_changed":false,"footnotes":""},"categories":[1],"tags":[],"class_list":["post-644","post","type-post","status-publish","format-standard","hentry","category-nyheter"],"acf":[],"yoast_head":"<!-- This site is optimized with the Yoast SEO plugin v27.4 - https:\/\/yoast.com\/product\/yoast-seo-wordpress\/ -->\n<title>Sk\u00e5ning ers\u00e4tter Sellstr\u00f6m som ordf\u00f6rande f\u00f6r KD i Ume\u00e5 - Kristdemokraterna | Ume\u00e5<\/title>\n<meta name=\"robots\" content=\"index, follow, max-snippet:-1, max-image-preview:large, max-video-preview:-1\" \/>\n<link rel=\"canonical\" href=\"https:\/\/wp.kristdemokraterna.se\/umea\/skaning-ersatter-sellstrom-som-ordforande-for-kd-i-umea\/\" \/>\n<meta property=\"og:locale\" content=\"sv_SE\" \/>\n<meta property=\"og:type\" content=\"article\" \/>\n<meta property=\"og:title\" content=\"Sk\u00e5ning ers\u00e4tter Sellstr\u00f6m som ordf\u00f6rande f\u00f6r KD i Ume\u00e5 - Kristdemokraterna | Ume\u00e5\" \/>\n<meta property=\"og:description\" content=\"Magnus Lunderquist valdes f\u00f6rra veckan till ny ordf\u00f6rande f\u00f6r Kristdemokraternas styrelse i Ume\u00e5. Han ers\u00e4tter Anders Sellstr\u00f6m. Magnus Lunderquist \u00e4r\u00a047 \u00e5r, uppvuxen i Malm\u00f6, har de senaste \u00e5ren bott i Staffanstorp d\u00e4r han var b\u00e5de ordf\u00f6rande och gruppledare f\u00f6r Kristdemokraterna och satt som ordf\u00f6rande f\u00f6r kulturn\u00e4mnden i Region Sk\u00e5ne. Han har nu flyttat till Ume\u00e5 L\u00e4s mer\" \/>\n<meta property=\"og:url\" content=\"https:\/\/wp.kristdemokraterna.se\/umea\/skaning-ersatter-sellstrom-som-ordforande-for-kd-i-umea\/\" \/>\n<meta property=\"og:site_name\" content=\"Kristdemokraterna | Ume\u00e5\" \/>\n<meta property=\"article:published_time\" content=\"2023-02-27T11:38:59+00:00\" \/>\n<meta property=\"article:modified_time\" content=\"2023-03-21T15:39:21+00:00\" \/>\n<meta name=\"author\" content=\"umea\" \/>\n<meta name=\"twitter:card\" content=\"summary_large_image\" \/>\n<meta name=\"twitter:label1\" content=\"Skriven av\" \/>\n\t<meta name=\"twitter:data1\" content=\"umea\" \/>\n\t<meta name=\"twitter:label2\" content=\"Ber\u00e4knad l\u00e4stid\" \/>\n\t<meta name=\"twitter:data2\" content=\"1 minut\" \/>\n<script type=\"application\/ld+json\" class=\"yoast-schema-graph\">{\"@context\":\"https:\\\/\\\/schema.org\",\"@graph\":[{\"@type\":\"Article\",\"@id\":\"https:\\\/\\\/wp.kristdemokraterna.se\\\/umea\\\/skaning-ersatter-sellstrom-som-ordforande-for-kd-i-umea\\\/#article\",\"isPartOf\":{\"@id\":\"https:\\\/\\\/wp.kristdemokraterna.se\\\/umea\\\/skaning-ersatter-sellstrom-som-ordforande-for-kd-i-umea\\\/\"},\"author\":{\"name\":\"umea\",\"@id\":\"https:\\\/\\\/wp.kristdemokraterna.se\\\/umea\\\/#\\\/schema\\\/person\\\/1ca385300b92337b95e356eaeb6be97c\"},\"headline\":\"Sk\u00e5ning ers\u00e4tter Sellstr\u00f6m som ordf\u00f6rande f\u00f6r KD i Ume\u00e5\",\"datePublished\":\"2023-02-27T11:38:59+00:00\",\"dateModified\":\"2023-03-21T15:39:21+00:00\",\"mainEntityOfPage\":{\"@id\":\"https:\\\/\\\/wp.kristdemokraterna.se\\\/umea\\\/skaning-ersatter-sellstrom-som-ordforande-for-kd-i-umea\\\/\"},\"wordCount\":241,\"articleSection\":[\"Nyheter\"],\"inLanguage\":\"sv-SE\"},{\"@type\":\"WebPage\",\"@id\":\"https:\\\/\\\/wp.kristdemokraterna.se\\\/umea\\\/skaning-ersatter-sellstrom-som-ordforande-for-kd-i-umea\\\/\",\"url\":\"https:\\\/\\\/wp.kristdemokraterna.se\\\/umea\\\/skaning-ersatter-sellstrom-som-ordforande-for-kd-i-umea\\\/\",\"name\":\"Sk\u00e5ning ers\u00e4tter Sellstr\u00f6m som ordf\u00f6rande f\u00f6r KD i Ume\u00e5 - Kristdemokraterna | Ume\u00e5\",\"isPartOf\":{\"@id\":\"https:\\\/\\\/wp.kristdemokraterna.se\\\/umea\\\/#website\"},\"datePublished\":\"2023-02-27T11:38:59+00:00\",\"dateModified\":\"2023-03-21T15:39:21+00:00\",\"author\":{\"@id\":\"https:\\\/\\\/wp.kristdemokraterna.se\\\/umea\\\/#\\\/schema\\\/person\\\/1ca385300b92337b95e356eaeb6be97c\"},\"breadcrumb\":{\"@id\":\"https:\\\/\\\/wp.kristdemokraterna.se\\\/umea\\\/skaning-ersatter-sellstrom-som-ordforande-for-kd-i-umea\\\/#breadcrumb\"},\"inLanguage\":\"sv-SE\",\"potentialAction\":[{\"@type\":\"ReadAction\",\"target\":[\"https:\\\/\\\/wp.kristdemokraterna.se\\\/umea\\\/skaning-ersatter-sellstrom-som-ordforande-for-kd-i-umea\\\/\"]}]},{\"@type\":\"BreadcrumbList\",\"@id\":\"https:\\\/\\\/wp.kristdemokraterna.se\\\/umea\\\/skaning-ersatter-sellstrom-som-ordforande-for-kd-i-umea\\\/#breadcrumb\",\"itemListElement\":[{\"@type\":\"ListItem\",\"position\":1,\"name\":\"Hem\",\"item\":\"https:\\\/\\\/wp.kristdemokraterna.se\\\/umea\\\/\"},{\"@type\":\"ListItem\",\"position\":2,\"name\":\"Sk\u00e5ning ers\u00e4tter Sellstr\u00f6m som ordf\u00f6rande f\u00f6r KD i Ume\u00e5\"}]},{\"@type\":\"WebSite\",\"@id\":\"https:\\\/\\\/wp.kristdemokraterna.se\\\/umea\\\/#website\",\"url\":\"https:\\\/\\\/wp.kristdemokraterna.se\\\/umea\\\/\",\"name\":\"Kristdemokraterna | Ume\u00e5\",\"description\":\"3 viktiga omr\u00e5den: Sjukv\u00e5rd - \u00c4ldre - Trygghet\",\"inLanguage\":\"sv-SE\"},{\"@type\":\"Person\",\"@id\":\"https:\\\/\\\/wp.kristdemokraterna.se\\\/umea\\\/#\\\/schema\\\/person\\\/1ca385300b92337b95e356eaeb6be97c\",\"name\":\"umea\",\"image\":{\"@type\":\"ImageObject\",\"inLanguage\":\"sv-SE\",\"@id\":\"https:\\\/\\\/secure.gravatar.com\\\/avatar\\\/494a3466d0d840af566691ad3cd1b40b236916029e023e0ca48cd5293d836b82?s=96&d=mm&r=g\",\"url\":\"https:\\\/\\\/secure.gravatar.com\\\/avatar\\\/494a3466d0d840af566691ad3cd1b40b236916029e023e0ca48cd5293d836b82?s=96&d=mm&r=g\",\"contentUrl\":\"https:\\\/\\\/secure.gravatar.com\\\/avatar\\\/494a3466d0d840af566691ad3cd1b40b236916029e023e0ca48cd5293d836b82?s=96&d=mm&r=g\",\"caption\":\"umea\"},\"url\":\"https:\\\/\\\/wp.kristdemokraterna.se\\\/umea\\\/author\\\/umea\\\/\"}]}<\/script>\n<!-- \/ Yoast SEO plugin. -->","yoast_head_json":{"title":"Sk\u00e5ning ers\u00e4tter Sellstr\u00f6m som ordf\u00f6rande f\u00f6r KD i Ume\u00e5 - Kristdemokraterna | Ume\u00e5","robots":{"index":"index","follow":"follow","max-snippet":"max-snippet:-1","max-image-preview":"max-image-preview:large","max-video-preview":"max-video-preview:-1"},"canonical":"https:\/\/wp.kristdemokraterna.se\/umea\/skaning-ersatter-sellstrom-som-ordforande-for-kd-i-umea\/","og_locale":"sv_SE","og_type":"article","og_title":"Sk\u00e5ning ers\u00e4tter Sellstr\u00f6m som ordf\u00f6rande f\u00f6r KD i Ume\u00e5 - Kristdemokraterna | Ume\u00e5","og_description":"Magnus Lunderquist valdes f\u00f6rra veckan till ny ordf\u00f6rande f\u00f6r Kristdemokraternas styrelse i Ume\u00e5. Han ers\u00e4tter Anders Sellstr\u00f6m. Magnus Lunderquist \u00e4r\u00a047 \u00e5r, uppvuxen i Malm\u00f6, har de senaste \u00e5ren bott i Staffanstorp d\u00e4r han var b\u00e5de ordf\u00f6rande och gruppledare f\u00f6r Kristdemokraterna och satt som ordf\u00f6rande f\u00f6r kulturn\u00e4mnden i Region Sk\u00e5ne. Han har nu flyttat till Ume\u00e5 L\u00e4s mer","og_url":"https:\/\/wp.kristdemokraterna.se\/umea\/skaning-ersatter-sellstrom-som-ordforande-for-kd-i-umea\/","og_site_name":"Kristdemokraterna | Ume\u00e5","article_published_time":"2023-02-27T11:38:59+00:00","article_modified_time":"2023-03-21T15:39:21+00:00","author":"umea","twitter_card":"summary_large_image","twitter_misc":{"Skriven av":"umea","Ber\u00e4knad l\u00e4stid":"1 minut"},"schema":{"@context":"https:\/\/schema.org","@graph":[{"@type":"Article","@id":"https:\/\/wp.kristdemokraterna.se\/umea\/skaning-ersatter-sellstrom-som-ordforande-for-kd-i-umea\/#article","isPartOf":{"@id":"https:\/\/wp.kristdemokraterna.se\/umea\/skaning-ersatter-sellstrom-som-ordforande-for-kd-i-umea\/"},"author":{"name":"umea","@id":"https:\/\/wp.kristdemokraterna.se\/umea\/#\/schema\/person\/1ca385300b92337b95e356eaeb6be97c"},"headline":"Sk\u00e5ning ers\u00e4tter Sellstr\u00f6m som ordf\u00f6rande f\u00f6r KD i Ume\u00e5","datePublished":"2023-02-27T11:38:59+00:00","dateModified":"2023-03-21T15:39:21+00:00","mainEntityOfPage":{"@id":"https:\/\/wp.kristdemokraterna.se\/umea\/skaning-ersatter-sellstrom-som-ordforande-for-kd-i-umea\/"},"wordCount":241,"articleSection":["Nyheter"],"inLanguage":"sv-SE"},{"@type":"WebPage","@id":"https:\/\/wp.kristdemokraterna.se\/umea\/skaning-ersatter-sellstrom-som-ordforande-for-kd-i-umea\/","url":"https:\/\/wp.kristdemokraterna.se\/umea\/skaning-ersatter-sellstrom-som-ordforande-for-kd-i-umea\/","name":"Sk\u00e5ning ers\u00e4tter Sellstr\u00f6m som ordf\u00f6rande f\u00f6r KD i Ume\u00e5 - Kristdemokraterna | Ume\u00e5","isPartOf":{"@id":"https:\/\/wp.kristdemokraterna.se\/umea\/#website"},"datePublished":"2023-02-27T11:38:59+00:00","dateModified":"2023-03-21T15:39:21+00:00","author":{"@id":"https:\/\/wp.kristdemokraterna.se\/umea\/#\/schema\/person\/1ca385300b92337b95e356eaeb6be97c"},"breadcrumb":{"@id":"https:\/\/wp.kristdemokraterna.se\/umea\/skaning-ersatter-sellstrom-som-ordforande-for-kd-i-umea\/#breadcrumb"},"inLanguage":"sv-SE","potentialAction":[{"@type":"ReadAction","target":["https:\/\/wp.kristdemokraterna.se\/umea\/skaning-ersatter-sellstrom-som-ordforande-for-kd-i-umea\/"]}]},{"@type":"BreadcrumbList","@id":"https:\/\/wp.kristdemokraterna.se\/umea\/skaning-ersatter-sellstrom-som-ordforande-for-kd-i-umea\/#breadcrumb","itemListElement":[{"@type":"ListItem","position":1,"name":"Hem","item":"https:\/\/wp.kristdemokraterna.se\/umea\/"},{"@type":"ListItem","position":2,"name":"Sk\u00e5ning ers\u00e4tter Sellstr\u00f6m som ordf\u00f6rande f\u00f6r KD i Ume\u00e5"}]},{"@type":"WebSite","@id":"https:\/\/wp.kristdemokraterna.se\/umea\/#website","url":"https:\/\/wp.kristdemokraterna.se\/umea\/","name":"Kristdemokraterna | Ume\u00e5","description":"3 viktiga omr\u00e5den: Sjukv\u00e5rd - \u00c4ldre - Trygghet","inLanguage":"sv-SE"},{"@type":"Person","@id":"https:\/\/wp.kristdemokraterna.se\/umea\/#\/schema\/person\/1ca385300b92337b95e356eaeb6be97c","name":"umea","image":{"@type":"ImageObject","inLanguage":"sv-SE","@id":"https:\/\/secure.gravatar.com\/avatar\/494a3466d0d840af566691ad3cd1b40b236916029e023e0ca48cd5293d836b82?s=96&d=mm&r=g","url":"https:\/\/secure.gravatar.com\/avatar\/494a3466d0d840af566691ad3cd1b40b236916029e023e0ca48cd5293d836b82?s=96&d=mm&r=g","contentUrl":"https:\/\/secure.gravatar.com\/avatar\/494a3466d0d840af566691ad3cd1b40b236916029e023e0ca48cd5293d836b82?s=96&d=mm&r=g","caption":"umea"},"url":"https:\/\/wp.kristdemokraterna.se\/umea\/author\/umea\/"}]}},"_links":{"self":[{"href":"https:\/\/wp.kristdemokraterna.se\/umea\/wp-json\/wp\/v2\/posts\/644","targetHints":{"allow":["GET"]}}],"collection":[{"href":"https:\/\/wp.kristdemokraterna.se\/umea\/wp-json\/wp\/v2\/posts"}],"about":[{"href":"https:\/\/wp.kristdemokraterna.se\/umea\/wp-json\/wp\/v2\/types\/post"}],"author":[{"embeddable":true,"href":"https:\/\/wp.kristdemokraterna.se\/umea\/wp-json\/wp\/v2\/users\/32"}],"replies":[{"embeddable":true,"href":"https:\/\/wp.kristdemokraterna.se\/umea\/wp-json\/wp\/v2\/comments?post=644"}],"version-history":[{"count":1,"href":"https:\/\/wp.kristdemokraterna.se\/umea\/wp-json\/wp\/v2\/posts\/644\/revisions"}],"predecessor-version":[{"id":646,"href":"https:\/\/wp.kristdemokraterna.se\/umea\/wp-json\/wp\/v2\/posts\/644\/revisions\/646"}],"wp:attachment":[{"href":"https:\/\/wp.kristdemokraterna.se\/umea\/wp-json\/wp\/v2\/media?parent=644"}],"wp:term":[{"taxonomy":"category","embeddable":true,"href":"https:\/\/wp.kristdemokraterna.se\/umea\/wp-json\/wp\/v2\/categories?post=644"},{"taxonomy":"post_tag","embeddable":true,"href":"https:\/\/wp.kristdemokraterna.se\/umea\/wp-json\/wp\/v2\/tags?post=644"}],"curies":[{"name":"wp","href":"https:\/\/api.w.org\/{rel}","templated":true}]}}