{"id":600,"date":"2018-09-10T18:27:23","date_gmt":"2018-09-10T16:27:23","guid":{"rendered":"http:\/\/wp.kristdemokraterna.se\/upplands-bro\/?p=600"},"modified":"2018-09-10T18:27:23","modified_gmt":"2018-09-10T16:27:23","slug":"vi-har-ett-resultat","status":"publish","type":"post","link":"https:\/\/wp.kristdemokraterna.se\/upplands-bro\/vi-har-ett-resultat\/","title":{"rendered":"Vi har ett resultat!"},"content":{"rendered":"<p>En sp\u00e4nnande valr\u00f6relse \u00e4r avslutad. Vi har ett prelimin\u00e4rt resultat. P\u00e5 onsdag har vi ett slutligt resultat. Och p\u00e5 fredag eller m\u00e5ndag vet vi kryssen- vilka som blir folkvalda.<\/p>\n<p>Det resultat som nu \u00e4r k\u00e4nt ger Kristdemokraterna 6,5% \/ 3 mandat i kommunen. Hela Alliansen har 19 mandat tillsammans. F\u00f6r att f\u00e5 majoritet kr\u00e4vs 21 mandat. Rent teoretiskt kan M+S f\u00e5 det och \u00e4ven S+MP+C+L+KD. M s\u00e4ger nej och L s\u00e4ger nej s\u00e5 dessa alternativ existerar ej oavsett vad andra partier svarar. Andra alternativ anses ocks\u00e5 orimliga.<\/p>\n<p>Nu kr\u00e4vs en ordentlig djupanalys och sedan beslut f\u00f6r att kommunen ska ledas!<\/p>\n<p>I riksdagen kan t.ex Moderaterna sj\u00e4lva bilda regering och f\u00e5 hoppande st\u00f6d av \u00f6vriga partier. Lite liknande Norges till\u00e4mpning.<\/p>\n<p>&#8221;Ni m\u00e5ste prata med SD&#8221; eller &#8221;sluta mobba SD&#8221; \u00e4r vanliga kommentarer. S\u00e5dana kommentarer har jag aldrig tidigare f\u00e5tt om VPK eller numer V. SD lever gott p\u00e5 offerkofta-rollen trots sin farliga s\u00e4rart.<\/p>\n<p>En liten pojke i tio \u00e5rs \u00e5ldern kom fram till mig i valstugan. -Om SD vinner valet kommer min pappa att tvingas l\u00e4mna Sverige d\u00e5? Jag v\u00e4ntade en aning med svaret och sa nej det tror jag inte. Men inom mig led jag av fr\u00e5gan. Hur har det blivit s\u00e5? Hur kan goda v\u00e4nner jag k\u00e4nner ge sitt st\u00f6d till det?<\/p>\n<p>Nu \u00e4r valet \u00f6ver och landet ska ledas. Det m\u00e5ste vi klara av!<\/p>\n","protected":false},"excerpt":{"rendered":"<p>En sp\u00e4nnande valr\u00f6relse \u00e4r avslutad. Vi har ett prelimin\u00e4rt resultat. P\u00e5 onsdag har vi ett slutligt resultat. Och p\u00e5 fredag eller m\u00e5ndag vet vi kryssen- vilka som blir folkvalda. Det resultat som nu \u00e4r k\u00e4nt ger Kristdemokraterna 6,5% \/ 3 mandat i kommunen. Hela Alliansen har 19 mandat tillsammans. F\u00f6r att f\u00e5 majoritet kr\u00e4vs 21 <a class=\"read-more-link\" href=\"https:\/\/wp.kristdemokraterna.se\/upplands-bro\/vi-har-ett-resultat\/\">L\u00e4s mer<\/a><\/p>\n","protected":false},"author":444,"featured_media":714,"comment_status":"closed","ping_status":"closed","sticky":false,"template":"","format":"standard","meta":{"_acf_changed":false,"footnotes":""},"categories":[1],"tags":[],"class_list":["post-600","post","type-post","status-publish","format-standard","hentry","category-okategoriserade"],"acf":[],"yoast_head":"<!-- This site is optimized with the Yoast SEO plugin v27.4 - https:\/\/yoast.com\/product\/yoast-seo-wordpress\/ -->\n<title>Vi har ett resultat! - Kristdemokraterna | Upplands-Bro<\/title>\n<meta name=\"robots\" content=\"index, follow, max-snippet:-1, max-image-preview:large, max-video-preview:-1\" \/>\n<link rel=\"canonical\" href=\"https:\/\/wp.kristdemokraterna.se\/upplands-bro\/vi-har-ett-resultat\/\" \/>\n<meta property=\"og:locale\" content=\"sv_SE\" \/>\n<meta property=\"og:type\" content=\"article\" \/>\n<meta property=\"og:title\" content=\"Vi har ett resultat! - Kristdemokraterna | Upplands-Bro\" \/>\n<meta property=\"og:description\" content=\"En sp\u00e4nnande valr\u00f6relse \u00e4r avslutad. Vi har ett prelimin\u00e4rt resultat. P\u00e5 onsdag har vi ett slutligt resultat. Och p\u00e5 fredag eller m\u00e5ndag vet vi kryssen- vilka som blir folkvalda. Det resultat som nu \u00e4r k\u00e4nt ger Kristdemokraterna 6,5% \/ 3 mandat i kommunen. Hela Alliansen har 19 mandat tillsammans. F\u00f6r att f\u00e5 majoritet kr\u00e4vs 21 L\u00e4s mer\" \/>\n<meta property=\"og:url\" content=\"https:\/\/wp.kristdemokraterna.se\/upplands-bro\/vi-har-ett-resultat\/\" \/>\n<meta property=\"og:site_name\" content=\"Kristdemokraterna | Upplands-Bro\" \/>\n<meta property=\"article:published_time\" content=\"2018-09-10T16:27:23+00:00\" \/>\n<meta name=\"author\" content=\"helpdesk\" \/>\n<meta name=\"twitter:card\" content=\"summary_large_image\" \/>\n<meta name=\"twitter:label1\" content=\"Skriven av\" \/>\n\t<meta name=\"twitter:data1\" content=\"helpdesk\" \/>\n\t<meta name=\"twitter:label2\" content=\"Ber\u00e4knad l\u00e4stid\" \/>\n\t<meta name=\"twitter:data2\" content=\"1 minut\" \/>\n<script type=\"application\/ld+json\" class=\"yoast-schema-graph\">{\"@context\":\"https:\\\/\\\/schema.org\",\"@graph\":[{\"@type\":\"Article\",\"@id\":\"https:\\\/\\\/wp.kristdemokraterna.se\\\/upplands-bro\\\/vi-har-ett-resultat\\\/#article\",\"isPartOf\":{\"@id\":\"https:\\\/\\\/wp.kristdemokraterna.se\\\/upplands-bro\\\/vi-har-ett-resultat\\\/\"},\"author\":{\"name\":\"helpdesk\",\"@id\":\"https:\\\/\\\/wp.kristdemokraterna.se\\\/upplands-bro\\\/#\\\/schema\\\/person\\\/98d27838d17178471da5e8a56aa604a4\"},\"headline\":\"Vi har ett resultat!\",\"datePublished\":\"2018-09-10T16:27:23+00:00\",\"mainEntityOfPage\":{\"@id\":\"https:\\\/\\\/wp.kristdemokraterna.se\\\/upplands-bro\\\/vi-har-ett-resultat\\\/\"},\"wordCount\":256,\"image\":{\"@id\":\"https:\\\/\\\/wp.kristdemokraterna.se\\\/upplands-bro\\\/vi-har-ett-resultat\\\/#primaryimage\"},\"thumbnailUrl\":\"\",\"inLanguage\":\"sv-SE\"},{\"@type\":\"WebPage\",\"@id\":\"https:\\\/\\\/wp.kristdemokraterna.se\\\/upplands-bro\\\/vi-har-ett-resultat\\\/\",\"url\":\"https:\\\/\\\/wp.kristdemokraterna.se\\\/upplands-bro\\\/vi-har-ett-resultat\\\/\",\"name\":\"Vi har ett resultat! - Kristdemokraterna | Upplands-Bro\",\"isPartOf\":{\"@id\":\"https:\\\/\\\/wp.kristdemokraterna.se\\\/upplands-bro\\\/#website\"},\"primaryImageOfPage\":{\"@id\":\"https:\\\/\\\/wp.kristdemokraterna.se\\\/upplands-bro\\\/vi-har-ett-resultat\\\/#primaryimage\"},\"image\":{\"@id\":\"https:\\\/\\\/wp.kristdemokraterna.se\\\/upplands-bro\\\/vi-har-ett-resultat\\\/#primaryimage\"},\"thumbnailUrl\":\"\",\"datePublished\":\"2018-09-10T16:27:23+00:00\",\"author\":{\"@id\":\"https:\\\/\\\/wp.kristdemokraterna.se\\\/upplands-bro\\\/#\\\/schema\\\/person\\\/98d27838d17178471da5e8a56aa604a4\"},\"breadcrumb\":{\"@id\":\"https:\\\/\\\/wp.kristdemokraterna.se\\\/upplands-bro\\\/vi-har-ett-resultat\\\/#breadcrumb\"},\"inLanguage\":\"sv-SE\",\"potentialAction\":[{\"@type\":\"ReadAction\",\"target\":[\"https:\\\/\\\/wp.kristdemokraterna.se\\\/upplands-bro\\\/vi-har-ett-resultat\\\/\"]}]},{\"@type\":\"ImageObject\",\"inLanguage\":\"sv-SE\",\"@id\":\"https:\\\/\\\/wp.kristdemokraterna.se\\\/upplands-bro\\\/vi-har-ett-resultat\\\/#primaryimage\",\"url\":\"\",\"contentUrl\":\"\"},{\"@type\":\"BreadcrumbList\",\"@id\":\"https:\\\/\\\/wp.kristdemokraterna.se\\\/upplands-bro\\\/vi-har-ett-resultat\\\/#breadcrumb\",\"itemListElement\":[{\"@type\":\"ListItem\",\"position\":1,\"name\":\"Hem\",\"item\":\"https:\\\/\\\/wp.kristdemokraterna.se\\\/upplands-bro\\\/\"},{\"@type\":\"ListItem\",\"position\":2,\"name\":\"Vi har ett resultat!\"}]},{\"@type\":\"WebSite\",\"@id\":\"https:\\\/\\\/wp.kristdemokraterna.se\\\/upplands-bro\\\/#website\",\"url\":\"https:\\\/\\\/wp.kristdemokraterna.se\\\/upplands-bro\\\/\",\"name\":\"Kristdemokraterna | Upplands-Bro\",\"description\":\"En till Kristdemokraterna webbplats\",\"inLanguage\":\"sv-SE\"},{\"@type\":\"Person\",\"@id\":\"https:\\\/\\\/wp.kristdemokraterna.se\\\/upplands-bro\\\/#\\\/schema\\\/person\\\/98d27838d17178471da5e8a56aa604a4\",\"name\":\"helpdesk\",\"image\":{\"@type\":\"ImageObject\",\"inLanguage\":\"sv-SE\",\"@id\":\"https:\\\/\\\/secure.gravatar.com\\\/avatar\\\/2e747bc9a7d4e5a6ecca7d851e4175129f995f3f6d9ef18734d1ff623abe4a88?s=96&d=mm&r=g\",\"url\":\"https:\\\/\\\/secure.gravatar.com\\\/avatar\\\/2e747bc9a7d4e5a6ecca7d851e4175129f995f3f6d9ef18734d1ff623abe4a88?s=96&d=mm&r=g\",\"contentUrl\":\"https:\\\/\\\/secure.gravatar.com\\\/avatar\\\/2e747bc9a7d4e5a6ecca7d851e4175129f995f3f6d9ef18734d1ff623abe4a88?s=96&d=mm&r=g\",\"caption\":\"helpdesk\"},\"url\":\"https:\\\/\\\/wp.kristdemokraterna.se\\\/upplands-bro\\\/author\\\/helpdesk\\\/\"}]}<\/script>\n<!-- \/ Yoast SEO plugin. -->","yoast_head_json":{"title":"Vi har ett resultat! - Kristdemokraterna | Upplands-Bro","robots":{"index":"index","follow":"follow","max-snippet":"max-snippet:-1","max-image-preview":"max-image-preview:large","max-video-preview":"max-video-preview:-1"},"canonical":"https:\/\/wp.kristdemokraterna.se\/upplands-bro\/vi-har-ett-resultat\/","og_locale":"sv_SE","og_type":"article","og_title":"Vi har ett resultat! - Kristdemokraterna | Upplands-Bro","og_description":"En sp\u00e4nnande valr\u00f6relse \u00e4r avslutad. Vi har ett prelimin\u00e4rt resultat. P\u00e5 onsdag har vi ett slutligt resultat. Och p\u00e5 fredag eller m\u00e5ndag vet vi kryssen- vilka som blir folkvalda. Det resultat som nu \u00e4r k\u00e4nt ger Kristdemokraterna 6,5% \/ 3 mandat i kommunen. Hela Alliansen har 19 mandat tillsammans. F\u00f6r att f\u00e5 majoritet kr\u00e4vs 21 L\u00e4s mer","og_url":"https:\/\/wp.kristdemokraterna.se\/upplands-bro\/vi-har-ett-resultat\/","og_site_name":"Kristdemokraterna | Upplands-Bro","article_published_time":"2018-09-10T16:27:23+00:00","author":"helpdesk","twitter_card":"summary_large_image","twitter_misc":{"Skriven av":"helpdesk","Ber\u00e4knad l\u00e4stid":"1 minut"},"schema":{"@context":"https:\/\/schema.org","@graph":[{"@type":"Article","@id":"https:\/\/wp.kristdemokraterna.se\/upplands-bro\/vi-har-ett-resultat\/#article","isPartOf":{"@id":"https:\/\/wp.kristdemokraterna.se\/upplands-bro\/vi-har-ett-resultat\/"},"author":{"name":"helpdesk","@id":"https:\/\/wp.kristdemokraterna.se\/upplands-bro\/#\/schema\/person\/98d27838d17178471da5e8a56aa604a4"},"headline":"Vi har ett resultat!","datePublished":"2018-09-10T16:27:23+00:00","mainEntityOfPage":{"@id":"https:\/\/wp.kristdemokraterna.se\/upplands-bro\/vi-har-ett-resultat\/"},"wordCount":256,"image":{"@id":"https:\/\/wp.kristdemokraterna.se\/upplands-bro\/vi-har-ett-resultat\/#primaryimage"},"thumbnailUrl":"","inLanguage":"sv-SE"},{"@type":"WebPage","@id":"https:\/\/wp.kristdemokraterna.se\/upplands-bro\/vi-har-ett-resultat\/","url":"https:\/\/wp.kristdemokraterna.se\/upplands-bro\/vi-har-ett-resultat\/","name":"Vi har ett resultat! - Kristdemokraterna | Upplands-Bro","isPartOf":{"@id":"https:\/\/wp.kristdemokraterna.se\/upplands-bro\/#website"},"primaryImageOfPage":{"@id":"https:\/\/wp.kristdemokraterna.se\/upplands-bro\/vi-har-ett-resultat\/#primaryimage"},"image":{"@id":"https:\/\/wp.kristdemokraterna.se\/upplands-bro\/vi-har-ett-resultat\/#primaryimage"},"thumbnailUrl":"","datePublished":"2018-09-10T16:27:23+00:00","author":{"@id":"https:\/\/wp.kristdemokraterna.se\/upplands-bro\/#\/schema\/person\/98d27838d17178471da5e8a56aa604a4"},"breadcrumb":{"@id":"https:\/\/wp.kristdemokraterna.se\/upplands-bro\/vi-har-ett-resultat\/#breadcrumb"},"inLanguage":"sv-SE","potentialAction":[{"@type":"ReadAction","target":["https:\/\/wp.kristdemokraterna.se\/upplands-bro\/vi-har-ett-resultat\/"]}]},{"@type":"ImageObject","inLanguage":"sv-SE","@id":"https:\/\/wp.kristdemokraterna.se\/upplands-bro\/vi-har-ett-resultat\/#primaryimage","url":"","contentUrl":""},{"@type":"BreadcrumbList","@id":"https:\/\/wp.kristdemokraterna.se\/upplands-bro\/vi-har-ett-resultat\/#breadcrumb","itemListElement":[{"@type":"ListItem","position":1,"name":"Hem","item":"https:\/\/wp.kristdemokraterna.se\/upplands-bro\/"},{"@type":"ListItem","position":2,"name":"Vi har ett resultat!"}]},{"@type":"WebSite","@id":"https:\/\/wp.kristdemokraterna.se\/upplands-bro\/#website","url":"https:\/\/wp.kristdemokraterna.se\/upplands-bro\/","name":"Kristdemokraterna | Upplands-Bro","description":"En till Kristdemokraterna webbplats","inLanguage":"sv-SE"},{"@type":"Person","@id":"https:\/\/wp.kristdemokraterna.se\/upplands-bro\/#\/schema\/person\/98d27838d17178471da5e8a56aa604a4","name":"helpdesk","image":{"@type":"ImageObject","inLanguage":"sv-SE","@id":"https:\/\/secure.gravatar.com\/avatar\/2e747bc9a7d4e5a6ecca7d851e4175129f995f3f6d9ef18734d1ff623abe4a88?s=96&d=mm&r=g","url":"https:\/\/secure.gravatar.com\/avatar\/2e747bc9a7d4e5a6ecca7d851e4175129f995f3f6d9ef18734d1ff623abe4a88?s=96&d=mm&r=g","contentUrl":"https:\/\/secure.gravatar.com\/avatar\/2e747bc9a7d4e5a6ecca7d851e4175129f995f3f6d9ef18734d1ff623abe4a88?s=96&d=mm&r=g","caption":"helpdesk"},"url":"https:\/\/wp.kristdemokraterna.se\/upplands-bro\/author\/helpdesk\/"}]}},"_links":{"self":[{"href":"https:\/\/wp.kristdemokraterna.se\/upplands-bro\/wp-json\/wp\/v2\/posts\/600","targetHints":{"allow":["GET"]}}],"collection":[{"href":"https:\/\/wp.kristdemokraterna.se\/upplands-bro\/wp-json\/wp\/v2\/posts"}],"about":[{"href":"https:\/\/wp.kristdemokraterna.se\/upplands-bro\/wp-json\/wp\/v2\/types\/post"}],"author":[{"embeddable":true,"href":"https:\/\/wp.kristdemokraterna.se\/upplands-bro\/wp-json\/wp\/v2\/users\/444"}],"replies":[{"embeddable":true,"href":"https:\/\/wp.kristdemokraterna.se\/upplands-bro\/wp-json\/wp\/v2\/comments?post=600"}],"version-history":[{"count":0,"href":"https:\/\/wp.kristdemokraterna.se\/upplands-bro\/wp-json\/wp\/v2\/posts\/600\/revisions"}],"wp:featuredmedia":[{"embeddable":true,"href":"https:\/\/wp.kristdemokraterna.se\/upplands-bro\/wp-json\/"}],"wp:attachment":[{"href":"https:\/\/wp.kristdemokraterna.se\/upplands-bro\/wp-json\/wp\/v2\/media?parent=600"}],"wp:term":[{"taxonomy":"category","embeddable":true,"href":"https:\/\/wp.kristdemokraterna.se\/upplands-bro\/wp-json\/wp\/v2\/categories?post=600"},{"taxonomy":"post_tag","embeddable":true,"href":"https:\/\/wp.kristdemokraterna.se\/upplands-bro\/wp-json\/wp\/v2\/tags?post=600"}],"curies":[{"name":"wp","href":"https:\/\/api.w.org\/{rel}","templated":true}]}}