{"id":666,"date":"2021-03-11T10:19:44","date_gmt":"2021-03-11T09:19:44","guid":{"rendered":"https:\/\/wp.kristdemokraterna.se\/upplands-bro\/?p=666"},"modified":"2022-04-11T16:13:02","modified_gmt":"2022-04-11T14:13:02","slug":"omdaning-bro","status":"publish","type":"post","link":"https:\/\/wp.kristdemokraterna.se\/upplands-bro\/omdaning-bro\/","title":{"rendered":"Nya skolan i Bro"},"content":{"rendered":"<p><a href=\"http:\/\/wp.kristdemokraterna.se\/upplands-bro\/files\/2021\/03\/20210309_152519-scaled.jpg\"><img loading=\"lazy\" decoding=\"async\" class=\" wp-image-668 alignleft\" src=\"http:\/\/wp.kristdemokraterna.se\/upplands-bro\/files\/2021\/03\/20210309_152519-300x169.jpg\" alt=\"\" width=\"388\" height=\"222\" \/><\/a><a href=\"http:\/\/wp.kristdemokraterna.se\/upplands-bro\/files\/2021\/03\/20210309_151353-scaled.jpg\">Omdaning Bro \u00e4r ett projekt som nu har startat. Tv\u00e5 viktiga m\u00e5l ligger bakom uppdraget. Att skapa \u00f6kad trygghet i det av Polisen utpekade omr\u00e5det i Bro som &#8221;utsatt omr\u00e5de&#8221;. Att skapa fler arbetsplatser i Bro C f\u00f6r at \u00f6ka<\/a><a href=\"http:\/\/wp.kristdemokraterna.se\/upplands-bro\/files\/2021\/03\/20210309_152522-scaled.jpg\"><img loading=\"lazy\" decoding=\"async\" class=\" wp-image-669 alignright\" src=\"http:\/\/wp.kristdemokraterna.se\/upplands-bro\/files\/2021\/03\/20210309_152522-300x169.jpg\" alt=\"\" width=\"355\" height=\"204\" \/><\/a><a href=\"http:\/\/wp.kristdemokraterna.se\/upplands-bro\/files\/2021\/03\/20210309_151353-scaled.jpg\"> vuxenn\u00e4rvaron och \u00f6kad attraktion till omr\u00e5det.<\/a><\/p>\n<p><a href=\"http:\/\/wp.kristdemokraterna.se\/upplands-bro\/files\/2021\/03\/20210309_151353-scaled.jpg\">F\u00f6rsta steget blir att nu besluta om ny detaljplan f\u00f6r nya skolan i Bro i direkt anslutning till Finnsta rondellen. Meningen \u00e4r att Broskolan flyttas dit. Upptagningsomr\u00e5det blir hela Bro d\u00e4r j\u00e4rnv\u00e4gen idag delar s\u00f6dra och norra delarna. <\/a><a href=\"http:\/\/wp.kristdemokraterna.se\/upplands-bro\/files\/2021\/03\/20210309_151353-scaled.jpg\"><img loading=\"lazy\" decoding=\"async\" class=\"wp-image-667 alignleft\" src=\"http:\/\/wp.kristdemokraterna.se\/upplands-bro\/files\/2021\/03\/20210309_151353-300x169.jpg\" alt=\"\" width=\"353\" height=\"205\" \/><\/a><a href=\"http:\/\/wp.kristdemokraterna.se\/upplands-bro\/files\/2021\/03\/20210309_151353-scaled.jpg\">Ur ett integrationsperspektiv \u00e4r det ett klokt beslut som ger goda f\u00f6ruts\u00e4ttningar att h\u00e5lla samman samh\u00e4llet. det ger ocks\u00e5 en naturlig koppling till Bro IP f\u00f6r flera idrottssatsningar.<\/a><\/p>\n<p><a href=\"http:\/\/wp.kristdemokraterna.se\/upplands-bro\/files\/2021\/03\/20210309_151353-scaled.jpg\">Under veckan gjorde den politiska ledning ett studiebes\u00f6k i Sigtuna d\u00e4r Engelska skolan byggs och Raul Wallenbergs fsk. Vi l\u00e4r och tar med oss hem f\u00f6r kloka beslut.<\/a><\/p>\n<p>&nbsp;<\/p>\n","protected":false},"excerpt":{"rendered":"<p>Omdaning Bro \u00e4r ett projekt som nu har startat. Tv\u00e5 viktiga m\u00e5l ligger bakom uppdraget. Att skapa \u00f6kad trygghet i det av Polisen utpekade omr\u00e5det i Bro som &#8221;utsatt omr\u00e5de&#8221;. Att skapa fler arbetsplatser i Bro C f\u00f6r at \u00f6ka vuxenn\u00e4rvaron och \u00f6kad attraktion till omr\u00e5det. F\u00f6rsta steget blir att nu besluta om ny detaljplan <a class=\"read-more-link\" href=\"https:\/\/wp.kristdemokraterna.se\/upplands-bro\/omdaning-bro\/\">L\u00e4s mer<\/a><\/p>\n","protected":false},"author":444,"featured_media":714,"comment_status":"closed","ping_status":"closed","sticky":false,"template":"","format":"standard","meta":{"_acf_changed":false,"footnotes":""},"categories":[4],"tags":[],"class_list":["post-666","post","type-post","status-publish","format-standard","hentry","category-i-kommunen"],"acf":[],"yoast_head":"<!-- This site is optimized with the Yoast SEO plugin v27.4 - https:\/\/yoast.com\/product\/yoast-seo-wordpress\/ -->\n<title>Nya skolan i Bro - Kristdemokraterna | Upplands-Bro<\/title>\n<meta name=\"robots\" content=\"index, follow, max-snippet:-1, max-image-preview:large, max-video-preview:-1\" \/>\n<link rel=\"canonical\" href=\"https:\/\/wp.kristdemokraterna.se\/upplands-bro\/omdaning-bro\/\" \/>\n<meta property=\"og:locale\" content=\"sv_SE\" \/>\n<meta property=\"og:type\" content=\"article\" \/>\n<meta property=\"og:title\" content=\"Nya skolan i Bro - Kristdemokraterna | Upplands-Bro\" \/>\n<meta property=\"og:description\" content=\"Omdaning Bro \u00e4r ett projekt som nu har startat. Tv\u00e5 viktiga m\u00e5l ligger bakom uppdraget. Att skapa \u00f6kad trygghet i det av Polisen utpekade omr\u00e5det i Bro som &#8221;utsatt omr\u00e5de&#8221;. Att skapa fler arbetsplatser i Bro C f\u00f6r at \u00f6ka vuxenn\u00e4rvaron och \u00f6kad attraktion till omr\u00e5det. F\u00f6rsta steget blir att nu besluta om ny detaljplan L\u00e4s mer\" \/>\n<meta property=\"og:url\" content=\"https:\/\/wp.kristdemokraterna.se\/upplands-bro\/omdaning-bro\/\" \/>\n<meta property=\"og:site_name\" content=\"Kristdemokraterna | Upplands-Bro\" \/>\n<meta property=\"article:published_time\" content=\"2021-03-11T09:19:44+00:00\" \/>\n<meta property=\"article:modified_time\" content=\"2022-04-11T14:13:02+00:00\" \/>\n<meta property=\"og:image\" content=\"http:\/\/wp.kristdemokraterna.se\/upplands-bro\/files\/2021\/03\/20210309_152519-300x169.jpg\" \/>\n<meta name=\"author\" content=\"helpdesk\" \/>\n<meta name=\"twitter:card\" content=\"summary_large_image\" \/>\n<meta name=\"twitter:label1\" content=\"Skriven av\" \/>\n\t<meta name=\"twitter:data1\" content=\"helpdesk\" \/>\n\t<meta name=\"twitter:label2\" content=\"Ber\u00e4knad l\u00e4stid\" \/>\n\t<meta name=\"twitter:data2\" content=\"2 minuter\" \/>\n<script type=\"application\/ld+json\" class=\"yoast-schema-graph\">{\"@context\":\"https:\\\/\\\/schema.org\",\"@graph\":[{\"@type\":\"Article\",\"@id\":\"https:\\\/\\\/wp.kristdemokraterna.se\\\/upplands-bro\\\/omdaning-bro\\\/#article\",\"isPartOf\":{\"@id\":\"https:\\\/\\\/wp.kristdemokraterna.se\\\/upplands-bro\\\/omdaning-bro\\\/\"},\"author\":{\"name\":\"helpdesk\",\"@id\":\"https:\\\/\\\/wp.kristdemokraterna.se\\\/upplands-bro\\\/#\\\/schema\\\/person\\\/98d27838d17178471da5e8a56aa604a4\"},\"headline\":\"Nya skolan i Bro\",\"datePublished\":\"2021-03-11T09:19:44+00:00\",\"dateModified\":\"2022-04-11T14:13:02+00:00\",\"mainEntityOfPage\":{\"@id\":\"https:\\\/\\\/wp.kristdemokraterna.se\\\/upplands-bro\\\/omdaning-bro\\\/\"},\"wordCount\":167,\"image\":{\"@id\":\"https:\\\/\\\/wp.kristdemokraterna.se\\\/upplands-bro\\\/omdaning-bro\\\/#primaryimage\"},\"thumbnailUrl\":\"\",\"articleSection\":[\"I Kommunen\"],\"inLanguage\":\"sv-SE\"},{\"@type\":\"WebPage\",\"@id\":\"https:\\\/\\\/wp.kristdemokraterna.se\\\/upplands-bro\\\/omdaning-bro\\\/\",\"url\":\"https:\\\/\\\/wp.kristdemokraterna.se\\\/upplands-bro\\\/omdaning-bro\\\/\",\"name\":\"Nya skolan i Bro - Kristdemokraterna | Upplands-Bro\",\"isPartOf\":{\"@id\":\"https:\\\/\\\/wp.kristdemokraterna.se\\\/upplands-bro\\\/#website\"},\"primaryImageOfPage\":{\"@id\":\"https:\\\/\\\/wp.kristdemokraterna.se\\\/upplands-bro\\\/omdaning-bro\\\/#primaryimage\"},\"image\":{\"@id\":\"https:\\\/\\\/wp.kristdemokraterna.se\\\/upplands-bro\\\/omdaning-bro\\\/#primaryimage\"},\"thumbnailUrl\":\"\",\"datePublished\":\"2021-03-11T09:19:44+00:00\",\"dateModified\":\"2022-04-11T14:13:02+00:00\",\"author\":{\"@id\":\"https:\\\/\\\/wp.kristdemokraterna.se\\\/upplands-bro\\\/#\\\/schema\\\/person\\\/98d27838d17178471da5e8a56aa604a4\"},\"breadcrumb\":{\"@id\":\"https:\\\/\\\/wp.kristdemokraterna.se\\\/upplands-bro\\\/omdaning-bro\\\/#breadcrumb\"},\"inLanguage\":\"sv-SE\",\"potentialAction\":[{\"@type\":\"ReadAction\",\"target\":[\"https:\\\/\\\/wp.kristdemokraterna.se\\\/upplands-bro\\\/omdaning-bro\\\/\"]}]},{\"@type\":\"ImageObject\",\"inLanguage\":\"sv-SE\",\"@id\":\"https:\\\/\\\/wp.kristdemokraterna.se\\\/upplands-bro\\\/omdaning-bro\\\/#primaryimage\",\"url\":\"\",\"contentUrl\":\"\"},{\"@type\":\"BreadcrumbList\",\"@id\":\"https:\\\/\\\/wp.kristdemokraterna.se\\\/upplands-bro\\\/omdaning-bro\\\/#breadcrumb\",\"itemListElement\":[{\"@type\":\"ListItem\",\"position\":1,\"name\":\"Hem\",\"item\":\"https:\\\/\\\/wp.kristdemokraterna.se\\\/upplands-bro\\\/\"},{\"@type\":\"ListItem\",\"position\":2,\"name\":\"Nya skolan i Bro\"}]},{\"@type\":\"WebSite\",\"@id\":\"https:\\\/\\\/wp.kristdemokraterna.se\\\/upplands-bro\\\/#website\",\"url\":\"https:\\\/\\\/wp.kristdemokraterna.se\\\/upplands-bro\\\/\",\"name\":\"Kristdemokraterna | Upplands-Bro\",\"description\":\"En till Kristdemokraterna webbplats\",\"inLanguage\":\"sv-SE\"},{\"@type\":\"Person\",\"@id\":\"https:\\\/\\\/wp.kristdemokraterna.se\\\/upplands-bro\\\/#\\\/schema\\\/person\\\/98d27838d17178471da5e8a56aa604a4\",\"name\":\"helpdesk\",\"image\":{\"@type\":\"ImageObject\",\"inLanguage\":\"sv-SE\",\"@id\":\"https:\\\/\\\/secure.gravatar.com\\\/avatar\\\/2e747bc9a7d4e5a6ecca7d851e4175129f995f3f6d9ef18734d1ff623abe4a88?s=96&d=mm&r=g\",\"url\":\"https:\\\/\\\/secure.gravatar.com\\\/avatar\\\/2e747bc9a7d4e5a6ecca7d851e4175129f995f3f6d9ef18734d1ff623abe4a88?s=96&d=mm&r=g\",\"contentUrl\":\"https:\\\/\\\/secure.gravatar.com\\\/avatar\\\/2e747bc9a7d4e5a6ecca7d851e4175129f995f3f6d9ef18734d1ff623abe4a88?s=96&d=mm&r=g\",\"caption\":\"helpdesk\"},\"url\":\"https:\\\/\\\/wp.kristdemokraterna.se\\\/upplands-bro\\\/author\\\/helpdesk\\\/\"}]}<\/script>\n<!-- \/ Yoast SEO plugin. -->","yoast_head_json":{"title":"Nya skolan i Bro - Kristdemokraterna | Upplands-Bro","robots":{"index":"index","follow":"follow","max-snippet":"max-snippet:-1","max-image-preview":"max-image-preview:large","max-video-preview":"max-video-preview:-1"},"canonical":"https:\/\/wp.kristdemokraterna.se\/upplands-bro\/omdaning-bro\/","og_locale":"sv_SE","og_type":"article","og_title":"Nya skolan i Bro - Kristdemokraterna | Upplands-Bro","og_description":"Omdaning Bro \u00e4r ett projekt som nu har startat. Tv\u00e5 viktiga m\u00e5l ligger bakom uppdraget. Att skapa \u00f6kad trygghet i det av Polisen utpekade omr\u00e5det i Bro som &#8221;utsatt omr\u00e5de&#8221;. Att skapa fler arbetsplatser i Bro C f\u00f6r at \u00f6ka vuxenn\u00e4rvaron och \u00f6kad attraktion till omr\u00e5det. F\u00f6rsta steget blir att nu besluta om ny detaljplan L\u00e4s mer","og_url":"https:\/\/wp.kristdemokraterna.se\/upplands-bro\/omdaning-bro\/","og_site_name":"Kristdemokraterna | Upplands-Bro","article_published_time":"2021-03-11T09:19:44+00:00","article_modified_time":"2022-04-11T14:13:02+00:00","og_image":[{"url":"http:\/\/wp.kristdemokraterna.se\/upplands-bro\/files\/2021\/03\/20210309_152519-300x169.jpg","type":"","width":"","height":""}],"author":"helpdesk","twitter_card":"summary_large_image","twitter_misc":{"Skriven av":"helpdesk","Ber\u00e4knad l\u00e4stid":"2 minuter"},"schema":{"@context":"https:\/\/schema.org","@graph":[{"@type":"Article","@id":"https:\/\/wp.kristdemokraterna.se\/upplands-bro\/omdaning-bro\/#article","isPartOf":{"@id":"https:\/\/wp.kristdemokraterna.se\/upplands-bro\/omdaning-bro\/"},"author":{"name":"helpdesk","@id":"https:\/\/wp.kristdemokraterna.se\/upplands-bro\/#\/schema\/person\/98d27838d17178471da5e8a56aa604a4"},"headline":"Nya skolan i Bro","datePublished":"2021-03-11T09:19:44+00:00","dateModified":"2022-04-11T14:13:02+00:00","mainEntityOfPage":{"@id":"https:\/\/wp.kristdemokraterna.se\/upplands-bro\/omdaning-bro\/"},"wordCount":167,"image":{"@id":"https:\/\/wp.kristdemokraterna.se\/upplands-bro\/omdaning-bro\/#primaryimage"},"thumbnailUrl":"","articleSection":["I Kommunen"],"inLanguage":"sv-SE"},{"@type":"WebPage","@id":"https:\/\/wp.kristdemokraterna.se\/upplands-bro\/omdaning-bro\/","url":"https:\/\/wp.kristdemokraterna.se\/upplands-bro\/omdaning-bro\/","name":"Nya skolan i Bro - Kristdemokraterna | Upplands-Bro","isPartOf":{"@id":"https:\/\/wp.kristdemokraterna.se\/upplands-bro\/#website"},"primaryImageOfPage":{"@id":"https:\/\/wp.kristdemokraterna.se\/upplands-bro\/omdaning-bro\/#primaryimage"},"image":{"@id":"https:\/\/wp.kristdemokraterna.se\/upplands-bro\/omdaning-bro\/#primaryimage"},"thumbnailUrl":"","datePublished":"2021-03-11T09:19:44+00:00","dateModified":"2022-04-11T14:13:02+00:00","author":{"@id":"https:\/\/wp.kristdemokraterna.se\/upplands-bro\/#\/schema\/person\/98d27838d17178471da5e8a56aa604a4"},"breadcrumb":{"@id":"https:\/\/wp.kristdemokraterna.se\/upplands-bro\/omdaning-bro\/#breadcrumb"},"inLanguage":"sv-SE","potentialAction":[{"@type":"ReadAction","target":["https:\/\/wp.kristdemokraterna.se\/upplands-bro\/omdaning-bro\/"]}]},{"@type":"ImageObject","inLanguage":"sv-SE","@id":"https:\/\/wp.kristdemokraterna.se\/upplands-bro\/omdaning-bro\/#primaryimage","url":"","contentUrl":""},{"@type":"BreadcrumbList","@id":"https:\/\/wp.kristdemokraterna.se\/upplands-bro\/omdaning-bro\/#breadcrumb","itemListElement":[{"@type":"ListItem","position":1,"name":"Hem","item":"https:\/\/wp.kristdemokraterna.se\/upplands-bro\/"},{"@type":"ListItem","position":2,"name":"Nya skolan i Bro"}]},{"@type":"WebSite","@id":"https:\/\/wp.kristdemokraterna.se\/upplands-bro\/#website","url":"https:\/\/wp.kristdemokraterna.se\/upplands-bro\/","name":"Kristdemokraterna | Upplands-Bro","description":"En till Kristdemokraterna webbplats","inLanguage":"sv-SE"},{"@type":"Person","@id":"https:\/\/wp.kristdemokraterna.se\/upplands-bro\/#\/schema\/person\/98d27838d17178471da5e8a56aa604a4","name":"helpdesk","image":{"@type":"ImageObject","inLanguage":"sv-SE","@id":"https:\/\/secure.gravatar.com\/avatar\/2e747bc9a7d4e5a6ecca7d851e4175129f995f3f6d9ef18734d1ff623abe4a88?s=96&d=mm&r=g","url":"https:\/\/secure.gravatar.com\/avatar\/2e747bc9a7d4e5a6ecca7d851e4175129f995f3f6d9ef18734d1ff623abe4a88?s=96&d=mm&r=g","contentUrl":"https:\/\/secure.gravatar.com\/avatar\/2e747bc9a7d4e5a6ecca7d851e4175129f995f3f6d9ef18734d1ff623abe4a88?s=96&d=mm&r=g","caption":"helpdesk"},"url":"https:\/\/wp.kristdemokraterna.se\/upplands-bro\/author\/helpdesk\/"}]}},"_links":{"self":[{"href":"https:\/\/wp.kristdemokraterna.se\/upplands-bro\/wp-json\/wp\/v2\/posts\/666","targetHints":{"allow":["GET"]}}],"collection":[{"href":"https:\/\/wp.kristdemokraterna.se\/upplands-bro\/wp-json\/wp\/v2\/posts"}],"about":[{"href":"https:\/\/wp.kristdemokraterna.se\/upplands-bro\/wp-json\/wp\/v2\/types\/post"}],"author":[{"embeddable":true,"href":"https:\/\/wp.kristdemokraterna.se\/upplands-bro\/wp-json\/wp\/v2\/users\/444"}],"replies":[{"embeddable":true,"href":"https:\/\/wp.kristdemokraterna.se\/upplands-bro\/wp-json\/wp\/v2\/comments?post=666"}],"version-history":[{"count":1,"href":"https:\/\/wp.kristdemokraterna.se\/upplands-bro\/wp-json\/wp\/v2\/posts\/666\/revisions"}],"predecessor-version":[{"id":733,"href":"https:\/\/wp.kristdemokraterna.se\/upplands-bro\/wp-json\/wp\/v2\/posts\/666\/revisions\/733"}],"wp:featuredmedia":[{"embeddable":true,"href":"https:\/\/wp.kristdemokraterna.se\/upplands-bro\/wp-json\/"}],"wp:attachment":[{"href":"https:\/\/wp.kristdemokraterna.se\/upplands-bro\/wp-json\/wp\/v2\/media?parent=666"}],"wp:term":[{"taxonomy":"category","embeddable":true,"href":"https:\/\/wp.kristdemokraterna.se\/upplands-bro\/wp-json\/wp\/v2\/categories?post=666"},{"taxonomy":"post_tag","embeddable":true,"href":"https:\/\/wp.kristdemokraterna.se\/upplands-bro\/wp-json\/wp\/v2\/tags?post=666"}],"curies":[{"name":"wp","href":"https:\/\/api.w.org\/{rel}","templated":true}]}}