{"id":632,"date":"2021-04-17T11:04:04","date_gmt":"2021-04-17T09:04:04","guid":{"rendered":"https:\/\/wp.kristdemokraterna.se\/upplandsvasby\/?p=632"},"modified":"2026-04-12T10:44:09","modified_gmt":"2026-04-12T08:44:09","slug":"sjalvstandiga-och-trygga-familjer","status":"publish","type":"post","link":"https:\/\/wp.kristdemokraterna.se\/upplandsvasby\/sjalvstandiga-och-trygga-familjer\/","title":{"rendered":"Sj\u00e4lvst\u00e4ndiga och trygga familjer"},"content":{"rendered":"<p><span style=\"font-weight: 400\">V\u00e5r politik tar i m\u00e5nga stycken avstamp fr\u00e5n <\/span><b>familjen <\/b><span style=\"font-weight: 400\">och vi vill g\u00e4rna hitta familje tr\u00e5dar i all v\u00e5r politik. Ibland \u00e4r det l\u00e4ttare \u00e4n andra g\u00e5nger. Familjen \u00e4r dock v\u00e5r kompass i politikutveckling och i att g\u00f6ra verkstad av politik.<\/span><\/p>\n<p><span style=\"font-weight: 400\">V\u00e5r utg\u00e5ngspunkt \u00e4r att alla konstellationer d\u00e4r man vill kalla sig familj \u00e4r just en familj. V\u00e5r utg\u00e5ngspunkt \u00e4r att familjer blir till av de personer som vill skapa en familj och de personer som p\u00e5 olika s\u00e4tt tillkommer till denna konstellation.<\/span><\/p>\n<p><span style=\"font-weight: 400\">V\u00e5r familjepolitik utg\u00e5r fr\u00e5n de sm\u00e5 och n\u00e4ra gemenskaperna d\u00e4r familjer \u00e4r exempel p\u00e5 en s\u00e5dan gemenskap. Sl\u00e4kten, arbetskamraterna, grannarna \u00e4r exempel p\u00e5 andra. Vi som m\u00e4nniskor m\u00e5r b\u00e4st n\u00e4r vi k\u00e4nner oss trygga i de sm\u00e5 och n\u00e4ra gemenskaperna. Detta backar vi inte p\u00e5.<\/span><span style=\"font-weight: 400\"><br \/>\n<\/span><\/p>\n","protected":false},"excerpt":{"rendered":"<p>V\u00e5r politik tar i m\u00e5nga stycken avstamp fr\u00e5n familjen och vi vill g\u00e4rna hitta familje tr\u00e5dar i all v\u00e5r politik. Ibland \u00e4r det l\u00e4ttare \u00e4n andra g\u00e5nger. Familjen \u00e4r dock v\u00e5r kompass i politikutveckling och i att g\u00f6ra verkstad av politik. V\u00e5r utg\u00e5ngspunkt \u00e4r att alla konstellationer d\u00e4r man vill kalla sig familj \u00e4r just <a class=\"read-more-link\" href=\"https:\/\/wp.kristdemokraterna.se\/upplandsvasby\/sjalvstandiga-och-trygga-familjer\/\">L\u00e4s mer<\/a><\/p>\n","protected":false},"author":13,"featured_media":0,"comment_status":"closed","ping_status":"closed","sticky":false,"template":"","format":"standard","meta":{"_acf_changed":false,"footnotes":""},"categories":[11],"tags":[],"class_list":["post-632","post","type-post","status-publish","format-standard","hentry","category-inlagg"],"acf":[],"yoast_head":"<!-- This site is optimized with the Yoast SEO plugin v27.5 - https:\/\/yoast.com\/product\/yoast-seo-wordpress\/ -->\n<title>Sj\u00e4lvst\u00e4ndiga och trygga familjer - Kristdemokraterna | Upplands V\u00e4sby<\/title>\n<meta name=\"robots\" content=\"index, follow, max-snippet:-1, max-image-preview:large, max-video-preview:-1\" \/>\n<link rel=\"canonical\" href=\"https:\/\/wp.kristdemokraterna.se\/upplandsvasby\/sjalvstandiga-och-trygga-familjer\/\" \/>\n<meta property=\"og:locale\" content=\"sv_SE\" \/>\n<meta property=\"og:type\" content=\"article\" \/>\n<meta property=\"og:title\" content=\"Sj\u00e4lvst\u00e4ndiga och trygga familjer - Kristdemokraterna | Upplands V\u00e4sby\" \/>\n<meta property=\"og:description\" content=\"V\u00e5r politik tar i m\u00e5nga stycken avstamp fr\u00e5n familjen och vi vill g\u00e4rna hitta familje tr\u00e5dar i all v\u00e5r politik. Ibland \u00e4r det l\u00e4ttare \u00e4n andra g\u00e5nger. Familjen \u00e4r dock v\u00e5r kompass i politikutveckling och i att g\u00f6ra verkstad av politik. V\u00e5r utg\u00e5ngspunkt \u00e4r att alla konstellationer d\u00e4r man vill kalla sig familj \u00e4r just L\u00e4s mer\" \/>\n<meta property=\"og:url\" content=\"https:\/\/wp.kristdemokraterna.se\/upplandsvasby\/sjalvstandiga-och-trygga-familjer\/\" \/>\n<meta property=\"og:site_name\" content=\"Kristdemokraterna | Upplands V\u00e4sby\" \/>\n<meta property=\"article:published_time\" content=\"2021-04-17T09:04:04+00:00\" \/>\n<meta property=\"article:modified_time\" content=\"2026-04-12T08:44:09+00:00\" \/>\n<meta name=\"author\" content=\"KD i V\u00e4sby\" \/>\n<meta name=\"twitter:card\" content=\"summary_large_image\" \/>\n<meta name=\"twitter:label1\" content=\"Skriven av\" \/>\n\t<meta name=\"twitter:data1\" content=\"KD i V\u00e4sby\" \/>\n\t<meta name=\"twitter:label2\" content=\"Ber\u00e4knad l\u00e4stid\" \/>\n\t<meta name=\"twitter:data2\" content=\"1 minut\" \/>\n<script type=\"application\/ld+json\" class=\"yoast-schema-graph\">{\"@context\":\"https:\\\/\\\/schema.org\",\"@graph\":[{\"@type\":\"Article\",\"@id\":\"https:\\\/\\\/wp.kristdemokraterna.se\\\/upplandsvasby\\\/sjalvstandiga-och-trygga-familjer\\\/#article\",\"isPartOf\":{\"@id\":\"https:\\\/\\\/wp.kristdemokraterna.se\\\/upplandsvasby\\\/sjalvstandiga-och-trygga-familjer\\\/\"},\"author\":{\"name\":\"KD i V\u00e4sby\",\"@id\":\"https:\\\/\\\/wp.kristdemokraterna.se\\\/upplandsvasby\\\/#\\\/schema\\\/person\\\/c7027b4e8579e100549883f817ff6b81\"},\"headline\":\"Sj\u00e4lvst\u00e4ndiga och trygga familjer\",\"datePublished\":\"2021-04-17T09:04:04+00:00\",\"dateModified\":\"2026-04-12T08:44:09+00:00\",\"mainEntityOfPage\":{\"@id\":\"https:\\\/\\\/wp.kristdemokraterna.se\\\/upplandsvasby\\\/sjalvstandiga-och-trygga-familjer\\\/\"},\"wordCount\":163,\"articleSection\":[\"Inl\u00e4gg\"],\"inLanguage\":\"sv-SE\"},{\"@type\":\"WebPage\",\"@id\":\"https:\\\/\\\/wp.kristdemokraterna.se\\\/upplandsvasby\\\/sjalvstandiga-och-trygga-familjer\\\/\",\"url\":\"https:\\\/\\\/wp.kristdemokraterna.se\\\/upplandsvasby\\\/sjalvstandiga-och-trygga-familjer\\\/\",\"name\":\"Sj\u00e4lvst\u00e4ndiga och trygga familjer - Kristdemokraterna | Upplands V\u00e4sby\",\"isPartOf\":{\"@id\":\"https:\\\/\\\/wp.kristdemokraterna.se\\\/upplandsvasby\\\/#website\"},\"datePublished\":\"2021-04-17T09:04:04+00:00\",\"dateModified\":\"2026-04-12T08:44:09+00:00\",\"author\":{\"@id\":\"https:\\\/\\\/wp.kristdemokraterna.se\\\/upplandsvasby\\\/#\\\/schema\\\/person\\\/c7027b4e8579e100549883f817ff6b81\"},\"breadcrumb\":{\"@id\":\"https:\\\/\\\/wp.kristdemokraterna.se\\\/upplandsvasby\\\/sjalvstandiga-och-trygga-familjer\\\/#breadcrumb\"},\"inLanguage\":\"sv-SE\",\"potentialAction\":[{\"@type\":\"ReadAction\",\"target\":[\"https:\\\/\\\/wp.kristdemokraterna.se\\\/upplandsvasby\\\/sjalvstandiga-och-trygga-familjer\\\/\"]}]},{\"@type\":\"BreadcrumbList\",\"@id\":\"https:\\\/\\\/wp.kristdemokraterna.se\\\/upplandsvasby\\\/sjalvstandiga-och-trygga-familjer\\\/#breadcrumb\",\"itemListElement\":[{\"@type\":\"ListItem\",\"position\":1,\"name\":\"Hem\",\"item\":\"https:\\\/\\\/wp.kristdemokraterna.se\\\/upplandsvasby\\\/\"},{\"@type\":\"ListItem\",\"position\":2,\"name\":\"Sj\u00e4lvst\u00e4ndiga och trygga familjer\"}]},{\"@type\":\"WebSite\",\"@id\":\"https:\\\/\\\/wp.kristdemokraterna.se\\\/upplandsvasby\\\/#website\",\"url\":\"https:\\\/\\\/wp.kristdemokraterna.se\\\/upplandsvasby\\\/\",\"name\":\"Kristdemokraterna | Upplands V\u00e4sby\",\"description\":\"\u00c4nnu en webbplats hos Kristdemokraterna\",\"inLanguage\":\"sv-SE\"},{\"@type\":\"Person\",\"@id\":\"https:\\\/\\\/wp.kristdemokraterna.se\\\/upplandsvasby\\\/#\\\/schema\\\/person\\\/c7027b4e8579e100549883f817ff6b81\",\"name\":\"KD i V\u00e4sby\",\"image\":{\"@type\":\"ImageObject\",\"inLanguage\":\"sv-SE\",\"@id\":\"https:\\\/\\\/secure.gravatar.com\\\/avatar\\\/9abed779992248117a0af90a5f93e988628b37811bf8772c3ebdedbbdd10aca1?s=96&d=mm&r=g\",\"url\":\"https:\\\/\\\/secure.gravatar.com\\\/avatar\\\/9abed779992248117a0af90a5f93e988628b37811bf8772c3ebdedbbdd10aca1?s=96&d=mm&r=g\",\"contentUrl\":\"https:\\\/\\\/secure.gravatar.com\\\/avatar\\\/9abed779992248117a0af90a5f93e988628b37811bf8772c3ebdedbbdd10aca1?s=96&d=mm&r=g\",\"caption\":\"KD i V\u00e4sby\"},\"url\":\"https:\\\/\\\/wp.kristdemokraterna.se\\\/upplandsvasby\\\/author\\\/upplandsvasby\\\/\"}]}<\/script>\n<!-- \/ Yoast SEO plugin. -->","yoast_head_json":{"title":"Sj\u00e4lvst\u00e4ndiga och trygga familjer - Kristdemokraterna | Upplands V\u00e4sby","robots":{"index":"index","follow":"follow","max-snippet":"max-snippet:-1","max-image-preview":"max-image-preview:large","max-video-preview":"max-video-preview:-1"},"canonical":"https:\/\/wp.kristdemokraterna.se\/upplandsvasby\/sjalvstandiga-och-trygga-familjer\/","og_locale":"sv_SE","og_type":"article","og_title":"Sj\u00e4lvst\u00e4ndiga och trygga familjer - Kristdemokraterna | Upplands V\u00e4sby","og_description":"V\u00e5r politik tar i m\u00e5nga stycken avstamp fr\u00e5n familjen och vi vill g\u00e4rna hitta familje tr\u00e5dar i all v\u00e5r politik. Ibland \u00e4r det l\u00e4ttare \u00e4n andra g\u00e5nger. Familjen \u00e4r dock v\u00e5r kompass i politikutveckling och i att g\u00f6ra verkstad av politik. V\u00e5r utg\u00e5ngspunkt \u00e4r att alla konstellationer d\u00e4r man vill kalla sig familj \u00e4r just L\u00e4s mer","og_url":"https:\/\/wp.kristdemokraterna.se\/upplandsvasby\/sjalvstandiga-och-trygga-familjer\/","og_site_name":"Kristdemokraterna | Upplands V\u00e4sby","article_published_time":"2021-04-17T09:04:04+00:00","article_modified_time":"2026-04-12T08:44:09+00:00","author":"KD i V\u00e4sby","twitter_card":"summary_large_image","twitter_misc":{"Skriven av":"KD i V\u00e4sby","Ber\u00e4knad l\u00e4stid":"1 minut"},"schema":{"@context":"https:\/\/schema.org","@graph":[{"@type":"Article","@id":"https:\/\/wp.kristdemokraterna.se\/upplandsvasby\/sjalvstandiga-och-trygga-familjer\/#article","isPartOf":{"@id":"https:\/\/wp.kristdemokraterna.se\/upplandsvasby\/sjalvstandiga-och-trygga-familjer\/"},"author":{"name":"KD i V\u00e4sby","@id":"https:\/\/wp.kristdemokraterna.se\/upplandsvasby\/#\/schema\/person\/c7027b4e8579e100549883f817ff6b81"},"headline":"Sj\u00e4lvst\u00e4ndiga och trygga familjer","datePublished":"2021-04-17T09:04:04+00:00","dateModified":"2026-04-12T08:44:09+00:00","mainEntityOfPage":{"@id":"https:\/\/wp.kristdemokraterna.se\/upplandsvasby\/sjalvstandiga-och-trygga-familjer\/"},"wordCount":163,"articleSection":["Inl\u00e4gg"],"inLanguage":"sv-SE"},{"@type":"WebPage","@id":"https:\/\/wp.kristdemokraterna.se\/upplandsvasby\/sjalvstandiga-och-trygga-familjer\/","url":"https:\/\/wp.kristdemokraterna.se\/upplandsvasby\/sjalvstandiga-och-trygga-familjer\/","name":"Sj\u00e4lvst\u00e4ndiga och trygga familjer - Kristdemokraterna | Upplands V\u00e4sby","isPartOf":{"@id":"https:\/\/wp.kristdemokraterna.se\/upplandsvasby\/#website"},"datePublished":"2021-04-17T09:04:04+00:00","dateModified":"2026-04-12T08:44:09+00:00","author":{"@id":"https:\/\/wp.kristdemokraterna.se\/upplandsvasby\/#\/schema\/person\/c7027b4e8579e100549883f817ff6b81"},"breadcrumb":{"@id":"https:\/\/wp.kristdemokraterna.se\/upplandsvasby\/sjalvstandiga-och-trygga-familjer\/#breadcrumb"},"inLanguage":"sv-SE","potentialAction":[{"@type":"ReadAction","target":["https:\/\/wp.kristdemokraterna.se\/upplandsvasby\/sjalvstandiga-och-trygga-familjer\/"]}]},{"@type":"BreadcrumbList","@id":"https:\/\/wp.kristdemokraterna.se\/upplandsvasby\/sjalvstandiga-och-trygga-familjer\/#breadcrumb","itemListElement":[{"@type":"ListItem","position":1,"name":"Hem","item":"https:\/\/wp.kristdemokraterna.se\/upplandsvasby\/"},{"@type":"ListItem","position":2,"name":"Sj\u00e4lvst\u00e4ndiga och trygga familjer"}]},{"@type":"WebSite","@id":"https:\/\/wp.kristdemokraterna.se\/upplandsvasby\/#website","url":"https:\/\/wp.kristdemokraterna.se\/upplandsvasby\/","name":"Kristdemokraterna | Upplands V\u00e4sby","description":"\u00c4nnu en webbplats hos Kristdemokraterna","inLanguage":"sv-SE"},{"@type":"Person","@id":"https:\/\/wp.kristdemokraterna.se\/upplandsvasby\/#\/schema\/person\/c7027b4e8579e100549883f817ff6b81","name":"KD i V\u00e4sby","image":{"@type":"ImageObject","inLanguage":"sv-SE","@id":"https:\/\/secure.gravatar.com\/avatar\/9abed779992248117a0af90a5f93e988628b37811bf8772c3ebdedbbdd10aca1?s=96&d=mm&r=g","url":"https:\/\/secure.gravatar.com\/avatar\/9abed779992248117a0af90a5f93e988628b37811bf8772c3ebdedbbdd10aca1?s=96&d=mm&r=g","contentUrl":"https:\/\/secure.gravatar.com\/avatar\/9abed779992248117a0af90a5f93e988628b37811bf8772c3ebdedbbdd10aca1?s=96&d=mm&r=g","caption":"KD i V\u00e4sby"},"url":"https:\/\/wp.kristdemokraterna.se\/upplandsvasby\/author\/upplandsvasby\/"}]}},"_links":{"self":[{"href":"https:\/\/wp.kristdemokraterna.se\/upplandsvasby\/wp-json\/wp\/v2\/posts\/632","targetHints":{"allow":["GET"]}}],"collection":[{"href":"https:\/\/wp.kristdemokraterna.se\/upplandsvasby\/wp-json\/wp\/v2\/posts"}],"about":[{"href":"https:\/\/wp.kristdemokraterna.se\/upplandsvasby\/wp-json\/wp\/v2\/types\/post"}],"author":[{"embeddable":true,"href":"https:\/\/wp.kristdemokraterna.se\/upplandsvasby\/wp-json\/wp\/v2\/users\/13"}],"replies":[{"embeddable":true,"href":"https:\/\/wp.kristdemokraterna.se\/upplandsvasby\/wp-json\/wp\/v2\/comments?post=632"}],"version-history":[{"count":7,"href":"https:\/\/wp.kristdemokraterna.se\/upplandsvasby\/wp-json\/wp\/v2\/posts\/632\/revisions"}],"predecessor-version":[{"id":1056,"href":"https:\/\/wp.kristdemokraterna.se\/upplandsvasby\/wp-json\/wp\/v2\/posts\/632\/revisions\/1056"}],"wp:attachment":[{"href":"https:\/\/wp.kristdemokraterna.se\/upplandsvasby\/wp-json\/wp\/v2\/media?parent=632"}],"wp:term":[{"taxonomy":"category","embeddable":true,"href":"https:\/\/wp.kristdemokraterna.se\/upplandsvasby\/wp-json\/wp\/v2\/categories?post=632"},{"taxonomy":"post_tag","embeddable":true,"href":"https:\/\/wp.kristdemokraterna.se\/upplandsvasby\/wp-json\/wp\/v2\/tags?post=632"}],"curies":[{"name":"wp","href":"https:\/\/api.w.org\/{rel}","templated":true}]}}