{"id":645,"date":"2021-04-17T12:06:09","date_gmt":"2021-04-17T10:06:09","guid":{"rendered":"https:\/\/wp.kristdemokraterna.se\/upplandsvasby\/?p=645"},"modified":"2021-04-17T12:06:09","modified_gmt":"2021-04-17T10:06:09","slug":"social-passion","status":"publish","type":"post","link":"https:\/\/wp.kristdemokraterna.se\/upplandsvasby\/social-passion\/","title":{"rendered":"Social passion"},"content":{"rendered":"<div class=\"post-outer\">\n<div class=\"post\">\n<div id=\"post-body-4996068003971324106\" class=\"post-body entry-content float-container\">Jag skulle ha sv\u00e5rt att verka politiskt utan den inre kompass som jag vill ska finnas hos mig hela tiden. Den kompassriktining som jag hoppas syns i mitt politiska v\u00e4rv \u00e4r den sociala passionen. Den som f\u00e5r mig att vilja se varje m\u00e4nniska jag m\u00f6ter som den unika individ som hon, han eller hen \u00e4r. Ibland kan detta vara sv\u00e5rt d\u00e5 livet som politiker g\u00e5r fr\u00e5n att se de stora linjerna till den enskilde personen. Men tr\u00e4ning ger f\u00e4rdighet &#8211; \u00e4ven n\u00e4r det g\u00e4ller att h\u00e5lla den sociala passionen brinnande.<\/div>\n<\/div>\n<div><\/div>\n<div>\/Maria F\u00e4lth 2021-04-11<\/div>\n<div class=\"post\">\n<div class=\"post-bottom\">\n<div class=\"post-footer float-container\">\n<div class=\"post-footer-line post-footer-line-2\"><\/div>\n<div class=\"post-footer-line post-footer-line-3\"><\/div>\n<\/div>\n<div class=\"post-share-buttons post-share-buttons-bottom invisible\">\n<div class=\"byline post-share-buttons goog-inline-block\">\n<div class=\"sharing\" data-title=\"Social passion\">\n<div class=\"flat-icon-button ripple\"><\/div>\n<div class=\"share-buttons-container\"><\/div>\n<\/div>\n<\/div>\n<\/div>\n<\/div>\n<\/div>\n<\/div>\n<section id=\"comments\" class=\"comments threaded\" data-embed=\"true\" data-num-comments=\"2\"><a name=\"comments\"><\/a><\/section>\n","protected":false},"excerpt":{"rendered":"<p>Jag skulle ha sv\u00e5rt att verka politiskt utan den inre kompass som jag vill ska finnas hos mig hela tiden. Den kompassriktining som jag hoppas syns i mitt politiska v\u00e4rv \u00e4r den sociala passionen. Den som f\u00e5r mig att vilja se varje m\u00e4nniska jag m\u00f6ter som den unika individ som hon, han eller hen \u00e4r. <a class=\"read-more-link\" href=\"https:\/\/wp.kristdemokraterna.se\/upplandsvasby\/social-passion\/\">L\u00e4s mer<\/a><\/p>\n","protected":false},"author":13,"featured_media":0,"comment_status":"closed","ping_status":"closed","sticky":false,"template":"","format":"standard","meta":{"_acf_changed":false,"footnotes":""},"categories":[14],"tags":[],"class_list":["post-645","post","type-post","status-publish","format-standard","hentry","category-https-mariafalthkd-blogspot-com"],"acf":[],"yoast_head":"<!-- This site is optimized with the Yoast SEO plugin v27.5 - https:\/\/yoast.com\/product\/yoast-seo-wordpress\/ -->\n<title>Social passion - Kristdemokraterna | Upplands V\u00e4sby<\/title>\n<meta name=\"robots\" content=\"index, follow, max-snippet:-1, max-image-preview:large, max-video-preview:-1\" \/>\n<link rel=\"canonical\" href=\"https:\/\/wp.kristdemokraterna.se\/upplandsvasby\/social-passion\/\" \/>\n<meta property=\"og:locale\" content=\"sv_SE\" \/>\n<meta property=\"og:type\" content=\"article\" \/>\n<meta property=\"og:title\" content=\"Social passion - Kristdemokraterna | Upplands V\u00e4sby\" \/>\n<meta property=\"og:description\" content=\"Jag skulle ha sv\u00e5rt att verka politiskt utan den inre kompass som jag vill ska finnas hos mig hela tiden. Den kompassriktining som jag hoppas syns i mitt politiska v\u00e4rv \u00e4r den sociala passionen. Den som f\u00e5r mig att vilja se varje m\u00e4nniska jag m\u00f6ter som den unika individ som hon, han eller hen \u00e4r. L\u00e4s mer\" \/>\n<meta property=\"og:url\" content=\"https:\/\/wp.kristdemokraterna.se\/upplandsvasby\/social-passion\/\" \/>\n<meta property=\"og:site_name\" content=\"Kristdemokraterna | Upplands V\u00e4sby\" \/>\n<meta property=\"article:published_time\" content=\"2021-04-17T10:06:09+00:00\" \/>\n<meta name=\"author\" content=\"KD i V\u00e4sby\" \/>\n<meta name=\"twitter:card\" content=\"summary_large_image\" \/>\n<meta name=\"twitter:label1\" content=\"Skriven av\" \/>\n\t<meta name=\"twitter:data1\" content=\"KD i V\u00e4sby\" \/>\n\t<meta name=\"twitter:label2\" content=\"Ber\u00e4knad l\u00e4stid\" \/>\n\t<meta name=\"twitter:data2\" content=\"1 minut\" \/>\n<script type=\"application\/ld+json\" class=\"yoast-schema-graph\">{\"@context\":\"https:\\\/\\\/schema.org\",\"@graph\":[{\"@type\":\"Article\",\"@id\":\"https:\\\/\\\/wp.kristdemokraterna.se\\\/upplandsvasby\\\/social-passion\\\/#article\",\"isPartOf\":{\"@id\":\"https:\\\/\\\/wp.kristdemokraterna.se\\\/upplandsvasby\\\/social-passion\\\/\"},\"author\":{\"name\":\"KD i V\u00e4sby\",\"@id\":\"https:\\\/\\\/wp.kristdemokraterna.se\\\/upplandsvasby\\\/#\\\/schema\\\/person\\\/c7027b4e8579e100549883f817ff6b81\"},\"headline\":\"Social passion\",\"datePublished\":\"2021-04-17T10:06:09+00:00\",\"mainEntityOfPage\":{\"@id\":\"https:\\\/\\\/wp.kristdemokraterna.se\\\/upplandsvasby\\\/social-passion\\\/\"},\"wordCount\":110,\"articleSection\":[\"Maria F\u00e4lths blogg\"],\"inLanguage\":\"sv-SE\"},{\"@type\":\"WebPage\",\"@id\":\"https:\\\/\\\/wp.kristdemokraterna.se\\\/upplandsvasby\\\/social-passion\\\/\",\"url\":\"https:\\\/\\\/wp.kristdemokraterna.se\\\/upplandsvasby\\\/social-passion\\\/\",\"name\":\"Social passion - Kristdemokraterna | Upplands V\u00e4sby\",\"isPartOf\":{\"@id\":\"https:\\\/\\\/wp.kristdemokraterna.se\\\/upplandsvasby\\\/#website\"},\"datePublished\":\"2021-04-17T10:06:09+00:00\",\"author\":{\"@id\":\"https:\\\/\\\/wp.kristdemokraterna.se\\\/upplandsvasby\\\/#\\\/schema\\\/person\\\/c7027b4e8579e100549883f817ff6b81\"},\"breadcrumb\":{\"@id\":\"https:\\\/\\\/wp.kristdemokraterna.se\\\/upplandsvasby\\\/social-passion\\\/#breadcrumb\"},\"inLanguage\":\"sv-SE\",\"potentialAction\":[{\"@type\":\"ReadAction\",\"target\":[\"https:\\\/\\\/wp.kristdemokraterna.se\\\/upplandsvasby\\\/social-passion\\\/\"]}]},{\"@type\":\"BreadcrumbList\",\"@id\":\"https:\\\/\\\/wp.kristdemokraterna.se\\\/upplandsvasby\\\/social-passion\\\/#breadcrumb\",\"itemListElement\":[{\"@type\":\"ListItem\",\"position\":1,\"name\":\"Hem\",\"item\":\"https:\\\/\\\/wp.kristdemokraterna.se\\\/upplandsvasby\\\/\"},{\"@type\":\"ListItem\",\"position\":2,\"name\":\"Social passion\"}]},{\"@type\":\"WebSite\",\"@id\":\"https:\\\/\\\/wp.kristdemokraterna.se\\\/upplandsvasby\\\/#website\",\"url\":\"https:\\\/\\\/wp.kristdemokraterna.se\\\/upplandsvasby\\\/\",\"name\":\"Kristdemokraterna | Upplands V\u00e4sby\",\"description\":\"\u00c4nnu en webbplats hos Kristdemokraterna\",\"inLanguage\":\"sv-SE\"},{\"@type\":\"Person\",\"@id\":\"https:\\\/\\\/wp.kristdemokraterna.se\\\/upplandsvasby\\\/#\\\/schema\\\/person\\\/c7027b4e8579e100549883f817ff6b81\",\"name\":\"KD i V\u00e4sby\",\"image\":{\"@type\":\"ImageObject\",\"inLanguage\":\"sv-SE\",\"@id\":\"https:\\\/\\\/secure.gravatar.com\\\/avatar\\\/9abed779992248117a0af90a5f93e988628b37811bf8772c3ebdedbbdd10aca1?s=96&d=mm&r=g\",\"url\":\"https:\\\/\\\/secure.gravatar.com\\\/avatar\\\/9abed779992248117a0af90a5f93e988628b37811bf8772c3ebdedbbdd10aca1?s=96&d=mm&r=g\",\"contentUrl\":\"https:\\\/\\\/secure.gravatar.com\\\/avatar\\\/9abed779992248117a0af90a5f93e988628b37811bf8772c3ebdedbbdd10aca1?s=96&d=mm&r=g\",\"caption\":\"KD i V\u00e4sby\"},\"url\":\"https:\\\/\\\/wp.kristdemokraterna.se\\\/upplandsvasby\\\/author\\\/upplandsvasby\\\/\"}]}<\/script>\n<!-- \/ Yoast SEO plugin. -->","yoast_head_json":{"title":"Social passion - Kristdemokraterna | Upplands V\u00e4sby","robots":{"index":"index","follow":"follow","max-snippet":"max-snippet:-1","max-image-preview":"max-image-preview:large","max-video-preview":"max-video-preview:-1"},"canonical":"https:\/\/wp.kristdemokraterna.se\/upplandsvasby\/social-passion\/","og_locale":"sv_SE","og_type":"article","og_title":"Social passion - Kristdemokraterna | Upplands V\u00e4sby","og_description":"Jag skulle ha sv\u00e5rt att verka politiskt utan den inre kompass som jag vill ska finnas hos mig hela tiden. Den kompassriktining som jag hoppas syns i mitt politiska v\u00e4rv \u00e4r den sociala passionen. Den som f\u00e5r mig att vilja se varje m\u00e4nniska jag m\u00f6ter som den unika individ som hon, han eller hen \u00e4r. L\u00e4s mer","og_url":"https:\/\/wp.kristdemokraterna.se\/upplandsvasby\/social-passion\/","og_site_name":"Kristdemokraterna | Upplands V\u00e4sby","article_published_time":"2021-04-17T10:06:09+00:00","author":"KD i V\u00e4sby","twitter_card":"summary_large_image","twitter_misc":{"Skriven av":"KD i V\u00e4sby","Ber\u00e4knad l\u00e4stid":"1 minut"},"schema":{"@context":"https:\/\/schema.org","@graph":[{"@type":"Article","@id":"https:\/\/wp.kristdemokraterna.se\/upplandsvasby\/social-passion\/#article","isPartOf":{"@id":"https:\/\/wp.kristdemokraterna.se\/upplandsvasby\/social-passion\/"},"author":{"name":"KD i V\u00e4sby","@id":"https:\/\/wp.kristdemokraterna.se\/upplandsvasby\/#\/schema\/person\/c7027b4e8579e100549883f817ff6b81"},"headline":"Social passion","datePublished":"2021-04-17T10:06:09+00:00","mainEntityOfPage":{"@id":"https:\/\/wp.kristdemokraterna.se\/upplandsvasby\/social-passion\/"},"wordCount":110,"articleSection":["Maria F\u00e4lths blogg"],"inLanguage":"sv-SE"},{"@type":"WebPage","@id":"https:\/\/wp.kristdemokraterna.se\/upplandsvasby\/social-passion\/","url":"https:\/\/wp.kristdemokraterna.se\/upplandsvasby\/social-passion\/","name":"Social passion - Kristdemokraterna | Upplands V\u00e4sby","isPartOf":{"@id":"https:\/\/wp.kristdemokraterna.se\/upplandsvasby\/#website"},"datePublished":"2021-04-17T10:06:09+00:00","author":{"@id":"https:\/\/wp.kristdemokraterna.se\/upplandsvasby\/#\/schema\/person\/c7027b4e8579e100549883f817ff6b81"},"breadcrumb":{"@id":"https:\/\/wp.kristdemokraterna.se\/upplandsvasby\/social-passion\/#breadcrumb"},"inLanguage":"sv-SE","potentialAction":[{"@type":"ReadAction","target":["https:\/\/wp.kristdemokraterna.se\/upplandsvasby\/social-passion\/"]}]},{"@type":"BreadcrumbList","@id":"https:\/\/wp.kristdemokraterna.se\/upplandsvasby\/social-passion\/#breadcrumb","itemListElement":[{"@type":"ListItem","position":1,"name":"Hem","item":"https:\/\/wp.kristdemokraterna.se\/upplandsvasby\/"},{"@type":"ListItem","position":2,"name":"Social passion"}]},{"@type":"WebSite","@id":"https:\/\/wp.kristdemokraterna.se\/upplandsvasby\/#website","url":"https:\/\/wp.kristdemokraterna.se\/upplandsvasby\/","name":"Kristdemokraterna | Upplands V\u00e4sby","description":"\u00c4nnu en webbplats hos Kristdemokraterna","inLanguage":"sv-SE"},{"@type":"Person","@id":"https:\/\/wp.kristdemokraterna.se\/upplandsvasby\/#\/schema\/person\/c7027b4e8579e100549883f817ff6b81","name":"KD i V\u00e4sby","image":{"@type":"ImageObject","inLanguage":"sv-SE","@id":"https:\/\/secure.gravatar.com\/avatar\/9abed779992248117a0af90a5f93e988628b37811bf8772c3ebdedbbdd10aca1?s=96&d=mm&r=g","url":"https:\/\/secure.gravatar.com\/avatar\/9abed779992248117a0af90a5f93e988628b37811bf8772c3ebdedbbdd10aca1?s=96&d=mm&r=g","contentUrl":"https:\/\/secure.gravatar.com\/avatar\/9abed779992248117a0af90a5f93e988628b37811bf8772c3ebdedbbdd10aca1?s=96&d=mm&r=g","caption":"KD i V\u00e4sby"},"url":"https:\/\/wp.kristdemokraterna.se\/upplandsvasby\/author\/upplandsvasby\/"}]}},"_links":{"self":[{"href":"https:\/\/wp.kristdemokraterna.se\/upplandsvasby\/wp-json\/wp\/v2\/posts\/645","targetHints":{"allow":["GET"]}}],"collection":[{"href":"https:\/\/wp.kristdemokraterna.se\/upplandsvasby\/wp-json\/wp\/v2\/posts"}],"about":[{"href":"https:\/\/wp.kristdemokraterna.se\/upplandsvasby\/wp-json\/wp\/v2\/types\/post"}],"author":[{"embeddable":true,"href":"https:\/\/wp.kristdemokraterna.se\/upplandsvasby\/wp-json\/wp\/v2\/users\/13"}],"replies":[{"embeddable":true,"href":"https:\/\/wp.kristdemokraterna.se\/upplandsvasby\/wp-json\/wp\/v2\/comments?post=645"}],"version-history":[{"count":1,"href":"https:\/\/wp.kristdemokraterna.se\/upplandsvasby\/wp-json\/wp\/v2\/posts\/645\/revisions"}],"predecessor-version":[{"id":646,"href":"https:\/\/wp.kristdemokraterna.se\/upplandsvasby\/wp-json\/wp\/v2\/posts\/645\/revisions\/646"}],"wp:attachment":[{"href":"https:\/\/wp.kristdemokraterna.se\/upplandsvasby\/wp-json\/wp\/v2\/media?parent=645"}],"wp:term":[{"taxonomy":"category","embeddable":true,"href":"https:\/\/wp.kristdemokraterna.se\/upplandsvasby\/wp-json\/wp\/v2\/categories?post=645"},{"taxonomy":"post_tag","embeddable":true,"href":"https:\/\/wp.kristdemokraterna.se\/upplandsvasby\/wp-json\/wp\/v2\/tags?post=645"}],"curies":[{"name":"wp","href":"https:\/\/api.w.org\/{rel}","templated":true}]}}