{"id":647,"date":"2021-04-17T12:08:24","date_gmt":"2021-04-17T10:08:24","guid":{"rendered":"https:\/\/wp.kristdemokraterna.se\/upplandsvasby\/?p=647"},"modified":"2022-08-01T09:34:34","modified_gmt":"2022-08-01T07:34:34","slug":"vald-i-nara-relationer-ur-ett-barnperspektiv","status":"publish","type":"post","link":"https:\/\/wp.kristdemokraterna.se\/upplandsvasby\/vald-i-nara-relationer-ur-ett-barnperspektiv\/","title":{"rendered":"V\u00e5ld i n\u00e4ra relationer ur ett barnperspektiv"},"content":{"rendered":"<p>Varje dag uts\u00e4tts b\u00e5de m\u00e4n och kvinnor f\u00f6r v\u00e5ld i n\u00e4ra relationer. Ett v\u00e5ld som \u00e4ven drabbar m\u00e5nga barn, hur m\u00e5nga \u00e4r sv\u00e5rt att r\u00e4kna. Ibland drabbas de direkt med fysiskt v\u00e5ld, ibland indirekt som vittnen till v\u00e5ldet, eller b\u00e5de som brottsoffer och som vittne. Detta v\u00e5ld f\u00e5r aldrig g\u00f6ras till en privatsak. Ingen ska beh\u00f6va leva i st\u00e4ndig r\u00e4dsla f\u00f6r att bli utsatt f\u00f6r v\u00e5ld.<\/p>\n<p>Drabbade personer, och deras barn, m\u00e5ste f\u00e5 allt t\u00e4nkbart st\u00f6d n\u00e4r de anm\u00e4ler brott eller s\u00f6ker hj\u00e4lp. St\u00f6det till rehabilitering av v\u00e5ldsut\u00f6vare beh\u00f6ver \u00f6ka. Barn beh\u00f6ver dessutom f\u00e5 extra st\u00f6d i att bearbeta sina erfarenheter. Det finns s\u00e4tt att komma en bit p\u00e5 v\u00e4gen att v\u00e5ldet ska upph\u00f6ra.<\/p>\n<p>Den finns en social, en ekonomisk och en milj\u00f6m\u00e4ssig dimension av v\u00e5ldet i n\u00e4ra relation d\u00e4r jag tycker det \u00e4r viktigast att allt som g\u00f6rs ska g\u00f6ras med fokus p\u00e5 barnen. Det \u00e4r inte f\u00f6r inte som Barnkonventionen nu \u00e4r lag. Med fokus p\u00e5 framtiden g\u00e4ller att arbetet med att st\u00e4rka barn som uts\u00e4tts eller bevittnar v\u00e5ld i hemmet \u00e4r att investera i en kommande generations int\u00e5g p\u00e5 arbetsmarknaden med god psykisk h\u00e4lsa.<\/p>\n<p>\/\/Maria F\u00e4lth 2021-04-15<\/p>\n","protected":false},"excerpt":{"rendered":"<p>Varje dag uts\u00e4tts b\u00e5de m\u00e4n och kvinnor f\u00f6r v\u00e5ld i n\u00e4ra relationer. Ett v\u00e5ld som \u00e4ven drabbar m\u00e5nga barn, hur m\u00e5nga \u00e4r sv\u00e5rt att r\u00e4kna. Ibland drabbas de direkt med fysiskt v\u00e5ld, ibland indirekt som vittnen till v\u00e5ldet, eller b\u00e5de som brottsoffer och som vittne. Detta v\u00e5ld f\u00e5r aldrig g\u00f6ras till en privatsak. Ingen ska <a class=\"read-more-link\" href=\"https:\/\/wp.kristdemokraterna.se\/upplandsvasby\/vald-i-nara-relationer-ur-ett-barnperspektiv\/\">L\u00e4s mer<\/a><\/p>\n","protected":false},"author":13,"featured_media":0,"comment_status":"closed","ping_status":"closed","sticky":false,"template":"","format":"standard","meta":{"_acf_changed":false,"footnotes":""},"categories":[11,14],"tags":[],"class_list":["post-647","post","type-post","status-publish","format-standard","hentry","category-inlagg","category-https-mariafalthkd-blogspot-com"],"acf":[],"yoast_head":"<!-- This site is optimized with the Yoast SEO plugin v27.5 - https:\/\/yoast.com\/product\/yoast-seo-wordpress\/ -->\n<title>V\u00e5ld i n\u00e4ra relationer ur ett barnperspektiv - Kristdemokraterna | Upplands V\u00e4sby<\/title>\n<meta name=\"robots\" content=\"index, follow, max-snippet:-1, max-image-preview:large, max-video-preview:-1\" \/>\n<link rel=\"canonical\" href=\"https:\/\/wp.kristdemokraterna.se\/upplandsvasby\/vald-i-nara-relationer-ur-ett-barnperspektiv\/\" \/>\n<meta property=\"og:locale\" content=\"sv_SE\" \/>\n<meta property=\"og:type\" content=\"article\" \/>\n<meta property=\"og:title\" content=\"V\u00e5ld i n\u00e4ra relationer ur ett barnperspektiv - Kristdemokraterna | Upplands V\u00e4sby\" \/>\n<meta property=\"og:description\" content=\"Varje dag uts\u00e4tts b\u00e5de m\u00e4n och kvinnor f\u00f6r v\u00e5ld i n\u00e4ra relationer. Ett v\u00e5ld som \u00e4ven drabbar m\u00e5nga barn, hur m\u00e5nga \u00e4r sv\u00e5rt att r\u00e4kna. Ibland drabbas de direkt med fysiskt v\u00e5ld, ibland indirekt som vittnen till v\u00e5ldet, eller b\u00e5de som brottsoffer och som vittne. Detta v\u00e5ld f\u00e5r aldrig g\u00f6ras till en privatsak. Ingen ska L\u00e4s mer\" \/>\n<meta property=\"og:url\" content=\"https:\/\/wp.kristdemokraterna.se\/upplandsvasby\/vald-i-nara-relationer-ur-ett-barnperspektiv\/\" \/>\n<meta property=\"og:site_name\" content=\"Kristdemokraterna | Upplands V\u00e4sby\" \/>\n<meta property=\"article:published_time\" content=\"2021-04-17T10:08:24+00:00\" \/>\n<meta property=\"article:modified_time\" content=\"2022-08-01T07:34:34+00:00\" \/>\n<meta name=\"author\" content=\"KD i V\u00e4sby\" \/>\n<meta name=\"twitter:card\" content=\"summary_large_image\" \/>\n<meta name=\"twitter:label1\" content=\"Skriven av\" \/>\n\t<meta name=\"twitter:data1\" content=\"KD i V\u00e4sby\" \/>\n\t<meta name=\"twitter:label2\" content=\"Ber\u00e4knad l\u00e4stid\" \/>\n\t<meta name=\"twitter:data2\" content=\"1 minut\" \/>\n<script type=\"application\/ld+json\" class=\"yoast-schema-graph\">{\"@context\":\"https:\\\/\\\/schema.org\",\"@graph\":[{\"@type\":\"Article\",\"@id\":\"https:\\\/\\\/wp.kristdemokraterna.se\\\/upplandsvasby\\\/vald-i-nara-relationer-ur-ett-barnperspektiv\\\/#article\",\"isPartOf\":{\"@id\":\"https:\\\/\\\/wp.kristdemokraterna.se\\\/upplandsvasby\\\/vald-i-nara-relationer-ur-ett-barnperspektiv\\\/\"},\"author\":{\"name\":\"KD i V\u00e4sby\",\"@id\":\"https:\\\/\\\/wp.kristdemokraterna.se\\\/upplandsvasby\\\/#\\\/schema\\\/person\\\/c7027b4e8579e100549883f817ff6b81\"},\"headline\":\"V\u00e5ld i n\u00e4ra relationer ur ett barnperspektiv\",\"datePublished\":\"2021-04-17T10:08:24+00:00\",\"dateModified\":\"2022-08-01T07:34:34+00:00\",\"mainEntityOfPage\":{\"@id\":\"https:\\\/\\\/wp.kristdemokraterna.se\\\/upplandsvasby\\\/vald-i-nara-relationer-ur-ett-barnperspektiv\\\/\"},\"wordCount\":255,\"articleSection\":[\"Inl\u00e4gg\",\"Maria F\u00e4lths blogg\"],\"inLanguage\":\"sv-SE\"},{\"@type\":\"WebPage\",\"@id\":\"https:\\\/\\\/wp.kristdemokraterna.se\\\/upplandsvasby\\\/vald-i-nara-relationer-ur-ett-barnperspektiv\\\/\",\"url\":\"https:\\\/\\\/wp.kristdemokraterna.se\\\/upplandsvasby\\\/vald-i-nara-relationer-ur-ett-barnperspektiv\\\/\",\"name\":\"V\u00e5ld i n\u00e4ra relationer ur ett barnperspektiv - Kristdemokraterna | Upplands V\u00e4sby\",\"isPartOf\":{\"@id\":\"https:\\\/\\\/wp.kristdemokraterna.se\\\/upplandsvasby\\\/#website\"},\"datePublished\":\"2021-04-17T10:08:24+00:00\",\"dateModified\":\"2022-08-01T07:34:34+00:00\",\"author\":{\"@id\":\"https:\\\/\\\/wp.kristdemokraterna.se\\\/upplandsvasby\\\/#\\\/schema\\\/person\\\/c7027b4e8579e100549883f817ff6b81\"},\"breadcrumb\":{\"@id\":\"https:\\\/\\\/wp.kristdemokraterna.se\\\/upplandsvasby\\\/vald-i-nara-relationer-ur-ett-barnperspektiv\\\/#breadcrumb\"},\"inLanguage\":\"sv-SE\",\"potentialAction\":[{\"@type\":\"ReadAction\",\"target\":[\"https:\\\/\\\/wp.kristdemokraterna.se\\\/upplandsvasby\\\/vald-i-nara-relationer-ur-ett-barnperspektiv\\\/\"]}]},{\"@type\":\"BreadcrumbList\",\"@id\":\"https:\\\/\\\/wp.kristdemokraterna.se\\\/upplandsvasby\\\/vald-i-nara-relationer-ur-ett-barnperspektiv\\\/#breadcrumb\",\"itemListElement\":[{\"@type\":\"ListItem\",\"position\":1,\"name\":\"Hem\",\"item\":\"https:\\\/\\\/wp.kristdemokraterna.se\\\/upplandsvasby\\\/\"},{\"@type\":\"ListItem\",\"position\":2,\"name\":\"V\u00e5ld i n\u00e4ra relationer ur ett barnperspektiv\"}]},{\"@type\":\"WebSite\",\"@id\":\"https:\\\/\\\/wp.kristdemokraterna.se\\\/upplandsvasby\\\/#website\",\"url\":\"https:\\\/\\\/wp.kristdemokraterna.se\\\/upplandsvasby\\\/\",\"name\":\"Kristdemokraterna | Upplands V\u00e4sby\",\"description\":\"\u00c4nnu en webbplats hos Kristdemokraterna\",\"inLanguage\":\"sv-SE\"},{\"@type\":\"Person\",\"@id\":\"https:\\\/\\\/wp.kristdemokraterna.se\\\/upplandsvasby\\\/#\\\/schema\\\/person\\\/c7027b4e8579e100549883f817ff6b81\",\"name\":\"KD i V\u00e4sby\",\"image\":{\"@type\":\"ImageObject\",\"inLanguage\":\"sv-SE\",\"@id\":\"https:\\\/\\\/secure.gravatar.com\\\/avatar\\\/9abed779992248117a0af90a5f93e988628b37811bf8772c3ebdedbbdd10aca1?s=96&d=mm&r=g\",\"url\":\"https:\\\/\\\/secure.gravatar.com\\\/avatar\\\/9abed779992248117a0af90a5f93e988628b37811bf8772c3ebdedbbdd10aca1?s=96&d=mm&r=g\",\"contentUrl\":\"https:\\\/\\\/secure.gravatar.com\\\/avatar\\\/9abed779992248117a0af90a5f93e988628b37811bf8772c3ebdedbbdd10aca1?s=96&d=mm&r=g\",\"caption\":\"KD i V\u00e4sby\"},\"url\":\"https:\\\/\\\/wp.kristdemokraterna.se\\\/upplandsvasby\\\/author\\\/upplandsvasby\\\/\"}]}<\/script>\n<!-- \/ Yoast SEO plugin. -->","yoast_head_json":{"title":"V\u00e5ld i n\u00e4ra relationer ur ett barnperspektiv - Kristdemokraterna | Upplands V\u00e4sby","robots":{"index":"index","follow":"follow","max-snippet":"max-snippet:-1","max-image-preview":"max-image-preview:large","max-video-preview":"max-video-preview:-1"},"canonical":"https:\/\/wp.kristdemokraterna.se\/upplandsvasby\/vald-i-nara-relationer-ur-ett-barnperspektiv\/","og_locale":"sv_SE","og_type":"article","og_title":"V\u00e5ld i n\u00e4ra relationer ur ett barnperspektiv - Kristdemokraterna | Upplands V\u00e4sby","og_description":"Varje dag uts\u00e4tts b\u00e5de m\u00e4n och kvinnor f\u00f6r v\u00e5ld i n\u00e4ra relationer. Ett v\u00e5ld som \u00e4ven drabbar m\u00e5nga barn, hur m\u00e5nga \u00e4r sv\u00e5rt att r\u00e4kna. Ibland drabbas de direkt med fysiskt v\u00e5ld, ibland indirekt som vittnen till v\u00e5ldet, eller b\u00e5de som brottsoffer och som vittne. Detta v\u00e5ld f\u00e5r aldrig g\u00f6ras till en privatsak. Ingen ska L\u00e4s mer","og_url":"https:\/\/wp.kristdemokraterna.se\/upplandsvasby\/vald-i-nara-relationer-ur-ett-barnperspektiv\/","og_site_name":"Kristdemokraterna | Upplands V\u00e4sby","article_published_time":"2021-04-17T10:08:24+00:00","article_modified_time":"2022-08-01T07:34:34+00:00","author":"KD i V\u00e4sby","twitter_card":"summary_large_image","twitter_misc":{"Skriven av":"KD i V\u00e4sby","Ber\u00e4knad l\u00e4stid":"1 minut"},"schema":{"@context":"https:\/\/schema.org","@graph":[{"@type":"Article","@id":"https:\/\/wp.kristdemokraterna.se\/upplandsvasby\/vald-i-nara-relationer-ur-ett-barnperspektiv\/#article","isPartOf":{"@id":"https:\/\/wp.kristdemokraterna.se\/upplandsvasby\/vald-i-nara-relationer-ur-ett-barnperspektiv\/"},"author":{"name":"KD i V\u00e4sby","@id":"https:\/\/wp.kristdemokraterna.se\/upplandsvasby\/#\/schema\/person\/c7027b4e8579e100549883f817ff6b81"},"headline":"V\u00e5ld i n\u00e4ra relationer ur ett barnperspektiv","datePublished":"2021-04-17T10:08:24+00:00","dateModified":"2022-08-01T07:34:34+00:00","mainEntityOfPage":{"@id":"https:\/\/wp.kristdemokraterna.se\/upplandsvasby\/vald-i-nara-relationer-ur-ett-barnperspektiv\/"},"wordCount":255,"articleSection":["Inl\u00e4gg","Maria F\u00e4lths blogg"],"inLanguage":"sv-SE"},{"@type":"WebPage","@id":"https:\/\/wp.kristdemokraterna.se\/upplandsvasby\/vald-i-nara-relationer-ur-ett-barnperspektiv\/","url":"https:\/\/wp.kristdemokraterna.se\/upplandsvasby\/vald-i-nara-relationer-ur-ett-barnperspektiv\/","name":"V\u00e5ld i n\u00e4ra relationer ur ett barnperspektiv - Kristdemokraterna | Upplands V\u00e4sby","isPartOf":{"@id":"https:\/\/wp.kristdemokraterna.se\/upplandsvasby\/#website"},"datePublished":"2021-04-17T10:08:24+00:00","dateModified":"2022-08-01T07:34:34+00:00","author":{"@id":"https:\/\/wp.kristdemokraterna.se\/upplandsvasby\/#\/schema\/person\/c7027b4e8579e100549883f817ff6b81"},"breadcrumb":{"@id":"https:\/\/wp.kristdemokraterna.se\/upplandsvasby\/vald-i-nara-relationer-ur-ett-barnperspektiv\/#breadcrumb"},"inLanguage":"sv-SE","potentialAction":[{"@type":"ReadAction","target":["https:\/\/wp.kristdemokraterna.se\/upplandsvasby\/vald-i-nara-relationer-ur-ett-barnperspektiv\/"]}]},{"@type":"BreadcrumbList","@id":"https:\/\/wp.kristdemokraterna.se\/upplandsvasby\/vald-i-nara-relationer-ur-ett-barnperspektiv\/#breadcrumb","itemListElement":[{"@type":"ListItem","position":1,"name":"Hem","item":"https:\/\/wp.kristdemokraterna.se\/upplandsvasby\/"},{"@type":"ListItem","position":2,"name":"V\u00e5ld i n\u00e4ra relationer ur ett barnperspektiv"}]},{"@type":"WebSite","@id":"https:\/\/wp.kristdemokraterna.se\/upplandsvasby\/#website","url":"https:\/\/wp.kristdemokraterna.se\/upplandsvasby\/","name":"Kristdemokraterna | Upplands V\u00e4sby","description":"\u00c4nnu en webbplats hos Kristdemokraterna","inLanguage":"sv-SE"},{"@type":"Person","@id":"https:\/\/wp.kristdemokraterna.se\/upplandsvasby\/#\/schema\/person\/c7027b4e8579e100549883f817ff6b81","name":"KD i V\u00e4sby","image":{"@type":"ImageObject","inLanguage":"sv-SE","@id":"https:\/\/secure.gravatar.com\/avatar\/9abed779992248117a0af90a5f93e988628b37811bf8772c3ebdedbbdd10aca1?s=96&d=mm&r=g","url":"https:\/\/secure.gravatar.com\/avatar\/9abed779992248117a0af90a5f93e988628b37811bf8772c3ebdedbbdd10aca1?s=96&d=mm&r=g","contentUrl":"https:\/\/secure.gravatar.com\/avatar\/9abed779992248117a0af90a5f93e988628b37811bf8772c3ebdedbbdd10aca1?s=96&d=mm&r=g","caption":"KD i V\u00e4sby"},"url":"https:\/\/wp.kristdemokraterna.se\/upplandsvasby\/author\/upplandsvasby\/"}]}},"_links":{"self":[{"href":"https:\/\/wp.kristdemokraterna.se\/upplandsvasby\/wp-json\/wp\/v2\/posts\/647","targetHints":{"allow":["GET"]}}],"collection":[{"href":"https:\/\/wp.kristdemokraterna.se\/upplandsvasby\/wp-json\/wp\/v2\/posts"}],"about":[{"href":"https:\/\/wp.kristdemokraterna.se\/upplandsvasby\/wp-json\/wp\/v2\/types\/post"}],"author":[{"embeddable":true,"href":"https:\/\/wp.kristdemokraterna.se\/upplandsvasby\/wp-json\/wp\/v2\/users\/13"}],"replies":[{"embeddable":true,"href":"https:\/\/wp.kristdemokraterna.se\/upplandsvasby\/wp-json\/wp\/v2\/comments?post=647"}],"version-history":[{"count":1,"href":"https:\/\/wp.kristdemokraterna.se\/upplandsvasby\/wp-json\/wp\/v2\/posts\/647\/revisions"}],"predecessor-version":[{"id":648,"href":"https:\/\/wp.kristdemokraterna.se\/upplandsvasby\/wp-json\/wp\/v2\/posts\/647\/revisions\/648"}],"wp:attachment":[{"href":"https:\/\/wp.kristdemokraterna.se\/upplandsvasby\/wp-json\/wp\/v2\/media?parent=647"}],"wp:term":[{"taxonomy":"category","embeddable":true,"href":"https:\/\/wp.kristdemokraterna.se\/upplandsvasby\/wp-json\/wp\/v2\/categories?post=647"},{"taxonomy":"post_tag","embeddable":true,"href":"https:\/\/wp.kristdemokraterna.se\/upplandsvasby\/wp-json\/wp\/v2\/tags?post=647"}],"curies":[{"name":"wp","href":"https:\/\/api.w.org\/{rel}","templated":true}]}}