{"id":749,"date":"2022-07-27T11:45:50","date_gmt":"2022-07-27T09:45:50","guid":{"rendered":"https:\/\/wp.kristdemokraterna.se\/upplandsvasby\/?p=749"},"modified":"2022-08-09T11:19:43","modified_gmt":"2022-08-09T09:19:43","slug":"samhallets-viktigaste-grundsten","status":"publish","type":"post","link":"https:\/\/wp.kristdemokraterna.se\/upplandsvasby\/samhallets-viktigaste-grundsten\/","title":{"rendered":"Samh\u00e4llets viktigaste grundsten"},"content":{"rendered":"<p>Familjen utg\u00f6r f\u00f6r oss Kristdemokrater samh\u00e4llets viktigaste grundsten. Det \u00e4r den<br \/>\nminsta gemenskapen i samh\u00e4llet och kan se ut p\u00e5 m\u00e5nga olika s\u00e4tt. I familjen f\u00e5r vi v\u00e5ra<br \/>\nv\u00e4rderingar och normer. H\u00e4r grundl\u00e4ggs \u00e4ven tilliten och respekten f\u00f6r andra<br \/>\nm\u00e4nniskor. En trygg och harmonisk hemmilj\u00f6 ger b\u00e4st f\u00f6ruts\u00e4ttningar f\u00f6r resten av<br \/>\nlivet.<br \/>\nBarn beh\u00f6ver sina f\u00f6r\u00e4ldrar, men \u00e4ven andra vuxna \u00e4r v\u00e4ldigt betydelsefulla. Det \u00e4r p\u00e5<br \/>\ntiden att f\u00f6r\u00e4ldrars, men \u00e4ven v\u00e5rdnadshavares, viktiga och v\u00e4rdefulla betydelse f\u00f6r<br \/>\nbarn och unga uppm\u00e4rksammas och uppv\u00e4rderas. Mer tid med sina f\u00f6r\u00e4ldrar \u00e4r vad<br \/>\nm\u00e5nga barn l\u00e4ngtar efter och v\u00e5r uppgift \u00e4r att se till att m\u00f6jligg\u00f6rs. En god social<br \/>\nv\u00e4lf\u00e4rd f\u00f6ruts\u00e4tter att man i familjen har tid att se varandra. Att st\u00e4rka familjebanden<br \/>\n\u00f6ver flera generationer \u00e4r viktig.<br \/>\nFamiljen, den lilla och n\u00e4ra gemenskapen, vet b\u00e4st sina egna behov. Politikens uppgift<br \/>\n\u00e4r att skapa f\u00f6ruts\u00e4ttningar f\u00f6r dessa val och prioriteringar och p\u00e5 det s\u00e4ttet bidra till<br \/>\natt det blir s\u00e5 bra som m\u00f6jlighet f\u00f6r barn, unga och vuxna.<br \/>\nVi \u00e4r angel\u00e4gna om att forts\u00e4tta arbeta f\u00f6r att st\u00f6dja f\u00f6r\u00e4ldrar och andra vuxna i rollen<br \/>\nsom vuxen i f\u00f6rh\u00e5llande till barn och unga. Vi arbetar redan nu f\u00f6r att \u00f6ka kommunens<br \/>\nservice och st\u00f6d till f\u00f6r\u00e4ldrar och andra vuxna, s\u00e5 att de i sin tur kan se och st\u00f6dja barn<br \/>\noch unga i sin n\u00e4rhet.<br \/>\nKristdemokraterna vet att ett j\u00e4mst\u00e4llt samh\u00e4lle \u00e4r bra f\u00f6r b\u00e5de unga och vuxna. Alla<br \/>\nf\u00f6r\u00e4ldrar och v\u00e5rdnadshavare har ett lika stort ansvar f\u00f6r sina barn och unga. Det blir<br \/>\npolitikens uppgift att ge f\u00f6ruts\u00e4ttningar f\u00f6r att kunna vara en j\u00e4mst\u00e4lld familj.<br \/>\nProjektet \u201dSamtal utan dom\u201d \u00e4r till f\u00f6r att de familjer d\u00e4r de vuxna beslutar att g\u00e5 skilda<br \/>\nv\u00e4gar f\u00e5r r\u00e5d och st\u00f6d i denna situation. M\u00e5let \u00e4r att komma \u00f6verens utan att beh\u00f6va<br \/>\nv\u00e4nda sig till tingsr\u00e4tten.<\/p>\n<p><a href=\"http:\/\/wp.kristdemokraterna.se\/upplandsvasby\/files\/2022\/07\/familjedagen-3.png\"><img loading=\"lazy\" decoding=\"async\" class=\"alignnone size-medium wp-image-750\" src=\"http:\/\/wp.kristdemokraterna.se\/upplandsvasby\/files\/2022\/07\/familjedagen-3-211x300.png\" alt=\"\" width=\"211\" height=\"300\" srcset=\"https:\/\/wp.kristdemokraterna.se\/upplandsvasby\/files\/2022\/07\/familjedagen-3-211x300.png 211w, https:\/\/wp.kristdemokraterna.se\/upplandsvasby\/files\/2022\/07\/familjedagen-3-721x1024.png 721w, https:\/\/wp.kristdemokraterna.se\/upplandsvasby\/files\/2022\/07\/familjedagen-3-768x1090.png 768w, https:\/\/wp.kristdemokraterna.se\/upplandsvasby\/files\/2022\/07\/familjedagen-3-1082x1536.png 1082w, https:\/\/wp.kristdemokraterna.se\/upplandsvasby\/files\/2022\/07\/familjedagen-3-141x200.png 141w, https:\/\/wp.kristdemokraterna.se\/upplandsvasby\/files\/2022\/07\/familjedagen-3-370x525.png 370w, https:\/\/wp.kristdemokraterna.se\/upplandsvasby\/files\/2022\/07\/familjedagen-3-770x1093.png 770w, https:\/\/wp.kristdemokraterna.se\/upplandsvasby\/files\/2022\/07\/familjedagen-3-450x639.png 450w, https:\/\/wp.kristdemokraterna.se\/upplandsvasby\/files\/2022\/07\/familjedagen-3-280x397.png 280w, https:\/\/wp.kristdemokraterna.se\/upplandsvasby\/files\/2022\/07\/familjedagen-3-340x483.png 340w, https:\/\/wp.kristdemokraterna.se\/upplandsvasby\/files\/2022\/07\/familjedagen-3-39x56.png 39w, https:\/\/wp.kristdemokraterna.se\/upplandsvasby\/files\/2022\/07\/familjedagen-3.png 1409w\" sizes=\"auto, (max-width: 211px) 100vw, 211px\" \/><\/a><\/p>\n","protected":false},"excerpt":{"rendered":"<p>Familjen utg\u00f6r f\u00f6r oss Kristdemokrater samh\u00e4llets viktigaste grundsten. Det \u00e4r den minsta gemenskapen i samh\u00e4llet och kan se ut p\u00e5 m\u00e5nga olika s\u00e4tt. I familjen f\u00e5r vi v\u00e5ra v\u00e4rderingar och normer. H\u00e4r grundl\u00e4ggs \u00e4ven tilliten och respekten f\u00f6r andra m\u00e4nniskor. En trygg och harmonisk hemmilj\u00f6 ger b\u00e4st f\u00f6ruts\u00e4ttningar f\u00f6r resten av livet. Barn beh\u00f6ver sina <a class=\"read-more-link\" href=\"https:\/\/wp.kristdemokraterna.se\/upplandsvasby\/samhallets-viktigaste-grundsten\/\">L\u00e4s mer<\/a><\/p>\n","protected":false},"author":13,"featured_media":0,"comment_status":"closed","ping_status":"closed","sticky":false,"template":"","format":"standard","meta":{"_acf_changed":false,"footnotes":""},"categories":[11,3],"tags":[],"class_list":["post-749","post","type-post","status-publish","format-standard","hentry","category-inlagg","category-var-politik"],"acf":[],"yoast_head":"<!-- This site is optimized with the Yoast SEO plugin v27.5 - https:\/\/yoast.com\/product\/yoast-seo-wordpress\/ -->\n<title>Samh\u00e4llets viktigaste grundsten - Kristdemokraterna | Upplands V\u00e4sby<\/title>\n<meta name=\"robots\" content=\"index, follow, max-snippet:-1, max-image-preview:large, max-video-preview:-1\" \/>\n<link rel=\"canonical\" href=\"https:\/\/wp.kristdemokraterna.se\/upplandsvasby\/samhallets-viktigaste-grundsten\/\" \/>\n<meta property=\"og:locale\" content=\"sv_SE\" \/>\n<meta property=\"og:type\" content=\"article\" \/>\n<meta property=\"og:title\" content=\"Samh\u00e4llets viktigaste grundsten - Kristdemokraterna | Upplands V\u00e4sby\" \/>\n<meta property=\"og:description\" content=\"Familjen utg\u00f6r f\u00f6r oss Kristdemokrater samh\u00e4llets viktigaste grundsten. Det \u00e4r den minsta gemenskapen i samh\u00e4llet och kan se ut p\u00e5 m\u00e5nga olika s\u00e4tt. I familjen f\u00e5r vi v\u00e5ra v\u00e4rderingar och normer. H\u00e4r grundl\u00e4ggs \u00e4ven tilliten och respekten f\u00f6r andra m\u00e4nniskor. En trygg och harmonisk hemmilj\u00f6 ger b\u00e4st f\u00f6ruts\u00e4ttningar f\u00f6r resten av livet. Barn beh\u00f6ver sina L\u00e4s mer\" \/>\n<meta property=\"og:url\" content=\"https:\/\/wp.kristdemokraterna.se\/upplandsvasby\/samhallets-viktigaste-grundsten\/\" \/>\n<meta property=\"og:site_name\" content=\"Kristdemokraterna | Upplands V\u00e4sby\" \/>\n<meta property=\"article:published_time\" content=\"2022-07-27T09:45:50+00:00\" \/>\n<meta property=\"article:modified_time\" content=\"2022-08-09T09:19:43+00:00\" \/>\n<meta property=\"og:image\" content=\"http:\/\/wp.kristdemokraterna.se\/upplandsvasby\/files\/2022\/07\/familjedagen-3-211x300.png\" \/>\n<meta name=\"author\" content=\"KD i V\u00e4sby\" \/>\n<meta name=\"twitter:card\" content=\"summary_large_image\" \/>\n<meta name=\"twitter:label1\" content=\"Skriven av\" \/>\n\t<meta name=\"twitter:data1\" content=\"KD i V\u00e4sby\" \/>\n\t<meta name=\"twitter:label2\" content=\"Ber\u00e4knad l\u00e4stid\" \/>\n\t<meta name=\"twitter:data2\" content=\"2 minuter\" \/>\n<script type=\"application\/ld+json\" class=\"yoast-schema-graph\">{\"@context\":\"https:\\\/\\\/schema.org\",\"@graph\":[{\"@type\":\"Article\",\"@id\":\"https:\\\/\\\/wp.kristdemokraterna.se\\\/upplandsvasby\\\/samhallets-viktigaste-grundsten\\\/#article\",\"isPartOf\":{\"@id\":\"https:\\\/\\\/wp.kristdemokraterna.se\\\/upplandsvasby\\\/samhallets-viktigaste-grundsten\\\/\"},\"author\":{\"name\":\"KD i V\u00e4sby\",\"@id\":\"https:\\\/\\\/wp.kristdemokraterna.se\\\/upplandsvasby\\\/#\\\/schema\\\/person\\\/c7027b4e8579e100549883f817ff6b81\"},\"headline\":\"Samh\u00e4llets viktigaste grundsten\",\"datePublished\":\"2022-07-27T09:45:50+00:00\",\"dateModified\":\"2022-08-09T09:19:43+00:00\",\"mainEntityOfPage\":{\"@id\":\"https:\\\/\\\/wp.kristdemokraterna.se\\\/upplandsvasby\\\/samhallets-viktigaste-grundsten\\\/\"},\"wordCount\":389,\"image\":{\"@id\":\"https:\\\/\\\/wp.kristdemokraterna.se\\\/upplandsvasby\\\/samhallets-viktigaste-grundsten\\\/#primaryimage\"},\"thumbnailUrl\":\"http:\\\/\\\/wp.kristdemokraterna.se\\\/upplandsvasby\\\/files\\\/2022\\\/07\\\/familjedagen-3-211x300.png\",\"articleSection\":[\"Inl\u00e4gg\",\"V\u00e5r politik\"],\"inLanguage\":\"sv-SE\"},{\"@type\":\"WebPage\",\"@id\":\"https:\\\/\\\/wp.kristdemokraterna.se\\\/upplandsvasby\\\/samhallets-viktigaste-grundsten\\\/\",\"url\":\"https:\\\/\\\/wp.kristdemokraterna.se\\\/upplandsvasby\\\/samhallets-viktigaste-grundsten\\\/\",\"name\":\"Samh\u00e4llets viktigaste grundsten - Kristdemokraterna | Upplands V\u00e4sby\",\"isPartOf\":{\"@id\":\"https:\\\/\\\/wp.kristdemokraterna.se\\\/upplandsvasby\\\/#website\"},\"primaryImageOfPage\":{\"@id\":\"https:\\\/\\\/wp.kristdemokraterna.se\\\/upplandsvasby\\\/samhallets-viktigaste-grundsten\\\/#primaryimage\"},\"image\":{\"@id\":\"https:\\\/\\\/wp.kristdemokraterna.se\\\/upplandsvasby\\\/samhallets-viktigaste-grundsten\\\/#primaryimage\"},\"thumbnailUrl\":\"http:\\\/\\\/wp.kristdemokraterna.se\\\/upplandsvasby\\\/files\\\/2022\\\/07\\\/familjedagen-3-211x300.png\",\"datePublished\":\"2022-07-27T09:45:50+00:00\",\"dateModified\":\"2022-08-09T09:19:43+00:00\",\"author\":{\"@id\":\"https:\\\/\\\/wp.kristdemokraterna.se\\\/upplandsvasby\\\/#\\\/schema\\\/person\\\/c7027b4e8579e100549883f817ff6b81\"},\"breadcrumb\":{\"@id\":\"https:\\\/\\\/wp.kristdemokraterna.se\\\/upplandsvasby\\\/samhallets-viktigaste-grundsten\\\/#breadcrumb\"},\"inLanguage\":\"sv-SE\",\"potentialAction\":[{\"@type\":\"ReadAction\",\"target\":[\"https:\\\/\\\/wp.kristdemokraterna.se\\\/upplandsvasby\\\/samhallets-viktigaste-grundsten\\\/\"]}]},{\"@type\":\"ImageObject\",\"inLanguage\":\"sv-SE\",\"@id\":\"https:\\\/\\\/wp.kristdemokraterna.se\\\/upplandsvasby\\\/samhallets-viktigaste-grundsten\\\/#primaryimage\",\"url\":\"http:\\\/\\\/wp.kristdemokraterna.se\\\/upplandsvasby\\\/files\\\/2022\\\/07\\\/familjedagen-3-211x300.png\",\"contentUrl\":\"http:\\\/\\\/wp.kristdemokraterna.se\\\/upplandsvasby\\\/files\\\/2022\\\/07\\\/familjedagen-3-211x300.png\"},{\"@type\":\"BreadcrumbList\",\"@id\":\"https:\\\/\\\/wp.kristdemokraterna.se\\\/upplandsvasby\\\/samhallets-viktigaste-grundsten\\\/#breadcrumb\",\"itemListElement\":[{\"@type\":\"ListItem\",\"position\":1,\"name\":\"Hem\",\"item\":\"https:\\\/\\\/wp.kristdemokraterna.se\\\/upplandsvasby\\\/\"},{\"@type\":\"ListItem\",\"position\":2,\"name\":\"Samh\u00e4llets viktigaste grundsten\"}]},{\"@type\":\"WebSite\",\"@id\":\"https:\\\/\\\/wp.kristdemokraterna.se\\\/upplandsvasby\\\/#website\",\"url\":\"https:\\\/\\\/wp.kristdemokraterna.se\\\/upplandsvasby\\\/\",\"name\":\"Kristdemokraterna | Upplands V\u00e4sby\",\"description\":\"\u00c4nnu en webbplats hos Kristdemokraterna\",\"inLanguage\":\"sv-SE\"},{\"@type\":\"Person\",\"@id\":\"https:\\\/\\\/wp.kristdemokraterna.se\\\/upplandsvasby\\\/#\\\/schema\\\/person\\\/c7027b4e8579e100549883f817ff6b81\",\"name\":\"KD i V\u00e4sby\",\"image\":{\"@type\":\"ImageObject\",\"inLanguage\":\"sv-SE\",\"@id\":\"https:\\\/\\\/secure.gravatar.com\\\/avatar\\\/9abed779992248117a0af90a5f93e988628b37811bf8772c3ebdedbbdd10aca1?s=96&d=mm&r=g\",\"url\":\"https:\\\/\\\/secure.gravatar.com\\\/avatar\\\/9abed779992248117a0af90a5f93e988628b37811bf8772c3ebdedbbdd10aca1?s=96&d=mm&r=g\",\"contentUrl\":\"https:\\\/\\\/secure.gravatar.com\\\/avatar\\\/9abed779992248117a0af90a5f93e988628b37811bf8772c3ebdedbbdd10aca1?s=96&d=mm&r=g\",\"caption\":\"KD i V\u00e4sby\"},\"url\":\"https:\\\/\\\/wp.kristdemokraterna.se\\\/upplandsvasby\\\/author\\\/upplandsvasby\\\/\"}]}<\/script>\n<!-- \/ Yoast SEO plugin. -->","yoast_head_json":{"title":"Samh\u00e4llets viktigaste grundsten - Kristdemokraterna | Upplands V\u00e4sby","robots":{"index":"index","follow":"follow","max-snippet":"max-snippet:-1","max-image-preview":"max-image-preview:large","max-video-preview":"max-video-preview:-1"},"canonical":"https:\/\/wp.kristdemokraterna.se\/upplandsvasby\/samhallets-viktigaste-grundsten\/","og_locale":"sv_SE","og_type":"article","og_title":"Samh\u00e4llets viktigaste grundsten - Kristdemokraterna | Upplands V\u00e4sby","og_description":"Familjen utg\u00f6r f\u00f6r oss Kristdemokrater samh\u00e4llets viktigaste grundsten. Det \u00e4r den minsta gemenskapen i samh\u00e4llet och kan se ut p\u00e5 m\u00e5nga olika s\u00e4tt. I familjen f\u00e5r vi v\u00e5ra v\u00e4rderingar och normer. H\u00e4r grundl\u00e4ggs \u00e4ven tilliten och respekten f\u00f6r andra m\u00e4nniskor. En trygg och harmonisk hemmilj\u00f6 ger b\u00e4st f\u00f6ruts\u00e4ttningar f\u00f6r resten av livet. Barn beh\u00f6ver sina L\u00e4s mer","og_url":"https:\/\/wp.kristdemokraterna.se\/upplandsvasby\/samhallets-viktigaste-grundsten\/","og_site_name":"Kristdemokraterna | Upplands V\u00e4sby","article_published_time":"2022-07-27T09:45:50+00:00","article_modified_time":"2022-08-09T09:19:43+00:00","og_image":[{"url":"http:\/\/wp.kristdemokraterna.se\/upplandsvasby\/files\/2022\/07\/familjedagen-3-211x300.png","type":"","width":"","height":""}],"author":"KD i V\u00e4sby","twitter_card":"summary_large_image","twitter_misc":{"Skriven av":"KD i V\u00e4sby","Ber\u00e4knad l\u00e4stid":"2 minuter"},"schema":{"@context":"https:\/\/schema.org","@graph":[{"@type":"Article","@id":"https:\/\/wp.kristdemokraterna.se\/upplandsvasby\/samhallets-viktigaste-grundsten\/#article","isPartOf":{"@id":"https:\/\/wp.kristdemokraterna.se\/upplandsvasby\/samhallets-viktigaste-grundsten\/"},"author":{"name":"KD i V\u00e4sby","@id":"https:\/\/wp.kristdemokraterna.se\/upplandsvasby\/#\/schema\/person\/c7027b4e8579e100549883f817ff6b81"},"headline":"Samh\u00e4llets viktigaste grundsten","datePublished":"2022-07-27T09:45:50+00:00","dateModified":"2022-08-09T09:19:43+00:00","mainEntityOfPage":{"@id":"https:\/\/wp.kristdemokraterna.se\/upplandsvasby\/samhallets-viktigaste-grundsten\/"},"wordCount":389,"image":{"@id":"https:\/\/wp.kristdemokraterna.se\/upplandsvasby\/samhallets-viktigaste-grundsten\/#primaryimage"},"thumbnailUrl":"http:\/\/wp.kristdemokraterna.se\/upplandsvasby\/files\/2022\/07\/familjedagen-3-211x300.png","articleSection":["Inl\u00e4gg","V\u00e5r politik"],"inLanguage":"sv-SE"},{"@type":"WebPage","@id":"https:\/\/wp.kristdemokraterna.se\/upplandsvasby\/samhallets-viktigaste-grundsten\/","url":"https:\/\/wp.kristdemokraterna.se\/upplandsvasby\/samhallets-viktigaste-grundsten\/","name":"Samh\u00e4llets viktigaste grundsten - Kristdemokraterna | Upplands V\u00e4sby","isPartOf":{"@id":"https:\/\/wp.kristdemokraterna.se\/upplandsvasby\/#website"},"primaryImageOfPage":{"@id":"https:\/\/wp.kristdemokraterna.se\/upplandsvasby\/samhallets-viktigaste-grundsten\/#primaryimage"},"image":{"@id":"https:\/\/wp.kristdemokraterna.se\/upplandsvasby\/samhallets-viktigaste-grundsten\/#primaryimage"},"thumbnailUrl":"http:\/\/wp.kristdemokraterna.se\/upplandsvasby\/files\/2022\/07\/familjedagen-3-211x300.png","datePublished":"2022-07-27T09:45:50+00:00","dateModified":"2022-08-09T09:19:43+00:00","author":{"@id":"https:\/\/wp.kristdemokraterna.se\/upplandsvasby\/#\/schema\/person\/c7027b4e8579e100549883f817ff6b81"},"breadcrumb":{"@id":"https:\/\/wp.kristdemokraterna.se\/upplandsvasby\/samhallets-viktigaste-grundsten\/#breadcrumb"},"inLanguage":"sv-SE","potentialAction":[{"@type":"ReadAction","target":["https:\/\/wp.kristdemokraterna.se\/upplandsvasby\/samhallets-viktigaste-grundsten\/"]}]},{"@type":"ImageObject","inLanguage":"sv-SE","@id":"https:\/\/wp.kristdemokraterna.se\/upplandsvasby\/samhallets-viktigaste-grundsten\/#primaryimage","url":"http:\/\/wp.kristdemokraterna.se\/upplandsvasby\/files\/2022\/07\/familjedagen-3-211x300.png","contentUrl":"http:\/\/wp.kristdemokraterna.se\/upplandsvasby\/files\/2022\/07\/familjedagen-3-211x300.png"},{"@type":"BreadcrumbList","@id":"https:\/\/wp.kristdemokraterna.se\/upplandsvasby\/samhallets-viktigaste-grundsten\/#breadcrumb","itemListElement":[{"@type":"ListItem","position":1,"name":"Hem","item":"https:\/\/wp.kristdemokraterna.se\/upplandsvasby\/"},{"@type":"ListItem","position":2,"name":"Samh\u00e4llets viktigaste grundsten"}]},{"@type":"WebSite","@id":"https:\/\/wp.kristdemokraterna.se\/upplandsvasby\/#website","url":"https:\/\/wp.kristdemokraterna.se\/upplandsvasby\/","name":"Kristdemokraterna | Upplands V\u00e4sby","description":"\u00c4nnu en webbplats hos Kristdemokraterna","inLanguage":"sv-SE"},{"@type":"Person","@id":"https:\/\/wp.kristdemokraterna.se\/upplandsvasby\/#\/schema\/person\/c7027b4e8579e100549883f817ff6b81","name":"KD i V\u00e4sby","image":{"@type":"ImageObject","inLanguage":"sv-SE","@id":"https:\/\/secure.gravatar.com\/avatar\/9abed779992248117a0af90a5f93e988628b37811bf8772c3ebdedbbdd10aca1?s=96&d=mm&r=g","url":"https:\/\/secure.gravatar.com\/avatar\/9abed779992248117a0af90a5f93e988628b37811bf8772c3ebdedbbdd10aca1?s=96&d=mm&r=g","contentUrl":"https:\/\/secure.gravatar.com\/avatar\/9abed779992248117a0af90a5f93e988628b37811bf8772c3ebdedbbdd10aca1?s=96&d=mm&r=g","caption":"KD i V\u00e4sby"},"url":"https:\/\/wp.kristdemokraterna.se\/upplandsvasby\/author\/upplandsvasby\/"}]}},"_links":{"self":[{"href":"https:\/\/wp.kristdemokraterna.se\/upplandsvasby\/wp-json\/wp\/v2\/posts\/749","targetHints":{"allow":["GET"]}}],"collection":[{"href":"https:\/\/wp.kristdemokraterna.se\/upplandsvasby\/wp-json\/wp\/v2\/posts"}],"about":[{"href":"https:\/\/wp.kristdemokraterna.se\/upplandsvasby\/wp-json\/wp\/v2\/types\/post"}],"author":[{"embeddable":true,"href":"https:\/\/wp.kristdemokraterna.se\/upplandsvasby\/wp-json\/wp\/v2\/users\/13"}],"replies":[{"embeddable":true,"href":"https:\/\/wp.kristdemokraterna.se\/upplandsvasby\/wp-json\/wp\/v2\/comments?post=749"}],"version-history":[{"count":1,"href":"https:\/\/wp.kristdemokraterna.se\/upplandsvasby\/wp-json\/wp\/v2\/posts\/749\/revisions"}],"predecessor-version":[{"id":751,"href":"https:\/\/wp.kristdemokraterna.se\/upplandsvasby\/wp-json\/wp\/v2\/posts\/749\/revisions\/751"}],"wp:attachment":[{"href":"https:\/\/wp.kristdemokraterna.se\/upplandsvasby\/wp-json\/wp\/v2\/media?parent=749"}],"wp:term":[{"taxonomy":"category","embeddable":true,"href":"https:\/\/wp.kristdemokraterna.se\/upplandsvasby\/wp-json\/wp\/v2\/categories?post=749"},{"taxonomy":"post_tag","embeddable":true,"href":"https:\/\/wp.kristdemokraterna.se\/upplandsvasby\/wp-json\/wp\/v2\/tags?post=749"}],"curies":[{"name":"wp","href":"https:\/\/api.w.org\/{rel}","templated":true}]}}