{"id":1003,"date":"2014-05-21T13:56:42","date_gmt":"2014-05-21T11:56:42","guid":{"rendered":"http:\/\/wp.kristdemokraterna.se\/uppsala\/?p=1003"},"modified":"2024-04-04T01:19:37","modified_gmt":"2024-04-03T23:19:37","slug":"patienterna-far-vard-allt-snabbare-i-uppsala-lan","status":"publish","type":"post","link":"https:\/\/wp.kristdemokraterna.se\/uppsala\/patienterna-far-vard-allt-snabbare-i-uppsala-lan\/","title":{"rendered":"Patienterna f\u00e5r v\u00e5rd allt snabbare i Uppsala l\u00e4n"},"content":{"rendered":"<p><strong>\u00c4ven i april f\u00e5r landstinget del av den statliga k\u00f6miljarden. Landstinget f\u00e5r cirka 1,2 miljoner f\u00f6r att man klarar prestationskravet f\u00f6r att \u00f6ver 70 procent av patienterna f\u00e5r behandling inom 60 dagar. <\/strong><\/p>\n<p><strong>&#8211; Det \u00e4r gl\u00e4djande att se att v\u00e5ra satsningar b\u00f6rjar ge resultat i form av kortare v\u00e4ntetider. Patienterna i v\u00e5rt l\u00e4n f\u00e5r v\u00e5rd allt snabbare och det \u00e4r mycket tack vare v\u00e5rdpersonalens goda arbete, s\u00e4ger h\u00e4lso- och sjukv\u00e5rdsstyrelsens ordf\u00f6rande Anna-Karin Klomp (KD). <\/strong><\/p>\n<p>Man klarar grundkravet f\u00f6r b\u00e5de f\u00f6rsta bes\u00f6k och behandling inom 60 dagar, men n\u00e4r det g\u00e4ller prestationskravet f\u00f6r att f\u00e5 k\u00f6miljard uppn\u00e5s detta f\u00f6r sj\u00e4lva operation.<!--more--><\/p>\n<p>Under en l\u00e4ngre tid har landstinget k\u00e4mpat med l\u00e5ng v\u00e4ntan till specialist, men i november 2013 skedde ett trendbrott. Landstinget fick f\u00f6r f\u00f6rsta g\u00e5ngen p\u00e5 \u00f6ver ett \u00e5r del av k\u00f6miljarden.<\/p>\n<p>Det senaste halv\u00e5ret har landstinget f\u00e5tt del av k\u00f6miljarden fyra m\u00e5nader. Samtliga g\u00e5nger har det varit f\u00f6r att man klarar prestationskravet f\u00f6r operation.<\/p>\n<p>&#8211; Vi beh\u00f6ver fortfarande bli b\u00e4ttre n\u00e4r det g\u00e4ller tillg\u00e4ngligheten till f\u00f6rsta bes\u00f6k hos specialist. D\u00e4rf\u00f6r har vi nu fattat beslut i h\u00e4lso- och sjukv\u00e5rdsstyrelsen att k\u00f6pa mer v\u00e5rd av Akademiska sjukhuset, som aviserar att de klarar av att ta emot fler patienter, s\u00e4ger Anna-Karin Klomp.<\/p>\n<p>Beslutet togs p\u00e5 HSS 19 maj och omfattar en extra v\u00e5rdbest\u00e4llning om 22 miljoner kronor.<\/p>\n<p>N\u00e4r det g\u00e4ller v\u00e5rdgarantin klarar landstinget 91-92 procent f\u00f6r b\u00e5de f\u00f6rsta bes\u00f6k och behandling i specialistv\u00e5rden inom 3 m\u00e5nader. Detta ligger i linje med rikssnittet. Tillg\u00e4ngligheten i prim\u00e4rv\u00e5rden \u00e4r idag n\u00e5got \u00f6ver riksnittet, b\u00e5de f\u00f6r telefontillg\u00e4nglighet och l\u00e4karbes\u00f6k.<\/p>\n","protected":false},"excerpt":{"rendered":"<p>\u00c4ven i april f\u00e5r landstinget del av den statliga k\u00f6miljarden. Landstinget f\u00e5r cirka 1,2 miljoner f\u00f6r att man klarar prestationskravet f\u00f6r att \u00f6ver 70 procent av patienterna f\u00e5r behandling inom 60 dagar. &#8211; Det \u00e4r gl\u00e4djande att se att v\u00e5ra satsningar b\u00f6rjar ge resultat i form av kortare v\u00e4ntetider. Patienterna i v\u00e5rt l\u00e4n f\u00e5r v\u00e5rd <a class=\"read-more-link\" href=\"https:\/\/wp.kristdemokraterna.se\/uppsala\/patienterna-far-vard-allt-snabbare-i-uppsala-lan\/\">Read More<\/a><\/p>\n","protected":false},"author":570,"featured_media":1044,"comment_status":"closed","ping_status":"closed","sticky":false,"template":"","format":"standard","meta":{"_acf_changed":false,"footnotes":""},"categories":[236],"tags":[7,53,75,52],"class_list":["post-1003","post","type-post","status-publish","format-standard","hentry","category-vard-o-omsorg","tag-annakarinklomp","tag-komiljard","tag-kortare-vantetider-i-varden","tag-landstinget-i-uppsala-lan"],"acf":[],"yoast_head":"<!-- This site is optimized with the Yoast SEO plugin v27.4 - https:\/\/yoast.com\/product\/yoast-seo-wordpress\/ -->\n<title>Patienterna f\u00e5r v\u00e5rd allt snabbare i Uppsala l\u00e4n | Kristdemokraterna | Uppsala<\/title>\n<meta name=\"robots\" content=\"index, follow, max-snippet:-1, max-image-preview:large, max-video-preview:-1\" \/>\n<link rel=\"canonical\" href=\"https:\/\/wp.kristdemokraterna.se\/uppsala\/patienterna-far-vard-allt-snabbare-i-uppsala-lan\/\" \/>\n<meta property=\"og:locale\" content=\"sv_SE\" \/>\n<meta property=\"og:type\" content=\"article\" \/>\n<meta property=\"og:title\" content=\"Patienterna f\u00e5r v\u00e5rd allt snabbare i Uppsala l\u00e4n | Kristdemokraterna | Uppsala\" \/>\n<meta property=\"og:description\" content=\"\u00c4ven i april f\u00e5r landstinget del av den statliga k\u00f6miljarden. Landstinget f\u00e5r cirka 1,2 miljoner f\u00f6r att man klarar prestationskravet f\u00f6r att \u00f6ver 70 procent av patienterna f\u00e5r behandling inom 60 dagar. &#8211; Det \u00e4r gl\u00e4djande att se att v\u00e5ra satsningar b\u00f6rjar ge resultat i form av kortare v\u00e4ntetider. Patienterna i v\u00e5rt l\u00e4n f\u00e5r v\u00e5rd Read More\" \/>\n<meta property=\"og:url\" content=\"https:\/\/wp.kristdemokraterna.se\/uppsala\/patienterna-far-vard-allt-snabbare-i-uppsala-lan\/\" \/>\n<meta property=\"og:site_name\" content=\"Kristdemokraterna | Uppsala\" \/>\n<meta property=\"article:publisher\" content=\"https:\/\/www.facebook.com\/UppsalaKD\/\" \/>\n<meta property=\"article:published_time\" content=\"2014-05-21T11:56:42+00:00\" \/>\n<meta property=\"article:modified_time\" content=\"2024-04-03T23:19:37+00:00\" \/>\n<meta property=\"og:image\" content=\"http:\/\/wp.kristdemokraterna.se\/uppsala\/files\/2014\/08\/annakarinklomp.jpg\" \/>\n\t<meta property=\"og:image:width\" content=\"478\" \/>\n\t<meta property=\"og:image:height\" content=\"262\" \/>\n\t<meta property=\"og:image:type\" content=\"image\/jpeg\" \/>\n<meta name=\"author\" content=\"Petra Karl\u00e5\" \/>\n<meta name=\"twitter:card\" content=\"summary_large_image\" \/>\n<meta name=\"twitter:label1\" content=\"Skriven av\" \/>\n\t<meta name=\"twitter:data1\" content=\"Petra Karl\u00e5\" \/>\n\t<meta name=\"twitter:label2\" content=\"Ber\u00e4knad l\u00e4stid\" \/>\n\t<meta name=\"twitter:data2\" content=\"2 minuter\" \/>\n<script type=\"application\/ld+json\" class=\"yoast-schema-graph\">{\"@context\":\"https:\\\/\\\/schema.org\",\"@graph\":[{\"@type\":\"Article\",\"@id\":\"https:\\\/\\\/wp.kristdemokraterna.se\\\/uppsala\\\/patienterna-far-vard-allt-snabbare-i-uppsala-lan\\\/#article\",\"isPartOf\":{\"@id\":\"https:\\\/\\\/wp.kristdemokraterna.se\\\/uppsala\\\/patienterna-far-vard-allt-snabbare-i-uppsala-lan\\\/\"},\"author\":{\"name\":\"Petra Karl\u00e5\",\"@id\":\"https:\\\/\\\/wp.kristdemokraterna.se\\\/uppsala\\\/#\\\/schema\\\/person\\\/9c9d6764688a85f6a5a9bc0aeab97665\"},\"headline\":\"Patienterna f\u00e5r v\u00e5rd allt snabbare i Uppsala l\u00e4n\",\"datePublished\":\"2014-05-21T11:56:42+00:00\",\"dateModified\":\"2024-04-03T23:19:37+00:00\",\"mainEntityOfPage\":{\"@id\":\"https:\\\/\\\/wp.kristdemokraterna.se\\\/uppsala\\\/patienterna-far-vard-allt-snabbare-i-uppsala-lan\\\/\"},\"wordCount\":335,\"publisher\":{\"@id\":\"https:\\\/\\\/wp.kristdemokraterna.se\\\/uppsala\\\/#organization\"},\"image\":{\"@id\":\"https:\\\/\\\/wp.kristdemokraterna.se\\\/uppsala\\\/patienterna-far-vard-allt-snabbare-i-uppsala-lan\\\/#primaryimage\"},\"thumbnailUrl\":\"https:\\\/\\\/wp.kristdemokraterna.se\\\/uppsala\\\/files\\\/2014\\\/08\\\/annakarinklomp.jpg\",\"keywords\":[\"Anna-Karin Klomp\",\"k\u00f6miljard\",\"Kortare v\u00e4ntetider i v\u00e5rden\",\"Landstinget i Uppsala l\u00e4n\"],\"articleSection\":[\"V\u00e5rd &amp; omsorg\"],\"inLanguage\":\"sv-SE\"},{\"@type\":\"WebPage\",\"@id\":\"https:\\\/\\\/wp.kristdemokraterna.se\\\/uppsala\\\/patienterna-far-vard-allt-snabbare-i-uppsala-lan\\\/\",\"url\":\"https:\\\/\\\/wp.kristdemokraterna.se\\\/uppsala\\\/patienterna-far-vard-allt-snabbare-i-uppsala-lan\\\/\",\"name\":\"Patienterna f\u00e5r v\u00e5rd allt snabbare i Uppsala l\u00e4n | Kristdemokraterna | Uppsala\",\"isPartOf\":{\"@id\":\"https:\\\/\\\/wp.kristdemokraterna.se\\\/uppsala\\\/#website\"},\"primaryImageOfPage\":{\"@id\":\"https:\\\/\\\/wp.kristdemokraterna.se\\\/uppsala\\\/patienterna-far-vard-allt-snabbare-i-uppsala-lan\\\/#primaryimage\"},\"image\":{\"@id\":\"https:\\\/\\\/wp.kristdemokraterna.se\\\/uppsala\\\/patienterna-far-vard-allt-snabbare-i-uppsala-lan\\\/#primaryimage\"},\"thumbnailUrl\":\"https:\\\/\\\/wp.kristdemokraterna.se\\\/uppsala\\\/files\\\/2014\\\/08\\\/annakarinklomp.jpg\",\"datePublished\":\"2014-05-21T11:56:42+00:00\",\"dateModified\":\"2024-04-03T23:19:37+00:00\",\"breadcrumb\":{\"@id\":\"https:\\\/\\\/wp.kristdemokraterna.se\\\/uppsala\\\/patienterna-far-vard-allt-snabbare-i-uppsala-lan\\\/#breadcrumb\"},\"inLanguage\":\"sv-SE\",\"potentialAction\":[{\"@type\":\"ReadAction\",\"target\":[\"https:\\\/\\\/wp.kristdemokraterna.se\\\/uppsala\\\/patienterna-far-vard-allt-snabbare-i-uppsala-lan\\\/\"]}]},{\"@type\":\"ImageObject\",\"inLanguage\":\"sv-SE\",\"@id\":\"https:\\\/\\\/wp.kristdemokraterna.se\\\/uppsala\\\/patienterna-far-vard-allt-snabbare-i-uppsala-lan\\\/#primaryimage\",\"url\":\"https:\\\/\\\/wp.kristdemokraterna.se\\\/uppsala\\\/files\\\/2014\\\/08\\\/annakarinklomp.jpg\",\"contentUrl\":\"https:\\\/\\\/wp.kristdemokraterna.se\\\/uppsala\\\/files\\\/2014\\\/08\\\/annakarinklomp.jpg\",\"width\":478,\"height\":262,\"caption\":\"Foto: Truls Busch Christensen\"},{\"@type\":\"BreadcrumbList\",\"@id\":\"https:\\\/\\\/wp.kristdemokraterna.se\\\/uppsala\\\/patienterna-far-vard-allt-snabbare-i-uppsala-lan\\\/#breadcrumb\",\"itemListElement\":[{\"@type\":\"ListItem\",\"position\":1,\"name\":\"Hem\",\"item\":\"https:\\\/\\\/wp.kristdemokraterna.se\\\/uppsala\\\/\"},{\"@type\":\"ListItem\",\"position\":2,\"name\":\"Patienterna f\u00e5r v\u00e5rd allt snabbare i Uppsala l\u00e4n\"}]},{\"@type\":\"WebSite\",\"@id\":\"https:\\\/\\\/wp.kristdemokraterna.se\\\/uppsala\\\/#website\",\"url\":\"https:\\\/\\\/wp.kristdemokraterna.se\\\/uppsala\\\/\",\"name\":\"Kristdemokraterna Uppsala\",\"description\":\"Tryggare Uppsala\",\"publisher\":{\"@id\":\"https:\\\/\\\/wp.kristdemokraterna.se\\\/uppsala\\\/#organization\"},\"inLanguage\":\"sv-SE\"},{\"@type\":\"Organization\",\"@id\":\"https:\\\/\\\/wp.kristdemokraterna.se\\\/uppsala\\\/#organization\",\"name\":\"Kristdemokraterna Uppsala\",\"url\":\"https:\\\/\\\/wp.kristdemokraterna.se\\\/uppsala\\\/\",\"logo\":{\"@type\":\"ImageObject\",\"inLanguage\":\"sv-SE\",\"@id\":\"https:\\\/\\\/wp.kristdemokraterna.se\\\/uppsala\\\/#\\\/schema\\\/logo\\\/image\\\/\",\"url\":\"https:\\\/\\\/wp.kristdemokraterna.se\\\/uppsala\\\/files\\\/2019\\\/10\\\/kd-uppsala.png\",\"contentUrl\":\"https:\\\/\\\/wp.kristdemokraterna.se\\\/uppsala\\\/files\\\/2019\\\/10\\\/kd-uppsala.png\",\"width\":804,\"height\":421,\"caption\":\"Kristdemokraterna Uppsala\"},\"image\":{\"@id\":\"https:\\\/\\\/wp.kristdemokraterna.se\\\/uppsala\\\/#\\\/schema\\\/logo\\\/image\\\/\"},\"sameAs\":[\"https:\\\/\\\/www.facebook.com\\\/UppsalaKD\\\/\",\"https:\\\/\\\/www.instagram.com\\\/uppsalakd\\\/\"]},{\"@type\":\"Person\",\"@id\":\"https:\\\/\\\/wp.kristdemokraterna.se\\\/uppsala\\\/#\\\/schema\\\/person\\\/9c9d6764688a85f6a5a9bc0aeab97665\",\"name\":\"Petra Karl\u00e5\",\"image\":{\"@type\":\"ImageObject\",\"inLanguage\":\"sv-SE\",\"@id\":\"https:\\\/\\\/secure.gravatar.com\\\/avatar\\\/4a0351df3ec5e473a63caa9ade3c07a69c688dacf0d1055a81464c4244cd8431?s=96&r=g\",\"url\":\"https:\\\/\\\/secure.gravatar.com\\\/avatar\\\/4a0351df3ec5e473a63caa9ade3c07a69c688dacf0d1055a81464c4244cd8431?s=96&r=g\",\"contentUrl\":\"https:\\\/\\\/secure.gravatar.com\\\/avatar\\\/4a0351df3ec5e473a63caa9ade3c07a69c688dacf0d1055a81464c4244cd8431?s=96&r=g\",\"caption\":\"Petra Karl\u00e5\"},\"url\":\"https:\\\/\\\/wp.kristdemokraterna.se\\\/uppsala\\\/author\\\/petrakarla\\\/\"}]}<\/script>\n<!-- \/ Yoast SEO plugin. -->","yoast_head_json":{"title":"Patienterna f\u00e5r v\u00e5rd allt snabbare i Uppsala l\u00e4n | Kristdemokraterna | Uppsala","robots":{"index":"index","follow":"follow","max-snippet":"max-snippet:-1","max-image-preview":"max-image-preview:large","max-video-preview":"max-video-preview:-1"},"canonical":"https:\/\/wp.kristdemokraterna.se\/uppsala\/patienterna-far-vard-allt-snabbare-i-uppsala-lan\/","og_locale":"sv_SE","og_type":"article","og_title":"Patienterna f\u00e5r v\u00e5rd allt snabbare i Uppsala l\u00e4n | Kristdemokraterna | Uppsala","og_description":"\u00c4ven i april f\u00e5r landstinget del av den statliga k\u00f6miljarden. Landstinget f\u00e5r cirka 1,2 miljoner f\u00f6r att man klarar prestationskravet f\u00f6r att \u00f6ver 70 procent av patienterna f\u00e5r behandling inom 60 dagar. &#8211; Det \u00e4r gl\u00e4djande att se att v\u00e5ra satsningar b\u00f6rjar ge resultat i form av kortare v\u00e4ntetider. Patienterna i v\u00e5rt l\u00e4n f\u00e5r v\u00e5rd Read More","og_url":"https:\/\/wp.kristdemokraterna.se\/uppsala\/patienterna-far-vard-allt-snabbare-i-uppsala-lan\/","og_site_name":"Kristdemokraterna | Uppsala","article_publisher":"https:\/\/www.facebook.com\/UppsalaKD\/","article_published_time":"2014-05-21T11:56:42+00:00","article_modified_time":"2024-04-03T23:19:37+00:00","og_image":[{"width":478,"height":262,"url":"http:\/\/wp.kristdemokraterna.se\/uppsala\/files\/2014\/08\/annakarinklomp.jpg","type":"image\/jpeg"}],"author":"Petra Karl\u00e5","twitter_card":"summary_large_image","twitter_misc":{"Skriven av":"Petra Karl\u00e5","Ber\u00e4knad l\u00e4stid":"2 minuter"},"schema":{"@context":"https:\/\/schema.org","@graph":[{"@type":"Article","@id":"https:\/\/wp.kristdemokraterna.se\/uppsala\/patienterna-far-vard-allt-snabbare-i-uppsala-lan\/#article","isPartOf":{"@id":"https:\/\/wp.kristdemokraterna.se\/uppsala\/patienterna-far-vard-allt-snabbare-i-uppsala-lan\/"},"author":{"name":"Petra Karl\u00e5","@id":"https:\/\/wp.kristdemokraterna.se\/uppsala\/#\/schema\/person\/9c9d6764688a85f6a5a9bc0aeab97665"},"headline":"Patienterna f\u00e5r v\u00e5rd allt snabbare i Uppsala l\u00e4n","datePublished":"2014-05-21T11:56:42+00:00","dateModified":"2024-04-03T23:19:37+00:00","mainEntityOfPage":{"@id":"https:\/\/wp.kristdemokraterna.se\/uppsala\/patienterna-far-vard-allt-snabbare-i-uppsala-lan\/"},"wordCount":335,"publisher":{"@id":"https:\/\/wp.kristdemokraterna.se\/uppsala\/#organization"},"image":{"@id":"https:\/\/wp.kristdemokraterna.se\/uppsala\/patienterna-far-vard-allt-snabbare-i-uppsala-lan\/#primaryimage"},"thumbnailUrl":"https:\/\/wp.kristdemokraterna.se\/uppsala\/files\/2014\/08\/annakarinklomp.jpg","keywords":["Anna-Karin Klomp","k\u00f6miljard","Kortare v\u00e4ntetider i v\u00e5rden","Landstinget i Uppsala l\u00e4n"],"articleSection":["V\u00e5rd &amp; omsorg"],"inLanguage":"sv-SE"},{"@type":"WebPage","@id":"https:\/\/wp.kristdemokraterna.se\/uppsala\/patienterna-far-vard-allt-snabbare-i-uppsala-lan\/","url":"https:\/\/wp.kristdemokraterna.se\/uppsala\/patienterna-far-vard-allt-snabbare-i-uppsala-lan\/","name":"Patienterna f\u00e5r v\u00e5rd allt snabbare i Uppsala l\u00e4n | Kristdemokraterna | Uppsala","isPartOf":{"@id":"https:\/\/wp.kristdemokraterna.se\/uppsala\/#website"},"primaryImageOfPage":{"@id":"https:\/\/wp.kristdemokraterna.se\/uppsala\/patienterna-far-vard-allt-snabbare-i-uppsala-lan\/#primaryimage"},"image":{"@id":"https:\/\/wp.kristdemokraterna.se\/uppsala\/patienterna-far-vard-allt-snabbare-i-uppsala-lan\/#primaryimage"},"thumbnailUrl":"https:\/\/wp.kristdemokraterna.se\/uppsala\/files\/2014\/08\/annakarinklomp.jpg","datePublished":"2014-05-21T11:56:42+00:00","dateModified":"2024-04-03T23:19:37+00:00","breadcrumb":{"@id":"https:\/\/wp.kristdemokraterna.se\/uppsala\/patienterna-far-vard-allt-snabbare-i-uppsala-lan\/#breadcrumb"},"inLanguage":"sv-SE","potentialAction":[{"@type":"ReadAction","target":["https:\/\/wp.kristdemokraterna.se\/uppsala\/patienterna-far-vard-allt-snabbare-i-uppsala-lan\/"]}]},{"@type":"ImageObject","inLanguage":"sv-SE","@id":"https:\/\/wp.kristdemokraterna.se\/uppsala\/patienterna-far-vard-allt-snabbare-i-uppsala-lan\/#primaryimage","url":"https:\/\/wp.kristdemokraterna.se\/uppsala\/files\/2014\/08\/annakarinklomp.jpg","contentUrl":"https:\/\/wp.kristdemokraterna.se\/uppsala\/files\/2014\/08\/annakarinklomp.jpg","width":478,"height":262,"caption":"Foto: Truls Busch Christensen"},{"@type":"BreadcrumbList","@id":"https:\/\/wp.kristdemokraterna.se\/uppsala\/patienterna-far-vard-allt-snabbare-i-uppsala-lan\/#breadcrumb","itemListElement":[{"@type":"ListItem","position":1,"name":"Hem","item":"https:\/\/wp.kristdemokraterna.se\/uppsala\/"},{"@type":"ListItem","position":2,"name":"Patienterna f\u00e5r v\u00e5rd allt snabbare i Uppsala l\u00e4n"}]},{"@type":"WebSite","@id":"https:\/\/wp.kristdemokraterna.se\/uppsala\/#website","url":"https:\/\/wp.kristdemokraterna.se\/uppsala\/","name":"Kristdemokraterna Uppsala","description":"Tryggare Uppsala","publisher":{"@id":"https:\/\/wp.kristdemokraterna.se\/uppsala\/#organization"},"inLanguage":"sv-SE"},{"@type":"Organization","@id":"https:\/\/wp.kristdemokraterna.se\/uppsala\/#organization","name":"Kristdemokraterna Uppsala","url":"https:\/\/wp.kristdemokraterna.se\/uppsala\/","logo":{"@type":"ImageObject","inLanguage":"sv-SE","@id":"https:\/\/wp.kristdemokraterna.se\/uppsala\/#\/schema\/logo\/image\/","url":"https:\/\/wp.kristdemokraterna.se\/uppsala\/files\/2019\/10\/kd-uppsala.png","contentUrl":"https:\/\/wp.kristdemokraterna.se\/uppsala\/files\/2019\/10\/kd-uppsala.png","width":804,"height":421,"caption":"Kristdemokraterna Uppsala"},"image":{"@id":"https:\/\/wp.kristdemokraterna.se\/uppsala\/#\/schema\/logo\/image\/"},"sameAs":["https:\/\/www.facebook.com\/UppsalaKD\/","https:\/\/www.instagram.com\/uppsalakd\/"]},{"@type":"Person","@id":"https:\/\/wp.kristdemokraterna.se\/uppsala\/#\/schema\/person\/9c9d6764688a85f6a5a9bc0aeab97665","name":"Petra Karl\u00e5","image":{"@type":"ImageObject","inLanguage":"sv-SE","@id":"https:\/\/secure.gravatar.com\/avatar\/4a0351df3ec5e473a63caa9ade3c07a69c688dacf0d1055a81464c4244cd8431?s=96&r=g","url":"https:\/\/secure.gravatar.com\/avatar\/4a0351df3ec5e473a63caa9ade3c07a69c688dacf0d1055a81464c4244cd8431?s=96&r=g","contentUrl":"https:\/\/secure.gravatar.com\/avatar\/4a0351df3ec5e473a63caa9ade3c07a69c688dacf0d1055a81464c4244cd8431?s=96&r=g","caption":"Petra Karl\u00e5"},"url":"https:\/\/wp.kristdemokraterna.se\/uppsala\/author\/petrakarla\/"}]}},"_links":{"self":[{"href":"https:\/\/wp.kristdemokraterna.se\/uppsala\/wp-json\/wp\/v2\/posts\/1003","targetHints":{"allow":["GET"]}}],"collection":[{"href":"https:\/\/wp.kristdemokraterna.se\/uppsala\/wp-json\/wp\/v2\/posts"}],"about":[{"href":"https:\/\/wp.kristdemokraterna.se\/uppsala\/wp-json\/wp\/v2\/types\/post"}],"author":[{"embeddable":true,"href":"https:\/\/wp.kristdemokraterna.se\/uppsala\/wp-json\/wp\/v2\/users\/570"}],"replies":[{"embeddable":true,"href":"https:\/\/wp.kristdemokraterna.se\/uppsala\/wp-json\/wp\/v2\/comments?post=1003"}],"version-history":[{"count":2,"href":"https:\/\/wp.kristdemokraterna.se\/uppsala\/wp-json\/wp\/v2\/posts\/1003\/revisions"}],"predecessor-version":[{"id":1569,"href":"https:\/\/wp.kristdemokraterna.se\/uppsala\/wp-json\/wp\/v2\/posts\/1003\/revisions\/1569"}],"wp:featuredmedia":[{"embeddable":true,"href":"https:\/\/wp.kristdemokraterna.se\/uppsala\/wp-json\/wp\/v2\/media\/1044"}],"wp:attachment":[{"href":"https:\/\/wp.kristdemokraterna.se\/uppsala\/wp-json\/wp\/v2\/media?parent=1003"}],"wp:term":[{"taxonomy":"category","embeddable":true,"href":"https:\/\/wp.kristdemokraterna.se\/uppsala\/wp-json\/wp\/v2\/categories?post=1003"},{"taxonomy":"post_tag","embeddable":true,"href":"https:\/\/wp.kristdemokraterna.se\/uppsala\/wp-json\/wp\/v2\/tags?post=1003"}],"curies":[{"name":"wp","href":"https:\/\/api.w.org\/{rel}","templated":true}]}}