{"id":1006,"date":"2014-06-12T12:21:03","date_gmt":"2014-06-12T10:21:03","guid":{"rendered":"http:\/\/wp.kristdemokraterna.se\/uppsala\/?p=1006"},"modified":"2024-04-07T18:54:32","modified_gmt":"2024-04-07T16:54:32","slug":"kd-fungerande-tagtrafik-ett-maste","status":"publish","type":"post","link":"https:\/\/wp.kristdemokraterna.se\/uppsala\/kd-fungerande-tagtrafik-ett-maste\/","title":{"rendered":"KD: Fungerande t\u00e5gtrafik ett m\u00e5ste"},"content":{"rendered":"<p><a href=\"http:\/\/www.unt.se\/asikt\/debatt\/fungerande-tagtrafik-ett-maste-3201625.aspx\">Artikel i UNT<\/a><\/p>\n<p><strong>J\u00e4rnv\u00e4gen m\u00e5ste behandlas som den kritiska del av det moderna samh\u00e4llets infrastruktur den faktiskt \u00e4r. Det skriver Anna-Karin Klomp (KD) och Ebba Busch (KD).<\/strong><\/p>\n<p><strong>Sedan n\u00e4stan tv\u00e5 veckor<\/strong> har den sp\u00e5rbundna trafiken mellan Uppsala och Stockholm i princip st\u00e5tt still. Trafiken \u00e5terupptogs i mycket reducerad skala i f\u00f6rra veckan f\u00f6r att \u00e5ter st\u00e5 still under s\u00f6ndagen och m\u00e5ndagen. Str\u00e4ckan mellan Stockholm-Uppsala st\u00e5r f\u00f6r Sveriges st\u00f6rsta regionalpendling. Tusentals m\u00e4nniskor har f\u00e5tt k\u00f6a i timmar f\u00f6r att komma till sina arbetsplatser och hem. H\u00e4ndelsen visar p\u00e5 den svenska t\u00e5gtrafikens br\u00e4cklighet och att det beh\u00f6vs en omg\u00e5ende f\u00f6r\u00e4ndring. D\u00e4rf\u00f6r vill vi kristdemokrater snarast se en utbyggnad av sp\u00e5ren mellan Stockholm och Uppsala.<!--more--><\/p>\n<p><strong>Det \u00e4r inte acceptabelt att den sp\u00e5rbundna trafiken mellan tv\u00e5 av Sveriges st\u00f6rsta st\u00e4der helt sl\u00e5s ut och sedan reduceras kraftigt i mer \u00e4n en vecka p\u00e5 grund av en brand i en elcentral. F\u00f6rberedelsen f\u00f6r denna typ av h\u00e4ndelser m\u00e5ste vara s\u00e5 l\u00e5ngtg\u00e5ende att risken f\u00f6r att s\u00e5dant sker 2014 inte finns. Inom sjukv\u00e5rden vore n\u00e5got liknande ot\u00e4nkbart. Att sjukhusen har egen reservkraft att anv\u00e4nda vid elavbrott \u00e4r i dag en sj\u00e4lvklarhet. Vad g\u00e4ller kommunikationerna \u00e4r f\u00f6rberedelserna l\u00e5ngtifr\u00e5n j\u00e4mf\u00f6rbara. Den enskilde och samh\u00e4llet i stort drabbas mycket h\u00e5rt av att trafiken lamsl\u00e5s under en l\u00e4ngre tid. Uppsala \u00e4r en del av Sveriges st\u00f6rsta arbetsmarknadsregion och beroende av en fungerande pendling. Att trafiken mellan Uppsala och Stockholm fungerar v\u00e4l \u00e4r d\u00e4rigenom ett riksintresse.<\/strong><\/p>\n<p><strong>Vi vill ta <\/strong>ett helhetsgrepp om sp\u00e5rtrafiken och lyfta fram tv\u00e5 omr\u00e5den. Rutinerna kring j\u00e4rnv\u00e4gens elf\u00f6rs\u00f6rjning m\u00e5ste f\u00f6ljas upp och f\u00f6rb\u00e4ttras. Trafiken f\u00e5r inte stanna n\u00e4r en transformatorstation brinner ned. En s\u00e5rbarhetsanalys m\u00e5ste finnas p\u00e5 plats och reservdelar m\u00e5ste finnas att tillg\u00e5 n\u00e4r problem v\u00e4l uppst\u00e5r. J\u00e4rnv\u00e4gen m\u00e5ste behandlas som den kritiska del av det moderna samh\u00e4llets infrastruktur den faktiskt \u00e4r.<\/p>\n<p>Kristdemokraterna har konsekvent lyft fram betydelsen av \u00f6kade satsningar p\u00e5 infrastrukturen, d\u00e4ribland j\u00e4rnv\u00e4gen. \u00d6kade resurser till Dalabanan har kommit till efter kristdemokratiska krav. P\u00e5 tidigt 90-tal var det p\u00e5 initiativ av den d\u00e5varande kristdemokratiska kommunikationsminister Mats Odell som t\u00e5gf\u00f6rbindelse till Arlanda blev verklighet. Stora satsningar kommer \u00e4ven att g\u00f6ras fram\u00f6ver. Regeringen har aviserat att genom Trafikverket prioritera en satsning p\u00e5 300 miljoner kronor f\u00f6r att trimma sp\u00e5ren mellan Stockholm och Uppsala. Detta \u00e4r en del av den totala infrastruktursatsningen p\u00e5 522 miljarder kronor som Alliansregeringen presenterat f\u00f6r perioden 2014-2025.<\/p>\n<p><strong>Kristdemokraterna \u00e4r stolta <\/strong>\u00f6ver Alliansens satsningar p\u00e5 p\u00e5 sp\u00e5rbunden kollektivtrafik i Uppsala l\u00e4n, med goda f\u00f6rbindelser till Stockholm, G\u00e4vle och Sala. Men vi vill g\u00e5 vidare se ytterligare f\u00f6rst\u00e4rkningar. Str\u00e4ckan mellan Uppsala och Stockholm \u00e4r redan \u00f6vertrafikerad. F\u00f6r att b\u00e4ttre knyta samman storstadsregionerna b\u00f6r fyrsp\u00e5r byggas f\u00f6r att m\u00f6jligg\u00f6ra fler avg\u00e5ngar och en tidtabell som g\u00e5r att lita p\u00e5. Uppt\u00e5gets linjer b\u00f6r \u00e4ven f\u00f6rses med fler stopp och en framtida j\u00e4rnv\u00e4g mellan Uppsala-Enk\u00f6ping byggas till.<\/p>\n<p>Enligt Handelskammaren v\u00e4xer regionen Stockholm och Uppsala med drygt 40 000 m\u00e4nniskor varje \u00e5r vilket skapar merv\u00e4rde f\u00f6r hela riket. F\u00f6r att f\u00f6retagen ska kunna leverera sina varor och f\u00f6r att m\u00e4nniskor ska kunna ta sig till jobb kan inte t\u00e5gtrafiken mellan tv\u00e5 av landets st\u00f6rsta st\u00e4der ligga nere under tv\u00e5 veckor. Rutinerna f\u00f6r att s\u00e4kra att trafiken flyter m\u00e5ste ses \u00f6ver och j\u00e4rnv\u00e4gen behandlas som den samh\u00e4llskritiska verksamhet den \u00e4r. Likas\u00e5 m\u00e5ste j\u00e4rnv\u00e4gen byggas ut i Uppsala l\u00e4n f\u00f6r att s\u00e4kra framtidens kommunikation. Menar vi allvar med att arbetslinjen ska g\u00e4lla b\u00f6r det \u00e4ven m\u00e4rkas i en satsning p\u00e5 Sveriges tyngst trafikerade pendlarstr\u00e4cka genom tillskapandet av fyrsp\u00e5r. Det \u00e4r en n\u00f6dv\u00e4ndighet f\u00f6r en offensiv arbetsmarknadsregion d\u00e4r m\u00e4nniskor ocks\u00e5 kan lita p\u00e5 att de kommer hem i tid till h\u00e4mtningen vid f\u00f6rskolan.<\/p>\n<p><strong>Anna-Karin Klomp<\/strong> (KD), Landstingsr\u00e5d<\/p>\n<p><strong>Ebba Busch<\/strong> (KD), Kommunalr\u00e5d Uppsala<\/p>\n","protected":false},"excerpt":{"rendered":"<p>Artikel i UNT J\u00e4rnv\u00e4gen m\u00e5ste behandlas som den kritiska del av det moderna samh\u00e4llets infrastruktur den faktiskt \u00e4r. Det skriver Anna-Karin Klomp (KD) och Ebba Busch (KD). Sedan n\u00e4stan tv\u00e5 veckor har den sp\u00e5rbundna trafiken mellan Uppsala och Stockholm i princip st\u00e5tt still. Trafiken \u00e5terupptogs i mycket reducerad skala i f\u00f6rra veckan f\u00f6r att \u00e5ter <a class=\"read-more-link\" href=\"https:\/\/wp.kristdemokraterna.se\/uppsala\/kd-fungerande-tagtrafik-ett-maste\/\">Read More<\/a><\/p>\n","protected":false},"author":570,"featured_media":1047,"comment_status":"closed","ping_status":"closed","sticky":false,"template":"","format":"standard","meta":{"_acf_changed":false,"footnotes":""},"categories":[232],"tags":[7,13,78],"class_list":["post-1006","post","type-post","status-publish","format-standard","hentry","category-kollektivtrafik-o-stadsplanering","tag-annakarinklomp","tag-ebba-busch-thor","tag-tagtrafik"],"acf":[],"yoast_head":"<!-- This site is optimized with the Yoast SEO plugin v27.4 - https:\/\/yoast.com\/product\/yoast-seo-wordpress\/ -->\n<title>KD: Fungerande t\u00e5gtrafik ett m\u00e5ste | Kristdemokraterna | Uppsala<\/title>\n<meta name=\"robots\" content=\"index, follow, max-snippet:-1, max-image-preview:large, max-video-preview:-1\" \/>\n<link rel=\"canonical\" href=\"https:\/\/wp.kristdemokraterna.se\/uppsala\/kd-fungerande-tagtrafik-ett-maste\/\" \/>\n<meta property=\"og:locale\" content=\"sv_SE\" \/>\n<meta property=\"og:type\" content=\"article\" \/>\n<meta property=\"og:title\" content=\"KD: Fungerande t\u00e5gtrafik ett m\u00e5ste | Kristdemokraterna | Uppsala\" \/>\n<meta property=\"og:description\" content=\"Artikel i UNT J\u00e4rnv\u00e4gen m\u00e5ste behandlas som den kritiska del av det moderna samh\u00e4llets infrastruktur den faktiskt \u00e4r. Det skriver Anna-Karin Klomp (KD) och Ebba Busch (KD). Sedan n\u00e4stan tv\u00e5 veckor har den sp\u00e5rbundna trafiken mellan Uppsala och Stockholm i princip st\u00e5tt still. Trafiken \u00e5terupptogs i mycket reducerad skala i f\u00f6rra veckan f\u00f6r att \u00e5ter Read More\" \/>\n<meta property=\"og:url\" content=\"https:\/\/wp.kristdemokraterna.se\/uppsala\/kd-fungerande-tagtrafik-ett-maste\/\" \/>\n<meta property=\"og:site_name\" content=\"Kristdemokraterna | Uppsala\" \/>\n<meta property=\"article:publisher\" content=\"https:\/\/www.facebook.com\/UppsalaKD\/\" \/>\n<meta property=\"article:published_time\" content=\"2014-06-12T10:21:03+00:00\" \/>\n<meta property=\"article:modified_time\" content=\"2024-04-07T16:54:32+00:00\" \/>\n<meta property=\"og:image\" content=\"http:\/\/wp.kristdemokraterna.se\/uppsala\/files\/2014\/08\/ebbabuschthor.jpg\" \/>\n\t<meta property=\"og:image:width\" content=\"478\" \/>\n\t<meta property=\"og:image:height\" content=\"262\" \/>\n\t<meta property=\"og:image:type\" content=\"image\/jpeg\" \/>\n<meta name=\"author\" content=\"Petra Karl\u00e5\" \/>\n<meta name=\"twitter:card\" content=\"summary_large_image\" \/>\n<meta name=\"twitter:label1\" content=\"Skriven av\" \/>\n\t<meta name=\"twitter:data1\" content=\"Petra Karl\u00e5\" \/>\n\t<meta name=\"twitter:label2\" content=\"Ber\u00e4knad l\u00e4stid\" \/>\n\t<meta name=\"twitter:data2\" content=\"4 minuter\" \/>\n<script type=\"application\/ld+json\" class=\"yoast-schema-graph\">{\"@context\":\"https:\\\/\\\/schema.org\",\"@graph\":[{\"@type\":\"Article\",\"@id\":\"https:\\\/\\\/wp.kristdemokraterna.se\\\/uppsala\\\/kd-fungerande-tagtrafik-ett-maste\\\/#article\",\"isPartOf\":{\"@id\":\"https:\\\/\\\/wp.kristdemokraterna.se\\\/uppsala\\\/kd-fungerande-tagtrafik-ett-maste\\\/\"},\"author\":{\"name\":\"Petra Karl\u00e5\",\"@id\":\"https:\\\/\\\/wp.kristdemokraterna.se\\\/uppsala\\\/#\\\/schema\\\/person\\\/9c9d6764688a85f6a5a9bc0aeab97665\"},\"headline\":\"KD: Fungerande t\u00e5gtrafik ett m\u00e5ste\",\"datePublished\":\"2014-06-12T10:21:03+00:00\",\"dateModified\":\"2024-04-07T16:54:32+00:00\",\"mainEntityOfPage\":{\"@id\":\"https:\\\/\\\/wp.kristdemokraterna.se\\\/uppsala\\\/kd-fungerande-tagtrafik-ett-maste\\\/\"},\"wordCount\":754,\"publisher\":{\"@id\":\"https:\\\/\\\/wp.kristdemokraterna.se\\\/uppsala\\\/#organization\"},\"image\":{\"@id\":\"https:\\\/\\\/wp.kristdemokraterna.se\\\/uppsala\\\/kd-fungerande-tagtrafik-ett-maste\\\/#primaryimage\"},\"thumbnailUrl\":\"https:\\\/\\\/wp.kristdemokraterna.se\\\/uppsala\\\/files\\\/2014\\\/08\\\/ebbabuschthor.jpg\",\"keywords\":[\"Anna-Karin Klomp\",\"Ebba Busch Thor\",\"T\u00e5gtrafik\"],\"articleSection\":[\"Kollektivtrafik &amp; Stadsplanering\"],\"inLanguage\":\"sv-SE\"},{\"@type\":\"WebPage\",\"@id\":\"https:\\\/\\\/wp.kristdemokraterna.se\\\/uppsala\\\/kd-fungerande-tagtrafik-ett-maste\\\/\",\"url\":\"https:\\\/\\\/wp.kristdemokraterna.se\\\/uppsala\\\/kd-fungerande-tagtrafik-ett-maste\\\/\",\"name\":\"KD: Fungerande t\u00e5gtrafik ett m\u00e5ste | Kristdemokraterna | Uppsala\",\"isPartOf\":{\"@id\":\"https:\\\/\\\/wp.kristdemokraterna.se\\\/uppsala\\\/#website\"},\"primaryImageOfPage\":{\"@id\":\"https:\\\/\\\/wp.kristdemokraterna.se\\\/uppsala\\\/kd-fungerande-tagtrafik-ett-maste\\\/#primaryimage\"},\"image\":{\"@id\":\"https:\\\/\\\/wp.kristdemokraterna.se\\\/uppsala\\\/kd-fungerande-tagtrafik-ett-maste\\\/#primaryimage\"},\"thumbnailUrl\":\"https:\\\/\\\/wp.kristdemokraterna.se\\\/uppsala\\\/files\\\/2014\\\/08\\\/ebbabuschthor.jpg\",\"datePublished\":\"2014-06-12T10:21:03+00:00\",\"dateModified\":\"2024-04-07T16:54:32+00:00\",\"breadcrumb\":{\"@id\":\"https:\\\/\\\/wp.kristdemokraterna.se\\\/uppsala\\\/kd-fungerande-tagtrafik-ett-maste\\\/#breadcrumb\"},\"inLanguage\":\"sv-SE\",\"potentialAction\":[{\"@type\":\"ReadAction\",\"target\":[\"https:\\\/\\\/wp.kristdemokraterna.se\\\/uppsala\\\/kd-fungerande-tagtrafik-ett-maste\\\/\"]}]},{\"@type\":\"ImageObject\",\"inLanguage\":\"sv-SE\",\"@id\":\"https:\\\/\\\/wp.kristdemokraterna.se\\\/uppsala\\\/kd-fungerande-tagtrafik-ett-maste\\\/#primaryimage\",\"url\":\"https:\\\/\\\/wp.kristdemokraterna.se\\\/uppsala\\\/files\\\/2014\\\/08\\\/ebbabuschthor.jpg\",\"contentUrl\":\"https:\\\/\\\/wp.kristdemokraterna.se\\\/uppsala\\\/files\\\/2014\\\/08\\\/ebbabuschthor.jpg\",\"width\":478,\"height\":262,\"caption\":\"Foto: Truls Busch Christensen\"},{\"@type\":\"BreadcrumbList\",\"@id\":\"https:\\\/\\\/wp.kristdemokraterna.se\\\/uppsala\\\/kd-fungerande-tagtrafik-ett-maste\\\/#breadcrumb\",\"itemListElement\":[{\"@type\":\"ListItem\",\"position\":1,\"name\":\"Hem\",\"item\":\"https:\\\/\\\/wp.kristdemokraterna.se\\\/uppsala\\\/\"},{\"@type\":\"ListItem\",\"position\":2,\"name\":\"KD: Fungerande t\u00e5gtrafik ett m\u00e5ste\"}]},{\"@type\":\"WebSite\",\"@id\":\"https:\\\/\\\/wp.kristdemokraterna.se\\\/uppsala\\\/#website\",\"url\":\"https:\\\/\\\/wp.kristdemokraterna.se\\\/uppsala\\\/\",\"name\":\"Kristdemokraterna Uppsala\",\"description\":\"Tryggare Uppsala\",\"publisher\":{\"@id\":\"https:\\\/\\\/wp.kristdemokraterna.se\\\/uppsala\\\/#organization\"},\"inLanguage\":\"sv-SE\"},{\"@type\":\"Organization\",\"@id\":\"https:\\\/\\\/wp.kristdemokraterna.se\\\/uppsala\\\/#organization\",\"name\":\"Kristdemokraterna Uppsala\",\"url\":\"https:\\\/\\\/wp.kristdemokraterna.se\\\/uppsala\\\/\",\"logo\":{\"@type\":\"ImageObject\",\"inLanguage\":\"sv-SE\",\"@id\":\"https:\\\/\\\/wp.kristdemokraterna.se\\\/uppsala\\\/#\\\/schema\\\/logo\\\/image\\\/\",\"url\":\"https:\\\/\\\/wp.kristdemokraterna.se\\\/uppsala\\\/files\\\/2019\\\/10\\\/kd-uppsala.png\",\"contentUrl\":\"https:\\\/\\\/wp.kristdemokraterna.se\\\/uppsala\\\/files\\\/2019\\\/10\\\/kd-uppsala.png\",\"width\":804,\"height\":421,\"caption\":\"Kristdemokraterna Uppsala\"},\"image\":{\"@id\":\"https:\\\/\\\/wp.kristdemokraterna.se\\\/uppsala\\\/#\\\/schema\\\/logo\\\/image\\\/\"},\"sameAs\":[\"https:\\\/\\\/www.facebook.com\\\/UppsalaKD\\\/\",\"https:\\\/\\\/www.instagram.com\\\/uppsalakd\\\/\"]},{\"@type\":\"Person\",\"@id\":\"https:\\\/\\\/wp.kristdemokraterna.se\\\/uppsala\\\/#\\\/schema\\\/person\\\/9c9d6764688a85f6a5a9bc0aeab97665\",\"name\":\"Petra Karl\u00e5\",\"image\":{\"@type\":\"ImageObject\",\"inLanguage\":\"sv-SE\",\"@id\":\"https:\\\/\\\/secure.gravatar.com\\\/avatar\\\/4a0351df3ec5e473a63caa9ade3c07a69c688dacf0d1055a81464c4244cd8431?s=96&r=g\",\"url\":\"https:\\\/\\\/secure.gravatar.com\\\/avatar\\\/4a0351df3ec5e473a63caa9ade3c07a69c688dacf0d1055a81464c4244cd8431?s=96&r=g\",\"contentUrl\":\"https:\\\/\\\/secure.gravatar.com\\\/avatar\\\/4a0351df3ec5e473a63caa9ade3c07a69c688dacf0d1055a81464c4244cd8431?s=96&r=g\",\"caption\":\"Petra Karl\u00e5\"},\"url\":\"https:\\\/\\\/wp.kristdemokraterna.se\\\/uppsala\\\/author\\\/petrakarla\\\/\"}]}<\/script>\n<!-- \/ Yoast SEO plugin. -->","yoast_head_json":{"title":"KD: Fungerande t\u00e5gtrafik ett m\u00e5ste | Kristdemokraterna | Uppsala","robots":{"index":"index","follow":"follow","max-snippet":"max-snippet:-1","max-image-preview":"max-image-preview:large","max-video-preview":"max-video-preview:-1"},"canonical":"https:\/\/wp.kristdemokraterna.se\/uppsala\/kd-fungerande-tagtrafik-ett-maste\/","og_locale":"sv_SE","og_type":"article","og_title":"KD: Fungerande t\u00e5gtrafik ett m\u00e5ste | Kristdemokraterna | Uppsala","og_description":"Artikel i UNT J\u00e4rnv\u00e4gen m\u00e5ste behandlas som den kritiska del av det moderna samh\u00e4llets infrastruktur den faktiskt \u00e4r. Det skriver Anna-Karin Klomp (KD) och Ebba Busch (KD). Sedan n\u00e4stan tv\u00e5 veckor har den sp\u00e5rbundna trafiken mellan Uppsala och Stockholm i princip st\u00e5tt still. Trafiken \u00e5terupptogs i mycket reducerad skala i f\u00f6rra veckan f\u00f6r att \u00e5ter Read More","og_url":"https:\/\/wp.kristdemokraterna.se\/uppsala\/kd-fungerande-tagtrafik-ett-maste\/","og_site_name":"Kristdemokraterna | Uppsala","article_publisher":"https:\/\/www.facebook.com\/UppsalaKD\/","article_published_time":"2014-06-12T10:21:03+00:00","article_modified_time":"2024-04-07T16:54:32+00:00","og_image":[{"width":478,"height":262,"url":"http:\/\/wp.kristdemokraterna.se\/uppsala\/files\/2014\/08\/ebbabuschthor.jpg","type":"image\/jpeg"}],"author":"Petra Karl\u00e5","twitter_card":"summary_large_image","twitter_misc":{"Skriven av":"Petra Karl\u00e5","Ber\u00e4knad l\u00e4stid":"4 minuter"},"schema":{"@context":"https:\/\/schema.org","@graph":[{"@type":"Article","@id":"https:\/\/wp.kristdemokraterna.se\/uppsala\/kd-fungerande-tagtrafik-ett-maste\/#article","isPartOf":{"@id":"https:\/\/wp.kristdemokraterna.se\/uppsala\/kd-fungerande-tagtrafik-ett-maste\/"},"author":{"name":"Petra Karl\u00e5","@id":"https:\/\/wp.kristdemokraterna.se\/uppsala\/#\/schema\/person\/9c9d6764688a85f6a5a9bc0aeab97665"},"headline":"KD: Fungerande t\u00e5gtrafik ett m\u00e5ste","datePublished":"2014-06-12T10:21:03+00:00","dateModified":"2024-04-07T16:54:32+00:00","mainEntityOfPage":{"@id":"https:\/\/wp.kristdemokraterna.se\/uppsala\/kd-fungerande-tagtrafik-ett-maste\/"},"wordCount":754,"publisher":{"@id":"https:\/\/wp.kristdemokraterna.se\/uppsala\/#organization"},"image":{"@id":"https:\/\/wp.kristdemokraterna.se\/uppsala\/kd-fungerande-tagtrafik-ett-maste\/#primaryimage"},"thumbnailUrl":"https:\/\/wp.kristdemokraterna.se\/uppsala\/files\/2014\/08\/ebbabuschthor.jpg","keywords":["Anna-Karin Klomp","Ebba Busch Thor","T\u00e5gtrafik"],"articleSection":["Kollektivtrafik &amp; Stadsplanering"],"inLanguage":"sv-SE"},{"@type":"WebPage","@id":"https:\/\/wp.kristdemokraterna.se\/uppsala\/kd-fungerande-tagtrafik-ett-maste\/","url":"https:\/\/wp.kristdemokraterna.se\/uppsala\/kd-fungerande-tagtrafik-ett-maste\/","name":"KD: Fungerande t\u00e5gtrafik ett m\u00e5ste | Kristdemokraterna | Uppsala","isPartOf":{"@id":"https:\/\/wp.kristdemokraterna.se\/uppsala\/#website"},"primaryImageOfPage":{"@id":"https:\/\/wp.kristdemokraterna.se\/uppsala\/kd-fungerande-tagtrafik-ett-maste\/#primaryimage"},"image":{"@id":"https:\/\/wp.kristdemokraterna.se\/uppsala\/kd-fungerande-tagtrafik-ett-maste\/#primaryimage"},"thumbnailUrl":"https:\/\/wp.kristdemokraterna.se\/uppsala\/files\/2014\/08\/ebbabuschthor.jpg","datePublished":"2014-06-12T10:21:03+00:00","dateModified":"2024-04-07T16:54:32+00:00","breadcrumb":{"@id":"https:\/\/wp.kristdemokraterna.se\/uppsala\/kd-fungerande-tagtrafik-ett-maste\/#breadcrumb"},"inLanguage":"sv-SE","potentialAction":[{"@type":"ReadAction","target":["https:\/\/wp.kristdemokraterna.se\/uppsala\/kd-fungerande-tagtrafik-ett-maste\/"]}]},{"@type":"ImageObject","inLanguage":"sv-SE","@id":"https:\/\/wp.kristdemokraterna.se\/uppsala\/kd-fungerande-tagtrafik-ett-maste\/#primaryimage","url":"https:\/\/wp.kristdemokraterna.se\/uppsala\/files\/2014\/08\/ebbabuschthor.jpg","contentUrl":"https:\/\/wp.kristdemokraterna.se\/uppsala\/files\/2014\/08\/ebbabuschthor.jpg","width":478,"height":262,"caption":"Foto: Truls Busch Christensen"},{"@type":"BreadcrumbList","@id":"https:\/\/wp.kristdemokraterna.se\/uppsala\/kd-fungerande-tagtrafik-ett-maste\/#breadcrumb","itemListElement":[{"@type":"ListItem","position":1,"name":"Hem","item":"https:\/\/wp.kristdemokraterna.se\/uppsala\/"},{"@type":"ListItem","position":2,"name":"KD: Fungerande t\u00e5gtrafik ett m\u00e5ste"}]},{"@type":"WebSite","@id":"https:\/\/wp.kristdemokraterna.se\/uppsala\/#website","url":"https:\/\/wp.kristdemokraterna.se\/uppsala\/","name":"Kristdemokraterna Uppsala","description":"Tryggare Uppsala","publisher":{"@id":"https:\/\/wp.kristdemokraterna.se\/uppsala\/#organization"},"inLanguage":"sv-SE"},{"@type":"Organization","@id":"https:\/\/wp.kristdemokraterna.se\/uppsala\/#organization","name":"Kristdemokraterna Uppsala","url":"https:\/\/wp.kristdemokraterna.se\/uppsala\/","logo":{"@type":"ImageObject","inLanguage":"sv-SE","@id":"https:\/\/wp.kristdemokraterna.se\/uppsala\/#\/schema\/logo\/image\/","url":"https:\/\/wp.kristdemokraterna.se\/uppsala\/files\/2019\/10\/kd-uppsala.png","contentUrl":"https:\/\/wp.kristdemokraterna.se\/uppsala\/files\/2019\/10\/kd-uppsala.png","width":804,"height":421,"caption":"Kristdemokraterna Uppsala"},"image":{"@id":"https:\/\/wp.kristdemokraterna.se\/uppsala\/#\/schema\/logo\/image\/"},"sameAs":["https:\/\/www.facebook.com\/UppsalaKD\/","https:\/\/www.instagram.com\/uppsalakd\/"]},{"@type":"Person","@id":"https:\/\/wp.kristdemokraterna.se\/uppsala\/#\/schema\/person\/9c9d6764688a85f6a5a9bc0aeab97665","name":"Petra Karl\u00e5","image":{"@type":"ImageObject","inLanguage":"sv-SE","@id":"https:\/\/secure.gravatar.com\/avatar\/4a0351df3ec5e473a63caa9ade3c07a69c688dacf0d1055a81464c4244cd8431?s=96&r=g","url":"https:\/\/secure.gravatar.com\/avatar\/4a0351df3ec5e473a63caa9ade3c07a69c688dacf0d1055a81464c4244cd8431?s=96&r=g","contentUrl":"https:\/\/secure.gravatar.com\/avatar\/4a0351df3ec5e473a63caa9ade3c07a69c688dacf0d1055a81464c4244cd8431?s=96&r=g","caption":"Petra Karl\u00e5"},"url":"https:\/\/wp.kristdemokraterna.se\/uppsala\/author\/petrakarla\/"}]}},"_links":{"self":[{"href":"https:\/\/wp.kristdemokraterna.se\/uppsala\/wp-json\/wp\/v2\/posts\/1006","targetHints":{"allow":["GET"]}}],"collection":[{"href":"https:\/\/wp.kristdemokraterna.se\/uppsala\/wp-json\/wp\/v2\/posts"}],"about":[{"href":"https:\/\/wp.kristdemokraterna.se\/uppsala\/wp-json\/wp\/v2\/types\/post"}],"author":[{"embeddable":true,"href":"https:\/\/wp.kristdemokraterna.se\/uppsala\/wp-json\/wp\/v2\/users\/570"}],"replies":[{"embeddable":true,"href":"https:\/\/wp.kristdemokraterna.se\/uppsala\/wp-json\/wp\/v2\/comments?post=1006"}],"version-history":[{"count":3,"href":"https:\/\/wp.kristdemokraterna.se\/uppsala\/wp-json\/wp\/v2\/posts\/1006\/revisions"}],"predecessor-version":[{"id":1568,"href":"https:\/\/wp.kristdemokraterna.se\/uppsala\/wp-json\/wp\/v2\/posts\/1006\/revisions\/1568"}],"wp:featuredmedia":[{"embeddable":true,"href":"https:\/\/wp.kristdemokraterna.se\/uppsala\/wp-json\/wp\/v2\/media\/1047"}],"wp:attachment":[{"href":"https:\/\/wp.kristdemokraterna.se\/uppsala\/wp-json\/wp\/v2\/media?parent=1006"}],"wp:term":[{"taxonomy":"category","embeddable":true,"href":"https:\/\/wp.kristdemokraterna.se\/uppsala\/wp-json\/wp\/v2\/categories?post=1006"},{"taxonomy":"post_tag","embeddable":true,"href":"https:\/\/wp.kristdemokraterna.se\/uppsala\/wp-json\/wp\/v2\/tags?post=1006"}],"curies":[{"name":"wp","href":"https:\/\/api.w.org\/{rel}","templated":true}]}}