{"id":1020,"date":"2014-08-18T15:13:51","date_gmt":"2014-08-18T13:13:51","guid":{"rendered":"http:\/\/wp.kristdemokraterna.se\/uppsala\/?p=1020"},"modified":"2024-04-04T01:19:08","modified_gmt":"2024-04-03T23:19:08","slug":"ungdomsmottagning-i-heby-och-psykologer-i-knivsta-och-gimo","status":"publish","type":"post","link":"https:\/\/wp.kristdemokraterna.se\/uppsala\/ungdomsmottagning-i-heby-och-psykologer-i-knivsta-och-gimo\/","title":{"rendered":"Ungdomsmottagning i Heby och psykologer i Knivsta och Gimo"},"content":{"rendered":"<p dir=\"LTR\"><strong>Pressmeddelande 2014-08-18<\/strong><\/p>\n<p dir=\"LTR\">I dagsl\u00e4get finns ingen mottagning f\u00f6r unga i Heby och det saknas psykolog p\u00e5 ungdomsmottagningarna i Knivsta och Gimo. Det vill Kristdemokraterna \u00e4ndra p\u00e5 och f\u00f6resl\u00e5r inf\u00f6r 2015 att landstinget satsar p\u00e5 en till ungdomsmottagning och fler psykologer.<\/p>\n<p dir=\"LTR\">&#8211; Den psykiska oh\u00e4lsan \u00f6kar hos unga och f\u00f6r att hj\u00e4lpa ungdomarna p\u00e5 ett bra s\u00e4tt beh\u00f6vs fler psykologer och mottagning i hela l\u00e4net. Genom detta kan vi f\u00f6rb\u00e4ttra ungas uppv\u00e4xtvillkor, s\u00e4ger Klomp.<\/p>\n<p dir=\"LTR\">D\u00e4rf\u00f6r f\u00f6resl\u00e5r Kristdemokraterna att en ungdomsmottagning inr\u00e4ttas i Heby under n\u00e4sta \u00e5r. Idag \u00e4r Heby l\u00e4nets enda kommun som inte har en mottagning f\u00f6r unga.<\/p>\n<p dir=\"LTR\">Samtidigt f\u00f6resl\u00e5r Kristdemokraterna att fler psykologer anst\u00e4lls.<\/p>\n<p dir=\"LTR\">&#8211; Det \u00e4r inte rimligt att det saknas psykologresurs i en tillv\u00e4xtkommun som Knivsta, d\u00e4r m\u00e5nga unga bor, sade kristdemokratiska landstingsr\u00e5det tillika h\u00e4lso- och sjukv\u00e5rdsstyrelsens ordf\u00f6rande Anna-Karin Klomp idag i samband med ett studiebes\u00f6k p\u00e5 mottagningen.<\/p>\n<p dir=\"LTR\">\u00c4ven ungdomsmottagningen i Gimo saknar psykolog i dagsl\u00e4get. Detta trots att det i \u00d6sthammars kommun finns drygt 2200 barn och unga i \u00e5ldrarna 10-19 \u00e5r.<\/p>\n<p dir=\"LTR\">Fakta ur Liv och H\u00e4lsa ung:<\/p>\n<p dir=\"LTR\">Enligt unders\u00f6kningen Liv och h\u00e4lsa ung upplever unga tjejer stress. Stressen har en tendens att \u00f6ka f\u00f6r varje \u00e5rskurs. En majoritet av tjejerna i \u00e5rskurs tv\u00e5 p\u00e5 gymnasiet s\u00e4ger att de ofta k\u00e4nner sig stressade.<\/p>\n<p>N\u00e4stan sex elever i en klass p\u00e5 30 elever har pr\u00f6vat narkotika i gymnasiets \u00e5rskurs tv\u00e5. Tio unga i en klass i \u00e5rskurs nio och tv\u00e5an i gymnasiet uppger att de har v\u00e4nner som anv\u00e4nder narkotika. Samtidigt s\u00e4ger ungef\u00e4r var fj\u00e4rde ungdom i v\u00e5rt l\u00e4n att de inte kan tala om till exempel droger med sina f\u00f6r\u00e4ldrar. Dessa unga \u00e4r i stort behov av att ha n\u00e5gon att prata med, n\u00e5gon att f\u00e5 r\u00e5d och st\u00f6d av.<\/p>\n<p>&nbsp;<\/p>\n<p>&nbsp;<\/p>\n<p>&nbsp;<\/p>\n<p dir=\"LTR\">\n","protected":false},"excerpt":{"rendered":"<p>Pressmeddelande 2014-08-18 I dagsl\u00e4get finns ingen mottagning f\u00f6r unga i Heby och det saknas psykolog p\u00e5 ungdomsmottagningarna i Knivsta och Gimo. Det vill Kristdemokraterna \u00e4ndra p\u00e5 och f\u00f6resl\u00e5r inf\u00f6r 2015 att landstinget satsar p\u00e5 en till ungdomsmottagning och fler psykologer. &#8211; Den psykiska oh\u00e4lsan \u00f6kar hos unga och f\u00f6r att hj\u00e4lpa ungdomarna p\u00e5 ett bra <a class=\"read-more-link\" href=\"https:\/\/wp.kristdemokraterna.se\/uppsala\/ungdomsmottagning-i-heby-och-psykologer-i-knivsta-och-gimo\/\">Read More<\/a><\/p>\n","protected":false},"author":570,"featured_media":1044,"comment_status":"closed","ping_status":"closed","sticky":false,"template":"","format":"standard","meta":{"_acf_changed":false,"footnotes":""},"categories":[236],"tags":[],"class_list":["post-1020","post","type-post","status-publish","format-standard","hentry","category-vard-o-omsorg"],"acf":[],"yoast_head":"<!-- This site is optimized with the Yoast SEO plugin v27.4 - https:\/\/yoast.com\/product\/yoast-seo-wordpress\/ -->\n<title>Ungdomsmottagning i Heby och psykologer i Knivsta och Gimo | Kristdemokraterna | Uppsala<\/title>\n<meta name=\"robots\" content=\"index, follow, max-snippet:-1, max-image-preview:large, max-video-preview:-1\" \/>\n<link rel=\"canonical\" href=\"https:\/\/wp.kristdemokraterna.se\/uppsala\/ungdomsmottagning-i-heby-och-psykologer-i-knivsta-och-gimo\/\" \/>\n<meta property=\"og:locale\" content=\"sv_SE\" \/>\n<meta property=\"og:type\" content=\"article\" \/>\n<meta property=\"og:title\" content=\"Ungdomsmottagning i Heby och psykologer i Knivsta och Gimo | Kristdemokraterna | Uppsala\" \/>\n<meta property=\"og:description\" content=\"Pressmeddelande 2014-08-18 I dagsl\u00e4get finns ingen mottagning f\u00f6r unga i Heby och det saknas psykolog p\u00e5 ungdomsmottagningarna i Knivsta och Gimo. Det vill Kristdemokraterna \u00e4ndra p\u00e5 och f\u00f6resl\u00e5r inf\u00f6r 2015 att landstinget satsar p\u00e5 en till ungdomsmottagning och fler psykologer. &#8211; Den psykiska oh\u00e4lsan \u00f6kar hos unga och f\u00f6r att hj\u00e4lpa ungdomarna p\u00e5 ett bra Read More\" \/>\n<meta property=\"og:url\" content=\"https:\/\/wp.kristdemokraterna.se\/uppsala\/ungdomsmottagning-i-heby-och-psykologer-i-knivsta-och-gimo\/\" \/>\n<meta property=\"og:site_name\" content=\"Kristdemokraterna | Uppsala\" \/>\n<meta property=\"article:publisher\" content=\"https:\/\/www.facebook.com\/UppsalaKD\/\" \/>\n<meta property=\"article:published_time\" content=\"2014-08-18T13:13:51+00:00\" \/>\n<meta property=\"article:modified_time\" content=\"2024-04-03T23:19:08+00:00\" \/>\n<meta property=\"og:image\" content=\"http:\/\/wp.kristdemokraterna.se\/uppsala\/files\/2014\/08\/annakarinklomp.jpg\" \/>\n\t<meta property=\"og:image:width\" content=\"478\" \/>\n\t<meta property=\"og:image:height\" content=\"262\" \/>\n\t<meta property=\"og:image:type\" content=\"image\/jpeg\" \/>\n<meta name=\"author\" content=\"Petra Karl\u00e5\" \/>\n<meta name=\"twitter:card\" content=\"summary_large_image\" \/>\n<meta name=\"twitter:label1\" content=\"Skriven av\" \/>\n\t<meta name=\"twitter:data1\" content=\"Petra Karl\u00e5\" \/>\n\t<meta name=\"twitter:label2\" content=\"Ber\u00e4knad l\u00e4stid\" \/>\n\t<meta name=\"twitter:data2\" content=\"2 minuter\" \/>\n<script type=\"application\/ld+json\" class=\"yoast-schema-graph\">{\"@context\":\"https:\\\/\\\/schema.org\",\"@graph\":[{\"@type\":\"Article\",\"@id\":\"https:\\\/\\\/wp.kristdemokraterna.se\\\/uppsala\\\/ungdomsmottagning-i-heby-och-psykologer-i-knivsta-och-gimo\\\/#article\",\"isPartOf\":{\"@id\":\"https:\\\/\\\/wp.kristdemokraterna.se\\\/uppsala\\\/ungdomsmottagning-i-heby-och-psykologer-i-knivsta-och-gimo\\\/\"},\"author\":{\"name\":\"Petra Karl\u00e5\",\"@id\":\"https:\\\/\\\/wp.kristdemokraterna.se\\\/uppsala\\\/#\\\/schema\\\/person\\\/9c9d6764688a85f6a5a9bc0aeab97665\"},\"headline\":\"Ungdomsmottagning i Heby och psykologer i Knivsta och Gimo\",\"datePublished\":\"2014-08-18T13:13:51+00:00\",\"dateModified\":\"2024-04-03T23:19:08+00:00\",\"mainEntityOfPage\":{\"@id\":\"https:\\\/\\\/wp.kristdemokraterna.se\\\/uppsala\\\/ungdomsmottagning-i-heby-och-psykologer-i-knivsta-och-gimo\\\/\"},\"wordCount\":351,\"publisher\":{\"@id\":\"https:\\\/\\\/wp.kristdemokraterna.se\\\/uppsala\\\/#organization\"},\"image\":{\"@id\":\"https:\\\/\\\/wp.kristdemokraterna.se\\\/uppsala\\\/ungdomsmottagning-i-heby-och-psykologer-i-knivsta-och-gimo\\\/#primaryimage\"},\"thumbnailUrl\":\"https:\\\/\\\/wp.kristdemokraterna.se\\\/uppsala\\\/files\\\/2014\\\/08\\\/annakarinklomp.jpg\",\"articleSection\":[\"V\u00e5rd &amp; omsorg\"],\"inLanguage\":\"sv-SE\"},{\"@type\":\"WebPage\",\"@id\":\"https:\\\/\\\/wp.kristdemokraterna.se\\\/uppsala\\\/ungdomsmottagning-i-heby-och-psykologer-i-knivsta-och-gimo\\\/\",\"url\":\"https:\\\/\\\/wp.kristdemokraterna.se\\\/uppsala\\\/ungdomsmottagning-i-heby-och-psykologer-i-knivsta-och-gimo\\\/\",\"name\":\"Ungdomsmottagning i Heby och psykologer i Knivsta och Gimo | Kristdemokraterna | Uppsala\",\"isPartOf\":{\"@id\":\"https:\\\/\\\/wp.kristdemokraterna.se\\\/uppsala\\\/#website\"},\"primaryImageOfPage\":{\"@id\":\"https:\\\/\\\/wp.kristdemokraterna.se\\\/uppsala\\\/ungdomsmottagning-i-heby-och-psykologer-i-knivsta-och-gimo\\\/#primaryimage\"},\"image\":{\"@id\":\"https:\\\/\\\/wp.kristdemokraterna.se\\\/uppsala\\\/ungdomsmottagning-i-heby-och-psykologer-i-knivsta-och-gimo\\\/#primaryimage\"},\"thumbnailUrl\":\"https:\\\/\\\/wp.kristdemokraterna.se\\\/uppsala\\\/files\\\/2014\\\/08\\\/annakarinklomp.jpg\",\"datePublished\":\"2014-08-18T13:13:51+00:00\",\"dateModified\":\"2024-04-03T23:19:08+00:00\",\"breadcrumb\":{\"@id\":\"https:\\\/\\\/wp.kristdemokraterna.se\\\/uppsala\\\/ungdomsmottagning-i-heby-och-psykologer-i-knivsta-och-gimo\\\/#breadcrumb\"},\"inLanguage\":\"sv-SE\",\"potentialAction\":[{\"@type\":\"ReadAction\",\"target\":[\"https:\\\/\\\/wp.kristdemokraterna.se\\\/uppsala\\\/ungdomsmottagning-i-heby-och-psykologer-i-knivsta-och-gimo\\\/\"]}]},{\"@type\":\"ImageObject\",\"inLanguage\":\"sv-SE\",\"@id\":\"https:\\\/\\\/wp.kristdemokraterna.se\\\/uppsala\\\/ungdomsmottagning-i-heby-och-psykologer-i-knivsta-och-gimo\\\/#primaryimage\",\"url\":\"https:\\\/\\\/wp.kristdemokraterna.se\\\/uppsala\\\/files\\\/2014\\\/08\\\/annakarinklomp.jpg\",\"contentUrl\":\"https:\\\/\\\/wp.kristdemokraterna.se\\\/uppsala\\\/files\\\/2014\\\/08\\\/annakarinklomp.jpg\",\"width\":478,\"height\":262,\"caption\":\"Foto: Truls Busch Christensen\"},{\"@type\":\"BreadcrumbList\",\"@id\":\"https:\\\/\\\/wp.kristdemokraterna.se\\\/uppsala\\\/ungdomsmottagning-i-heby-och-psykologer-i-knivsta-och-gimo\\\/#breadcrumb\",\"itemListElement\":[{\"@type\":\"ListItem\",\"position\":1,\"name\":\"Hem\",\"item\":\"https:\\\/\\\/wp.kristdemokraterna.se\\\/uppsala\\\/\"},{\"@type\":\"ListItem\",\"position\":2,\"name\":\"Ungdomsmottagning i Heby och psykologer i Knivsta och Gimo\"}]},{\"@type\":\"WebSite\",\"@id\":\"https:\\\/\\\/wp.kristdemokraterna.se\\\/uppsala\\\/#website\",\"url\":\"https:\\\/\\\/wp.kristdemokraterna.se\\\/uppsala\\\/\",\"name\":\"Kristdemokraterna Uppsala\",\"description\":\"Tryggare Uppsala\",\"publisher\":{\"@id\":\"https:\\\/\\\/wp.kristdemokraterna.se\\\/uppsala\\\/#organization\"},\"inLanguage\":\"sv-SE\"},{\"@type\":\"Organization\",\"@id\":\"https:\\\/\\\/wp.kristdemokraterna.se\\\/uppsala\\\/#organization\",\"name\":\"Kristdemokraterna Uppsala\",\"url\":\"https:\\\/\\\/wp.kristdemokraterna.se\\\/uppsala\\\/\",\"logo\":{\"@type\":\"ImageObject\",\"inLanguage\":\"sv-SE\",\"@id\":\"https:\\\/\\\/wp.kristdemokraterna.se\\\/uppsala\\\/#\\\/schema\\\/logo\\\/image\\\/\",\"url\":\"https:\\\/\\\/wp.kristdemokraterna.se\\\/uppsala\\\/files\\\/2019\\\/10\\\/kd-uppsala.png\",\"contentUrl\":\"https:\\\/\\\/wp.kristdemokraterna.se\\\/uppsala\\\/files\\\/2019\\\/10\\\/kd-uppsala.png\",\"width\":804,\"height\":421,\"caption\":\"Kristdemokraterna Uppsala\"},\"image\":{\"@id\":\"https:\\\/\\\/wp.kristdemokraterna.se\\\/uppsala\\\/#\\\/schema\\\/logo\\\/image\\\/\"},\"sameAs\":[\"https:\\\/\\\/www.facebook.com\\\/UppsalaKD\\\/\",\"https:\\\/\\\/www.instagram.com\\\/uppsalakd\\\/\"]},{\"@type\":\"Person\",\"@id\":\"https:\\\/\\\/wp.kristdemokraterna.se\\\/uppsala\\\/#\\\/schema\\\/person\\\/9c9d6764688a85f6a5a9bc0aeab97665\",\"name\":\"Petra Karl\u00e5\",\"image\":{\"@type\":\"ImageObject\",\"inLanguage\":\"sv-SE\",\"@id\":\"https:\\\/\\\/secure.gravatar.com\\\/avatar\\\/4a0351df3ec5e473a63caa9ade3c07a69c688dacf0d1055a81464c4244cd8431?s=96&r=g\",\"url\":\"https:\\\/\\\/secure.gravatar.com\\\/avatar\\\/4a0351df3ec5e473a63caa9ade3c07a69c688dacf0d1055a81464c4244cd8431?s=96&r=g\",\"contentUrl\":\"https:\\\/\\\/secure.gravatar.com\\\/avatar\\\/4a0351df3ec5e473a63caa9ade3c07a69c688dacf0d1055a81464c4244cd8431?s=96&r=g\",\"caption\":\"Petra Karl\u00e5\"},\"url\":\"https:\\\/\\\/wp.kristdemokraterna.se\\\/uppsala\\\/author\\\/petrakarla\\\/\"}]}<\/script>\n<!-- \/ Yoast SEO plugin. -->","yoast_head_json":{"title":"Ungdomsmottagning i Heby och psykologer i Knivsta och Gimo | Kristdemokraterna | Uppsala","robots":{"index":"index","follow":"follow","max-snippet":"max-snippet:-1","max-image-preview":"max-image-preview:large","max-video-preview":"max-video-preview:-1"},"canonical":"https:\/\/wp.kristdemokraterna.se\/uppsala\/ungdomsmottagning-i-heby-och-psykologer-i-knivsta-och-gimo\/","og_locale":"sv_SE","og_type":"article","og_title":"Ungdomsmottagning i Heby och psykologer i Knivsta och Gimo | Kristdemokraterna | Uppsala","og_description":"Pressmeddelande 2014-08-18 I dagsl\u00e4get finns ingen mottagning f\u00f6r unga i Heby och det saknas psykolog p\u00e5 ungdomsmottagningarna i Knivsta och Gimo. Det vill Kristdemokraterna \u00e4ndra p\u00e5 och f\u00f6resl\u00e5r inf\u00f6r 2015 att landstinget satsar p\u00e5 en till ungdomsmottagning och fler psykologer. &#8211; Den psykiska oh\u00e4lsan \u00f6kar hos unga och f\u00f6r att hj\u00e4lpa ungdomarna p\u00e5 ett bra Read More","og_url":"https:\/\/wp.kristdemokraterna.se\/uppsala\/ungdomsmottagning-i-heby-och-psykologer-i-knivsta-och-gimo\/","og_site_name":"Kristdemokraterna | Uppsala","article_publisher":"https:\/\/www.facebook.com\/UppsalaKD\/","article_published_time":"2014-08-18T13:13:51+00:00","article_modified_time":"2024-04-03T23:19:08+00:00","og_image":[{"width":478,"height":262,"url":"http:\/\/wp.kristdemokraterna.se\/uppsala\/files\/2014\/08\/annakarinklomp.jpg","type":"image\/jpeg"}],"author":"Petra Karl\u00e5","twitter_card":"summary_large_image","twitter_misc":{"Skriven av":"Petra Karl\u00e5","Ber\u00e4knad l\u00e4stid":"2 minuter"},"schema":{"@context":"https:\/\/schema.org","@graph":[{"@type":"Article","@id":"https:\/\/wp.kristdemokraterna.se\/uppsala\/ungdomsmottagning-i-heby-och-psykologer-i-knivsta-och-gimo\/#article","isPartOf":{"@id":"https:\/\/wp.kristdemokraterna.se\/uppsala\/ungdomsmottagning-i-heby-och-psykologer-i-knivsta-och-gimo\/"},"author":{"name":"Petra Karl\u00e5","@id":"https:\/\/wp.kristdemokraterna.se\/uppsala\/#\/schema\/person\/9c9d6764688a85f6a5a9bc0aeab97665"},"headline":"Ungdomsmottagning i Heby och psykologer i Knivsta och Gimo","datePublished":"2014-08-18T13:13:51+00:00","dateModified":"2024-04-03T23:19:08+00:00","mainEntityOfPage":{"@id":"https:\/\/wp.kristdemokraterna.se\/uppsala\/ungdomsmottagning-i-heby-och-psykologer-i-knivsta-och-gimo\/"},"wordCount":351,"publisher":{"@id":"https:\/\/wp.kristdemokraterna.se\/uppsala\/#organization"},"image":{"@id":"https:\/\/wp.kristdemokraterna.se\/uppsala\/ungdomsmottagning-i-heby-och-psykologer-i-knivsta-och-gimo\/#primaryimage"},"thumbnailUrl":"https:\/\/wp.kristdemokraterna.se\/uppsala\/files\/2014\/08\/annakarinklomp.jpg","articleSection":["V\u00e5rd &amp; omsorg"],"inLanguage":"sv-SE"},{"@type":"WebPage","@id":"https:\/\/wp.kristdemokraterna.se\/uppsala\/ungdomsmottagning-i-heby-och-psykologer-i-knivsta-och-gimo\/","url":"https:\/\/wp.kristdemokraterna.se\/uppsala\/ungdomsmottagning-i-heby-och-psykologer-i-knivsta-och-gimo\/","name":"Ungdomsmottagning i Heby och psykologer i Knivsta och Gimo | Kristdemokraterna | Uppsala","isPartOf":{"@id":"https:\/\/wp.kristdemokraterna.se\/uppsala\/#website"},"primaryImageOfPage":{"@id":"https:\/\/wp.kristdemokraterna.se\/uppsala\/ungdomsmottagning-i-heby-och-psykologer-i-knivsta-och-gimo\/#primaryimage"},"image":{"@id":"https:\/\/wp.kristdemokraterna.se\/uppsala\/ungdomsmottagning-i-heby-och-psykologer-i-knivsta-och-gimo\/#primaryimage"},"thumbnailUrl":"https:\/\/wp.kristdemokraterna.se\/uppsala\/files\/2014\/08\/annakarinklomp.jpg","datePublished":"2014-08-18T13:13:51+00:00","dateModified":"2024-04-03T23:19:08+00:00","breadcrumb":{"@id":"https:\/\/wp.kristdemokraterna.se\/uppsala\/ungdomsmottagning-i-heby-och-psykologer-i-knivsta-och-gimo\/#breadcrumb"},"inLanguage":"sv-SE","potentialAction":[{"@type":"ReadAction","target":["https:\/\/wp.kristdemokraterna.se\/uppsala\/ungdomsmottagning-i-heby-och-psykologer-i-knivsta-och-gimo\/"]}]},{"@type":"ImageObject","inLanguage":"sv-SE","@id":"https:\/\/wp.kristdemokraterna.se\/uppsala\/ungdomsmottagning-i-heby-och-psykologer-i-knivsta-och-gimo\/#primaryimage","url":"https:\/\/wp.kristdemokraterna.se\/uppsala\/files\/2014\/08\/annakarinklomp.jpg","contentUrl":"https:\/\/wp.kristdemokraterna.se\/uppsala\/files\/2014\/08\/annakarinklomp.jpg","width":478,"height":262,"caption":"Foto: Truls Busch Christensen"},{"@type":"BreadcrumbList","@id":"https:\/\/wp.kristdemokraterna.se\/uppsala\/ungdomsmottagning-i-heby-och-psykologer-i-knivsta-och-gimo\/#breadcrumb","itemListElement":[{"@type":"ListItem","position":1,"name":"Hem","item":"https:\/\/wp.kristdemokraterna.se\/uppsala\/"},{"@type":"ListItem","position":2,"name":"Ungdomsmottagning i Heby och psykologer i Knivsta och Gimo"}]},{"@type":"WebSite","@id":"https:\/\/wp.kristdemokraterna.se\/uppsala\/#website","url":"https:\/\/wp.kristdemokraterna.se\/uppsala\/","name":"Kristdemokraterna Uppsala","description":"Tryggare Uppsala","publisher":{"@id":"https:\/\/wp.kristdemokraterna.se\/uppsala\/#organization"},"inLanguage":"sv-SE"},{"@type":"Organization","@id":"https:\/\/wp.kristdemokraterna.se\/uppsala\/#organization","name":"Kristdemokraterna Uppsala","url":"https:\/\/wp.kristdemokraterna.se\/uppsala\/","logo":{"@type":"ImageObject","inLanguage":"sv-SE","@id":"https:\/\/wp.kristdemokraterna.se\/uppsala\/#\/schema\/logo\/image\/","url":"https:\/\/wp.kristdemokraterna.se\/uppsala\/files\/2019\/10\/kd-uppsala.png","contentUrl":"https:\/\/wp.kristdemokraterna.se\/uppsala\/files\/2019\/10\/kd-uppsala.png","width":804,"height":421,"caption":"Kristdemokraterna Uppsala"},"image":{"@id":"https:\/\/wp.kristdemokraterna.se\/uppsala\/#\/schema\/logo\/image\/"},"sameAs":["https:\/\/www.facebook.com\/UppsalaKD\/","https:\/\/www.instagram.com\/uppsalakd\/"]},{"@type":"Person","@id":"https:\/\/wp.kristdemokraterna.se\/uppsala\/#\/schema\/person\/9c9d6764688a85f6a5a9bc0aeab97665","name":"Petra Karl\u00e5","image":{"@type":"ImageObject","inLanguage":"sv-SE","@id":"https:\/\/secure.gravatar.com\/avatar\/4a0351df3ec5e473a63caa9ade3c07a69c688dacf0d1055a81464c4244cd8431?s=96&r=g","url":"https:\/\/secure.gravatar.com\/avatar\/4a0351df3ec5e473a63caa9ade3c07a69c688dacf0d1055a81464c4244cd8431?s=96&r=g","contentUrl":"https:\/\/secure.gravatar.com\/avatar\/4a0351df3ec5e473a63caa9ade3c07a69c688dacf0d1055a81464c4244cd8431?s=96&r=g","caption":"Petra Karl\u00e5"},"url":"https:\/\/wp.kristdemokraterna.se\/uppsala\/author\/petrakarla\/"}]}},"_links":{"self":[{"href":"https:\/\/wp.kristdemokraterna.se\/uppsala\/wp-json\/wp\/v2\/posts\/1020","targetHints":{"allow":["GET"]}}],"collection":[{"href":"https:\/\/wp.kristdemokraterna.se\/uppsala\/wp-json\/wp\/v2\/posts"}],"about":[{"href":"https:\/\/wp.kristdemokraterna.se\/uppsala\/wp-json\/wp\/v2\/types\/post"}],"author":[{"embeddable":true,"href":"https:\/\/wp.kristdemokraterna.se\/uppsala\/wp-json\/wp\/v2\/users\/570"}],"replies":[{"embeddable":true,"href":"https:\/\/wp.kristdemokraterna.se\/uppsala\/wp-json\/wp\/v2\/comments?post=1020"}],"version-history":[{"count":4,"href":"https:\/\/wp.kristdemokraterna.se\/uppsala\/wp-json\/wp\/v2\/posts\/1020\/revisions"}],"predecessor-version":[{"id":1885,"href":"https:\/\/wp.kristdemokraterna.se\/uppsala\/wp-json\/wp\/v2\/posts\/1020\/revisions\/1885"}],"wp:featuredmedia":[{"embeddable":true,"href":"https:\/\/wp.kristdemokraterna.se\/uppsala\/wp-json\/wp\/v2\/media\/1044"}],"wp:attachment":[{"href":"https:\/\/wp.kristdemokraterna.se\/uppsala\/wp-json\/wp\/v2\/media?parent=1020"}],"wp:term":[{"taxonomy":"category","embeddable":true,"href":"https:\/\/wp.kristdemokraterna.se\/uppsala\/wp-json\/wp\/v2\/categories?post=1020"},{"taxonomy":"post_tag","embeddable":true,"href":"https:\/\/wp.kristdemokraterna.se\/uppsala\/wp-json\/wp\/v2\/tags?post=1020"}],"curies":[{"name":"wp","href":"https:\/\/api.w.org\/{rel}","templated":true}]}}