{"id":1024,"date":"2014-08-19T16:16:43","date_gmt":"2014-08-19T14:16:43","guid":{"rendered":"http:\/\/wp.kristdemokraterna.se\/uppsala\/?p=1024"},"modified":"2024-04-04T01:19:00","modified_gmt":"2024-04-03T23:19:00","slug":"uppsala-en-kommun-med-tid-for-barnen","status":"publish","type":"post","link":"https:\/\/wp.kristdemokraterna.se\/uppsala\/uppsala-en-kommun-med-tid-for-barnen\/","title":{"rendered":"Uppsala &#8211; en kommun med tid f\u00f6r barnen"},"content":{"rendered":"<p><strong>Kristdemokraterna i Uppsala har idag presenterat sitt valmanifest med prioriteringarna inf\u00f6r kommande mandatperiod.<\/strong><\/p>\n<p><!--more--><\/p>\n<blockquote><p>Uppsala ska bli en kommun med tid f\u00f6r barnen. Vi satsar d\u00e4rf\u00f6r p\u00e5 mindre barngrupper i f\u00f6rskolan, st\u00f6rre valfrihet inom barnomsorgen med en ny barnomsorgspeng och ut\u00f6kad familjer\u00e5dgivning, s\u00e4ger kommunalr\u00e5det Ebba Busch Thor.<\/p><\/blockquote>\n<p>I budgetf\u00f6rhandlingarna f\u00f6r 2015 drev Kristdemokraterna p\u00e5 f\u00f6r att minska storleken p\u00e5 samtliga barngrupper med ett barn, ett f\u00f6rslag som blir verklighet under kommande \u00e5r.<\/p>\n<p>Inf\u00f6r n\u00e4sta mandatperiod vill Kristdemokraterna ta nya steg f\u00f6r att minska gruppstorleken f\u00f6r de allra minsta barnen med ytterligare tv\u00e5 barn per grupp, sammantaget blir minskningen tre barn i sm\u00e5barngrupperna.<\/p>\n<p>F\u00f6rslaget finansieras genom en tredelad finansieringsmodell med tillskott fr\u00e5n staten, kommunen och med h\u00f6jd maxtaxa med 100 kr f\u00f6r f\u00f6rsta barnet, 67 kronor f\u00f6r andra barnet respektive 33 kronor f\u00f6r tredje barnet. Maxtaxan h\u00f6js enbart f\u00f6r familjer med en sammanlagd m\u00e5nadsinkomst p\u00e5 \u00f6ver 42 000 kr.<\/p>\n<blockquote><p>Vi vill inf\u00f6ra valfrihet i familjer\u00e5dgivningen genom lagen om valfrihetssystem. Vi skjuter ocks\u00e5 till ut\u00f6kade resurser till R\u00e5d och St\u00f6d med uppgift att st\u00f6dja familjer i behov av samtalshj\u00e4lp och f\u00f6rebyggande insatser, s\u00e4ger Jonas Segersam andranamn p\u00e5 KD:s kommunlista.<\/p><\/blockquote>\n<p>Kristdemokraterna vill ocks\u00e5 inf\u00f6ra en barnomsorgspeng motsvarande 7000 kr som kan anv\u00e4ndas f\u00f6r egna barn, i f\u00f6r\u00e4ldrarkooperativ eller f\u00f6r att till exempel farmor eller farfar ska kunna hj\u00e4lpa till med barnomsorgen.<\/p>\n<p><a href=\"http:\/\/wp.kristdemokraterna.se\/uppsala\/files\/2014\/08\/kd_valmanifest.docx\">H\u00e4r kan du l\u00e4sa hela valmanifestet<\/a><\/p>\n","protected":false},"excerpt":{"rendered":"<p>Kristdemokraterna i Uppsala har idag presenterat sitt valmanifest med prioriteringarna inf\u00f6r kommande mandatperiod.<\/p>\n","protected":false},"author":564,"featured_media":1047,"comment_status":"closed","ping_status":"closed","sticky":false,"template":"","format":"standard","meta":{"_acf_changed":false,"footnotes":""},"categories":[241],"tags":[],"class_list":["post-1024","post","type-post","status-publish","format-standard","hentry","category-familj-och-skola"],"acf":[],"yoast_head":"<!-- This site is optimized with the Yoast SEO plugin v27.4 - https:\/\/yoast.com\/product\/yoast-seo-wordpress\/ -->\n<title>Uppsala - en kommun med tid f\u00f6r barnen | Kristdemokraterna | Uppsala<\/title>\n<meta name=\"robots\" content=\"index, follow, max-snippet:-1, max-image-preview:large, max-video-preview:-1\" \/>\n<link rel=\"canonical\" href=\"https:\/\/wp.kristdemokraterna.se\/uppsala\/uppsala-en-kommun-med-tid-for-barnen\/\" \/>\n<meta property=\"og:locale\" content=\"sv_SE\" \/>\n<meta property=\"og:type\" content=\"article\" \/>\n<meta property=\"og:title\" content=\"Uppsala - en kommun med tid f\u00f6r barnen | Kristdemokraterna | Uppsala\" \/>\n<meta property=\"og:description\" content=\"Kristdemokraterna i Uppsala har idag presenterat sitt valmanifest med prioriteringarna inf\u00f6r kommande mandatperiod.\" \/>\n<meta property=\"og:url\" content=\"https:\/\/wp.kristdemokraterna.se\/uppsala\/uppsala-en-kommun-med-tid-for-barnen\/\" \/>\n<meta property=\"og:site_name\" content=\"Kristdemokraterna | Uppsala\" \/>\n<meta property=\"article:publisher\" content=\"https:\/\/www.facebook.com\/UppsalaKD\/\" \/>\n<meta property=\"article:published_time\" content=\"2014-08-19T14:16:43+00:00\" \/>\n<meta property=\"article:modified_time\" content=\"2024-04-03T23:19:00+00:00\" \/>\n<meta property=\"og:image\" content=\"http:\/\/wp.kristdemokraterna.se\/uppsala\/files\/2014\/08\/ebbabuschthor.jpg\" \/>\n\t<meta property=\"og:image:width\" content=\"478\" \/>\n\t<meta property=\"og:image:height\" content=\"262\" \/>\n\t<meta property=\"og:image:type\" content=\"image\/jpeg\" \/>\n<meta name=\"author\" content=\"uppsala\" \/>\n<meta name=\"twitter:card\" content=\"summary_large_image\" \/>\n<meta name=\"twitter:label1\" content=\"Skriven av\" \/>\n\t<meta name=\"twitter:data1\" content=\"uppsala\" \/>\n\t<meta name=\"twitter:label2\" content=\"Ber\u00e4knad l\u00e4stid\" \/>\n\t<meta name=\"twitter:data2\" content=\"1 minut\" \/>\n<script type=\"application\/ld+json\" class=\"yoast-schema-graph\">{\"@context\":\"https:\\\/\\\/schema.org\",\"@graph\":[{\"@type\":\"Article\",\"@id\":\"https:\\\/\\\/wp.kristdemokraterna.se\\\/uppsala\\\/uppsala-en-kommun-med-tid-for-barnen\\\/#article\",\"isPartOf\":{\"@id\":\"https:\\\/\\\/wp.kristdemokraterna.se\\\/uppsala\\\/uppsala-en-kommun-med-tid-for-barnen\\\/\"},\"author\":{\"name\":\"uppsala\",\"@id\":\"https:\\\/\\\/wp.kristdemokraterna.se\\\/uppsala\\\/#\\\/schema\\\/person\\\/1a9d5399e1cba3ef2aaa3e8ae402e7cb\"},\"headline\":\"Uppsala &#8211; en kommun med tid f\u00f6r barnen\",\"datePublished\":\"2014-08-19T14:16:43+00:00\",\"dateModified\":\"2024-04-03T23:19:00+00:00\",\"mainEntityOfPage\":{\"@id\":\"https:\\\/\\\/wp.kristdemokraterna.se\\\/uppsala\\\/uppsala-en-kommun-med-tid-for-barnen\\\/\"},\"wordCount\":273,\"publisher\":{\"@id\":\"https:\\\/\\\/wp.kristdemokraterna.se\\\/uppsala\\\/#organization\"},\"image\":{\"@id\":\"https:\\\/\\\/wp.kristdemokraterna.se\\\/uppsala\\\/uppsala-en-kommun-med-tid-for-barnen\\\/#primaryimage\"},\"thumbnailUrl\":\"https:\\\/\\\/wp.kristdemokraterna.se\\\/uppsala\\\/files\\\/2014\\\/08\\\/ebbabuschthor.jpg\",\"articleSection\":[\"Familj &amp; skola\"],\"inLanguage\":\"sv-SE\"},{\"@type\":\"WebPage\",\"@id\":\"https:\\\/\\\/wp.kristdemokraterna.se\\\/uppsala\\\/uppsala-en-kommun-med-tid-for-barnen\\\/\",\"url\":\"https:\\\/\\\/wp.kristdemokraterna.se\\\/uppsala\\\/uppsala-en-kommun-med-tid-for-barnen\\\/\",\"name\":\"Uppsala - en kommun med tid f\u00f6r barnen | Kristdemokraterna | Uppsala\",\"isPartOf\":{\"@id\":\"https:\\\/\\\/wp.kristdemokraterna.se\\\/uppsala\\\/#website\"},\"primaryImageOfPage\":{\"@id\":\"https:\\\/\\\/wp.kristdemokraterna.se\\\/uppsala\\\/uppsala-en-kommun-med-tid-for-barnen\\\/#primaryimage\"},\"image\":{\"@id\":\"https:\\\/\\\/wp.kristdemokraterna.se\\\/uppsala\\\/uppsala-en-kommun-med-tid-for-barnen\\\/#primaryimage\"},\"thumbnailUrl\":\"https:\\\/\\\/wp.kristdemokraterna.se\\\/uppsala\\\/files\\\/2014\\\/08\\\/ebbabuschthor.jpg\",\"datePublished\":\"2014-08-19T14:16:43+00:00\",\"dateModified\":\"2024-04-03T23:19:00+00:00\",\"breadcrumb\":{\"@id\":\"https:\\\/\\\/wp.kristdemokraterna.se\\\/uppsala\\\/uppsala-en-kommun-med-tid-for-barnen\\\/#breadcrumb\"},\"inLanguage\":\"sv-SE\",\"potentialAction\":[{\"@type\":\"ReadAction\",\"target\":[\"https:\\\/\\\/wp.kristdemokraterna.se\\\/uppsala\\\/uppsala-en-kommun-med-tid-for-barnen\\\/\"]}]},{\"@type\":\"ImageObject\",\"inLanguage\":\"sv-SE\",\"@id\":\"https:\\\/\\\/wp.kristdemokraterna.se\\\/uppsala\\\/uppsala-en-kommun-med-tid-for-barnen\\\/#primaryimage\",\"url\":\"https:\\\/\\\/wp.kristdemokraterna.se\\\/uppsala\\\/files\\\/2014\\\/08\\\/ebbabuschthor.jpg\",\"contentUrl\":\"https:\\\/\\\/wp.kristdemokraterna.se\\\/uppsala\\\/files\\\/2014\\\/08\\\/ebbabuschthor.jpg\",\"width\":478,\"height\":262,\"caption\":\"Foto: Truls Busch Christensen\"},{\"@type\":\"BreadcrumbList\",\"@id\":\"https:\\\/\\\/wp.kristdemokraterna.se\\\/uppsala\\\/uppsala-en-kommun-med-tid-for-barnen\\\/#breadcrumb\",\"itemListElement\":[{\"@type\":\"ListItem\",\"position\":1,\"name\":\"Hem\",\"item\":\"https:\\\/\\\/wp.kristdemokraterna.se\\\/uppsala\\\/\"},{\"@type\":\"ListItem\",\"position\":2,\"name\":\"Uppsala &#8211; en kommun med tid f\u00f6r barnen\"}]},{\"@type\":\"WebSite\",\"@id\":\"https:\\\/\\\/wp.kristdemokraterna.se\\\/uppsala\\\/#website\",\"url\":\"https:\\\/\\\/wp.kristdemokraterna.se\\\/uppsala\\\/\",\"name\":\"Kristdemokraterna Uppsala\",\"description\":\"Tryggare Uppsala\",\"publisher\":{\"@id\":\"https:\\\/\\\/wp.kristdemokraterna.se\\\/uppsala\\\/#organization\"},\"inLanguage\":\"sv-SE\"},{\"@type\":\"Organization\",\"@id\":\"https:\\\/\\\/wp.kristdemokraterna.se\\\/uppsala\\\/#organization\",\"name\":\"Kristdemokraterna Uppsala\",\"url\":\"https:\\\/\\\/wp.kristdemokraterna.se\\\/uppsala\\\/\",\"logo\":{\"@type\":\"ImageObject\",\"inLanguage\":\"sv-SE\",\"@id\":\"https:\\\/\\\/wp.kristdemokraterna.se\\\/uppsala\\\/#\\\/schema\\\/logo\\\/image\\\/\",\"url\":\"https:\\\/\\\/wp.kristdemokraterna.se\\\/uppsala\\\/files\\\/2019\\\/10\\\/kd-uppsala.png\",\"contentUrl\":\"https:\\\/\\\/wp.kristdemokraterna.se\\\/uppsala\\\/files\\\/2019\\\/10\\\/kd-uppsala.png\",\"width\":804,\"height\":421,\"caption\":\"Kristdemokraterna Uppsala\"},\"image\":{\"@id\":\"https:\\\/\\\/wp.kristdemokraterna.se\\\/uppsala\\\/#\\\/schema\\\/logo\\\/image\\\/\"},\"sameAs\":[\"https:\\\/\\\/www.facebook.com\\\/UppsalaKD\\\/\",\"https:\\\/\\\/www.instagram.com\\\/uppsalakd\\\/\"]},{\"@type\":\"Person\",\"@id\":\"https:\\\/\\\/wp.kristdemokraterna.se\\\/uppsala\\\/#\\\/schema\\\/person\\\/1a9d5399e1cba3ef2aaa3e8ae402e7cb\",\"name\":\"uppsala\",\"image\":{\"@type\":\"ImageObject\",\"inLanguage\":\"sv-SE\",\"@id\":\"https:\\\/\\\/secure.gravatar.com\\\/avatar\\\/6848f3cb6c9639d81462ad411b01edce447fb2c8b6efe4430e030aa29223462f?s=96&r=g\",\"url\":\"https:\\\/\\\/secure.gravatar.com\\\/avatar\\\/6848f3cb6c9639d81462ad411b01edce447fb2c8b6efe4430e030aa29223462f?s=96&r=g\",\"contentUrl\":\"https:\\\/\\\/secure.gravatar.com\\\/avatar\\\/6848f3cb6c9639d81462ad411b01edce447fb2c8b6efe4430e030aa29223462f?s=96&r=g\",\"caption\":\"uppsala\"},\"url\":\"https:\\\/\\\/wp.kristdemokraterna.se\\\/uppsala\\\/author\\\/uppsala\\\/\"}]}<\/script>\n<!-- \/ Yoast SEO plugin. -->","yoast_head_json":{"title":"Uppsala - en kommun med tid f\u00f6r barnen | Kristdemokraterna | Uppsala","robots":{"index":"index","follow":"follow","max-snippet":"max-snippet:-1","max-image-preview":"max-image-preview:large","max-video-preview":"max-video-preview:-1"},"canonical":"https:\/\/wp.kristdemokraterna.se\/uppsala\/uppsala-en-kommun-med-tid-for-barnen\/","og_locale":"sv_SE","og_type":"article","og_title":"Uppsala - en kommun med tid f\u00f6r barnen | Kristdemokraterna | Uppsala","og_description":"Kristdemokraterna i Uppsala har idag presenterat sitt valmanifest med prioriteringarna inf\u00f6r kommande mandatperiod.","og_url":"https:\/\/wp.kristdemokraterna.se\/uppsala\/uppsala-en-kommun-med-tid-for-barnen\/","og_site_name":"Kristdemokraterna | Uppsala","article_publisher":"https:\/\/www.facebook.com\/UppsalaKD\/","article_published_time":"2014-08-19T14:16:43+00:00","article_modified_time":"2024-04-03T23:19:00+00:00","og_image":[{"width":478,"height":262,"url":"http:\/\/wp.kristdemokraterna.se\/uppsala\/files\/2014\/08\/ebbabuschthor.jpg","type":"image\/jpeg"}],"author":"uppsala","twitter_card":"summary_large_image","twitter_misc":{"Skriven av":"uppsala","Ber\u00e4knad l\u00e4stid":"1 minut"},"schema":{"@context":"https:\/\/schema.org","@graph":[{"@type":"Article","@id":"https:\/\/wp.kristdemokraterna.se\/uppsala\/uppsala-en-kommun-med-tid-for-barnen\/#article","isPartOf":{"@id":"https:\/\/wp.kristdemokraterna.se\/uppsala\/uppsala-en-kommun-med-tid-for-barnen\/"},"author":{"name":"uppsala","@id":"https:\/\/wp.kristdemokraterna.se\/uppsala\/#\/schema\/person\/1a9d5399e1cba3ef2aaa3e8ae402e7cb"},"headline":"Uppsala &#8211; en kommun med tid f\u00f6r barnen","datePublished":"2014-08-19T14:16:43+00:00","dateModified":"2024-04-03T23:19:00+00:00","mainEntityOfPage":{"@id":"https:\/\/wp.kristdemokraterna.se\/uppsala\/uppsala-en-kommun-med-tid-for-barnen\/"},"wordCount":273,"publisher":{"@id":"https:\/\/wp.kristdemokraterna.se\/uppsala\/#organization"},"image":{"@id":"https:\/\/wp.kristdemokraterna.se\/uppsala\/uppsala-en-kommun-med-tid-for-barnen\/#primaryimage"},"thumbnailUrl":"https:\/\/wp.kristdemokraterna.se\/uppsala\/files\/2014\/08\/ebbabuschthor.jpg","articleSection":["Familj &amp; skola"],"inLanguage":"sv-SE"},{"@type":"WebPage","@id":"https:\/\/wp.kristdemokraterna.se\/uppsala\/uppsala-en-kommun-med-tid-for-barnen\/","url":"https:\/\/wp.kristdemokraterna.se\/uppsala\/uppsala-en-kommun-med-tid-for-barnen\/","name":"Uppsala - en kommun med tid f\u00f6r barnen | Kristdemokraterna | Uppsala","isPartOf":{"@id":"https:\/\/wp.kristdemokraterna.se\/uppsala\/#website"},"primaryImageOfPage":{"@id":"https:\/\/wp.kristdemokraterna.se\/uppsala\/uppsala-en-kommun-med-tid-for-barnen\/#primaryimage"},"image":{"@id":"https:\/\/wp.kristdemokraterna.se\/uppsala\/uppsala-en-kommun-med-tid-for-barnen\/#primaryimage"},"thumbnailUrl":"https:\/\/wp.kristdemokraterna.se\/uppsala\/files\/2014\/08\/ebbabuschthor.jpg","datePublished":"2014-08-19T14:16:43+00:00","dateModified":"2024-04-03T23:19:00+00:00","breadcrumb":{"@id":"https:\/\/wp.kristdemokraterna.se\/uppsala\/uppsala-en-kommun-med-tid-for-barnen\/#breadcrumb"},"inLanguage":"sv-SE","potentialAction":[{"@type":"ReadAction","target":["https:\/\/wp.kristdemokraterna.se\/uppsala\/uppsala-en-kommun-med-tid-for-barnen\/"]}]},{"@type":"ImageObject","inLanguage":"sv-SE","@id":"https:\/\/wp.kristdemokraterna.se\/uppsala\/uppsala-en-kommun-med-tid-for-barnen\/#primaryimage","url":"https:\/\/wp.kristdemokraterna.se\/uppsala\/files\/2014\/08\/ebbabuschthor.jpg","contentUrl":"https:\/\/wp.kristdemokraterna.se\/uppsala\/files\/2014\/08\/ebbabuschthor.jpg","width":478,"height":262,"caption":"Foto: Truls Busch Christensen"},{"@type":"BreadcrumbList","@id":"https:\/\/wp.kristdemokraterna.se\/uppsala\/uppsala-en-kommun-med-tid-for-barnen\/#breadcrumb","itemListElement":[{"@type":"ListItem","position":1,"name":"Hem","item":"https:\/\/wp.kristdemokraterna.se\/uppsala\/"},{"@type":"ListItem","position":2,"name":"Uppsala &#8211; en kommun med tid f\u00f6r barnen"}]},{"@type":"WebSite","@id":"https:\/\/wp.kristdemokraterna.se\/uppsala\/#website","url":"https:\/\/wp.kristdemokraterna.se\/uppsala\/","name":"Kristdemokraterna Uppsala","description":"Tryggare Uppsala","publisher":{"@id":"https:\/\/wp.kristdemokraterna.se\/uppsala\/#organization"},"inLanguage":"sv-SE"},{"@type":"Organization","@id":"https:\/\/wp.kristdemokraterna.se\/uppsala\/#organization","name":"Kristdemokraterna Uppsala","url":"https:\/\/wp.kristdemokraterna.se\/uppsala\/","logo":{"@type":"ImageObject","inLanguage":"sv-SE","@id":"https:\/\/wp.kristdemokraterna.se\/uppsala\/#\/schema\/logo\/image\/","url":"https:\/\/wp.kristdemokraterna.se\/uppsala\/files\/2019\/10\/kd-uppsala.png","contentUrl":"https:\/\/wp.kristdemokraterna.se\/uppsala\/files\/2019\/10\/kd-uppsala.png","width":804,"height":421,"caption":"Kristdemokraterna Uppsala"},"image":{"@id":"https:\/\/wp.kristdemokraterna.se\/uppsala\/#\/schema\/logo\/image\/"},"sameAs":["https:\/\/www.facebook.com\/UppsalaKD\/","https:\/\/www.instagram.com\/uppsalakd\/"]},{"@type":"Person","@id":"https:\/\/wp.kristdemokraterna.se\/uppsala\/#\/schema\/person\/1a9d5399e1cba3ef2aaa3e8ae402e7cb","name":"uppsala","image":{"@type":"ImageObject","inLanguage":"sv-SE","@id":"https:\/\/secure.gravatar.com\/avatar\/6848f3cb6c9639d81462ad411b01edce447fb2c8b6efe4430e030aa29223462f?s=96&r=g","url":"https:\/\/secure.gravatar.com\/avatar\/6848f3cb6c9639d81462ad411b01edce447fb2c8b6efe4430e030aa29223462f?s=96&r=g","contentUrl":"https:\/\/secure.gravatar.com\/avatar\/6848f3cb6c9639d81462ad411b01edce447fb2c8b6efe4430e030aa29223462f?s=96&r=g","caption":"uppsala"},"url":"https:\/\/wp.kristdemokraterna.se\/uppsala\/author\/uppsala\/"}]}},"_links":{"self":[{"href":"https:\/\/wp.kristdemokraterna.se\/uppsala\/wp-json\/wp\/v2\/posts\/1024","targetHints":{"allow":["GET"]}}],"collection":[{"href":"https:\/\/wp.kristdemokraterna.se\/uppsala\/wp-json\/wp\/v2\/posts"}],"about":[{"href":"https:\/\/wp.kristdemokraterna.se\/uppsala\/wp-json\/wp\/v2\/types\/post"}],"author":[{"embeddable":true,"href":"https:\/\/wp.kristdemokraterna.se\/uppsala\/wp-json\/wp\/v2\/users\/564"}],"replies":[{"embeddable":true,"href":"https:\/\/wp.kristdemokraterna.se\/uppsala\/wp-json\/wp\/v2\/comments?post=1024"}],"version-history":[{"count":3,"href":"https:\/\/wp.kristdemokraterna.se\/uppsala\/wp-json\/wp\/v2\/posts\/1024\/revisions"}],"predecessor-version":[{"id":1506,"href":"https:\/\/wp.kristdemokraterna.se\/uppsala\/wp-json\/wp\/v2\/posts\/1024\/revisions\/1506"}],"wp:featuredmedia":[{"embeddable":true,"href":"https:\/\/wp.kristdemokraterna.se\/uppsala\/wp-json\/wp\/v2\/media\/1047"}],"wp:attachment":[{"href":"https:\/\/wp.kristdemokraterna.se\/uppsala\/wp-json\/wp\/v2\/media?parent=1024"}],"wp:term":[{"taxonomy":"category","embeddable":true,"href":"https:\/\/wp.kristdemokraterna.se\/uppsala\/wp-json\/wp\/v2\/categories?post=1024"},{"taxonomy":"post_tag","embeddable":true,"href":"https:\/\/wp.kristdemokraterna.se\/uppsala\/wp-json\/wp\/v2\/tags?post=1024"}],"curies":[{"name":"wp","href":"https:\/\/api.w.org\/{rel}","templated":true}]}}