{"id":1028,"date":"2014-08-25T11:46:18","date_gmt":"2014-08-25T09:46:18","guid":{"rendered":"http:\/\/wp.kristdemokraterna.se\/uppsala\/?p=1028"},"modified":"2024-04-04T01:17:58","modified_gmt":"2024-04-03T23:17:58","slug":"ogonmottagningen-i-tierp-ska-finnas-kvar","status":"publish","type":"post","link":"https:\/\/wp.kristdemokraterna.se\/uppsala\/ogonmottagningen-i-tierp-ska-finnas-kvar\/","title":{"rendered":"\u00d6gonmottagningen i Tierp ska finnas kvar"},"content":{"rendered":"<p><strong><!-- Start: ui\/src\/webapp\/WEB-INF\/jsp\/commons\/includes\/document_body.jsp --><a href=\"https:\/\/web.retriever-info.com\/go\/?p=735913&amp;a=44031&amp;sa=2026389&amp;x=a3c3a9637ef3be1f8629e684fea55ef2&amp;d=057309201408235ceb22d6961a95fb121ce5c2088a75f9\">UNT 23\/8<\/a><\/strong><\/p>\n<p id=\"intro\" class=\"translatable\"><strong>Socialdemokraterna s\u00e4ger att \u00f6gonmottagningen i Tierp \u00e4r hotad till en f\u00f6ljd av v\u00e5rdval. L<span id=\"retrieverHit\" class=\"focus\">andstingsr\u00e5det<\/span> Anna-Karin Klomp (KD) s\u00e4ger att detta \u00e4r en missuppfattning och lovar att \u00f6gonmottagningen ska vara kvar.<\/strong><\/p>\n<p class=\"translatable\"><!--more--><\/p>\n<p class=\"translatable\">&#8211;<span id=\"retrieverHit\" class=\"focus\"> Landstinget<\/span> \u00e4r \u00e4gare till mottagningen och vi best\u00e4mmer sj\u00e4lva i vilken form vi vill driva den. Exakt vilken f\u00f6rvaltning som ska \u00e5ta sig n\u00f6dv\u00e4ndiga investeringar \u00e5terst\u00e5r att se, s\u00e4ger hon.<\/p>\n<p>Utrustningen p\u00e5 \u00f6gonmottagningen vid Tierps v\u00e5rdcentral \u00e4r omodern.<\/p>\n<p>B\u00e5de prim\u00e4rv\u00e5rdsdirekt\u00f6ren Per Elowsson och<span id=\"retrieverHit\" class=\"focus\"> landstingsdirekt\u00f6ren<\/span> Eva Ljung har deklarerat att Prim\u00e4rv\u00e5rden inte \u00e5tar sig att investera i en ny utrustning, till exempel till en digital kamera f\u00f6r \u00f6gonbottenfotografering eller i ett n\u00e4tverk f\u00f6r synf\u00e4ltsunders\u00f6kningar. Anledningen \u00e4r att Prim\u00e4rv\u00e5rden m\u00e5ste vara konkurrensneutral enligt lagen om v\u00e5rdval (LOV).<\/p>\n<p>Utan ny utrustning riskerar \u00f6gonmottagningen att st\u00e4nga, det \u00e4r den slutsats som b\u00e5de personalen och den politiska oppositionen, f\u00f6retr\u00e4dd av oppositionsr\u00e5det B\u00f6rje Wennberg (S), drar.<\/p>\n<p>N\u00e4r Prim\u00e4rv\u00e5rden inte vill betala hamnar bollen hos den politiska majoriteten. Enligt<span id=\"retrieverHit\" class=\"focus\"> landstingsr\u00e5det<\/span> Anna-Karin Klomp (KD) drar personalen och oppositionen en felaktig slutsats.<\/p>\n<p>&#8211; Mottagningen \u00e4r inte hotad d\u00e4rf\u00f6r att en utsliten maskin m\u00e5ste bytas ut. Och det har ingenting med v\u00e5rdvalet att g\u00f6ra. Att investera i ny utrustning \u00e4r inget avsteg fr\u00e5n konkurrensneutralitet. Det blir politikerna i produktionsstyrelsen eller i h\u00e4lso- och sjukv\u00e5rdsstyrelsen som f\u00e5r best\u00e4mma om vilka investeringen som beh\u00f6ver g\u00f6ras.<\/p>\n<p>&#8211; Jag lovar att mottagningen blir kvar, s\u00e4ger hon.<\/p>\n","protected":false},"excerpt":{"rendered":"<p>UNT 23\/8 Socialdemokraterna s\u00e4ger att \u00f6gonmottagningen i Tierp \u00e4r hotad till en f\u00f6ljd av v\u00e5rdval. Landstingsr\u00e5det Anna-Karin Klomp (KD) s\u00e4ger att detta \u00e4r en missuppfattning och lovar att \u00f6gonmottagningen ska vara kvar.<\/p>\n","protected":false},"author":570,"featured_media":1044,"comment_status":"closed","ping_status":"closed","sticky":false,"template":"","format":"standard","meta":{"_acf_changed":false,"footnotes":""},"categories":[236],"tags":[7,132,98,55,133,130,73],"class_list":["post-1028","post","type-post","status-publish","format-standard","hentry","category-vard-o-omsorg","tag-annakarinklomp","tag-decentralisering","tag-frihet","tag-landstinget","tag-ogonvard","tag-personalism","tag-sjukvard"],"acf":[],"yoast_head":"<!-- This site is optimized with the Yoast SEO plugin v27.4 - https:\/\/yoast.com\/product\/yoast-seo-wordpress\/ -->\n<title>\u00d6gonmottagningen i Tierp ska finnas kvar | Kristdemokraterna | Uppsala<\/title>\n<meta name=\"robots\" content=\"index, follow, max-snippet:-1, max-image-preview:large, max-video-preview:-1\" \/>\n<link rel=\"canonical\" href=\"https:\/\/wp.kristdemokraterna.se\/uppsala\/ogonmottagningen-i-tierp-ska-finnas-kvar\/\" \/>\n<meta property=\"og:locale\" content=\"sv_SE\" \/>\n<meta property=\"og:type\" content=\"article\" \/>\n<meta property=\"og:title\" content=\"\u00d6gonmottagningen i Tierp ska finnas kvar | Kristdemokraterna | Uppsala\" \/>\n<meta property=\"og:description\" content=\"UNT 23\/8 Socialdemokraterna s\u00e4ger att \u00f6gonmottagningen i Tierp \u00e4r hotad till en f\u00f6ljd av v\u00e5rdval. Landstingsr\u00e5det Anna-Karin Klomp (KD) s\u00e4ger att detta \u00e4r en missuppfattning och lovar att \u00f6gonmottagningen ska vara kvar.\" \/>\n<meta property=\"og:url\" content=\"https:\/\/wp.kristdemokraterna.se\/uppsala\/ogonmottagningen-i-tierp-ska-finnas-kvar\/\" \/>\n<meta property=\"og:site_name\" content=\"Kristdemokraterna | Uppsala\" \/>\n<meta property=\"article:publisher\" content=\"https:\/\/www.facebook.com\/UppsalaKD\/\" \/>\n<meta property=\"article:published_time\" content=\"2014-08-25T09:46:18+00:00\" \/>\n<meta property=\"article:modified_time\" content=\"2024-04-03T23:17:58+00:00\" \/>\n<meta property=\"og:image\" content=\"http:\/\/wp.kristdemokraterna.se\/uppsala\/files\/2014\/08\/annakarinklomp.jpg\" \/>\n\t<meta property=\"og:image:width\" content=\"478\" \/>\n\t<meta property=\"og:image:height\" content=\"262\" \/>\n\t<meta property=\"og:image:type\" content=\"image\/jpeg\" \/>\n<meta name=\"author\" content=\"Petra Karl\u00e5\" \/>\n<meta name=\"twitter:card\" content=\"summary_large_image\" \/>\n<meta name=\"twitter:label1\" content=\"Skriven av\" \/>\n\t<meta name=\"twitter:data1\" content=\"Petra Karl\u00e5\" \/>\n\t<meta name=\"twitter:label2\" content=\"Ber\u00e4knad l\u00e4stid\" \/>\n\t<meta name=\"twitter:data2\" content=\"1 minut\" \/>\n<script type=\"application\/ld+json\" class=\"yoast-schema-graph\">{\"@context\":\"https:\\\/\\\/schema.org\",\"@graph\":[{\"@type\":\"Article\",\"@id\":\"https:\\\/\\\/wp.kristdemokraterna.se\\\/uppsala\\\/ogonmottagningen-i-tierp-ska-finnas-kvar\\\/#article\",\"isPartOf\":{\"@id\":\"https:\\\/\\\/wp.kristdemokraterna.se\\\/uppsala\\\/ogonmottagningen-i-tierp-ska-finnas-kvar\\\/\"},\"author\":{\"name\":\"Petra Karl\u00e5\",\"@id\":\"https:\\\/\\\/wp.kristdemokraterna.se\\\/uppsala\\\/#\\\/schema\\\/person\\\/9c9d6764688a85f6a5a9bc0aeab97665\"},\"headline\":\"\u00d6gonmottagningen i Tierp ska finnas kvar\",\"datePublished\":\"2014-08-25T09:46:18+00:00\",\"dateModified\":\"2024-04-03T23:17:58+00:00\",\"mainEntityOfPage\":{\"@id\":\"https:\\\/\\\/wp.kristdemokraterna.se\\\/uppsala\\\/ogonmottagningen-i-tierp-ska-finnas-kvar\\\/\"},\"wordCount\":282,\"publisher\":{\"@id\":\"https:\\\/\\\/wp.kristdemokraterna.se\\\/uppsala\\\/#organization\"},\"image\":{\"@id\":\"https:\\\/\\\/wp.kristdemokraterna.se\\\/uppsala\\\/ogonmottagningen-i-tierp-ska-finnas-kvar\\\/#primaryimage\"},\"thumbnailUrl\":\"https:\\\/\\\/wp.kristdemokraterna.se\\\/uppsala\\\/files\\\/2014\\\/08\\\/annakarinklomp.jpg\",\"keywords\":[\"Anna-Karin Klomp\",\"Decentralisering\",\"Frihet\",\"landstinget\",\"\u00d6gonv\u00e5rd\",\"Personalism\",\"Sjukv\u00e5rd\"],\"articleSection\":[\"V\u00e5rd &amp; omsorg\"],\"inLanguage\":\"sv-SE\"},{\"@type\":\"WebPage\",\"@id\":\"https:\\\/\\\/wp.kristdemokraterna.se\\\/uppsala\\\/ogonmottagningen-i-tierp-ska-finnas-kvar\\\/\",\"url\":\"https:\\\/\\\/wp.kristdemokraterna.se\\\/uppsala\\\/ogonmottagningen-i-tierp-ska-finnas-kvar\\\/\",\"name\":\"\u00d6gonmottagningen i Tierp ska finnas kvar | Kristdemokraterna | Uppsala\",\"isPartOf\":{\"@id\":\"https:\\\/\\\/wp.kristdemokraterna.se\\\/uppsala\\\/#website\"},\"primaryImageOfPage\":{\"@id\":\"https:\\\/\\\/wp.kristdemokraterna.se\\\/uppsala\\\/ogonmottagningen-i-tierp-ska-finnas-kvar\\\/#primaryimage\"},\"image\":{\"@id\":\"https:\\\/\\\/wp.kristdemokraterna.se\\\/uppsala\\\/ogonmottagningen-i-tierp-ska-finnas-kvar\\\/#primaryimage\"},\"thumbnailUrl\":\"https:\\\/\\\/wp.kristdemokraterna.se\\\/uppsala\\\/files\\\/2014\\\/08\\\/annakarinklomp.jpg\",\"datePublished\":\"2014-08-25T09:46:18+00:00\",\"dateModified\":\"2024-04-03T23:17:58+00:00\",\"breadcrumb\":{\"@id\":\"https:\\\/\\\/wp.kristdemokraterna.se\\\/uppsala\\\/ogonmottagningen-i-tierp-ska-finnas-kvar\\\/#breadcrumb\"},\"inLanguage\":\"sv-SE\",\"potentialAction\":[{\"@type\":\"ReadAction\",\"target\":[\"https:\\\/\\\/wp.kristdemokraterna.se\\\/uppsala\\\/ogonmottagningen-i-tierp-ska-finnas-kvar\\\/\"]}]},{\"@type\":\"ImageObject\",\"inLanguage\":\"sv-SE\",\"@id\":\"https:\\\/\\\/wp.kristdemokraterna.se\\\/uppsala\\\/ogonmottagningen-i-tierp-ska-finnas-kvar\\\/#primaryimage\",\"url\":\"https:\\\/\\\/wp.kristdemokraterna.se\\\/uppsala\\\/files\\\/2014\\\/08\\\/annakarinklomp.jpg\",\"contentUrl\":\"https:\\\/\\\/wp.kristdemokraterna.se\\\/uppsala\\\/files\\\/2014\\\/08\\\/annakarinklomp.jpg\",\"width\":478,\"height\":262,\"caption\":\"Foto: Truls Busch Christensen\"},{\"@type\":\"BreadcrumbList\",\"@id\":\"https:\\\/\\\/wp.kristdemokraterna.se\\\/uppsala\\\/ogonmottagningen-i-tierp-ska-finnas-kvar\\\/#breadcrumb\",\"itemListElement\":[{\"@type\":\"ListItem\",\"position\":1,\"name\":\"Hem\",\"item\":\"https:\\\/\\\/wp.kristdemokraterna.se\\\/uppsala\\\/\"},{\"@type\":\"ListItem\",\"position\":2,\"name\":\"\u00d6gonmottagningen i Tierp ska finnas kvar\"}]},{\"@type\":\"WebSite\",\"@id\":\"https:\\\/\\\/wp.kristdemokraterna.se\\\/uppsala\\\/#website\",\"url\":\"https:\\\/\\\/wp.kristdemokraterna.se\\\/uppsala\\\/\",\"name\":\"Kristdemokraterna Uppsala\",\"description\":\"Tryggare Uppsala\",\"publisher\":{\"@id\":\"https:\\\/\\\/wp.kristdemokraterna.se\\\/uppsala\\\/#organization\"},\"inLanguage\":\"sv-SE\"},{\"@type\":\"Organization\",\"@id\":\"https:\\\/\\\/wp.kristdemokraterna.se\\\/uppsala\\\/#organization\",\"name\":\"Kristdemokraterna Uppsala\",\"url\":\"https:\\\/\\\/wp.kristdemokraterna.se\\\/uppsala\\\/\",\"logo\":{\"@type\":\"ImageObject\",\"inLanguage\":\"sv-SE\",\"@id\":\"https:\\\/\\\/wp.kristdemokraterna.se\\\/uppsala\\\/#\\\/schema\\\/logo\\\/image\\\/\",\"url\":\"https:\\\/\\\/wp.kristdemokraterna.se\\\/uppsala\\\/files\\\/2019\\\/10\\\/kd-uppsala.png\",\"contentUrl\":\"https:\\\/\\\/wp.kristdemokraterna.se\\\/uppsala\\\/files\\\/2019\\\/10\\\/kd-uppsala.png\",\"width\":804,\"height\":421,\"caption\":\"Kristdemokraterna Uppsala\"},\"image\":{\"@id\":\"https:\\\/\\\/wp.kristdemokraterna.se\\\/uppsala\\\/#\\\/schema\\\/logo\\\/image\\\/\"},\"sameAs\":[\"https:\\\/\\\/www.facebook.com\\\/UppsalaKD\\\/\",\"https:\\\/\\\/www.instagram.com\\\/uppsalakd\\\/\"]},{\"@type\":\"Person\",\"@id\":\"https:\\\/\\\/wp.kristdemokraterna.se\\\/uppsala\\\/#\\\/schema\\\/person\\\/9c9d6764688a85f6a5a9bc0aeab97665\",\"name\":\"Petra Karl\u00e5\",\"image\":{\"@type\":\"ImageObject\",\"inLanguage\":\"sv-SE\",\"@id\":\"https:\\\/\\\/secure.gravatar.com\\\/avatar\\\/4a0351df3ec5e473a63caa9ade3c07a69c688dacf0d1055a81464c4244cd8431?s=96&r=g\",\"url\":\"https:\\\/\\\/secure.gravatar.com\\\/avatar\\\/4a0351df3ec5e473a63caa9ade3c07a69c688dacf0d1055a81464c4244cd8431?s=96&r=g\",\"contentUrl\":\"https:\\\/\\\/secure.gravatar.com\\\/avatar\\\/4a0351df3ec5e473a63caa9ade3c07a69c688dacf0d1055a81464c4244cd8431?s=96&r=g\",\"caption\":\"Petra Karl\u00e5\"},\"url\":\"https:\\\/\\\/wp.kristdemokraterna.se\\\/uppsala\\\/author\\\/petrakarla\\\/\"}]}<\/script>\n<!-- \/ Yoast SEO plugin. -->","yoast_head_json":{"title":"\u00d6gonmottagningen i Tierp ska finnas kvar | Kristdemokraterna | Uppsala","robots":{"index":"index","follow":"follow","max-snippet":"max-snippet:-1","max-image-preview":"max-image-preview:large","max-video-preview":"max-video-preview:-1"},"canonical":"https:\/\/wp.kristdemokraterna.se\/uppsala\/ogonmottagningen-i-tierp-ska-finnas-kvar\/","og_locale":"sv_SE","og_type":"article","og_title":"\u00d6gonmottagningen i Tierp ska finnas kvar | Kristdemokraterna | Uppsala","og_description":"UNT 23\/8 Socialdemokraterna s\u00e4ger att \u00f6gonmottagningen i Tierp \u00e4r hotad till en f\u00f6ljd av v\u00e5rdval. Landstingsr\u00e5det Anna-Karin Klomp (KD) s\u00e4ger att detta \u00e4r en missuppfattning och lovar att \u00f6gonmottagningen ska vara kvar.","og_url":"https:\/\/wp.kristdemokraterna.se\/uppsala\/ogonmottagningen-i-tierp-ska-finnas-kvar\/","og_site_name":"Kristdemokraterna | Uppsala","article_publisher":"https:\/\/www.facebook.com\/UppsalaKD\/","article_published_time":"2014-08-25T09:46:18+00:00","article_modified_time":"2024-04-03T23:17:58+00:00","og_image":[{"width":478,"height":262,"url":"http:\/\/wp.kristdemokraterna.se\/uppsala\/files\/2014\/08\/annakarinklomp.jpg","type":"image\/jpeg"}],"author":"Petra Karl\u00e5","twitter_card":"summary_large_image","twitter_misc":{"Skriven av":"Petra Karl\u00e5","Ber\u00e4knad l\u00e4stid":"1 minut"},"schema":{"@context":"https:\/\/schema.org","@graph":[{"@type":"Article","@id":"https:\/\/wp.kristdemokraterna.se\/uppsala\/ogonmottagningen-i-tierp-ska-finnas-kvar\/#article","isPartOf":{"@id":"https:\/\/wp.kristdemokraterna.se\/uppsala\/ogonmottagningen-i-tierp-ska-finnas-kvar\/"},"author":{"name":"Petra Karl\u00e5","@id":"https:\/\/wp.kristdemokraterna.se\/uppsala\/#\/schema\/person\/9c9d6764688a85f6a5a9bc0aeab97665"},"headline":"\u00d6gonmottagningen i Tierp ska finnas kvar","datePublished":"2014-08-25T09:46:18+00:00","dateModified":"2024-04-03T23:17:58+00:00","mainEntityOfPage":{"@id":"https:\/\/wp.kristdemokraterna.se\/uppsala\/ogonmottagningen-i-tierp-ska-finnas-kvar\/"},"wordCount":282,"publisher":{"@id":"https:\/\/wp.kristdemokraterna.se\/uppsala\/#organization"},"image":{"@id":"https:\/\/wp.kristdemokraterna.se\/uppsala\/ogonmottagningen-i-tierp-ska-finnas-kvar\/#primaryimage"},"thumbnailUrl":"https:\/\/wp.kristdemokraterna.se\/uppsala\/files\/2014\/08\/annakarinklomp.jpg","keywords":["Anna-Karin Klomp","Decentralisering","Frihet","landstinget","\u00d6gonv\u00e5rd","Personalism","Sjukv\u00e5rd"],"articleSection":["V\u00e5rd &amp; omsorg"],"inLanguage":"sv-SE"},{"@type":"WebPage","@id":"https:\/\/wp.kristdemokraterna.se\/uppsala\/ogonmottagningen-i-tierp-ska-finnas-kvar\/","url":"https:\/\/wp.kristdemokraterna.se\/uppsala\/ogonmottagningen-i-tierp-ska-finnas-kvar\/","name":"\u00d6gonmottagningen i Tierp ska finnas kvar | Kristdemokraterna | Uppsala","isPartOf":{"@id":"https:\/\/wp.kristdemokraterna.se\/uppsala\/#website"},"primaryImageOfPage":{"@id":"https:\/\/wp.kristdemokraterna.se\/uppsala\/ogonmottagningen-i-tierp-ska-finnas-kvar\/#primaryimage"},"image":{"@id":"https:\/\/wp.kristdemokraterna.se\/uppsala\/ogonmottagningen-i-tierp-ska-finnas-kvar\/#primaryimage"},"thumbnailUrl":"https:\/\/wp.kristdemokraterna.se\/uppsala\/files\/2014\/08\/annakarinklomp.jpg","datePublished":"2014-08-25T09:46:18+00:00","dateModified":"2024-04-03T23:17:58+00:00","breadcrumb":{"@id":"https:\/\/wp.kristdemokraterna.se\/uppsala\/ogonmottagningen-i-tierp-ska-finnas-kvar\/#breadcrumb"},"inLanguage":"sv-SE","potentialAction":[{"@type":"ReadAction","target":["https:\/\/wp.kristdemokraterna.se\/uppsala\/ogonmottagningen-i-tierp-ska-finnas-kvar\/"]}]},{"@type":"ImageObject","inLanguage":"sv-SE","@id":"https:\/\/wp.kristdemokraterna.se\/uppsala\/ogonmottagningen-i-tierp-ska-finnas-kvar\/#primaryimage","url":"https:\/\/wp.kristdemokraterna.se\/uppsala\/files\/2014\/08\/annakarinklomp.jpg","contentUrl":"https:\/\/wp.kristdemokraterna.se\/uppsala\/files\/2014\/08\/annakarinklomp.jpg","width":478,"height":262,"caption":"Foto: Truls Busch Christensen"},{"@type":"BreadcrumbList","@id":"https:\/\/wp.kristdemokraterna.se\/uppsala\/ogonmottagningen-i-tierp-ska-finnas-kvar\/#breadcrumb","itemListElement":[{"@type":"ListItem","position":1,"name":"Hem","item":"https:\/\/wp.kristdemokraterna.se\/uppsala\/"},{"@type":"ListItem","position":2,"name":"\u00d6gonmottagningen i Tierp ska finnas kvar"}]},{"@type":"WebSite","@id":"https:\/\/wp.kristdemokraterna.se\/uppsala\/#website","url":"https:\/\/wp.kristdemokraterna.se\/uppsala\/","name":"Kristdemokraterna Uppsala","description":"Tryggare Uppsala","publisher":{"@id":"https:\/\/wp.kristdemokraterna.se\/uppsala\/#organization"},"inLanguage":"sv-SE"},{"@type":"Organization","@id":"https:\/\/wp.kristdemokraterna.se\/uppsala\/#organization","name":"Kristdemokraterna Uppsala","url":"https:\/\/wp.kristdemokraterna.se\/uppsala\/","logo":{"@type":"ImageObject","inLanguage":"sv-SE","@id":"https:\/\/wp.kristdemokraterna.se\/uppsala\/#\/schema\/logo\/image\/","url":"https:\/\/wp.kristdemokraterna.se\/uppsala\/files\/2019\/10\/kd-uppsala.png","contentUrl":"https:\/\/wp.kristdemokraterna.se\/uppsala\/files\/2019\/10\/kd-uppsala.png","width":804,"height":421,"caption":"Kristdemokraterna Uppsala"},"image":{"@id":"https:\/\/wp.kristdemokraterna.se\/uppsala\/#\/schema\/logo\/image\/"},"sameAs":["https:\/\/www.facebook.com\/UppsalaKD\/","https:\/\/www.instagram.com\/uppsalakd\/"]},{"@type":"Person","@id":"https:\/\/wp.kristdemokraterna.se\/uppsala\/#\/schema\/person\/9c9d6764688a85f6a5a9bc0aeab97665","name":"Petra Karl\u00e5","image":{"@type":"ImageObject","inLanguage":"sv-SE","@id":"https:\/\/secure.gravatar.com\/avatar\/4a0351df3ec5e473a63caa9ade3c07a69c688dacf0d1055a81464c4244cd8431?s=96&r=g","url":"https:\/\/secure.gravatar.com\/avatar\/4a0351df3ec5e473a63caa9ade3c07a69c688dacf0d1055a81464c4244cd8431?s=96&r=g","contentUrl":"https:\/\/secure.gravatar.com\/avatar\/4a0351df3ec5e473a63caa9ade3c07a69c688dacf0d1055a81464c4244cd8431?s=96&r=g","caption":"Petra Karl\u00e5"},"url":"https:\/\/wp.kristdemokraterna.se\/uppsala\/author\/petrakarla\/"}]}},"_links":{"self":[{"href":"https:\/\/wp.kristdemokraterna.se\/uppsala\/wp-json\/wp\/v2\/posts\/1028","targetHints":{"allow":["GET"]}}],"collection":[{"href":"https:\/\/wp.kristdemokraterna.se\/uppsala\/wp-json\/wp\/v2\/posts"}],"about":[{"href":"https:\/\/wp.kristdemokraterna.se\/uppsala\/wp-json\/wp\/v2\/types\/post"}],"author":[{"embeddable":true,"href":"https:\/\/wp.kristdemokraterna.se\/uppsala\/wp-json\/wp\/v2\/users\/570"}],"replies":[{"embeddable":true,"href":"https:\/\/wp.kristdemokraterna.se\/uppsala\/wp-json\/wp\/v2\/comments?post=1028"}],"version-history":[{"count":5,"href":"https:\/\/wp.kristdemokraterna.se\/uppsala\/wp-json\/wp\/v2\/posts\/1028\/revisions"}],"predecessor-version":[{"id":1505,"href":"https:\/\/wp.kristdemokraterna.se\/uppsala\/wp-json\/wp\/v2\/posts\/1028\/revisions\/1505"}],"wp:featuredmedia":[{"embeddable":true,"href":"https:\/\/wp.kristdemokraterna.se\/uppsala\/wp-json\/wp\/v2\/media\/1044"}],"wp:attachment":[{"href":"https:\/\/wp.kristdemokraterna.se\/uppsala\/wp-json\/wp\/v2\/media?parent=1028"}],"wp:term":[{"taxonomy":"category","embeddable":true,"href":"https:\/\/wp.kristdemokraterna.se\/uppsala\/wp-json\/wp\/v2\/categories?post=1028"},{"taxonomy":"post_tag","embeddable":true,"href":"https:\/\/wp.kristdemokraterna.se\/uppsala\/wp-json\/wp\/v2\/tags?post=1028"}],"curies":[{"name":"wp","href":"https:\/\/api.w.org\/{rel}","templated":true}]}}