{"id":1032,"date":"2014-08-27T13:35:47","date_gmt":"2014-08-27T11:35:47","guid":{"rendered":"http:\/\/wp.kristdemokraterna.se\/uppsala\/?p=1032"},"modified":"2024-04-03T22:33:19","modified_gmt":"2024-04-03T20:33:19","slug":"trygghetboendegaranti-for-uppsalas-aldre","status":"publish","type":"post","link":"https:\/\/wp.kristdemokraterna.se\/uppsala\/trygghetboendegaranti-for-uppsalas-aldre\/","title":{"rendered":"Trygghetboendegaranti f\u00f6r Uppsalas \u00e4ldre"},"content":{"rendered":"<p><strong>Partiledarna f\u00f6r Alliansen har idag presenterat en ny satsning som garanterar alla \u00e4ldre \u00f6ver 85 \u00e5r en plats i ett trygghetsboende.<\/strong><\/p>\n<p><!--more--><\/p>\n<p><em>\u00a0Ingen \u00e4ldre ska beh\u00f6va k\u00e4nna otrygghet den dagen man \u00f6nskar plats i ett trygghetsboende. Lagen om valfrihet har lagt grunden f\u00f6r valfrihet och kvalit\u00e9 inom hemtj\u00e4nsten och f\u00f6r v\u00e5rdboenden. Jag \u00e4r glad att Kristdemokraterna nu kan presentera nya satsningar f\u00f6r att \u00f6ka tillg\u00e4ngligheten \u00e4ven till trygghetsboenden<\/em>, s\u00e4ger \u00e4ldren\u00e4mndens ordf\u00f6rande Ebba Busch Thor.<\/p>\n<p>F\u00f6rslaget inneb\u00e4r att Uppsala kommun kommer att garantera alla \u00e4ldre \u00f6ver 85 \u00e5r, som har beviljats hemtj\u00e4nst, en plats p\u00e5 ett trygghetsboende. F\u00f6r att s\u00e4kerst\u00e4lla att det finns bost\u00e4der f\u00f6rst\u00e4rks och f\u00f6rl\u00e4ngs regeringens investeringsst\u00f6d.<\/p>\n<p><em>Efterfr\u00e5gan p\u00e5 trygghetsbost\u00e4der \u00e4r stor i Uppsala. Trygghetsboenden fyller en viktig funktion f\u00f6r de \u00e4ldre som har mindre omsorgsbehov, men som upplever otrygghet och oro i det egna boendet. Alla \u00e4ldre ska f\u00e5 det st\u00f6d som beh\u00f6vs f\u00f6r att kunna leva ett tryggt, sj\u00e4lvst\u00e4ndigt och aktivt liv i gemenskap med andra<\/em>, s\u00e4ger Ebba Busch Thor.<\/p>\n<p>I Uppsala finns tre sorters boenden som riktar sig till \u00e4ldre \u2013 seniorbost\u00e4der, trygghetsboenden och v\u00e5rd- och omsorgsboenden. Seniorbost\u00e4derna \u00e4r \u00e4ldreanpassade med till exempel l\u00e5ga tr\u00f6sklar och st\u00f6rre badrum.<br \/>\nTrygghetsboenden har h\u00f6gre servicegrad d\u00e4r \u00e4ldren\u00e4mnden bekostar v\u00e4rd\/v\u00e4rdinna, kostnad f\u00f6r gemenskapsutrymmen och att v\u00e4rden arrangerar gemensamma aktiviteter. Det beh\u00f6vs inget bist\u00e5ndsbeslut f\u00f6r vare sig trygghetsbostad eller seniorboende utan de \u00e4r en del av ordinarie bostadsmarknad. P\u00e5 ett v\u00e5rd- och omsorgsboende finns personal med v\u00e5rd- och omsorgskompetens tillg\u00e4ngliga dygnet runt och f\u00f6r detta boende beh\u00f6vs ett bist\u00e5ndsbeslut.<\/p>\n<p>\u00c4ldreboendegarantins utformning kommer att utredas och kan tr\u00e4da i kraft tidigast 1 januari 2017.<\/p>\n","protected":false},"excerpt":{"rendered":"<p>Partiledarna f\u00f6r Alliansen har idag presenterat en ny satsning som garanterar alla \u00e4ldre \u00f6ver 85 \u00e5r en plats i ett trygghetsboende.<\/p>\n","protected":false},"author":571,"featured_media":1047,"comment_status":"closed","ping_status":"closed","sticky":false,"template":"","format":"standard","meta":{"_acf_changed":false,"footnotes":""},"categories":[236],"tags":[128,127,13,98,130,126,38,129],"class_list":["post-1032","post","type-post","status-publish","format-standard","hentry","category-vard-o-omsorg","tag-aldre","tag-aldrepolitik","tag-ebba-busch-thor","tag-frihet","tag-personalism","tag-trygghetsboenden","tag-uppsala","tag-vardig-alderdom"],"acf":[],"yoast_head":"<!-- This site is optimized with the Yoast SEO plugin v27.4 - https:\/\/yoast.com\/product\/yoast-seo-wordpress\/ -->\n<title>Trygghetboendegaranti f\u00f6r Uppsalas \u00e4ldre | Kristdemokraterna | Uppsala<\/title>\n<meta name=\"robots\" content=\"index, follow, max-snippet:-1, max-image-preview:large, max-video-preview:-1\" \/>\n<link rel=\"canonical\" href=\"https:\/\/wp.kristdemokraterna.se\/uppsala\/trygghetboendegaranti-for-uppsalas-aldre\/\" \/>\n<meta property=\"og:locale\" content=\"sv_SE\" \/>\n<meta property=\"og:type\" content=\"article\" \/>\n<meta property=\"og:title\" content=\"Trygghetboendegaranti f\u00f6r Uppsalas \u00e4ldre | Kristdemokraterna | Uppsala\" \/>\n<meta property=\"og:description\" content=\"Partiledarna f\u00f6r Alliansen har idag presenterat en ny satsning som garanterar alla \u00e4ldre \u00f6ver 85 \u00e5r en plats i ett trygghetsboende.\" \/>\n<meta property=\"og:url\" content=\"https:\/\/wp.kristdemokraterna.se\/uppsala\/trygghetboendegaranti-for-uppsalas-aldre\/\" \/>\n<meta property=\"og:site_name\" content=\"Kristdemokraterna | Uppsala\" \/>\n<meta property=\"article:publisher\" content=\"https:\/\/www.facebook.com\/UppsalaKD\/\" \/>\n<meta property=\"article:published_time\" content=\"2014-08-27T11:35:47+00:00\" \/>\n<meta property=\"article:modified_time\" content=\"2024-04-03T20:33:19+00:00\" \/>\n<meta property=\"og:image\" content=\"http:\/\/wp.kristdemokraterna.se\/uppsala\/files\/2014\/08\/ebbabuschthor.jpg\" \/>\n\t<meta property=\"og:image:width\" content=\"478\" \/>\n\t<meta property=\"og:image:height\" content=\"262\" \/>\n\t<meta property=\"og:image:type\" content=\"image\/jpeg\" \/>\n<meta name=\"author\" content=\"Trine Wir\u00e9n\" \/>\n<meta name=\"twitter:card\" content=\"summary_large_image\" \/>\n<meta name=\"twitter:label1\" content=\"Skriven av\" \/>\n\t<meta name=\"twitter:data1\" content=\"Trine Wir\u00e9n\" \/>\n\t<meta name=\"twitter:label2\" content=\"Ber\u00e4knad l\u00e4stid\" \/>\n\t<meta name=\"twitter:data2\" content=\"2 minuter\" \/>\n<script type=\"application\/ld+json\" class=\"yoast-schema-graph\">{\"@context\":\"https:\\\/\\\/schema.org\",\"@graph\":[{\"@type\":\"Article\",\"@id\":\"https:\\\/\\\/wp.kristdemokraterna.se\\\/uppsala\\\/trygghetboendegaranti-for-uppsalas-aldre\\\/#article\",\"isPartOf\":{\"@id\":\"https:\\\/\\\/wp.kristdemokraterna.se\\\/uppsala\\\/trygghetboendegaranti-for-uppsalas-aldre\\\/\"},\"author\":{\"name\":\"Trine Wir\u00e9n\",\"@id\":\"https:\\\/\\\/wp.kristdemokraterna.se\\\/uppsala\\\/#\\\/schema\\\/person\\\/5882452689f90c1f32cb9b9913129917\"},\"headline\":\"Trygghetboendegaranti f\u00f6r Uppsalas \u00e4ldre\",\"datePublished\":\"2014-08-27T11:35:47+00:00\",\"dateModified\":\"2024-04-03T20:33:19+00:00\",\"mainEntityOfPage\":{\"@id\":\"https:\\\/\\\/wp.kristdemokraterna.se\\\/uppsala\\\/trygghetboendegaranti-for-uppsalas-aldre\\\/\"},\"wordCount\":318,\"publisher\":{\"@id\":\"https:\\\/\\\/wp.kristdemokraterna.se\\\/uppsala\\\/#organization\"},\"image\":{\"@id\":\"https:\\\/\\\/wp.kristdemokraterna.se\\\/uppsala\\\/trygghetboendegaranti-for-uppsalas-aldre\\\/#primaryimage\"},\"thumbnailUrl\":\"https:\\\/\\\/wp.kristdemokraterna.se\\\/uppsala\\\/files\\\/2014\\\/08\\\/ebbabuschthor.jpg\",\"keywords\":[\"\u00c4ldre\",\"\u00c4ldrepolitik\",\"Ebba Busch Thor\",\"Frihet\",\"Personalism\",\"Trygghetsboenden\",\"Uppsala\",\"V\u00e4rdig \u00e5lderdom\"],\"articleSection\":[\"V\u00e5rd &amp; omsorg\"],\"inLanguage\":\"sv-SE\"},{\"@type\":\"WebPage\",\"@id\":\"https:\\\/\\\/wp.kristdemokraterna.se\\\/uppsala\\\/trygghetboendegaranti-for-uppsalas-aldre\\\/\",\"url\":\"https:\\\/\\\/wp.kristdemokraterna.se\\\/uppsala\\\/trygghetboendegaranti-for-uppsalas-aldre\\\/\",\"name\":\"Trygghetboendegaranti f\u00f6r Uppsalas \u00e4ldre | Kristdemokraterna | Uppsala\",\"isPartOf\":{\"@id\":\"https:\\\/\\\/wp.kristdemokraterna.se\\\/uppsala\\\/#website\"},\"primaryImageOfPage\":{\"@id\":\"https:\\\/\\\/wp.kristdemokraterna.se\\\/uppsala\\\/trygghetboendegaranti-for-uppsalas-aldre\\\/#primaryimage\"},\"image\":{\"@id\":\"https:\\\/\\\/wp.kristdemokraterna.se\\\/uppsala\\\/trygghetboendegaranti-for-uppsalas-aldre\\\/#primaryimage\"},\"thumbnailUrl\":\"https:\\\/\\\/wp.kristdemokraterna.se\\\/uppsala\\\/files\\\/2014\\\/08\\\/ebbabuschthor.jpg\",\"datePublished\":\"2014-08-27T11:35:47+00:00\",\"dateModified\":\"2024-04-03T20:33:19+00:00\",\"breadcrumb\":{\"@id\":\"https:\\\/\\\/wp.kristdemokraterna.se\\\/uppsala\\\/trygghetboendegaranti-for-uppsalas-aldre\\\/#breadcrumb\"},\"inLanguage\":\"sv-SE\",\"potentialAction\":[{\"@type\":\"ReadAction\",\"target\":[\"https:\\\/\\\/wp.kristdemokraterna.se\\\/uppsala\\\/trygghetboendegaranti-for-uppsalas-aldre\\\/\"]}]},{\"@type\":\"ImageObject\",\"inLanguage\":\"sv-SE\",\"@id\":\"https:\\\/\\\/wp.kristdemokraterna.se\\\/uppsala\\\/trygghetboendegaranti-for-uppsalas-aldre\\\/#primaryimage\",\"url\":\"https:\\\/\\\/wp.kristdemokraterna.se\\\/uppsala\\\/files\\\/2014\\\/08\\\/ebbabuschthor.jpg\",\"contentUrl\":\"https:\\\/\\\/wp.kristdemokraterna.se\\\/uppsala\\\/files\\\/2014\\\/08\\\/ebbabuschthor.jpg\",\"width\":478,\"height\":262,\"caption\":\"Foto: Truls Busch Christensen\"},{\"@type\":\"BreadcrumbList\",\"@id\":\"https:\\\/\\\/wp.kristdemokraterna.se\\\/uppsala\\\/trygghetboendegaranti-for-uppsalas-aldre\\\/#breadcrumb\",\"itemListElement\":[{\"@type\":\"ListItem\",\"position\":1,\"name\":\"Hem\",\"item\":\"https:\\\/\\\/wp.kristdemokraterna.se\\\/uppsala\\\/\"},{\"@type\":\"ListItem\",\"position\":2,\"name\":\"Trygghetboendegaranti f\u00f6r Uppsalas \u00e4ldre\"}]},{\"@type\":\"WebSite\",\"@id\":\"https:\\\/\\\/wp.kristdemokraterna.se\\\/uppsala\\\/#website\",\"url\":\"https:\\\/\\\/wp.kristdemokraterna.se\\\/uppsala\\\/\",\"name\":\"Kristdemokraterna Uppsala\",\"description\":\"Tryggare Uppsala\",\"publisher\":{\"@id\":\"https:\\\/\\\/wp.kristdemokraterna.se\\\/uppsala\\\/#organization\"},\"inLanguage\":\"sv-SE\"},{\"@type\":\"Organization\",\"@id\":\"https:\\\/\\\/wp.kristdemokraterna.se\\\/uppsala\\\/#organization\",\"name\":\"Kristdemokraterna Uppsala\",\"url\":\"https:\\\/\\\/wp.kristdemokraterna.se\\\/uppsala\\\/\",\"logo\":{\"@type\":\"ImageObject\",\"inLanguage\":\"sv-SE\",\"@id\":\"https:\\\/\\\/wp.kristdemokraterna.se\\\/uppsala\\\/#\\\/schema\\\/logo\\\/image\\\/\",\"url\":\"https:\\\/\\\/wp.kristdemokraterna.se\\\/uppsala\\\/files\\\/2019\\\/10\\\/kd-uppsala.png\",\"contentUrl\":\"https:\\\/\\\/wp.kristdemokraterna.se\\\/uppsala\\\/files\\\/2019\\\/10\\\/kd-uppsala.png\",\"width\":804,\"height\":421,\"caption\":\"Kristdemokraterna Uppsala\"},\"image\":{\"@id\":\"https:\\\/\\\/wp.kristdemokraterna.se\\\/uppsala\\\/#\\\/schema\\\/logo\\\/image\\\/\"},\"sameAs\":[\"https:\\\/\\\/www.facebook.com\\\/UppsalaKD\\\/\",\"https:\\\/\\\/www.instagram.com\\\/uppsalakd\\\/\"]},{\"@type\":\"Person\",\"@id\":\"https:\\\/\\\/wp.kristdemokraterna.se\\\/uppsala\\\/#\\\/schema\\\/person\\\/5882452689f90c1f32cb9b9913129917\",\"name\":\"Trine Wir\u00e9n\",\"image\":{\"@type\":\"ImageObject\",\"inLanguage\":\"sv-SE\",\"@id\":\"https:\\\/\\\/secure.gravatar.com\\\/avatar\\\/8eb1c322f840b965722fb73dbe27494eba49593ae02f96b5fa942edbbc07a497?s=96&r=g\",\"url\":\"https:\\\/\\\/secure.gravatar.com\\\/avatar\\\/8eb1c322f840b965722fb73dbe27494eba49593ae02f96b5fa942edbbc07a497?s=96&r=g\",\"contentUrl\":\"https:\\\/\\\/secure.gravatar.com\\\/avatar\\\/8eb1c322f840b965722fb73dbe27494eba49593ae02f96b5fa942edbbc07a497?s=96&r=g\",\"caption\":\"Trine Wir\u00e9n\"},\"url\":\"https:\\\/\\\/wp.kristdemokraterna.se\\\/uppsala\\\/author\\\/triwir\\\/\"}]}<\/script>\n<!-- \/ Yoast SEO plugin. -->","yoast_head_json":{"title":"Trygghetboendegaranti f\u00f6r Uppsalas \u00e4ldre | Kristdemokraterna | Uppsala","robots":{"index":"index","follow":"follow","max-snippet":"max-snippet:-1","max-image-preview":"max-image-preview:large","max-video-preview":"max-video-preview:-1"},"canonical":"https:\/\/wp.kristdemokraterna.se\/uppsala\/trygghetboendegaranti-for-uppsalas-aldre\/","og_locale":"sv_SE","og_type":"article","og_title":"Trygghetboendegaranti f\u00f6r Uppsalas \u00e4ldre | Kristdemokraterna | Uppsala","og_description":"Partiledarna f\u00f6r Alliansen har idag presenterat en ny satsning som garanterar alla \u00e4ldre \u00f6ver 85 \u00e5r en plats i ett trygghetsboende.","og_url":"https:\/\/wp.kristdemokraterna.se\/uppsala\/trygghetboendegaranti-for-uppsalas-aldre\/","og_site_name":"Kristdemokraterna | Uppsala","article_publisher":"https:\/\/www.facebook.com\/UppsalaKD\/","article_published_time":"2014-08-27T11:35:47+00:00","article_modified_time":"2024-04-03T20:33:19+00:00","og_image":[{"width":478,"height":262,"url":"http:\/\/wp.kristdemokraterna.se\/uppsala\/files\/2014\/08\/ebbabuschthor.jpg","type":"image\/jpeg"}],"author":"Trine Wir\u00e9n","twitter_card":"summary_large_image","twitter_misc":{"Skriven av":"Trine Wir\u00e9n","Ber\u00e4knad l\u00e4stid":"2 minuter"},"schema":{"@context":"https:\/\/schema.org","@graph":[{"@type":"Article","@id":"https:\/\/wp.kristdemokraterna.se\/uppsala\/trygghetboendegaranti-for-uppsalas-aldre\/#article","isPartOf":{"@id":"https:\/\/wp.kristdemokraterna.se\/uppsala\/trygghetboendegaranti-for-uppsalas-aldre\/"},"author":{"name":"Trine Wir\u00e9n","@id":"https:\/\/wp.kristdemokraterna.se\/uppsala\/#\/schema\/person\/5882452689f90c1f32cb9b9913129917"},"headline":"Trygghetboendegaranti f\u00f6r Uppsalas \u00e4ldre","datePublished":"2014-08-27T11:35:47+00:00","dateModified":"2024-04-03T20:33:19+00:00","mainEntityOfPage":{"@id":"https:\/\/wp.kristdemokraterna.se\/uppsala\/trygghetboendegaranti-for-uppsalas-aldre\/"},"wordCount":318,"publisher":{"@id":"https:\/\/wp.kristdemokraterna.se\/uppsala\/#organization"},"image":{"@id":"https:\/\/wp.kristdemokraterna.se\/uppsala\/trygghetboendegaranti-for-uppsalas-aldre\/#primaryimage"},"thumbnailUrl":"https:\/\/wp.kristdemokraterna.se\/uppsala\/files\/2014\/08\/ebbabuschthor.jpg","keywords":["\u00c4ldre","\u00c4ldrepolitik","Ebba Busch Thor","Frihet","Personalism","Trygghetsboenden","Uppsala","V\u00e4rdig \u00e5lderdom"],"articleSection":["V\u00e5rd &amp; omsorg"],"inLanguage":"sv-SE"},{"@type":"WebPage","@id":"https:\/\/wp.kristdemokraterna.se\/uppsala\/trygghetboendegaranti-for-uppsalas-aldre\/","url":"https:\/\/wp.kristdemokraterna.se\/uppsala\/trygghetboendegaranti-for-uppsalas-aldre\/","name":"Trygghetboendegaranti f\u00f6r Uppsalas \u00e4ldre | Kristdemokraterna | Uppsala","isPartOf":{"@id":"https:\/\/wp.kristdemokraterna.se\/uppsala\/#website"},"primaryImageOfPage":{"@id":"https:\/\/wp.kristdemokraterna.se\/uppsala\/trygghetboendegaranti-for-uppsalas-aldre\/#primaryimage"},"image":{"@id":"https:\/\/wp.kristdemokraterna.se\/uppsala\/trygghetboendegaranti-for-uppsalas-aldre\/#primaryimage"},"thumbnailUrl":"https:\/\/wp.kristdemokraterna.se\/uppsala\/files\/2014\/08\/ebbabuschthor.jpg","datePublished":"2014-08-27T11:35:47+00:00","dateModified":"2024-04-03T20:33:19+00:00","breadcrumb":{"@id":"https:\/\/wp.kristdemokraterna.se\/uppsala\/trygghetboendegaranti-for-uppsalas-aldre\/#breadcrumb"},"inLanguage":"sv-SE","potentialAction":[{"@type":"ReadAction","target":["https:\/\/wp.kristdemokraterna.se\/uppsala\/trygghetboendegaranti-for-uppsalas-aldre\/"]}]},{"@type":"ImageObject","inLanguage":"sv-SE","@id":"https:\/\/wp.kristdemokraterna.se\/uppsala\/trygghetboendegaranti-for-uppsalas-aldre\/#primaryimage","url":"https:\/\/wp.kristdemokraterna.se\/uppsala\/files\/2014\/08\/ebbabuschthor.jpg","contentUrl":"https:\/\/wp.kristdemokraterna.se\/uppsala\/files\/2014\/08\/ebbabuschthor.jpg","width":478,"height":262,"caption":"Foto: Truls Busch Christensen"},{"@type":"BreadcrumbList","@id":"https:\/\/wp.kristdemokraterna.se\/uppsala\/trygghetboendegaranti-for-uppsalas-aldre\/#breadcrumb","itemListElement":[{"@type":"ListItem","position":1,"name":"Hem","item":"https:\/\/wp.kristdemokraterna.se\/uppsala\/"},{"@type":"ListItem","position":2,"name":"Trygghetboendegaranti f\u00f6r Uppsalas \u00e4ldre"}]},{"@type":"WebSite","@id":"https:\/\/wp.kristdemokraterna.se\/uppsala\/#website","url":"https:\/\/wp.kristdemokraterna.se\/uppsala\/","name":"Kristdemokraterna Uppsala","description":"Tryggare Uppsala","publisher":{"@id":"https:\/\/wp.kristdemokraterna.se\/uppsala\/#organization"},"inLanguage":"sv-SE"},{"@type":"Organization","@id":"https:\/\/wp.kristdemokraterna.se\/uppsala\/#organization","name":"Kristdemokraterna Uppsala","url":"https:\/\/wp.kristdemokraterna.se\/uppsala\/","logo":{"@type":"ImageObject","inLanguage":"sv-SE","@id":"https:\/\/wp.kristdemokraterna.se\/uppsala\/#\/schema\/logo\/image\/","url":"https:\/\/wp.kristdemokraterna.se\/uppsala\/files\/2019\/10\/kd-uppsala.png","contentUrl":"https:\/\/wp.kristdemokraterna.se\/uppsala\/files\/2019\/10\/kd-uppsala.png","width":804,"height":421,"caption":"Kristdemokraterna Uppsala"},"image":{"@id":"https:\/\/wp.kristdemokraterna.se\/uppsala\/#\/schema\/logo\/image\/"},"sameAs":["https:\/\/www.facebook.com\/UppsalaKD\/","https:\/\/www.instagram.com\/uppsalakd\/"]},{"@type":"Person","@id":"https:\/\/wp.kristdemokraterna.se\/uppsala\/#\/schema\/person\/5882452689f90c1f32cb9b9913129917","name":"Trine Wir\u00e9n","image":{"@type":"ImageObject","inLanguage":"sv-SE","@id":"https:\/\/secure.gravatar.com\/avatar\/8eb1c322f840b965722fb73dbe27494eba49593ae02f96b5fa942edbbc07a497?s=96&r=g","url":"https:\/\/secure.gravatar.com\/avatar\/8eb1c322f840b965722fb73dbe27494eba49593ae02f96b5fa942edbbc07a497?s=96&r=g","contentUrl":"https:\/\/secure.gravatar.com\/avatar\/8eb1c322f840b965722fb73dbe27494eba49593ae02f96b5fa942edbbc07a497?s=96&r=g","caption":"Trine Wir\u00e9n"},"url":"https:\/\/wp.kristdemokraterna.se\/uppsala\/author\/triwir\/"}]}},"_links":{"self":[{"href":"https:\/\/wp.kristdemokraterna.se\/uppsala\/wp-json\/wp\/v2\/posts\/1032","targetHints":{"allow":["GET"]}}],"collection":[{"href":"https:\/\/wp.kristdemokraterna.se\/uppsala\/wp-json\/wp\/v2\/posts"}],"about":[{"href":"https:\/\/wp.kristdemokraterna.se\/uppsala\/wp-json\/wp\/v2\/types\/post"}],"author":[{"embeddable":true,"href":"https:\/\/wp.kristdemokraterna.se\/uppsala\/wp-json\/wp\/v2\/users\/571"}],"replies":[{"embeddable":true,"href":"https:\/\/wp.kristdemokraterna.se\/uppsala\/wp-json\/wp\/v2\/comments?post=1032"}],"version-history":[{"count":6,"href":"https:\/\/wp.kristdemokraterna.se\/uppsala\/wp-json\/wp\/v2\/posts\/1032\/revisions"}],"predecessor-version":[{"id":1503,"href":"https:\/\/wp.kristdemokraterna.se\/uppsala\/wp-json\/wp\/v2\/posts\/1032\/revisions\/1503"}],"wp:featuredmedia":[{"embeddable":true,"href":"https:\/\/wp.kristdemokraterna.se\/uppsala\/wp-json\/wp\/v2\/media\/1047"}],"wp:attachment":[{"href":"https:\/\/wp.kristdemokraterna.se\/uppsala\/wp-json\/wp\/v2\/media?parent=1032"}],"wp:term":[{"taxonomy":"category","embeddable":true,"href":"https:\/\/wp.kristdemokraterna.se\/uppsala\/wp-json\/wp\/v2\/categories?post=1032"},{"taxonomy":"post_tag","embeddable":true,"href":"https:\/\/wp.kristdemokraterna.se\/uppsala\/wp-json\/wp\/v2\/tags?post=1032"}],"curies":[{"name":"wp","href":"https:\/\/api.w.org\/{rel}","templated":true}]}}