{"id":1036,"date":"2014-08-28T11:05:37","date_gmt":"2014-08-28T09:05:37","guid":{"rendered":"http:\/\/wp.kristdemokraterna.se\/uppsala\/?p=1036"},"modified":"2024-04-03T22:33:05","modified_gmt":"2024-04-03T20:33:05","slug":"mer-vard-i-lanet-aven-med-statlig-vard","status":"publish","type":"post","link":"https:\/\/wp.kristdemokraterna.se\/uppsala\/mer-vard-i-lanet-aven-med-statlig-vard\/","title":{"rendered":"Mer v\u00e5rd i l\u00e4net \u00e4ven med statlig v\u00e5rd"},"content":{"rendered":"<p dir=\"LTR\"><strong>Det \u00e4r min absoluta \u00f6vertygelse att i takt med att v\u00e5rdbehovet \u00f6kar beh\u00f6ver ocks\u00e5 Lasarettet i Enk\u00f6pings uppdrag ut\u00f6kas, skriver Anna-Karin Klomp (KD) i Enk\u00f6pingsposten idag.<\/strong><\/p>\n<p dir=\"LTR\">Den svenska sjukv\u00e5rden h\u00e5ller p\u00e5 m\u00e5nga s\u00e4tt v\u00e4rldsklass och v\u00e4ntetiderna i v\u00e5rden har aldrig varit kortare. D\u00e4rmed inte sagt att sjukv\u00e5rden saknar utmaningar. Det \u00e4r ingen nyhet att v\u00e5rden i v\u00e5rt land inte \u00e4r j\u00e4mlik. Ska vi komma till r\u00e4tta med den problematiken beh\u00f6vs n\u00e5gon form av f\u00f6r\u00e4ndring. Den diskussion som G\u00f6ran H\u00e4gglunds utspel om f\u00f6rstatligande lett till \u00e4r n\u00f6dv\u00e4ndig f\u00f6r svensk sjukv\u00e5rd. Vi m\u00e5ste v\u00e4nda p\u00e5 alla stenar f\u00f6r att uppn\u00e5 en j\u00e4mlikare v\u00e5rd \u00f6ver hela landet.<\/p>\n<p dir=\"LTR\">Tack vare den medicinska utvecklingen klarar sjukv\u00e5rden idag av att r\u00e4dda fler och fler m\u00e4nniskoliv. Det ska vi vara tacksamma f\u00f6r. Samtidigt \u00e4r det s\u00e5 att utvecklingen inte \u00e4r gratis. Utvecklingen kr\u00e4ver en hel del resurser och kompetens av landstingen. I en del fall \u00e4r det b\u00e4ttre f\u00f6r patienterna att v\u00e5rden ges p\u00e5 ett f\u00e5tal st\u00e4llen, f\u00f6r att vi ska kunna garantera b\u00e4sta m\u00f6jliga kvalitet och resursutnyttjande. Vissa diagnoser \u00e4r s\u00e5 pass s\u00e4llsynta att bara ett f\u00e5tal patienter i v\u00e5rt land \u00e4r i behov av behandlingen. I s\u00e5dana fall anser jag att det \u00e4r rimligt att behandlingen koncentreras till f\u00e4rre platser och att den \u00e4ven skulle kunna bekostas av staten.<\/p>\n<p dir=\"LTR\"><strong>N\u00e4r vi ser p\u00e5 det framtida behovet av sjukv\u00e5rd i v\u00e5rt eget l\u00e4n tror jag att mer v\u00e5rd beh\u00f6ver ges ute i l\u00e4net. Uppsala l\u00e4n v\u00e4xer och det \u00e4r inte h\u00e5llbart att klamra sig fast vid att all sjukv\u00e5rd ska bedrivas p\u00e5 ett sjukhus. Jag tror p\u00e5 Akademiska som ett framg\u00e5ngsrikt universitetssjukhus \u00e4ven i framtiden och d\u00e4rf\u00f6r v\u00e5gar jag s\u00e4ga att mer v\u00e5rd kan och b\u00f6r bedrivas p\u00e5 andra h\u00e5ll i l\u00e4net.<\/strong><\/p>\n<p dir=\"LTR\">Utvecklingen har lett till att fler f\u00e5r v\u00e5rd och en del v\u00e5rd som tidigare gavs i slutenv\u00e5rden ges idag i \u00f6ppenv\u00e5rden. Allt fler ingrepp g\u00f6rs som dagkirurgi, vilket g\u00f6r att patienten inte beh\u00f6ver ligga inne p\u00e5 sjukhus efter\u00e5t. \u00c5terh\u00e4mtningen blir snabbare och \u00e4ven kostnaden blir l\u00e4gre.<\/p>\n<p dir=\"LTR\">Ska vi kunna m\u00f6ta det v\u00e4xande behovet av v\u00e5rd beh\u00f6ver mer v\u00e5rd ges p\u00e5 fler st\u00e4llen i l\u00e4net. Jag vill inte att Akademiska ska bedriva mindre v\u00e5rd, utan att fler ska bedriva mer. Det \u00e4r orimligt att tro att ett sjukhus, hur bra det \u00e4n \u00e4r, ska kunna ta hand om alla v\u00e5rdbehov. Vi Kristdemokrater vill ha mer v\u00e5rd ute i l\u00e4net och det finns ingen motsats mellan det och att en del av v\u00e5rden skulle vara statlig.<\/p>\n<p dir=\"LTR\"><strong>Under de senaste \u00e5tta \u00e5ren har Lasarettet i Enk\u00f6pings st\u00e4llning st\u00e4rkts. \u00c5r 2006 utf\u00f6rdes knappt 2800 operationer p\u00e5 lasarettet. Inf\u00f6r denna mandatperiod lovade Alliansen och Kristdemokraterna att lasarettet skulle bli ett kortv\u00e5rdskirurgiskt centrum. S\u00e5 blev det och idag g\u00f6rs dubbelt s\u00e5 m\u00e5nga operationer i Enk\u00f6ping, j\u00e4mf\u00f6rt med n\u00e4r vi tog \u00f6ver rodret 2007. Det \u00e4r min absoluta \u00f6vertygelse att i takt med att v\u00e5rdbehovet \u00f6kar beh\u00f6ver ocks\u00e5 Lasarettet i Enk\u00f6pings uppdrag ut\u00f6kas.<\/strong><\/p>\n<p><strong>Anna-Karin Klomp (KD), <\/strong>landstingsr\u00e5d<\/p>\n<p>&nbsp;<\/p>\n","protected":false},"excerpt":{"rendered":"<p>Det \u00e4r min absoluta \u00f6vertygelse att i takt med att v\u00e5rdbehovet \u00f6kar beh\u00f6ver ocks\u00e5 Lasarettet i Enk\u00f6pings uppdrag ut\u00f6kas, skriver Anna-Karin Klomp (KD) i Enk\u00f6pingsposten idag. Den svenska sjukv\u00e5rden h\u00e5ller p\u00e5 m\u00e5nga s\u00e4tt v\u00e4rldsklass och v\u00e4ntetiderna i v\u00e5rden har aldrig varit kortare. D\u00e4rmed inte sagt att sjukv\u00e5rden saknar utmaningar. Det \u00e4r ingen nyhet att v\u00e5rden <a class=\"read-more-link\" href=\"https:\/\/wp.kristdemokraterna.se\/uppsala\/mer-vard-i-lanet-aven-med-statlig-vard\/\">Read More<\/a><\/p>\n","protected":false},"author":570,"featured_media":1873,"comment_status":"closed","ping_status":"closed","sticky":false,"template":"","format":"standard","meta":{"_acf_changed":false,"footnotes":""},"categories":[236],"tags":[7,98,52,83,73],"class_list":["post-1036","post","type-post","status-publish","format-standard","hentry","category-vard-o-omsorg","tag-annakarinklomp","tag-frihet","tag-landstinget-i-uppsala-lan","tag-lasarettet-i-enkoping","tag-sjukvard"],"acf":[],"yoast_head":"<!-- This site is optimized with the Yoast SEO plugin v27.4 - https:\/\/yoast.com\/product\/yoast-seo-wordpress\/ -->\n<title>Mer v\u00e5rd i l\u00e4net \u00e4ven med statlig v\u00e5rd | Kristdemokraterna | Uppsala<\/title>\n<meta name=\"robots\" content=\"index, follow, max-snippet:-1, max-image-preview:large, max-video-preview:-1\" \/>\n<link rel=\"canonical\" href=\"https:\/\/wp.kristdemokraterna.se\/uppsala\/mer-vard-i-lanet-aven-med-statlig-vard\/\" \/>\n<meta property=\"og:locale\" content=\"sv_SE\" \/>\n<meta property=\"og:type\" content=\"article\" \/>\n<meta property=\"og:title\" content=\"Mer v\u00e5rd i l\u00e4net \u00e4ven med statlig v\u00e5rd | Kristdemokraterna | Uppsala\" \/>\n<meta property=\"og:description\" content=\"Det \u00e4r min absoluta \u00f6vertygelse att i takt med att v\u00e5rdbehovet \u00f6kar beh\u00f6ver ocks\u00e5 Lasarettet i Enk\u00f6pings uppdrag ut\u00f6kas, skriver Anna-Karin Klomp (KD) i Enk\u00f6pingsposten idag. Den svenska sjukv\u00e5rden h\u00e5ller p\u00e5 m\u00e5nga s\u00e4tt v\u00e4rldsklass och v\u00e4ntetiderna i v\u00e5rden har aldrig varit kortare. D\u00e4rmed inte sagt att sjukv\u00e5rden saknar utmaningar. Det \u00e4r ingen nyhet att v\u00e5rden Read More\" \/>\n<meta property=\"og:url\" content=\"https:\/\/wp.kristdemokraterna.se\/uppsala\/mer-vard-i-lanet-aven-med-statlig-vard\/\" \/>\n<meta property=\"og:site_name\" content=\"Kristdemokraterna | Uppsala\" \/>\n<meta property=\"article:publisher\" content=\"https:\/\/www.facebook.com\/UppsalaKD\/\" \/>\n<meta property=\"article:published_time\" content=\"2014-08-28T09:05:37+00:00\" \/>\n<meta property=\"article:modified_time\" content=\"2024-04-03T20:33:05+00:00\" \/>\n<meta property=\"og:image\" content=\"http:\/\/wp.kristdemokraterna.se\/uppsala\/files\/2014\/09\/doctor-563428_1920.jpg\" \/>\n\t<meta property=\"og:image:width\" content=\"1920\" \/>\n\t<meta property=\"og:image:height\" content=\"1280\" \/>\n\t<meta property=\"og:image:type\" content=\"image\/jpeg\" \/>\n<meta name=\"author\" content=\"Petra Karl\u00e5\" \/>\n<meta name=\"twitter:card\" content=\"summary_large_image\" \/>\n<meta name=\"twitter:label1\" content=\"Skriven av\" \/>\n\t<meta name=\"twitter:data1\" content=\"Petra Karl\u00e5\" \/>\n\t<meta name=\"twitter:label2\" content=\"Ber\u00e4knad l\u00e4stid\" \/>\n\t<meta name=\"twitter:data2\" content=\"3 minuter\" \/>\n<script type=\"application\/ld+json\" class=\"yoast-schema-graph\">{\"@context\":\"https:\\\/\\\/schema.org\",\"@graph\":[{\"@type\":\"Article\",\"@id\":\"https:\\\/\\\/wp.kristdemokraterna.se\\\/uppsala\\\/mer-vard-i-lanet-aven-med-statlig-vard\\\/#article\",\"isPartOf\":{\"@id\":\"https:\\\/\\\/wp.kristdemokraterna.se\\\/uppsala\\\/mer-vard-i-lanet-aven-med-statlig-vard\\\/\"},\"author\":{\"name\":\"Petra Karl\u00e5\",\"@id\":\"https:\\\/\\\/wp.kristdemokraterna.se\\\/uppsala\\\/#\\\/schema\\\/person\\\/9c9d6764688a85f6a5a9bc0aeab97665\"},\"headline\":\"Mer v\u00e5rd i l\u00e4net \u00e4ven med statlig v\u00e5rd\",\"datePublished\":\"2014-08-28T09:05:37+00:00\",\"dateModified\":\"2024-04-03T20:33:05+00:00\",\"mainEntityOfPage\":{\"@id\":\"https:\\\/\\\/wp.kristdemokraterna.se\\\/uppsala\\\/mer-vard-i-lanet-aven-med-statlig-vard\\\/\"},\"wordCount\":607,\"publisher\":{\"@id\":\"https:\\\/\\\/wp.kristdemokraterna.se\\\/uppsala\\\/#organization\"},\"image\":{\"@id\":\"https:\\\/\\\/wp.kristdemokraterna.se\\\/uppsala\\\/mer-vard-i-lanet-aven-med-statlig-vard\\\/#primaryimage\"},\"thumbnailUrl\":\"https:\\\/\\\/wp.kristdemokraterna.se\\\/uppsala\\\/files\\\/2014\\\/09\\\/doctor-563428_1920.jpg\",\"keywords\":[\"Anna-Karin Klomp\",\"Frihet\",\"Landstinget i Uppsala l\u00e4n\",\"Lasarettet i Enk\u00f6ping\",\"Sjukv\u00e5rd\"],\"articleSection\":[\"V\u00e5rd &amp; omsorg\"],\"inLanguage\":\"sv-SE\"},{\"@type\":\"WebPage\",\"@id\":\"https:\\\/\\\/wp.kristdemokraterna.se\\\/uppsala\\\/mer-vard-i-lanet-aven-med-statlig-vard\\\/\",\"url\":\"https:\\\/\\\/wp.kristdemokraterna.se\\\/uppsala\\\/mer-vard-i-lanet-aven-med-statlig-vard\\\/\",\"name\":\"Mer v\u00e5rd i l\u00e4net \u00e4ven med statlig v\u00e5rd | Kristdemokraterna | Uppsala\",\"isPartOf\":{\"@id\":\"https:\\\/\\\/wp.kristdemokraterna.se\\\/uppsala\\\/#website\"},\"primaryImageOfPage\":{\"@id\":\"https:\\\/\\\/wp.kristdemokraterna.se\\\/uppsala\\\/mer-vard-i-lanet-aven-med-statlig-vard\\\/#primaryimage\"},\"image\":{\"@id\":\"https:\\\/\\\/wp.kristdemokraterna.se\\\/uppsala\\\/mer-vard-i-lanet-aven-med-statlig-vard\\\/#primaryimage\"},\"thumbnailUrl\":\"https:\\\/\\\/wp.kristdemokraterna.se\\\/uppsala\\\/files\\\/2014\\\/09\\\/doctor-563428_1920.jpg\",\"datePublished\":\"2014-08-28T09:05:37+00:00\",\"dateModified\":\"2024-04-03T20:33:05+00:00\",\"breadcrumb\":{\"@id\":\"https:\\\/\\\/wp.kristdemokraterna.se\\\/uppsala\\\/mer-vard-i-lanet-aven-med-statlig-vard\\\/#breadcrumb\"},\"inLanguage\":\"sv-SE\",\"potentialAction\":[{\"@type\":\"ReadAction\",\"target\":[\"https:\\\/\\\/wp.kristdemokraterna.se\\\/uppsala\\\/mer-vard-i-lanet-aven-med-statlig-vard\\\/\"]}]},{\"@type\":\"ImageObject\",\"inLanguage\":\"sv-SE\",\"@id\":\"https:\\\/\\\/wp.kristdemokraterna.se\\\/uppsala\\\/mer-vard-i-lanet-aven-med-statlig-vard\\\/#primaryimage\",\"url\":\"https:\\\/\\\/wp.kristdemokraterna.se\\\/uppsala\\\/files\\\/2014\\\/09\\\/doctor-563428_1920.jpg\",\"contentUrl\":\"https:\\\/\\\/wp.kristdemokraterna.se\\\/uppsala\\\/files\\\/2014\\\/09\\\/doctor-563428_1920.jpg\",\"width\":1920,\"height\":1280},{\"@type\":\"BreadcrumbList\",\"@id\":\"https:\\\/\\\/wp.kristdemokraterna.se\\\/uppsala\\\/mer-vard-i-lanet-aven-med-statlig-vard\\\/#breadcrumb\",\"itemListElement\":[{\"@type\":\"ListItem\",\"position\":1,\"name\":\"Hem\",\"item\":\"https:\\\/\\\/wp.kristdemokraterna.se\\\/uppsala\\\/\"},{\"@type\":\"ListItem\",\"position\":2,\"name\":\"Mer v\u00e5rd i l\u00e4net \u00e4ven med statlig v\u00e5rd\"}]},{\"@type\":\"WebSite\",\"@id\":\"https:\\\/\\\/wp.kristdemokraterna.se\\\/uppsala\\\/#website\",\"url\":\"https:\\\/\\\/wp.kristdemokraterna.se\\\/uppsala\\\/\",\"name\":\"Kristdemokraterna Uppsala\",\"description\":\"Tryggare Uppsala\",\"publisher\":{\"@id\":\"https:\\\/\\\/wp.kristdemokraterna.se\\\/uppsala\\\/#organization\"},\"inLanguage\":\"sv-SE\"},{\"@type\":\"Organization\",\"@id\":\"https:\\\/\\\/wp.kristdemokraterna.se\\\/uppsala\\\/#organization\",\"name\":\"Kristdemokraterna Uppsala\",\"url\":\"https:\\\/\\\/wp.kristdemokraterna.se\\\/uppsala\\\/\",\"logo\":{\"@type\":\"ImageObject\",\"inLanguage\":\"sv-SE\",\"@id\":\"https:\\\/\\\/wp.kristdemokraterna.se\\\/uppsala\\\/#\\\/schema\\\/logo\\\/image\\\/\",\"url\":\"https:\\\/\\\/wp.kristdemokraterna.se\\\/uppsala\\\/files\\\/2019\\\/10\\\/kd-uppsala.png\",\"contentUrl\":\"https:\\\/\\\/wp.kristdemokraterna.se\\\/uppsala\\\/files\\\/2019\\\/10\\\/kd-uppsala.png\",\"width\":804,\"height\":421,\"caption\":\"Kristdemokraterna Uppsala\"},\"image\":{\"@id\":\"https:\\\/\\\/wp.kristdemokraterna.se\\\/uppsala\\\/#\\\/schema\\\/logo\\\/image\\\/\"},\"sameAs\":[\"https:\\\/\\\/www.facebook.com\\\/UppsalaKD\\\/\",\"https:\\\/\\\/www.instagram.com\\\/uppsalakd\\\/\"]},{\"@type\":\"Person\",\"@id\":\"https:\\\/\\\/wp.kristdemokraterna.se\\\/uppsala\\\/#\\\/schema\\\/person\\\/9c9d6764688a85f6a5a9bc0aeab97665\",\"name\":\"Petra Karl\u00e5\",\"image\":{\"@type\":\"ImageObject\",\"inLanguage\":\"sv-SE\",\"@id\":\"https:\\\/\\\/secure.gravatar.com\\\/avatar\\\/4a0351df3ec5e473a63caa9ade3c07a69c688dacf0d1055a81464c4244cd8431?s=96&r=g\",\"url\":\"https:\\\/\\\/secure.gravatar.com\\\/avatar\\\/4a0351df3ec5e473a63caa9ade3c07a69c688dacf0d1055a81464c4244cd8431?s=96&r=g\",\"contentUrl\":\"https:\\\/\\\/secure.gravatar.com\\\/avatar\\\/4a0351df3ec5e473a63caa9ade3c07a69c688dacf0d1055a81464c4244cd8431?s=96&r=g\",\"caption\":\"Petra Karl\u00e5\"},\"url\":\"https:\\\/\\\/wp.kristdemokraterna.se\\\/uppsala\\\/author\\\/petrakarla\\\/\"}]}<\/script>\n<!-- \/ Yoast SEO plugin. -->","yoast_head_json":{"title":"Mer v\u00e5rd i l\u00e4net \u00e4ven med statlig v\u00e5rd | Kristdemokraterna | Uppsala","robots":{"index":"index","follow":"follow","max-snippet":"max-snippet:-1","max-image-preview":"max-image-preview:large","max-video-preview":"max-video-preview:-1"},"canonical":"https:\/\/wp.kristdemokraterna.se\/uppsala\/mer-vard-i-lanet-aven-med-statlig-vard\/","og_locale":"sv_SE","og_type":"article","og_title":"Mer v\u00e5rd i l\u00e4net \u00e4ven med statlig v\u00e5rd | Kristdemokraterna | Uppsala","og_description":"Det \u00e4r min absoluta \u00f6vertygelse att i takt med att v\u00e5rdbehovet \u00f6kar beh\u00f6ver ocks\u00e5 Lasarettet i Enk\u00f6pings uppdrag ut\u00f6kas, skriver Anna-Karin Klomp (KD) i Enk\u00f6pingsposten idag. Den svenska sjukv\u00e5rden h\u00e5ller p\u00e5 m\u00e5nga s\u00e4tt v\u00e4rldsklass och v\u00e4ntetiderna i v\u00e5rden har aldrig varit kortare. D\u00e4rmed inte sagt att sjukv\u00e5rden saknar utmaningar. Det \u00e4r ingen nyhet att v\u00e5rden Read More","og_url":"https:\/\/wp.kristdemokraterna.se\/uppsala\/mer-vard-i-lanet-aven-med-statlig-vard\/","og_site_name":"Kristdemokraterna | Uppsala","article_publisher":"https:\/\/www.facebook.com\/UppsalaKD\/","article_published_time":"2014-08-28T09:05:37+00:00","article_modified_time":"2024-04-03T20:33:05+00:00","og_image":[{"width":1920,"height":1280,"url":"http:\/\/wp.kristdemokraterna.se\/uppsala\/files\/2014\/09\/doctor-563428_1920.jpg","type":"image\/jpeg"}],"author":"Petra Karl\u00e5","twitter_card":"summary_large_image","twitter_misc":{"Skriven av":"Petra Karl\u00e5","Ber\u00e4knad l\u00e4stid":"3 minuter"},"schema":{"@context":"https:\/\/schema.org","@graph":[{"@type":"Article","@id":"https:\/\/wp.kristdemokraterna.se\/uppsala\/mer-vard-i-lanet-aven-med-statlig-vard\/#article","isPartOf":{"@id":"https:\/\/wp.kristdemokraterna.se\/uppsala\/mer-vard-i-lanet-aven-med-statlig-vard\/"},"author":{"name":"Petra Karl\u00e5","@id":"https:\/\/wp.kristdemokraterna.se\/uppsala\/#\/schema\/person\/9c9d6764688a85f6a5a9bc0aeab97665"},"headline":"Mer v\u00e5rd i l\u00e4net \u00e4ven med statlig v\u00e5rd","datePublished":"2014-08-28T09:05:37+00:00","dateModified":"2024-04-03T20:33:05+00:00","mainEntityOfPage":{"@id":"https:\/\/wp.kristdemokraterna.se\/uppsala\/mer-vard-i-lanet-aven-med-statlig-vard\/"},"wordCount":607,"publisher":{"@id":"https:\/\/wp.kristdemokraterna.se\/uppsala\/#organization"},"image":{"@id":"https:\/\/wp.kristdemokraterna.se\/uppsala\/mer-vard-i-lanet-aven-med-statlig-vard\/#primaryimage"},"thumbnailUrl":"https:\/\/wp.kristdemokraterna.se\/uppsala\/files\/2014\/09\/doctor-563428_1920.jpg","keywords":["Anna-Karin Klomp","Frihet","Landstinget i Uppsala l\u00e4n","Lasarettet i Enk\u00f6ping","Sjukv\u00e5rd"],"articleSection":["V\u00e5rd &amp; omsorg"],"inLanguage":"sv-SE"},{"@type":"WebPage","@id":"https:\/\/wp.kristdemokraterna.se\/uppsala\/mer-vard-i-lanet-aven-med-statlig-vard\/","url":"https:\/\/wp.kristdemokraterna.se\/uppsala\/mer-vard-i-lanet-aven-med-statlig-vard\/","name":"Mer v\u00e5rd i l\u00e4net \u00e4ven med statlig v\u00e5rd | Kristdemokraterna | Uppsala","isPartOf":{"@id":"https:\/\/wp.kristdemokraterna.se\/uppsala\/#website"},"primaryImageOfPage":{"@id":"https:\/\/wp.kristdemokraterna.se\/uppsala\/mer-vard-i-lanet-aven-med-statlig-vard\/#primaryimage"},"image":{"@id":"https:\/\/wp.kristdemokraterna.se\/uppsala\/mer-vard-i-lanet-aven-med-statlig-vard\/#primaryimage"},"thumbnailUrl":"https:\/\/wp.kristdemokraterna.se\/uppsala\/files\/2014\/09\/doctor-563428_1920.jpg","datePublished":"2014-08-28T09:05:37+00:00","dateModified":"2024-04-03T20:33:05+00:00","breadcrumb":{"@id":"https:\/\/wp.kristdemokraterna.se\/uppsala\/mer-vard-i-lanet-aven-med-statlig-vard\/#breadcrumb"},"inLanguage":"sv-SE","potentialAction":[{"@type":"ReadAction","target":["https:\/\/wp.kristdemokraterna.se\/uppsala\/mer-vard-i-lanet-aven-med-statlig-vard\/"]}]},{"@type":"ImageObject","inLanguage":"sv-SE","@id":"https:\/\/wp.kristdemokraterna.se\/uppsala\/mer-vard-i-lanet-aven-med-statlig-vard\/#primaryimage","url":"https:\/\/wp.kristdemokraterna.se\/uppsala\/files\/2014\/09\/doctor-563428_1920.jpg","contentUrl":"https:\/\/wp.kristdemokraterna.se\/uppsala\/files\/2014\/09\/doctor-563428_1920.jpg","width":1920,"height":1280},{"@type":"BreadcrumbList","@id":"https:\/\/wp.kristdemokraterna.se\/uppsala\/mer-vard-i-lanet-aven-med-statlig-vard\/#breadcrumb","itemListElement":[{"@type":"ListItem","position":1,"name":"Hem","item":"https:\/\/wp.kristdemokraterna.se\/uppsala\/"},{"@type":"ListItem","position":2,"name":"Mer v\u00e5rd i l\u00e4net \u00e4ven med statlig v\u00e5rd"}]},{"@type":"WebSite","@id":"https:\/\/wp.kristdemokraterna.se\/uppsala\/#website","url":"https:\/\/wp.kristdemokraterna.se\/uppsala\/","name":"Kristdemokraterna Uppsala","description":"Tryggare Uppsala","publisher":{"@id":"https:\/\/wp.kristdemokraterna.se\/uppsala\/#organization"},"inLanguage":"sv-SE"},{"@type":"Organization","@id":"https:\/\/wp.kristdemokraterna.se\/uppsala\/#organization","name":"Kristdemokraterna Uppsala","url":"https:\/\/wp.kristdemokraterna.se\/uppsala\/","logo":{"@type":"ImageObject","inLanguage":"sv-SE","@id":"https:\/\/wp.kristdemokraterna.se\/uppsala\/#\/schema\/logo\/image\/","url":"https:\/\/wp.kristdemokraterna.se\/uppsala\/files\/2019\/10\/kd-uppsala.png","contentUrl":"https:\/\/wp.kristdemokraterna.se\/uppsala\/files\/2019\/10\/kd-uppsala.png","width":804,"height":421,"caption":"Kristdemokraterna Uppsala"},"image":{"@id":"https:\/\/wp.kristdemokraterna.se\/uppsala\/#\/schema\/logo\/image\/"},"sameAs":["https:\/\/www.facebook.com\/UppsalaKD\/","https:\/\/www.instagram.com\/uppsalakd\/"]},{"@type":"Person","@id":"https:\/\/wp.kristdemokraterna.se\/uppsala\/#\/schema\/person\/9c9d6764688a85f6a5a9bc0aeab97665","name":"Petra Karl\u00e5","image":{"@type":"ImageObject","inLanguage":"sv-SE","@id":"https:\/\/secure.gravatar.com\/avatar\/4a0351df3ec5e473a63caa9ade3c07a69c688dacf0d1055a81464c4244cd8431?s=96&r=g","url":"https:\/\/secure.gravatar.com\/avatar\/4a0351df3ec5e473a63caa9ade3c07a69c688dacf0d1055a81464c4244cd8431?s=96&r=g","contentUrl":"https:\/\/secure.gravatar.com\/avatar\/4a0351df3ec5e473a63caa9ade3c07a69c688dacf0d1055a81464c4244cd8431?s=96&r=g","caption":"Petra Karl\u00e5"},"url":"https:\/\/wp.kristdemokraterna.se\/uppsala\/author\/petrakarla\/"}]}},"_links":{"self":[{"href":"https:\/\/wp.kristdemokraterna.se\/uppsala\/wp-json\/wp\/v2\/posts\/1036","targetHints":{"allow":["GET"]}}],"collection":[{"href":"https:\/\/wp.kristdemokraterna.se\/uppsala\/wp-json\/wp\/v2\/posts"}],"about":[{"href":"https:\/\/wp.kristdemokraterna.se\/uppsala\/wp-json\/wp\/v2\/types\/post"}],"author":[{"embeddable":true,"href":"https:\/\/wp.kristdemokraterna.se\/uppsala\/wp-json\/wp\/v2\/users\/570"}],"replies":[{"embeddable":true,"href":"https:\/\/wp.kristdemokraterna.se\/uppsala\/wp-json\/wp\/v2\/comments?post=1036"}],"version-history":[{"count":4,"href":"https:\/\/wp.kristdemokraterna.se\/uppsala\/wp-json\/wp\/v2\/posts\/1036\/revisions"}],"predecessor-version":[{"id":1877,"href":"https:\/\/wp.kristdemokraterna.se\/uppsala\/wp-json\/wp\/v2\/posts\/1036\/revisions\/1877"}],"wp:featuredmedia":[{"embeddable":true,"href":"https:\/\/wp.kristdemokraterna.se\/uppsala\/wp-json\/wp\/v2\/media\/1873"}],"wp:attachment":[{"href":"https:\/\/wp.kristdemokraterna.se\/uppsala\/wp-json\/wp\/v2\/media?parent=1036"}],"wp:term":[{"taxonomy":"category","embeddable":true,"href":"https:\/\/wp.kristdemokraterna.se\/uppsala\/wp-json\/wp\/v2\/categories?post=1036"},{"taxonomy":"post_tag","embeddable":true,"href":"https:\/\/wp.kristdemokraterna.se\/uppsala\/wp-json\/wp\/v2\/tags?post=1036"}],"curies":[{"name":"wp","href":"https:\/\/api.w.org\/{rel}","templated":true}]}}