{"id":1087,"date":"2014-09-04T16:21:56","date_gmt":"2014-09-04T14:21:56","guid":{"rendered":"http:\/\/wp.kristdemokraterna.se\/uppsala\/?p=1087"},"modified":"2024-04-04T01:17:40","modified_gmt":"2024-04-03T23:17:40","slug":"fler-kvinnor-deltar-i-mammografi-i-dag","status":"publish","type":"post","link":"https:\/\/wp.kristdemokraterna.se\/uppsala\/fler-kvinnor-deltar-i-mammografi-i-dag\/","title":{"rendered":"Fler kvinnor deltar i mammografi i dag"},"content":{"rendered":"<p><a href=\"http:\/\/www.arbetarbladet.se\/opinion\/debatt\/fler-kvinnor-deltar-i-mammografi-i-dag\">Replik i Arbetarbladet<\/a>\u00a0p\u00e5 MP:s debattartikel om mammografi<\/p>\n<div class=\"column large-two-thirds medium-two-thirds article-content\">\n<section class=\"body\"><strong>Milj\u00f6partiet h\u00e4vdar att centraliseringen lett till m\u00e5nga kvinnor uteblir fr\u00e5n mammografiscreening och att speciellt kvinnor med utl\u00e4ndsk h\u00e4rkomst drabbats. Den statistik som finns f\u00f6r Uppsala l\u00e4n ger inget st\u00f6d f\u00f6r p\u00e5st\u00e5endena.<\/strong>Vid \u00e5rsskiftet 2009 centraliserades mammografiscreeningen i v\u00e5rt l\u00e4n till Samariterhemmet i Uppsala. Anledningen till detta var att landstinget under m\u00e5nga \u00e5r inte f\u00f6ljt Socialstyrelsens riktlinjer. Verksamheten hade bara en l\u00e4kare, trots f\u00f6rs\u00f6k att rekrytera fler. Detta ledde till att ett stort antal kvinnor inte kallades.<\/p>\n<p dir=\"LTR\"><strong>Vi kunde inte acceptera det. F\u00f6r att h\u00f6ja patients\u00e4kerheten st\u00e4llde vi bland annat krav p\u00e5 att varje bild skulle granskas av tv\u00e5 l\u00e4kare. Vi inf\u00f6rde ocks\u00e5 ett nytt digitalt bildhanteringssystem. Den nya utrustningen uppt\u00e4ckte betydligt mindre tum\u00f6rer, men var ocks\u00e5 dyrare. Vi ville att l\u00e4nets kvinnor skulle f\u00e5 en b\u00e4ttre mammografi.<\/strong><\/p>\n<p>Milj\u00f6partiet skriver att centraliseringen inneburit att en mindre andel av de kallade kommer till screeningen. Det \u00e4r en sanning med modifikation. \u00c5r 2006, n\u00e4r MP satt i landstingsmajoriteten, kallades i storleksordningen 26 000 kvinnor till screening. Av dem deltog cirka 22 500 kvinnor.<\/p>\n<p>\u00c5r 2010, ett \u00e5r efter att Alliansen centraliserat screeeningen, kallades 46 000 kvinnor till screeningen, varav cirka 34 000 kom. Procentuellt s\u00e5g det allts\u00e5 b\u00e4ttre ut 2006, men i verkligheten har antalet kvinnor som deltar i h\u00e4lsokontrollen \u00f6kat markant.<\/p>\n<p><strong>Statistiken \u00f6ver Uppsala l\u00e4n (2013) visar ocks\u00e5 att t\u00e4ckningsgraden \u00e4r betydligt l\u00e4gre i v\u00e4lbest\u00e4llda Uppsalastadsdelen K\u00e5bo, med g\u00e5ngavst\u00e5nd till mottagningen, \u00e4n i invandrart\u00e4ta Gottsunda eller Stenhagen.<\/strong><\/p>\n<p>Om vi j\u00e4mf\u00f6r kommunerna varierar t\u00e4ckningsgraden mellan 78 och 85 procent. \u00c4lvkarleby har l\u00e4gst, vilket skulle kunna indikera att avst\u00e5ndet spelar roll. Detta mots\u00e4gs dock av att \u00d6sthammar har l\u00e4nets h\u00f6gsta t\u00e4ckningsgrad. Vi kan ocks\u00e5 se att deltagandefrekvensen \u00f6kat i \u00c4lvkarleby om vi j\u00e4mf\u00f6r f\u00f6r n\u00e5gra \u00e5r tillbaka.<\/p>\n<p><strong>Mammografi \u00e4r en unders\u00f6kning som kan r\u00e4dda liv och d\u00e4rf\u00f6r \u00e4r det viktigt att kvinnor tar del av den. D\u00e4rf\u00f6r erbjuder vi \u00e4ven gratis resa till mammografin med de sjukresebussar som finns. Unders\u00f6kningen g\u00f6rs med 18-24 m\u00e5naders mellanrum och \u00e4ven tider erbjuds vissa helger och kv\u00e4llar, f\u00f6r att g\u00f6ra det l\u00e4ttare att f\u00e5 till ett bes\u00f6k.<\/strong><\/p>\n<p>\u00c4ven riktade satsningar har gjorts f\u00f6r att f\u00e5 fler kvinnor att delta. Samtidigt \u00e4r screeningen en frivillig h\u00e4lsokontroll. Vi kan inte tvinga n\u00e5gon att delta som inte vill delta. Det positiva \u00e4r att fler kvinnor screenas idag \u00e4n tidigare, men jag tycker att vi beh\u00f6ver g\u00f6ra fler riktade satsningar f\u00f6r att \u00f6ka deltagandet, i bland annat \u00c4lvkarleby.<\/p>\n<p>Alliansen och KD har de senaste \u00e5ren sett till att mer v\u00e5rd bedrivs ute i l\u00e4net. Eftersom Uppsala l\u00e4n v\u00e4xer utesluter jag inte att vi i framtiden kan komma att tillhandah\u00e5lla fler platser f\u00f6r screening.<\/p>\n<p><b>Anna-Karin Klomp (KD),<\/b><\/p>\n<p>landstingsr\u00e5d och h\u00e4lso- och sjukv\u00e5rdsstyrelsens ordf\u00f6rande<\/p>\n<\/section>\n<\/div>\n","protected":false},"excerpt":{"rendered":"<p>Replik i Arbetarbladet\u00a0p\u00e5 MP:s debattartikel om mammografi Milj\u00f6partiet h\u00e4vdar att centraliseringen lett till m\u00e5nga kvinnor uteblir fr\u00e5n mammografiscreening och att speciellt kvinnor med utl\u00e4ndsk h\u00e4rkomst drabbats. Den statistik som finns f\u00f6r Uppsala l\u00e4n ger inget st\u00f6d f\u00f6r p\u00e5st\u00e5endena.Vid \u00e5rsskiftet 2009 centraliserades mammografiscreeningen i v\u00e5rt l\u00e4n till Samariterhemmet i Uppsala. Anledningen till detta var att landstinget <a class=\"read-more-link\" href=\"https:\/\/wp.kristdemokraterna.se\/uppsala\/fler-kvinnor-deltar-i-mammografi-i-dag\/\">Read More<\/a><\/p>\n","protected":false},"author":570,"featured_media":1873,"comment_status":"closed","ping_status":"closed","sticky":false,"template":"","format":"standard","meta":{"_acf_changed":false,"footnotes":""},"categories":[236],"tags":[95,7,98,123,52,84,85],"class_list":["post-1087","post","type-post","status-publish","format-standard","hentry","category-vard-o-omsorg","tag-alliansen","tag-annakarinklomp","tag-frihet","tag-jamstalldhet","tag-landstinget-i-uppsala-lan","tag-mammografi","tag-screening"],"acf":[],"yoast_head":"<!-- This site is optimized with the Yoast SEO plugin v27.4 - https:\/\/yoast.com\/product\/yoast-seo-wordpress\/ -->\n<title>Fler kvinnor deltar i mammografi i dag | Kristdemokraterna | Uppsala<\/title>\n<meta name=\"robots\" content=\"index, follow, max-snippet:-1, max-image-preview:large, max-video-preview:-1\" \/>\n<link rel=\"canonical\" href=\"https:\/\/wp.kristdemokraterna.se\/uppsala\/fler-kvinnor-deltar-i-mammografi-i-dag\/\" \/>\n<meta property=\"og:locale\" content=\"sv_SE\" \/>\n<meta property=\"og:type\" content=\"article\" \/>\n<meta property=\"og:title\" content=\"Fler kvinnor deltar i mammografi i dag | Kristdemokraterna | Uppsala\" \/>\n<meta property=\"og:description\" content=\"Replik i Arbetarbladet\u00a0p\u00e5 MP:s debattartikel om mammografi Milj\u00f6partiet h\u00e4vdar att centraliseringen lett till m\u00e5nga kvinnor uteblir fr\u00e5n mammografiscreening och att speciellt kvinnor med utl\u00e4ndsk h\u00e4rkomst drabbats. Den statistik som finns f\u00f6r Uppsala l\u00e4n ger inget st\u00f6d f\u00f6r p\u00e5st\u00e5endena.Vid \u00e5rsskiftet 2009 centraliserades mammografiscreeningen i v\u00e5rt l\u00e4n till Samariterhemmet i Uppsala. Anledningen till detta var att landstinget Read More\" \/>\n<meta property=\"og:url\" content=\"https:\/\/wp.kristdemokraterna.se\/uppsala\/fler-kvinnor-deltar-i-mammografi-i-dag\/\" \/>\n<meta property=\"og:site_name\" content=\"Kristdemokraterna | Uppsala\" \/>\n<meta property=\"article:publisher\" content=\"https:\/\/www.facebook.com\/UppsalaKD\/\" \/>\n<meta property=\"article:published_time\" content=\"2014-09-04T14:21:56+00:00\" \/>\n<meta property=\"article:modified_time\" content=\"2024-04-03T23:17:40+00:00\" \/>\n<meta property=\"og:image\" content=\"http:\/\/wp.kristdemokraterna.se\/uppsala\/files\/2014\/09\/doctor-563428_1920.jpg\" \/>\n\t<meta property=\"og:image:width\" content=\"1920\" \/>\n\t<meta property=\"og:image:height\" content=\"1280\" \/>\n\t<meta property=\"og:image:type\" content=\"image\/jpeg\" \/>\n<meta name=\"author\" content=\"Petra Karl\u00e5\" \/>\n<meta name=\"twitter:card\" content=\"summary_large_image\" \/>\n<meta name=\"twitter:label1\" content=\"Skriven av\" \/>\n\t<meta name=\"twitter:data1\" content=\"Petra Karl\u00e5\" \/>\n\t<meta name=\"twitter:label2\" content=\"Ber\u00e4knad l\u00e4stid\" \/>\n\t<meta name=\"twitter:data2\" content=\"3 minuter\" \/>\n<script type=\"application\/ld+json\" class=\"yoast-schema-graph\">{\"@context\":\"https:\\\/\\\/schema.org\",\"@graph\":[{\"@type\":\"Article\",\"@id\":\"https:\\\/\\\/wp.kristdemokraterna.se\\\/uppsala\\\/fler-kvinnor-deltar-i-mammografi-i-dag\\\/#article\",\"isPartOf\":{\"@id\":\"https:\\\/\\\/wp.kristdemokraterna.se\\\/uppsala\\\/fler-kvinnor-deltar-i-mammografi-i-dag\\\/\"},\"author\":{\"name\":\"Petra Karl\u00e5\",\"@id\":\"https:\\\/\\\/wp.kristdemokraterna.se\\\/uppsala\\\/#\\\/schema\\\/person\\\/9c9d6764688a85f6a5a9bc0aeab97665\"},\"headline\":\"Fler kvinnor deltar i mammografi i dag\",\"datePublished\":\"2014-09-04T14:21:56+00:00\",\"dateModified\":\"2024-04-03T23:17:40+00:00\",\"mainEntityOfPage\":{\"@id\":\"https:\\\/\\\/wp.kristdemokraterna.se\\\/uppsala\\\/fler-kvinnor-deltar-i-mammografi-i-dag\\\/\"},\"wordCount\":527,\"publisher\":{\"@id\":\"https:\\\/\\\/wp.kristdemokraterna.se\\\/uppsala\\\/#organization\"},\"image\":{\"@id\":\"https:\\\/\\\/wp.kristdemokraterna.se\\\/uppsala\\\/fler-kvinnor-deltar-i-mammografi-i-dag\\\/#primaryimage\"},\"thumbnailUrl\":\"https:\\\/\\\/wp.kristdemokraterna.se\\\/uppsala\\\/files\\\/2014\\\/09\\\/doctor-563428_1920.jpg\",\"keywords\":[\"Alliansen\",\"Anna-Karin Klomp\",\"Frihet\",\"J\u00e4mst\u00e4lldhet\",\"Landstinget i Uppsala l\u00e4n\",\"mammografi\",\"screening\"],\"articleSection\":[\"V\u00e5rd &amp; omsorg\"],\"inLanguage\":\"sv-SE\"},{\"@type\":\"WebPage\",\"@id\":\"https:\\\/\\\/wp.kristdemokraterna.se\\\/uppsala\\\/fler-kvinnor-deltar-i-mammografi-i-dag\\\/\",\"url\":\"https:\\\/\\\/wp.kristdemokraterna.se\\\/uppsala\\\/fler-kvinnor-deltar-i-mammografi-i-dag\\\/\",\"name\":\"Fler kvinnor deltar i mammografi i dag | Kristdemokraterna | Uppsala\",\"isPartOf\":{\"@id\":\"https:\\\/\\\/wp.kristdemokraterna.se\\\/uppsala\\\/#website\"},\"primaryImageOfPage\":{\"@id\":\"https:\\\/\\\/wp.kristdemokraterna.se\\\/uppsala\\\/fler-kvinnor-deltar-i-mammografi-i-dag\\\/#primaryimage\"},\"image\":{\"@id\":\"https:\\\/\\\/wp.kristdemokraterna.se\\\/uppsala\\\/fler-kvinnor-deltar-i-mammografi-i-dag\\\/#primaryimage\"},\"thumbnailUrl\":\"https:\\\/\\\/wp.kristdemokraterna.se\\\/uppsala\\\/files\\\/2014\\\/09\\\/doctor-563428_1920.jpg\",\"datePublished\":\"2014-09-04T14:21:56+00:00\",\"dateModified\":\"2024-04-03T23:17:40+00:00\",\"breadcrumb\":{\"@id\":\"https:\\\/\\\/wp.kristdemokraterna.se\\\/uppsala\\\/fler-kvinnor-deltar-i-mammografi-i-dag\\\/#breadcrumb\"},\"inLanguage\":\"sv-SE\",\"potentialAction\":[{\"@type\":\"ReadAction\",\"target\":[\"https:\\\/\\\/wp.kristdemokraterna.se\\\/uppsala\\\/fler-kvinnor-deltar-i-mammografi-i-dag\\\/\"]}]},{\"@type\":\"ImageObject\",\"inLanguage\":\"sv-SE\",\"@id\":\"https:\\\/\\\/wp.kristdemokraterna.se\\\/uppsala\\\/fler-kvinnor-deltar-i-mammografi-i-dag\\\/#primaryimage\",\"url\":\"https:\\\/\\\/wp.kristdemokraterna.se\\\/uppsala\\\/files\\\/2014\\\/09\\\/doctor-563428_1920.jpg\",\"contentUrl\":\"https:\\\/\\\/wp.kristdemokraterna.se\\\/uppsala\\\/files\\\/2014\\\/09\\\/doctor-563428_1920.jpg\",\"width\":1920,\"height\":1280},{\"@type\":\"BreadcrumbList\",\"@id\":\"https:\\\/\\\/wp.kristdemokraterna.se\\\/uppsala\\\/fler-kvinnor-deltar-i-mammografi-i-dag\\\/#breadcrumb\",\"itemListElement\":[{\"@type\":\"ListItem\",\"position\":1,\"name\":\"Hem\",\"item\":\"https:\\\/\\\/wp.kristdemokraterna.se\\\/uppsala\\\/\"},{\"@type\":\"ListItem\",\"position\":2,\"name\":\"Fler kvinnor deltar i mammografi i dag\"}]},{\"@type\":\"WebSite\",\"@id\":\"https:\\\/\\\/wp.kristdemokraterna.se\\\/uppsala\\\/#website\",\"url\":\"https:\\\/\\\/wp.kristdemokraterna.se\\\/uppsala\\\/\",\"name\":\"Kristdemokraterna Uppsala\",\"description\":\"Tryggare Uppsala\",\"publisher\":{\"@id\":\"https:\\\/\\\/wp.kristdemokraterna.se\\\/uppsala\\\/#organization\"},\"inLanguage\":\"sv-SE\"},{\"@type\":\"Organization\",\"@id\":\"https:\\\/\\\/wp.kristdemokraterna.se\\\/uppsala\\\/#organization\",\"name\":\"Kristdemokraterna Uppsala\",\"url\":\"https:\\\/\\\/wp.kristdemokraterna.se\\\/uppsala\\\/\",\"logo\":{\"@type\":\"ImageObject\",\"inLanguage\":\"sv-SE\",\"@id\":\"https:\\\/\\\/wp.kristdemokraterna.se\\\/uppsala\\\/#\\\/schema\\\/logo\\\/image\\\/\",\"url\":\"https:\\\/\\\/wp.kristdemokraterna.se\\\/uppsala\\\/files\\\/2019\\\/10\\\/kd-uppsala.png\",\"contentUrl\":\"https:\\\/\\\/wp.kristdemokraterna.se\\\/uppsala\\\/files\\\/2019\\\/10\\\/kd-uppsala.png\",\"width\":804,\"height\":421,\"caption\":\"Kristdemokraterna Uppsala\"},\"image\":{\"@id\":\"https:\\\/\\\/wp.kristdemokraterna.se\\\/uppsala\\\/#\\\/schema\\\/logo\\\/image\\\/\"},\"sameAs\":[\"https:\\\/\\\/www.facebook.com\\\/UppsalaKD\\\/\",\"https:\\\/\\\/www.instagram.com\\\/uppsalakd\\\/\"]},{\"@type\":\"Person\",\"@id\":\"https:\\\/\\\/wp.kristdemokraterna.se\\\/uppsala\\\/#\\\/schema\\\/person\\\/9c9d6764688a85f6a5a9bc0aeab97665\",\"name\":\"Petra Karl\u00e5\",\"image\":{\"@type\":\"ImageObject\",\"inLanguage\":\"sv-SE\",\"@id\":\"https:\\\/\\\/secure.gravatar.com\\\/avatar\\\/4a0351df3ec5e473a63caa9ade3c07a69c688dacf0d1055a81464c4244cd8431?s=96&r=g\",\"url\":\"https:\\\/\\\/secure.gravatar.com\\\/avatar\\\/4a0351df3ec5e473a63caa9ade3c07a69c688dacf0d1055a81464c4244cd8431?s=96&r=g\",\"contentUrl\":\"https:\\\/\\\/secure.gravatar.com\\\/avatar\\\/4a0351df3ec5e473a63caa9ade3c07a69c688dacf0d1055a81464c4244cd8431?s=96&r=g\",\"caption\":\"Petra Karl\u00e5\"},\"url\":\"https:\\\/\\\/wp.kristdemokraterna.se\\\/uppsala\\\/author\\\/petrakarla\\\/\"}]}<\/script>\n<!-- \/ Yoast SEO plugin. -->","yoast_head_json":{"title":"Fler kvinnor deltar i mammografi i dag | Kristdemokraterna | Uppsala","robots":{"index":"index","follow":"follow","max-snippet":"max-snippet:-1","max-image-preview":"max-image-preview:large","max-video-preview":"max-video-preview:-1"},"canonical":"https:\/\/wp.kristdemokraterna.se\/uppsala\/fler-kvinnor-deltar-i-mammografi-i-dag\/","og_locale":"sv_SE","og_type":"article","og_title":"Fler kvinnor deltar i mammografi i dag | Kristdemokraterna | Uppsala","og_description":"Replik i Arbetarbladet\u00a0p\u00e5 MP:s debattartikel om mammografi Milj\u00f6partiet h\u00e4vdar att centraliseringen lett till m\u00e5nga kvinnor uteblir fr\u00e5n mammografiscreening och att speciellt kvinnor med utl\u00e4ndsk h\u00e4rkomst drabbats. Den statistik som finns f\u00f6r Uppsala l\u00e4n ger inget st\u00f6d f\u00f6r p\u00e5st\u00e5endena.Vid \u00e5rsskiftet 2009 centraliserades mammografiscreeningen i v\u00e5rt l\u00e4n till Samariterhemmet i Uppsala. Anledningen till detta var att landstinget Read More","og_url":"https:\/\/wp.kristdemokraterna.se\/uppsala\/fler-kvinnor-deltar-i-mammografi-i-dag\/","og_site_name":"Kristdemokraterna | Uppsala","article_publisher":"https:\/\/www.facebook.com\/UppsalaKD\/","article_published_time":"2014-09-04T14:21:56+00:00","article_modified_time":"2024-04-03T23:17:40+00:00","og_image":[{"width":1920,"height":1280,"url":"http:\/\/wp.kristdemokraterna.se\/uppsala\/files\/2014\/09\/doctor-563428_1920.jpg","type":"image\/jpeg"}],"author":"Petra Karl\u00e5","twitter_card":"summary_large_image","twitter_misc":{"Skriven av":"Petra Karl\u00e5","Ber\u00e4knad l\u00e4stid":"3 minuter"},"schema":{"@context":"https:\/\/schema.org","@graph":[{"@type":"Article","@id":"https:\/\/wp.kristdemokraterna.se\/uppsala\/fler-kvinnor-deltar-i-mammografi-i-dag\/#article","isPartOf":{"@id":"https:\/\/wp.kristdemokraterna.se\/uppsala\/fler-kvinnor-deltar-i-mammografi-i-dag\/"},"author":{"name":"Petra Karl\u00e5","@id":"https:\/\/wp.kristdemokraterna.se\/uppsala\/#\/schema\/person\/9c9d6764688a85f6a5a9bc0aeab97665"},"headline":"Fler kvinnor deltar i mammografi i dag","datePublished":"2014-09-04T14:21:56+00:00","dateModified":"2024-04-03T23:17:40+00:00","mainEntityOfPage":{"@id":"https:\/\/wp.kristdemokraterna.se\/uppsala\/fler-kvinnor-deltar-i-mammografi-i-dag\/"},"wordCount":527,"publisher":{"@id":"https:\/\/wp.kristdemokraterna.se\/uppsala\/#organization"},"image":{"@id":"https:\/\/wp.kristdemokraterna.se\/uppsala\/fler-kvinnor-deltar-i-mammografi-i-dag\/#primaryimage"},"thumbnailUrl":"https:\/\/wp.kristdemokraterna.se\/uppsala\/files\/2014\/09\/doctor-563428_1920.jpg","keywords":["Alliansen","Anna-Karin Klomp","Frihet","J\u00e4mst\u00e4lldhet","Landstinget i Uppsala l\u00e4n","mammografi","screening"],"articleSection":["V\u00e5rd &amp; omsorg"],"inLanguage":"sv-SE"},{"@type":"WebPage","@id":"https:\/\/wp.kristdemokraterna.se\/uppsala\/fler-kvinnor-deltar-i-mammografi-i-dag\/","url":"https:\/\/wp.kristdemokraterna.se\/uppsala\/fler-kvinnor-deltar-i-mammografi-i-dag\/","name":"Fler kvinnor deltar i mammografi i dag | Kristdemokraterna | Uppsala","isPartOf":{"@id":"https:\/\/wp.kristdemokraterna.se\/uppsala\/#website"},"primaryImageOfPage":{"@id":"https:\/\/wp.kristdemokraterna.se\/uppsala\/fler-kvinnor-deltar-i-mammografi-i-dag\/#primaryimage"},"image":{"@id":"https:\/\/wp.kristdemokraterna.se\/uppsala\/fler-kvinnor-deltar-i-mammografi-i-dag\/#primaryimage"},"thumbnailUrl":"https:\/\/wp.kristdemokraterna.se\/uppsala\/files\/2014\/09\/doctor-563428_1920.jpg","datePublished":"2014-09-04T14:21:56+00:00","dateModified":"2024-04-03T23:17:40+00:00","breadcrumb":{"@id":"https:\/\/wp.kristdemokraterna.se\/uppsala\/fler-kvinnor-deltar-i-mammografi-i-dag\/#breadcrumb"},"inLanguage":"sv-SE","potentialAction":[{"@type":"ReadAction","target":["https:\/\/wp.kristdemokraterna.se\/uppsala\/fler-kvinnor-deltar-i-mammografi-i-dag\/"]}]},{"@type":"ImageObject","inLanguage":"sv-SE","@id":"https:\/\/wp.kristdemokraterna.se\/uppsala\/fler-kvinnor-deltar-i-mammografi-i-dag\/#primaryimage","url":"https:\/\/wp.kristdemokraterna.se\/uppsala\/files\/2014\/09\/doctor-563428_1920.jpg","contentUrl":"https:\/\/wp.kristdemokraterna.se\/uppsala\/files\/2014\/09\/doctor-563428_1920.jpg","width":1920,"height":1280},{"@type":"BreadcrumbList","@id":"https:\/\/wp.kristdemokraterna.se\/uppsala\/fler-kvinnor-deltar-i-mammografi-i-dag\/#breadcrumb","itemListElement":[{"@type":"ListItem","position":1,"name":"Hem","item":"https:\/\/wp.kristdemokraterna.se\/uppsala\/"},{"@type":"ListItem","position":2,"name":"Fler kvinnor deltar i mammografi i dag"}]},{"@type":"WebSite","@id":"https:\/\/wp.kristdemokraterna.se\/uppsala\/#website","url":"https:\/\/wp.kristdemokraterna.se\/uppsala\/","name":"Kristdemokraterna Uppsala","description":"Tryggare Uppsala","publisher":{"@id":"https:\/\/wp.kristdemokraterna.se\/uppsala\/#organization"},"inLanguage":"sv-SE"},{"@type":"Organization","@id":"https:\/\/wp.kristdemokraterna.se\/uppsala\/#organization","name":"Kristdemokraterna Uppsala","url":"https:\/\/wp.kristdemokraterna.se\/uppsala\/","logo":{"@type":"ImageObject","inLanguage":"sv-SE","@id":"https:\/\/wp.kristdemokraterna.se\/uppsala\/#\/schema\/logo\/image\/","url":"https:\/\/wp.kristdemokraterna.se\/uppsala\/files\/2019\/10\/kd-uppsala.png","contentUrl":"https:\/\/wp.kristdemokraterna.se\/uppsala\/files\/2019\/10\/kd-uppsala.png","width":804,"height":421,"caption":"Kristdemokraterna Uppsala"},"image":{"@id":"https:\/\/wp.kristdemokraterna.se\/uppsala\/#\/schema\/logo\/image\/"},"sameAs":["https:\/\/www.facebook.com\/UppsalaKD\/","https:\/\/www.instagram.com\/uppsalakd\/"]},{"@type":"Person","@id":"https:\/\/wp.kristdemokraterna.se\/uppsala\/#\/schema\/person\/9c9d6764688a85f6a5a9bc0aeab97665","name":"Petra Karl\u00e5","image":{"@type":"ImageObject","inLanguage":"sv-SE","@id":"https:\/\/secure.gravatar.com\/avatar\/4a0351df3ec5e473a63caa9ade3c07a69c688dacf0d1055a81464c4244cd8431?s=96&r=g","url":"https:\/\/secure.gravatar.com\/avatar\/4a0351df3ec5e473a63caa9ade3c07a69c688dacf0d1055a81464c4244cd8431?s=96&r=g","contentUrl":"https:\/\/secure.gravatar.com\/avatar\/4a0351df3ec5e473a63caa9ade3c07a69c688dacf0d1055a81464c4244cd8431?s=96&r=g","caption":"Petra Karl\u00e5"},"url":"https:\/\/wp.kristdemokraterna.se\/uppsala\/author\/petrakarla\/"}]}},"_links":{"self":[{"href":"https:\/\/wp.kristdemokraterna.se\/uppsala\/wp-json\/wp\/v2\/posts\/1087","targetHints":{"allow":["GET"]}}],"collection":[{"href":"https:\/\/wp.kristdemokraterna.se\/uppsala\/wp-json\/wp\/v2\/posts"}],"about":[{"href":"https:\/\/wp.kristdemokraterna.se\/uppsala\/wp-json\/wp\/v2\/types\/post"}],"author":[{"embeddable":true,"href":"https:\/\/wp.kristdemokraterna.se\/uppsala\/wp-json\/wp\/v2\/users\/570"}],"replies":[{"embeddable":true,"href":"https:\/\/wp.kristdemokraterna.se\/uppsala\/wp-json\/wp\/v2\/comments?post=1087"}],"version-history":[{"count":6,"href":"https:\/\/wp.kristdemokraterna.se\/uppsala\/wp-json\/wp\/v2\/posts\/1087\/revisions"}],"predecessor-version":[{"id":1876,"href":"https:\/\/wp.kristdemokraterna.se\/uppsala\/wp-json\/wp\/v2\/posts\/1087\/revisions\/1876"}],"wp:featuredmedia":[{"embeddable":true,"href":"https:\/\/wp.kristdemokraterna.se\/uppsala\/wp-json\/wp\/v2\/media\/1873"}],"wp:attachment":[{"href":"https:\/\/wp.kristdemokraterna.se\/uppsala\/wp-json\/wp\/v2\/media?parent=1087"}],"wp:term":[{"taxonomy":"category","embeddable":true,"href":"https:\/\/wp.kristdemokraterna.se\/uppsala\/wp-json\/wp\/v2\/categories?post=1087"},{"taxonomy":"post_tag","embeddable":true,"href":"https:\/\/wp.kristdemokraterna.se\/uppsala\/wp-json\/wp\/v2\/tags?post=1087"}],"curies":[{"name":"wp","href":"https:\/\/api.w.org\/{rel}","templated":true}]}}