{"id":1145,"date":"2014-09-11T08:58:49","date_gmt":"2014-09-11T06:58:49","guid":{"rendered":"http:\/\/wp.kristdemokraterna.se\/uppsala\/?p=1145"},"modified":"2024-04-07T18:26:21","modified_gmt":"2024-04-07T16:26:21","slug":"sma-barngrupper-i-uppsalas-forskolor","status":"publish","type":"post","link":"https:\/\/wp.kristdemokraterna.se\/uppsala\/sma-barngrupper-i-uppsalas-forskolor\/","title":{"rendered":"Sm\u00e5 barngrupper i Uppsalas f\u00f6rskolor"},"content":{"rendered":"<p><strong>Ebba Busch Thor och\u00a0Jonas Segersam i UNT idag:<\/strong><br \/>\n<em>&#8221;Av alla Uppsalas barn i \u00e5ldern ett till fem \u00e5r g\u00e5r 81 procent i f\u00f6rskolan. Efterfr\u00e5gan p\u00e5 en f\u00f6rskoleplats \u00e4r stor och alliansen har gjort betydande insatser f\u00f6r att kapa k\u00f6erna och erbjuda en plats till alla familjer som s\u00e5 \u00f6nskar. Men vi n\u00f6jer oss inte med en god tillg\u00e5ng till f\u00f6rskolan \u2013 f\u00f6rskolan ska \u00e4ven h\u00e5lla en h\u00f6g kvalitet. Kristdemokraterna \u00e4r beredda att satsa f\u00f6r att storleken p\u00e5 barngrupperna ska bli mindre, s\u00e4rskilt f\u00f6r de allra minsta barnen.&#8221;<\/em><\/p>\n<p><a href=\"http:\/\/www.unt.se\/asikt\/debatt\/mer-tid-for-barnen-3346779.aspx\">L\u00e4s hela artikeln h\u00e4r<\/a><\/p>\n<p><img loading=\"lazy\" decoding=\"async\" class=\" size-medium wp-image-1136 alignleft\" src=\"http:\/\/wp.kristdemokraterna.se\/uppsala\/files\/2014\/09\/10636188_826891630663587_70206155566626048_n-300x199.jpg\" alt=\"10636188_826891630663587_70206155566626048_n\" width=\"300\" height=\"199\" srcset=\"https:\/\/wp.kristdemokraterna.se\/uppsala\/files\/2014\/09\/10636188_826891630663587_70206155566626048_n-300x199.jpg 300w, https:\/\/wp.kristdemokraterna.se\/uppsala\/files\/2014\/09\/10636188_826891630663587_70206155566626048_n-540x359.jpg 540w, https:\/\/wp.kristdemokraterna.se\/uppsala\/files\/2014\/09\/10636188_826891630663587_70206155566626048_n.jpg 960w\" sizes=\"auto, (max-width: 300px) 100vw, 300px\" \/><\/p>\n","protected":false},"excerpt":{"rendered":"<p>Ebba Busch Thor och\u00a0Jonas Segersam i UNT idag: &#8221;Av alla Uppsalas barn i \u00e5ldern ett till fem \u00e5r g\u00e5r 81 procent i f\u00f6rskolan. Efterfr\u00e5gan p\u00e5 en f\u00f6rskoleplats \u00e4r stor och alliansen har gjort betydande insatser f\u00f6r att kapa k\u00f6erna och erbjuda en plats till alla familjer som s\u00e5 \u00f6nskar. Men vi n\u00f6jer oss inte med <a class=\"read-more-link\" href=\"https:\/\/wp.kristdemokraterna.se\/uppsala\/sma-barngrupper-i-uppsalas-forskolor\/\">Read More<\/a><\/p>\n","protected":false},"author":577,"featured_media":1047,"comment_status":"closed","ping_status":"closed","sticky":false,"template":"","format":"standard","meta":{"_acf_changed":false,"footnotes":""},"categories":[241],"tags":[13,86,22,57,38],"class_list":["post-1145","post","type-post","status-publish","format-standard","hentry","category-familj-och-skola","tag-ebba-busch-thor","tag-forskola","tag-jonas-segersam","tag-kristdemokraterna","tag-uppsala"],"acf":[],"yoast_head":"<!-- This site is optimized with the Yoast SEO plugin v27.4 - https:\/\/yoast.com\/product\/yoast-seo-wordpress\/ -->\n<title>Sm\u00e5 barngrupper i Uppsalas f\u00f6rskolor | Kristdemokraterna | Uppsala<\/title>\n<meta name=\"robots\" content=\"index, follow, max-snippet:-1, max-image-preview:large, max-video-preview:-1\" \/>\n<link rel=\"canonical\" href=\"https:\/\/wp.kristdemokraterna.se\/uppsala\/sma-barngrupper-i-uppsalas-forskolor\/\" \/>\n<meta property=\"og:locale\" content=\"sv_SE\" \/>\n<meta property=\"og:type\" content=\"article\" \/>\n<meta property=\"og:title\" content=\"Sm\u00e5 barngrupper i Uppsalas f\u00f6rskolor | Kristdemokraterna | Uppsala\" \/>\n<meta property=\"og:description\" content=\"Ebba Busch Thor och\u00a0Jonas Segersam i UNT idag: &#8221;Av alla Uppsalas barn i \u00e5ldern ett till fem \u00e5r g\u00e5r 81 procent i f\u00f6rskolan. Efterfr\u00e5gan p\u00e5 en f\u00f6rskoleplats \u00e4r stor och alliansen har gjort betydande insatser f\u00f6r att kapa k\u00f6erna och erbjuda en plats till alla familjer som s\u00e5 \u00f6nskar. Men vi n\u00f6jer oss inte med Read More\" \/>\n<meta property=\"og:url\" content=\"https:\/\/wp.kristdemokraterna.se\/uppsala\/sma-barngrupper-i-uppsalas-forskolor\/\" \/>\n<meta property=\"og:site_name\" content=\"Kristdemokraterna | Uppsala\" \/>\n<meta property=\"article:publisher\" content=\"https:\/\/www.facebook.com\/UppsalaKD\/\" \/>\n<meta property=\"article:published_time\" content=\"2014-09-11T06:58:49+00:00\" \/>\n<meta property=\"article:modified_time\" content=\"2024-04-07T16:26:21+00:00\" \/>\n<meta property=\"og:image\" content=\"http:\/\/wp.kristdemokraterna.se\/uppsala\/files\/2014\/08\/ebbabuschthor.jpg\" \/>\n\t<meta property=\"og:image:width\" content=\"478\" \/>\n\t<meta property=\"og:image:height\" content=\"262\" \/>\n\t<meta property=\"og:image:type\" content=\"image\/jpeg\" \/>\n<meta name=\"author\" content=\"Sarah Lundgren\" \/>\n<meta name=\"twitter:card\" content=\"summary_large_image\" \/>\n<meta name=\"twitter:label1\" content=\"Skriven av\" \/>\n\t<meta name=\"twitter:data1\" content=\"Sarah Lundgren\" \/>\n\t<meta name=\"twitter:label2\" content=\"Ber\u00e4knad l\u00e4stid\" \/>\n\t<meta name=\"twitter:data2\" content=\"1 minut\" \/>\n<script type=\"application\/ld+json\" class=\"yoast-schema-graph\">{\"@context\":\"https:\\\/\\\/schema.org\",\"@graph\":[{\"@type\":\"Article\",\"@id\":\"https:\\\/\\\/wp.kristdemokraterna.se\\\/uppsala\\\/sma-barngrupper-i-uppsalas-forskolor\\\/#article\",\"isPartOf\":{\"@id\":\"https:\\\/\\\/wp.kristdemokraterna.se\\\/uppsala\\\/sma-barngrupper-i-uppsalas-forskolor\\\/\"},\"author\":{\"name\":\"Sarah Lundgren\",\"@id\":\"https:\\\/\\\/wp.kristdemokraterna.se\\\/uppsala\\\/#\\\/schema\\\/person\\\/9fb7cb3a968dd0f56af2d7d2bd47c955\"},\"headline\":\"Sm\u00e5 barngrupper i Uppsalas f\u00f6rskolor\",\"datePublished\":\"2014-09-11T06:58:49+00:00\",\"dateModified\":\"2024-04-07T16:26:21+00:00\",\"mainEntityOfPage\":{\"@id\":\"https:\\\/\\\/wp.kristdemokraterna.se\\\/uppsala\\\/sma-barngrupper-i-uppsalas-forskolor\\\/\"},\"wordCount\":113,\"publisher\":{\"@id\":\"https:\\\/\\\/wp.kristdemokraterna.se\\\/uppsala\\\/#organization\"},\"image\":{\"@id\":\"https:\\\/\\\/wp.kristdemokraterna.se\\\/uppsala\\\/sma-barngrupper-i-uppsalas-forskolor\\\/#primaryimage\"},\"thumbnailUrl\":\"https:\\\/\\\/wp.kristdemokraterna.se\\\/uppsala\\\/files\\\/2014\\\/08\\\/ebbabuschthor.jpg\",\"keywords\":[\"Ebba Busch Thor\",\"f\u00f6rskola\",\"Jonas Segersam\",\"Kristdemokraterna\",\"Uppsala\"],\"articleSection\":[\"Familj &amp; skola\"],\"inLanguage\":\"sv-SE\"},{\"@type\":\"WebPage\",\"@id\":\"https:\\\/\\\/wp.kristdemokraterna.se\\\/uppsala\\\/sma-barngrupper-i-uppsalas-forskolor\\\/\",\"url\":\"https:\\\/\\\/wp.kristdemokraterna.se\\\/uppsala\\\/sma-barngrupper-i-uppsalas-forskolor\\\/\",\"name\":\"Sm\u00e5 barngrupper i Uppsalas f\u00f6rskolor | Kristdemokraterna | Uppsala\",\"isPartOf\":{\"@id\":\"https:\\\/\\\/wp.kristdemokraterna.se\\\/uppsala\\\/#website\"},\"primaryImageOfPage\":{\"@id\":\"https:\\\/\\\/wp.kristdemokraterna.se\\\/uppsala\\\/sma-barngrupper-i-uppsalas-forskolor\\\/#primaryimage\"},\"image\":{\"@id\":\"https:\\\/\\\/wp.kristdemokraterna.se\\\/uppsala\\\/sma-barngrupper-i-uppsalas-forskolor\\\/#primaryimage\"},\"thumbnailUrl\":\"https:\\\/\\\/wp.kristdemokraterna.se\\\/uppsala\\\/files\\\/2014\\\/08\\\/ebbabuschthor.jpg\",\"datePublished\":\"2014-09-11T06:58:49+00:00\",\"dateModified\":\"2024-04-07T16:26:21+00:00\",\"breadcrumb\":{\"@id\":\"https:\\\/\\\/wp.kristdemokraterna.se\\\/uppsala\\\/sma-barngrupper-i-uppsalas-forskolor\\\/#breadcrumb\"},\"inLanguage\":\"sv-SE\",\"potentialAction\":[{\"@type\":\"ReadAction\",\"target\":[\"https:\\\/\\\/wp.kristdemokraterna.se\\\/uppsala\\\/sma-barngrupper-i-uppsalas-forskolor\\\/\"]}]},{\"@type\":\"ImageObject\",\"inLanguage\":\"sv-SE\",\"@id\":\"https:\\\/\\\/wp.kristdemokraterna.se\\\/uppsala\\\/sma-barngrupper-i-uppsalas-forskolor\\\/#primaryimage\",\"url\":\"https:\\\/\\\/wp.kristdemokraterna.se\\\/uppsala\\\/files\\\/2014\\\/08\\\/ebbabuschthor.jpg\",\"contentUrl\":\"https:\\\/\\\/wp.kristdemokraterna.se\\\/uppsala\\\/files\\\/2014\\\/08\\\/ebbabuschthor.jpg\",\"width\":478,\"height\":262,\"caption\":\"Foto: Truls Busch Christensen\"},{\"@type\":\"BreadcrumbList\",\"@id\":\"https:\\\/\\\/wp.kristdemokraterna.se\\\/uppsala\\\/sma-barngrupper-i-uppsalas-forskolor\\\/#breadcrumb\",\"itemListElement\":[{\"@type\":\"ListItem\",\"position\":1,\"name\":\"Hem\",\"item\":\"https:\\\/\\\/wp.kristdemokraterna.se\\\/uppsala\\\/\"},{\"@type\":\"ListItem\",\"position\":2,\"name\":\"Sm\u00e5 barngrupper i Uppsalas f\u00f6rskolor\"}]},{\"@type\":\"WebSite\",\"@id\":\"https:\\\/\\\/wp.kristdemokraterna.se\\\/uppsala\\\/#website\",\"url\":\"https:\\\/\\\/wp.kristdemokraterna.se\\\/uppsala\\\/\",\"name\":\"Kristdemokraterna Uppsala\",\"description\":\"Tryggare Uppsala\",\"publisher\":{\"@id\":\"https:\\\/\\\/wp.kristdemokraterna.se\\\/uppsala\\\/#organization\"},\"inLanguage\":\"sv-SE\"},{\"@type\":\"Organization\",\"@id\":\"https:\\\/\\\/wp.kristdemokraterna.se\\\/uppsala\\\/#organization\",\"name\":\"Kristdemokraterna Uppsala\",\"url\":\"https:\\\/\\\/wp.kristdemokraterna.se\\\/uppsala\\\/\",\"logo\":{\"@type\":\"ImageObject\",\"inLanguage\":\"sv-SE\",\"@id\":\"https:\\\/\\\/wp.kristdemokraterna.se\\\/uppsala\\\/#\\\/schema\\\/logo\\\/image\\\/\",\"url\":\"https:\\\/\\\/wp.kristdemokraterna.se\\\/uppsala\\\/files\\\/2019\\\/10\\\/kd-uppsala.png\",\"contentUrl\":\"https:\\\/\\\/wp.kristdemokraterna.se\\\/uppsala\\\/files\\\/2019\\\/10\\\/kd-uppsala.png\",\"width\":804,\"height\":421,\"caption\":\"Kristdemokraterna Uppsala\"},\"image\":{\"@id\":\"https:\\\/\\\/wp.kristdemokraterna.se\\\/uppsala\\\/#\\\/schema\\\/logo\\\/image\\\/\"},\"sameAs\":[\"https:\\\/\\\/www.facebook.com\\\/UppsalaKD\\\/\",\"https:\\\/\\\/www.instagram.com\\\/uppsalakd\\\/\"]},{\"@type\":\"Person\",\"@id\":\"https:\\\/\\\/wp.kristdemokraterna.se\\\/uppsala\\\/#\\\/schema\\\/person\\\/9fb7cb3a968dd0f56af2d7d2bd47c955\",\"name\":\"Sarah Lundgren\",\"image\":{\"@type\":\"ImageObject\",\"inLanguage\":\"sv-SE\",\"@id\":\"https:\\\/\\\/secure.gravatar.com\\\/avatar\\\/3bab99a03528e82864883f67c0769f2775c188abb08d41ca5492a94f683be7bb?s=96&r=g\",\"url\":\"https:\\\/\\\/secure.gravatar.com\\\/avatar\\\/3bab99a03528e82864883f67c0769f2775c188abb08d41ca5492a94f683be7bb?s=96&r=g\",\"contentUrl\":\"https:\\\/\\\/secure.gravatar.com\\\/avatar\\\/3bab99a03528e82864883f67c0769f2775c188abb08d41ca5492a94f683be7bb?s=96&r=g\",\"caption\":\"Sarah Lundgren\"},\"url\":\"https:\\\/\\\/wp.kristdemokraterna.se\\\/uppsala\\\/author\\\/sarahlundgren\\\/\"}]}<\/script>\n<!-- \/ Yoast SEO plugin. -->","yoast_head_json":{"title":"Sm\u00e5 barngrupper i Uppsalas f\u00f6rskolor | Kristdemokraterna | Uppsala","robots":{"index":"index","follow":"follow","max-snippet":"max-snippet:-1","max-image-preview":"max-image-preview:large","max-video-preview":"max-video-preview:-1"},"canonical":"https:\/\/wp.kristdemokraterna.se\/uppsala\/sma-barngrupper-i-uppsalas-forskolor\/","og_locale":"sv_SE","og_type":"article","og_title":"Sm\u00e5 barngrupper i Uppsalas f\u00f6rskolor | Kristdemokraterna | Uppsala","og_description":"Ebba Busch Thor och\u00a0Jonas Segersam i UNT idag: &#8221;Av alla Uppsalas barn i \u00e5ldern ett till fem \u00e5r g\u00e5r 81 procent i f\u00f6rskolan. Efterfr\u00e5gan p\u00e5 en f\u00f6rskoleplats \u00e4r stor och alliansen har gjort betydande insatser f\u00f6r att kapa k\u00f6erna och erbjuda en plats till alla familjer som s\u00e5 \u00f6nskar. Men vi n\u00f6jer oss inte med Read More","og_url":"https:\/\/wp.kristdemokraterna.se\/uppsala\/sma-barngrupper-i-uppsalas-forskolor\/","og_site_name":"Kristdemokraterna | Uppsala","article_publisher":"https:\/\/www.facebook.com\/UppsalaKD\/","article_published_time":"2014-09-11T06:58:49+00:00","article_modified_time":"2024-04-07T16:26:21+00:00","og_image":[{"width":478,"height":262,"url":"http:\/\/wp.kristdemokraterna.se\/uppsala\/files\/2014\/08\/ebbabuschthor.jpg","type":"image\/jpeg"}],"author":"Sarah Lundgren","twitter_card":"summary_large_image","twitter_misc":{"Skriven av":"Sarah Lundgren","Ber\u00e4knad l\u00e4stid":"1 minut"},"schema":{"@context":"https:\/\/schema.org","@graph":[{"@type":"Article","@id":"https:\/\/wp.kristdemokraterna.se\/uppsala\/sma-barngrupper-i-uppsalas-forskolor\/#article","isPartOf":{"@id":"https:\/\/wp.kristdemokraterna.se\/uppsala\/sma-barngrupper-i-uppsalas-forskolor\/"},"author":{"name":"Sarah Lundgren","@id":"https:\/\/wp.kristdemokraterna.se\/uppsala\/#\/schema\/person\/9fb7cb3a968dd0f56af2d7d2bd47c955"},"headline":"Sm\u00e5 barngrupper i Uppsalas f\u00f6rskolor","datePublished":"2014-09-11T06:58:49+00:00","dateModified":"2024-04-07T16:26:21+00:00","mainEntityOfPage":{"@id":"https:\/\/wp.kristdemokraterna.se\/uppsala\/sma-barngrupper-i-uppsalas-forskolor\/"},"wordCount":113,"publisher":{"@id":"https:\/\/wp.kristdemokraterna.se\/uppsala\/#organization"},"image":{"@id":"https:\/\/wp.kristdemokraterna.se\/uppsala\/sma-barngrupper-i-uppsalas-forskolor\/#primaryimage"},"thumbnailUrl":"https:\/\/wp.kristdemokraterna.se\/uppsala\/files\/2014\/08\/ebbabuschthor.jpg","keywords":["Ebba Busch Thor","f\u00f6rskola","Jonas Segersam","Kristdemokraterna","Uppsala"],"articleSection":["Familj &amp; skola"],"inLanguage":"sv-SE"},{"@type":"WebPage","@id":"https:\/\/wp.kristdemokraterna.se\/uppsala\/sma-barngrupper-i-uppsalas-forskolor\/","url":"https:\/\/wp.kristdemokraterna.se\/uppsala\/sma-barngrupper-i-uppsalas-forskolor\/","name":"Sm\u00e5 barngrupper i Uppsalas f\u00f6rskolor | Kristdemokraterna | Uppsala","isPartOf":{"@id":"https:\/\/wp.kristdemokraterna.se\/uppsala\/#website"},"primaryImageOfPage":{"@id":"https:\/\/wp.kristdemokraterna.se\/uppsala\/sma-barngrupper-i-uppsalas-forskolor\/#primaryimage"},"image":{"@id":"https:\/\/wp.kristdemokraterna.se\/uppsala\/sma-barngrupper-i-uppsalas-forskolor\/#primaryimage"},"thumbnailUrl":"https:\/\/wp.kristdemokraterna.se\/uppsala\/files\/2014\/08\/ebbabuschthor.jpg","datePublished":"2014-09-11T06:58:49+00:00","dateModified":"2024-04-07T16:26:21+00:00","breadcrumb":{"@id":"https:\/\/wp.kristdemokraterna.se\/uppsala\/sma-barngrupper-i-uppsalas-forskolor\/#breadcrumb"},"inLanguage":"sv-SE","potentialAction":[{"@type":"ReadAction","target":["https:\/\/wp.kristdemokraterna.se\/uppsala\/sma-barngrupper-i-uppsalas-forskolor\/"]}]},{"@type":"ImageObject","inLanguage":"sv-SE","@id":"https:\/\/wp.kristdemokraterna.se\/uppsala\/sma-barngrupper-i-uppsalas-forskolor\/#primaryimage","url":"https:\/\/wp.kristdemokraterna.se\/uppsala\/files\/2014\/08\/ebbabuschthor.jpg","contentUrl":"https:\/\/wp.kristdemokraterna.se\/uppsala\/files\/2014\/08\/ebbabuschthor.jpg","width":478,"height":262,"caption":"Foto: Truls Busch Christensen"},{"@type":"BreadcrumbList","@id":"https:\/\/wp.kristdemokraterna.se\/uppsala\/sma-barngrupper-i-uppsalas-forskolor\/#breadcrumb","itemListElement":[{"@type":"ListItem","position":1,"name":"Hem","item":"https:\/\/wp.kristdemokraterna.se\/uppsala\/"},{"@type":"ListItem","position":2,"name":"Sm\u00e5 barngrupper i Uppsalas f\u00f6rskolor"}]},{"@type":"WebSite","@id":"https:\/\/wp.kristdemokraterna.se\/uppsala\/#website","url":"https:\/\/wp.kristdemokraterna.se\/uppsala\/","name":"Kristdemokraterna Uppsala","description":"Tryggare Uppsala","publisher":{"@id":"https:\/\/wp.kristdemokraterna.se\/uppsala\/#organization"},"inLanguage":"sv-SE"},{"@type":"Organization","@id":"https:\/\/wp.kristdemokraterna.se\/uppsala\/#organization","name":"Kristdemokraterna Uppsala","url":"https:\/\/wp.kristdemokraterna.se\/uppsala\/","logo":{"@type":"ImageObject","inLanguage":"sv-SE","@id":"https:\/\/wp.kristdemokraterna.se\/uppsala\/#\/schema\/logo\/image\/","url":"https:\/\/wp.kristdemokraterna.se\/uppsala\/files\/2019\/10\/kd-uppsala.png","contentUrl":"https:\/\/wp.kristdemokraterna.se\/uppsala\/files\/2019\/10\/kd-uppsala.png","width":804,"height":421,"caption":"Kristdemokraterna Uppsala"},"image":{"@id":"https:\/\/wp.kristdemokraterna.se\/uppsala\/#\/schema\/logo\/image\/"},"sameAs":["https:\/\/www.facebook.com\/UppsalaKD\/","https:\/\/www.instagram.com\/uppsalakd\/"]},{"@type":"Person","@id":"https:\/\/wp.kristdemokraterna.se\/uppsala\/#\/schema\/person\/9fb7cb3a968dd0f56af2d7d2bd47c955","name":"Sarah Lundgren","image":{"@type":"ImageObject","inLanguage":"sv-SE","@id":"https:\/\/secure.gravatar.com\/avatar\/3bab99a03528e82864883f67c0769f2775c188abb08d41ca5492a94f683be7bb?s=96&r=g","url":"https:\/\/secure.gravatar.com\/avatar\/3bab99a03528e82864883f67c0769f2775c188abb08d41ca5492a94f683be7bb?s=96&r=g","contentUrl":"https:\/\/secure.gravatar.com\/avatar\/3bab99a03528e82864883f67c0769f2775c188abb08d41ca5492a94f683be7bb?s=96&r=g","caption":"Sarah Lundgren"},"url":"https:\/\/wp.kristdemokraterna.se\/uppsala\/author\/sarahlundgren\/"}]}},"_links":{"self":[{"href":"https:\/\/wp.kristdemokraterna.se\/uppsala\/wp-json\/wp\/v2\/posts\/1145","targetHints":{"allow":["GET"]}}],"collection":[{"href":"https:\/\/wp.kristdemokraterna.se\/uppsala\/wp-json\/wp\/v2\/posts"}],"about":[{"href":"https:\/\/wp.kristdemokraterna.se\/uppsala\/wp-json\/wp\/v2\/types\/post"}],"author":[{"embeddable":true,"href":"https:\/\/wp.kristdemokraterna.se\/uppsala\/wp-json\/wp\/v2\/users\/577"}],"replies":[{"embeddable":true,"href":"https:\/\/wp.kristdemokraterna.se\/uppsala\/wp-json\/wp\/v2\/comments?post=1145"}],"version-history":[{"count":8,"href":"https:\/\/wp.kristdemokraterna.se\/uppsala\/wp-json\/wp\/v2\/posts\/1145\/revisions"}],"predecessor-version":[{"id":1498,"href":"https:\/\/wp.kristdemokraterna.se\/uppsala\/wp-json\/wp\/v2\/posts\/1145\/revisions\/1498"}],"wp:featuredmedia":[{"embeddable":true,"href":"https:\/\/wp.kristdemokraterna.se\/uppsala\/wp-json\/wp\/v2\/media\/1047"}],"wp:attachment":[{"href":"https:\/\/wp.kristdemokraterna.se\/uppsala\/wp-json\/wp\/v2\/media?parent=1145"}],"wp:term":[{"taxonomy":"category","embeddable":true,"href":"https:\/\/wp.kristdemokraterna.se\/uppsala\/wp-json\/wp\/v2\/categories?post=1145"},{"taxonomy":"post_tag","embeddable":true,"href":"https:\/\/wp.kristdemokraterna.se\/uppsala\/wp-json\/wp\/v2\/tags?post=1145"}],"curies":[{"name":"wp","href":"https:\/\/api.w.org\/{rel}","templated":true}]}}