{"id":1192,"date":"2014-09-12T11:38:55","date_gmt":"2014-09-12T09:38:55","guid":{"rendered":"http:\/\/wp.kristdemokraterna.se\/uppsala\/?p=1192"},"modified":"2024-04-04T01:16:57","modified_gmt":"2024-04-03T23:16:57","slug":"munhalsan-viktig-for-totalhalsan","status":"publish","type":"post","link":"https:\/\/wp.kristdemokraterna.se\/uppsala\/munhalsan-viktig-for-totalhalsan\/","title":{"rendered":"Munh\u00e4lsan viktig f\u00f6r totalh\u00e4lsan"},"content":{"rendered":"<p><a href=\"http:\/\/www.arbetarbladet.se\/opinion\/debatt\/munhalsan-ar-viktig-for-totalhalsan\">Artikel i Arbetarbladet 12\/9<\/a><\/p>\n<p><strong>L\u00f6rdag 13 september uppm\u00e4rksammas Nationella Munh\u00e4lsodagen runtom i Sverige. Det finns all anledning att lyfta fr\u00e5gan eftersom munh\u00e4lsan \u00e4r otroligt viktig f\u00f6r v\u00e5r h\u00e4lsa i stort. Forskningen visar n\u00e4mligen att det finns starka samband mellan d\u00e5lig munhygien och allvarliga sjukdomar, skriver Anna-Karin Klomp och Marianne Nygren (KD). <\/strong><\/p>\n<div class=\"column large-two-thirds medium-two-thirds article-content\">\n<section class=\"body\">En d\u00e5ligt borstad mun \u00f6kar risken f\u00f6r att bakterier stannar kvar och orsakar sjukdomar. F\u00f6rutom h\u00e5l i t\u00e4nderna och tandlossning kan bakterier i munh\u00e5lan leda till lunginflammation, cancer, hj\u00e4rtinfarkt och stroke. En grupp som drabbas extra h\u00e5rt av d\u00e5lig tandh\u00e4lsa \u00e4r \u00e4ldre personer. \u00c4ldre som bor hemma och medicineras f\u00f6r olika sjukdomar ligger speciellt i riskzonen. \u00c4ldre med ett d\u00e5ligt allm\u00e4ntillst\u00e5nd riskerar att andas in elaka bakterier i lungorna eller f\u00e5 infektioner i munnen, som g\u00f6r det sv\u00e5rt att \u00e4ta och det leder i sin tur till undern\u00e4ring.I vintras startade Folktandv\u00e5rden i Uppsala l\u00e4n ett Kunskapscentrum f\u00f6r \u00e4ldretandv\u00e5rd. Tanken \u00e4r att samla och sprida kunskap om \u00e4ldres t\u00e4nder och munh\u00e4lsa. Man vill hitta s\u00e4tt att n\u00e5 de \u00e4ldre som fortfarande bor hemma, men som inte riktigt orkar sk\u00f6ta sina t\u00e4nder.<strong>Det har visat sig att det \u00e4r vanligt att \u00e4ldre som bor hemma slutar g\u00e5 till tandv\u00e5rden. Om den \u00e4ldre sedan flyttar till ett v\u00e5rdboende, har tandproblemen vid det laget ofta hunnit bli stora. Inom ramen f\u00f6r Folktandv\u00e5rdens satsning ser man d\u00e4rf\u00f6r \u00f6ver arbetss\u00e4tten f\u00f6r munv\u00e5rd p\u00e5 \u00e4ldreboenden. Det \u00e4r gl\u00e4djande att ett \u00e4ldreboende i Tierp \u00e4r som modell i arbetet.<\/strong><\/section>\n<section class=\"body\">F\u00f6r att f\u00f6rebygga oh\u00e4lsa hos \u00e4ldre beh\u00f6ver vi se till att satsa p\u00e5 den f\u00f6rebyggande tandv\u00e5rden. Uppr\u00e4tth\u00e5ller vi en god tandh\u00e4lsa hon l\u00e4nets \u00e4ldre minimeras ocks\u00e5 riskerna f\u00f6r f\u00f6ljdsjukdomar och on\u00f6digt lidande.<strong>En del i det arbetet \u00e4r att \u00f6ka kunskapen om det tandv\u00e5rdsst\u00f6d som finns idag. Unga (20-29 \u00e5r) och \u00e4ldre (75+) f\u00e5r idag 300 kronor om \u00e5ret i allm\u00e4nt tandv\u00e5rdsbidrag. Uppsala l\u00e4n har idag landets l\u00e4gsta tandv\u00e5rdstaxor och s\u00e5 vill vi forts\u00e4tta ha det. Ingen ska beh\u00f6va avst\u00e5 fr\u00e5n att g\u00e5 till tandl\u00e4karen p\u00e5 grund av r\u00e4dsla f\u00f6r storleken p\u00e5 r\u00e4kningen.<\/strong>Att \u00e4ldres mun- och tandh\u00e4lsa beh\u00f6ver uppm\u00e4rksammas \u00e4r tydligt, eftersom det p\u00e5verkar \u00e4ldres livskvalitet. Men en god tandh\u00e4lsa p\u00e5 \u00e5lderns h\u00f6st grundas redan i unga \u00e5r. D\u00e4rf\u00f6r beh\u00f6ver kunskapen om hur de egna levnadsf\u00f6rh\u00e5llandena p\u00e5verkar tandh\u00e4lsan f\u00f6rmedlas redan fr\u00e5n f\u00f6rskole\u00e5ldern.<\/p>\n<p><b>Anna-Karin Klomp (KD), <\/b>landstingsr\u00e5d<b> <\/b><\/p>\n<p><b>Marianne Nygren (KD), <\/b>\u00c4lvkarleby, kandidat till kommun- och landstingsfullm\u00e4ktige<\/p>\n<\/section>\n<\/div>\n","protected":false},"excerpt":{"rendered":"<p>Artikel i Arbetarbladet 12\/9 L\u00f6rdag 13 september uppm\u00e4rksammas Nationella Munh\u00e4lsodagen runtom i Sverige. Det finns all anledning att lyfta fr\u00e5gan eftersom munh\u00e4lsan \u00e4r otroligt viktig f\u00f6r v\u00e5r h\u00e4lsa i stort. Forskningen visar n\u00e4mligen att det finns starka samband mellan d\u00e5lig munhygien och allvarliga sjukdomar, skriver Anna-Karin Klomp och Marianne Nygren (KD). En d\u00e5ligt borstad mun <a class=\"read-more-link\" href=\"https:\/\/wp.kristdemokraterna.se\/uppsala\/munhalsan-viktig-for-totalhalsan\/\">Read More<\/a><\/p>\n","protected":false},"author":570,"featured_media":1871,"comment_status":"closed","ping_status":"closed","sticky":false,"template":"","format":"standard","meta":{"_acf_changed":false,"footnotes":""},"categories":[236],"tags":[7,90,52,87,89],"class_list":["post-1192","post","type-post","status-publish","format-standard","hentry","category-vard-o-omsorg","tag-annakarinklomp","tag-folktandvarden","tag-landstinget-i-uppsala-lan","tag-marianne-nygren","tag-munhalsa"],"acf":[],"yoast_head":"<!-- This site is optimized with the Yoast SEO plugin v27.4 - https:\/\/yoast.com\/product\/yoast-seo-wordpress\/ -->\n<title>Munh\u00e4lsan viktig f\u00f6r totalh\u00e4lsan | Kristdemokraterna | Uppsala<\/title>\n<meta name=\"robots\" content=\"index, follow, max-snippet:-1, max-image-preview:large, max-video-preview:-1\" \/>\n<link rel=\"canonical\" href=\"https:\/\/wp.kristdemokraterna.se\/uppsala\/munhalsan-viktig-for-totalhalsan\/\" \/>\n<meta property=\"og:locale\" content=\"sv_SE\" \/>\n<meta property=\"og:type\" content=\"article\" \/>\n<meta property=\"og:title\" content=\"Munh\u00e4lsan viktig f\u00f6r totalh\u00e4lsan | Kristdemokraterna | Uppsala\" \/>\n<meta property=\"og:description\" content=\"Artikel i Arbetarbladet 12\/9 L\u00f6rdag 13 september uppm\u00e4rksammas Nationella Munh\u00e4lsodagen runtom i Sverige. Det finns all anledning att lyfta fr\u00e5gan eftersom munh\u00e4lsan \u00e4r otroligt viktig f\u00f6r v\u00e5r h\u00e4lsa i stort. Forskningen visar n\u00e4mligen att det finns starka samband mellan d\u00e5lig munhygien och allvarliga sjukdomar, skriver Anna-Karin Klomp och Marianne Nygren (KD). En d\u00e5ligt borstad mun Read More\" \/>\n<meta property=\"og:url\" content=\"https:\/\/wp.kristdemokraterna.se\/uppsala\/munhalsan-viktig-for-totalhalsan\/\" \/>\n<meta property=\"og:site_name\" content=\"Kristdemokraterna | Uppsala\" \/>\n<meta property=\"article:publisher\" content=\"https:\/\/www.facebook.com\/UppsalaKD\/\" \/>\n<meta property=\"article:published_time\" content=\"2014-09-12T09:38:55+00:00\" \/>\n<meta property=\"article:modified_time\" content=\"2024-04-03T23:16:57+00:00\" \/>\n<meta property=\"og:image\" content=\"http:\/\/wp.kristdemokraterna.se\/uppsala\/files\/2014\/09\/dentist-428646_1920.jpg\" \/>\n\t<meta property=\"og:image:width\" content=\"1920\" \/>\n\t<meta property=\"og:image:height\" content=\"1271\" \/>\n\t<meta property=\"og:image:type\" content=\"image\/jpeg\" \/>\n<meta name=\"author\" content=\"Petra Karl\u00e5\" \/>\n<meta name=\"twitter:card\" content=\"summary_large_image\" \/>\n<meta name=\"twitter:label1\" content=\"Skriven av\" \/>\n\t<meta name=\"twitter:data1\" content=\"Petra Karl\u00e5\" \/>\n\t<meta name=\"twitter:label2\" content=\"Ber\u00e4knad l\u00e4stid\" \/>\n\t<meta name=\"twitter:data2\" content=\"2 minuter\" \/>\n<script type=\"application\/ld+json\" class=\"yoast-schema-graph\">{\"@context\":\"https:\\\/\\\/schema.org\",\"@graph\":[{\"@type\":\"Article\",\"@id\":\"https:\\\/\\\/wp.kristdemokraterna.se\\\/uppsala\\\/munhalsan-viktig-for-totalhalsan\\\/#article\",\"isPartOf\":{\"@id\":\"https:\\\/\\\/wp.kristdemokraterna.se\\\/uppsala\\\/munhalsan-viktig-for-totalhalsan\\\/\"},\"author\":{\"name\":\"Petra Karl\u00e5\",\"@id\":\"https:\\\/\\\/wp.kristdemokraterna.se\\\/uppsala\\\/#\\\/schema\\\/person\\\/9c9d6764688a85f6a5a9bc0aeab97665\"},\"headline\":\"Munh\u00e4lsan viktig f\u00f6r totalh\u00e4lsan\",\"datePublished\":\"2014-09-12T09:38:55+00:00\",\"dateModified\":\"2024-04-03T23:16:57+00:00\",\"mainEntityOfPage\":{\"@id\":\"https:\\\/\\\/wp.kristdemokraterna.se\\\/uppsala\\\/munhalsan-viktig-for-totalhalsan\\\/\"},\"wordCount\":485,\"publisher\":{\"@id\":\"https:\\\/\\\/wp.kristdemokraterna.se\\\/uppsala\\\/#organization\"},\"image\":{\"@id\":\"https:\\\/\\\/wp.kristdemokraterna.se\\\/uppsala\\\/munhalsan-viktig-for-totalhalsan\\\/#primaryimage\"},\"thumbnailUrl\":\"https:\\\/\\\/wp.kristdemokraterna.se\\\/uppsala\\\/files\\\/2014\\\/09\\\/dentist-428646_1920.jpg\",\"keywords\":[\"Anna-Karin Klomp\",\"Folktandv\u00e5rden\",\"Landstinget i Uppsala l\u00e4n\",\"Marianne Nygren\",\"Munh\u00e4lsa\"],\"articleSection\":[\"V\u00e5rd &amp; omsorg\"],\"inLanguage\":\"sv-SE\"},{\"@type\":\"WebPage\",\"@id\":\"https:\\\/\\\/wp.kristdemokraterna.se\\\/uppsala\\\/munhalsan-viktig-for-totalhalsan\\\/\",\"url\":\"https:\\\/\\\/wp.kristdemokraterna.se\\\/uppsala\\\/munhalsan-viktig-for-totalhalsan\\\/\",\"name\":\"Munh\u00e4lsan viktig f\u00f6r totalh\u00e4lsan | Kristdemokraterna | Uppsala\",\"isPartOf\":{\"@id\":\"https:\\\/\\\/wp.kristdemokraterna.se\\\/uppsala\\\/#website\"},\"primaryImageOfPage\":{\"@id\":\"https:\\\/\\\/wp.kristdemokraterna.se\\\/uppsala\\\/munhalsan-viktig-for-totalhalsan\\\/#primaryimage\"},\"image\":{\"@id\":\"https:\\\/\\\/wp.kristdemokraterna.se\\\/uppsala\\\/munhalsan-viktig-for-totalhalsan\\\/#primaryimage\"},\"thumbnailUrl\":\"https:\\\/\\\/wp.kristdemokraterna.se\\\/uppsala\\\/files\\\/2014\\\/09\\\/dentist-428646_1920.jpg\",\"datePublished\":\"2014-09-12T09:38:55+00:00\",\"dateModified\":\"2024-04-03T23:16:57+00:00\",\"breadcrumb\":{\"@id\":\"https:\\\/\\\/wp.kristdemokraterna.se\\\/uppsala\\\/munhalsan-viktig-for-totalhalsan\\\/#breadcrumb\"},\"inLanguage\":\"sv-SE\",\"potentialAction\":[{\"@type\":\"ReadAction\",\"target\":[\"https:\\\/\\\/wp.kristdemokraterna.se\\\/uppsala\\\/munhalsan-viktig-for-totalhalsan\\\/\"]}]},{\"@type\":\"ImageObject\",\"inLanguage\":\"sv-SE\",\"@id\":\"https:\\\/\\\/wp.kristdemokraterna.se\\\/uppsala\\\/munhalsan-viktig-for-totalhalsan\\\/#primaryimage\",\"url\":\"https:\\\/\\\/wp.kristdemokraterna.se\\\/uppsala\\\/files\\\/2014\\\/09\\\/dentist-428646_1920.jpg\",\"contentUrl\":\"https:\\\/\\\/wp.kristdemokraterna.se\\\/uppsala\\\/files\\\/2014\\\/09\\\/dentist-428646_1920.jpg\",\"width\":1920,\"height\":1271},{\"@type\":\"BreadcrumbList\",\"@id\":\"https:\\\/\\\/wp.kristdemokraterna.se\\\/uppsala\\\/munhalsan-viktig-for-totalhalsan\\\/#breadcrumb\",\"itemListElement\":[{\"@type\":\"ListItem\",\"position\":1,\"name\":\"Hem\",\"item\":\"https:\\\/\\\/wp.kristdemokraterna.se\\\/uppsala\\\/\"},{\"@type\":\"ListItem\",\"position\":2,\"name\":\"Munh\u00e4lsan viktig f\u00f6r totalh\u00e4lsan\"}]},{\"@type\":\"WebSite\",\"@id\":\"https:\\\/\\\/wp.kristdemokraterna.se\\\/uppsala\\\/#website\",\"url\":\"https:\\\/\\\/wp.kristdemokraterna.se\\\/uppsala\\\/\",\"name\":\"Kristdemokraterna Uppsala\",\"description\":\"Tryggare Uppsala\",\"publisher\":{\"@id\":\"https:\\\/\\\/wp.kristdemokraterna.se\\\/uppsala\\\/#organization\"},\"inLanguage\":\"sv-SE\"},{\"@type\":\"Organization\",\"@id\":\"https:\\\/\\\/wp.kristdemokraterna.se\\\/uppsala\\\/#organization\",\"name\":\"Kristdemokraterna Uppsala\",\"url\":\"https:\\\/\\\/wp.kristdemokraterna.se\\\/uppsala\\\/\",\"logo\":{\"@type\":\"ImageObject\",\"inLanguage\":\"sv-SE\",\"@id\":\"https:\\\/\\\/wp.kristdemokraterna.se\\\/uppsala\\\/#\\\/schema\\\/logo\\\/image\\\/\",\"url\":\"https:\\\/\\\/wp.kristdemokraterna.se\\\/uppsala\\\/files\\\/2019\\\/10\\\/kd-uppsala.png\",\"contentUrl\":\"https:\\\/\\\/wp.kristdemokraterna.se\\\/uppsala\\\/files\\\/2019\\\/10\\\/kd-uppsala.png\",\"width\":804,\"height\":421,\"caption\":\"Kristdemokraterna Uppsala\"},\"image\":{\"@id\":\"https:\\\/\\\/wp.kristdemokraterna.se\\\/uppsala\\\/#\\\/schema\\\/logo\\\/image\\\/\"},\"sameAs\":[\"https:\\\/\\\/www.facebook.com\\\/UppsalaKD\\\/\",\"https:\\\/\\\/www.instagram.com\\\/uppsalakd\\\/\"]},{\"@type\":\"Person\",\"@id\":\"https:\\\/\\\/wp.kristdemokraterna.se\\\/uppsala\\\/#\\\/schema\\\/person\\\/9c9d6764688a85f6a5a9bc0aeab97665\",\"name\":\"Petra Karl\u00e5\",\"image\":{\"@type\":\"ImageObject\",\"inLanguage\":\"sv-SE\",\"@id\":\"https:\\\/\\\/secure.gravatar.com\\\/avatar\\\/4a0351df3ec5e473a63caa9ade3c07a69c688dacf0d1055a81464c4244cd8431?s=96&r=g\",\"url\":\"https:\\\/\\\/secure.gravatar.com\\\/avatar\\\/4a0351df3ec5e473a63caa9ade3c07a69c688dacf0d1055a81464c4244cd8431?s=96&r=g\",\"contentUrl\":\"https:\\\/\\\/secure.gravatar.com\\\/avatar\\\/4a0351df3ec5e473a63caa9ade3c07a69c688dacf0d1055a81464c4244cd8431?s=96&r=g\",\"caption\":\"Petra Karl\u00e5\"},\"url\":\"https:\\\/\\\/wp.kristdemokraterna.se\\\/uppsala\\\/author\\\/petrakarla\\\/\"}]}<\/script>\n<!-- \/ Yoast SEO plugin. -->","yoast_head_json":{"title":"Munh\u00e4lsan viktig f\u00f6r totalh\u00e4lsan | Kristdemokraterna | Uppsala","robots":{"index":"index","follow":"follow","max-snippet":"max-snippet:-1","max-image-preview":"max-image-preview:large","max-video-preview":"max-video-preview:-1"},"canonical":"https:\/\/wp.kristdemokraterna.se\/uppsala\/munhalsan-viktig-for-totalhalsan\/","og_locale":"sv_SE","og_type":"article","og_title":"Munh\u00e4lsan viktig f\u00f6r totalh\u00e4lsan | Kristdemokraterna | Uppsala","og_description":"Artikel i Arbetarbladet 12\/9 L\u00f6rdag 13 september uppm\u00e4rksammas Nationella Munh\u00e4lsodagen runtom i Sverige. Det finns all anledning att lyfta fr\u00e5gan eftersom munh\u00e4lsan \u00e4r otroligt viktig f\u00f6r v\u00e5r h\u00e4lsa i stort. Forskningen visar n\u00e4mligen att det finns starka samband mellan d\u00e5lig munhygien och allvarliga sjukdomar, skriver Anna-Karin Klomp och Marianne Nygren (KD). En d\u00e5ligt borstad mun Read More","og_url":"https:\/\/wp.kristdemokraterna.se\/uppsala\/munhalsan-viktig-for-totalhalsan\/","og_site_name":"Kristdemokraterna | Uppsala","article_publisher":"https:\/\/www.facebook.com\/UppsalaKD\/","article_published_time":"2014-09-12T09:38:55+00:00","article_modified_time":"2024-04-03T23:16:57+00:00","og_image":[{"width":1920,"height":1271,"url":"http:\/\/wp.kristdemokraterna.se\/uppsala\/files\/2014\/09\/dentist-428646_1920.jpg","type":"image\/jpeg"}],"author":"Petra Karl\u00e5","twitter_card":"summary_large_image","twitter_misc":{"Skriven av":"Petra Karl\u00e5","Ber\u00e4knad l\u00e4stid":"2 minuter"},"schema":{"@context":"https:\/\/schema.org","@graph":[{"@type":"Article","@id":"https:\/\/wp.kristdemokraterna.se\/uppsala\/munhalsan-viktig-for-totalhalsan\/#article","isPartOf":{"@id":"https:\/\/wp.kristdemokraterna.se\/uppsala\/munhalsan-viktig-for-totalhalsan\/"},"author":{"name":"Petra Karl\u00e5","@id":"https:\/\/wp.kristdemokraterna.se\/uppsala\/#\/schema\/person\/9c9d6764688a85f6a5a9bc0aeab97665"},"headline":"Munh\u00e4lsan viktig f\u00f6r totalh\u00e4lsan","datePublished":"2014-09-12T09:38:55+00:00","dateModified":"2024-04-03T23:16:57+00:00","mainEntityOfPage":{"@id":"https:\/\/wp.kristdemokraterna.se\/uppsala\/munhalsan-viktig-for-totalhalsan\/"},"wordCount":485,"publisher":{"@id":"https:\/\/wp.kristdemokraterna.se\/uppsala\/#organization"},"image":{"@id":"https:\/\/wp.kristdemokraterna.se\/uppsala\/munhalsan-viktig-for-totalhalsan\/#primaryimage"},"thumbnailUrl":"https:\/\/wp.kristdemokraterna.se\/uppsala\/files\/2014\/09\/dentist-428646_1920.jpg","keywords":["Anna-Karin Klomp","Folktandv\u00e5rden","Landstinget i Uppsala l\u00e4n","Marianne Nygren","Munh\u00e4lsa"],"articleSection":["V\u00e5rd &amp; omsorg"],"inLanguage":"sv-SE"},{"@type":"WebPage","@id":"https:\/\/wp.kristdemokraterna.se\/uppsala\/munhalsan-viktig-for-totalhalsan\/","url":"https:\/\/wp.kristdemokraterna.se\/uppsala\/munhalsan-viktig-for-totalhalsan\/","name":"Munh\u00e4lsan viktig f\u00f6r totalh\u00e4lsan | Kristdemokraterna | Uppsala","isPartOf":{"@id":"https:\/\/wp.kristdemokraterna.se\/uppsala\/#website"},"primaryImageOfPage":{"@id":"https:\/\/wp.kristdemokraterna.se\/uppsala\/munhalsan-viktig-for-totalhalsan\/#primaryimage"},"image":{"@id":"https:\/\/wp.kristdemokraterna.se\/uppsala\/munhalsan-viktig-for-totalhalsan\/#primaryimage"},"thumbnailUrl":"https:\/\/wp.kristdemokraterna.se\/uppsala\/files\/2014\/09\/dentist-428646_1920.jpg","datePublished":"2014-09-12T09:38:55+00:00","dateModified":"2024-04-03T23:16:57+00:00","breadcrumb":{"@id":"https:\/\/wp.kristdemokraterna.se\/uppsala\/munhalsan-viktig-for-totalhalsan\/#breadcrumb"},"inLanguage":"sv-SE","potentialAction":[{"@type":"ReadAction","target":["https:\/\/wp.kristdemokraterna.se\/uppsala\/munhalsan-viktig-for-totalhalsan\/"]}]},{"@type":"ImageObject","inLanguage":"sv-SE","@id":"https:\/\/wp.kristdemokraterna.se\/uppsala\/munhalsan-viktig-for-totalhalsan\/#primaryimage","url":"https:\/\/wp.kristdemokraterna.se\/uppsala\/files\/2014\/09\/dentist-428646_1920.jpg","contentUrl":"https:\/\/wp.kristdemokraterna.se\/uppsala\/files\/2014\/09\/dentist-428646_1920.jpg","width":1920,"height":1271},{"@type":"BreadcrumbList","@id":"https:\/\/wp.kristdemokraterna.se\/uppsala\/munhalsan-viktig-for-totalhalsan\/#breadcrumb","itemListElement":[{"@type":"ListItem","position":1,"name":"Hem","item":"https:\/\/wp.kristdemokraterna.se\/uppsala\/"},{"@type":"ListItem","position":2,"name":"Munh\u00e4lsan viktig f\u00f6r totalh\u00e4lsan"}]},{"@type":"WebSite","@id":"https:\/\/wp.kristdemokraterna.se\/uppsala\/#website","url":"https:\/\/wp.kristdemokraterna.se\/uppsala\/","name":"Kristdemokraterna Uppsala","description":"Tryggare Uppsala","publisher":{"@id":"https:\/\/wp.kristdemokraterna.se\/uppsala\/#organization"},"inLanguage":"sv-SE"},{"@type":"Organization","@id":"https:\/\/wp.kristdemokraterna.se\/uppsala\/#organization","name":"Kristdemokraterna Uppsala","url":"https:\/\/wp.kristdemokraterna.se\/uppsala\/","logo":{"@type":"ImageObject","inLanguage":"sv-SE","@id":"https:\/\/wp.kristdemokraterna.se\/uppsala\/#\/schema\/logo\/image\/","url":"https:\/\/wp.kristdemokraterna.se\/uppsala\/files\/2019\/10\/kd-uppsala.png","contentUrl":"https:\/\/wp.kristdemokraterna.se\/uppsala\/files\/2019\/10\/kd-uppsala.png","width":804,"height":421,"caption":"Kristdemokraterna Uppsala"},"image":{"@id":"https:\/\/wp.kristdemokraterna.se\/uppsala\/#\/schema\/logo\/image\/"},"sameAs":["https:\/\/www.facebook.com\/UppsalaKD\/","https:\/\/www.instagram.com\/uppsalakd\/"]},{"@type":"Person","@id":"https:\/\/wp.kristdemokraterna.se\/uppsala\/#\/schema\/person\/9c9d6764688a85f6a5a9bc0aeab97665","name":"Petra Karl\u00e5","image":{"@type":"ImageObject","inLanguage":"sv-SE","@id":"https:\/\/secure.gravatar.com\/avatar\/4a0351df3ec5e473a63caa9ade3c07a69c688dacf0d1055a81464c4244cd8431?s=96&r=g","url":"https:\/\/secure.gravatar.com\/avatar\/4a0351df3ec5e473a63caa9ade3c07a69c688dacf0d1055a81464c4244cd8431?s=96&r=g","contentUrl":"https:\/\/secure.gravatar.com\/avatar\/4a0351df3ec5e473a63caa9ade3c07a69c688dacf0d1055a81464c4244cd8431?s=96&r=g","caption":"Petra Karl\u00e5"},"url":"https:\/\/wp.kristdemokraterna.se\/uppsala\/author\/petrakarla\/"}]}},"_links":{"self":[{"href":"https:\/\/wp.kristdemokraterna.se\/uppsala\/wp-json\/wp\/v2\/posts\/1192","targetHints":{"allow":["GET"]}}],"collection":[{"href":"https:\/\/wp.kristdemokraterna.se\/uppsala\/wp-json\/wp\/v2\/posts"}],"about":[{"href":"https:\/\/wp.kristdemokraterna.se\/uppsala\/wp-json\/wp\/v2\/types\/post"}],"author":[{"embeddable":true,"href":"https:\/\/wp.kristdemokraterna.se\/uppsala\/wp-json\/wp\/v2\/users\/570"}],"replies":[{"embeddable":true,"href":"https:\/\/wp.kristdemokraterna.se\/uppsala\/wp-json\/wp\/v2\/comments?post=1192"}],"version-history":[{"count":7,"href":"https:\/\/wp.kristdemokraterna.se\/uppsala\/wp-json\/wp\/v2\/posts\/1192\/revisions"}],"predecessor-version":[{"id":1875,"href":"https:\/\/wp.kristdemokraterna.se\/uppsala\/wp-json\/wp\/v2\/posts\/1192\/revisions\/1875"}],"wp:featuredmedia":[{"embeddable":true,"href":"https:\/\/wp.kristdemokraterna.se\/uppsala\/wp-json\/wp\/v2\/media\/1871"}],"wp:attachment":[{"href":"https:\/\/wp.kristdemokraterna.se\/uppsala\/wp-json\/wp\/v2\/media?parent=1192"}],"wp:term":[{"taxonomy":"category","embeddable":true,"href":"https:\/\/wp.kristdemokraterna.se\/uppsala\/wp-json\/wp\/v2\/categories?post=1192"},{"taxonomy":"post_tag","embeddable":true,"href":"https:\/\/wp.kristdemokraterna.se\/uppsala\/wp-json\/wp\/v2\/tags?post=1192"}],"curies":[{"name":"wp","href":"https:\/\/api.w.org\/{rel}","templated":true}]}}